{"id":898942,"date":"2018-10-01T08:03:38","date_gmt":"2018-10-01T11:03:38","guid":{"rendered":"http:\/\/www.pm.pb.gov.br\/portal\/?p=898942"},"modified":"2018-10-01T08:03:38","modified_gmt":"2018-10-01T11:03:38","slug":"policia-militar-apreende-cerca-de-50-quilos-de-drogas-na-ultima-semana-de-setembro","status":"publish","type":"post","link":"https:\/\/www.pm.pb.gov.br\/portal\/2018\/10\/01\/policia-militar-apreende-cerca-de-50-quilos-de-drogas-na-ultima-semana-de-setembro\/","title":{"rendered":"Pol\u00edcia Militar apreende cerca de 50 quilos de drogas na \u00faltima semana de setembro"},"content":{"rendered":"<p style=\"text-align: justify;\">A \u00faltima semana do m\u00eas de setembro resultou na apreens\u00e3o de cerca de 50 quilos de drogas retiradas das ruas pela Pol\u00edcia Militar, em a\u00e7\u00f5es pr\u00f3prias ou em conjunto com outras for\u00e7as policiais. Nas a\u00e7\u00f5es de combate ao tr\u00e1fico, cinco pessoas foram presas em Jo\u00e3o Pessoa e no interior do estado.<\/p>\n<p style=\"text-align: justify;\">Na apreens\u00e3o mais recente, que ocorreu nessa sexta-feira (28), a Pol\u00edcia Militar e a Pol\u00edcia Federal apreenderam 20 tabletes de subst\u00e2ncia semelhante \u00e0 maconha, quatro pacotes com crack, uma balan\u00e7a de precis\u00e3o e dinheiro (foto acima). Todo o material, que somou 14 quilos, estava em um ponto de tr\u00e1fico no bairro de Valentina, em Jo\u00e3o Pessoa. Um casal de 21 e 19 anos de idade foi preso e encaminhado para a delegacia da Pol\u00edcia Federal, em Cabedelo. A mulher presa j\u00e1 cumpria pena e estava no regime semiaberto.<\/p>\n<p style=\"text-align: justify;\">Outras tr\u00eas apreens\u00f5es principais ocorreram durante a semana. Na quinta-feira (27) foram 10 quilos apreendidos, entre maconha, crack, coca\u00edna e skank, al\u00e9m de materiais para embalagem e distribui\u00e7\u00e3o de drogas. Os entorpecentes estavam com um grupo, que conseguiu fugir ao perceber a chegada da PM na comunidade Padre Hildo Bandeira, no bairro da Torre, na Capital.<\/p>\n<p style=\"text-align: justify;\"><img loading=\"lazy\" decoding=\"async\" class=\" wp-image-898910 alignright\" src=\"http:\/\/www.pm.pb.gov.br\/portal\/wp-content\/uploads\/2018\/09\/drogasmonteiro-356x445.jpeg\" alt=\"\" width=\"300\" height=\"375\" srcset=\"https:\/\/www.pm.pb.gov.br\/portal\/wp-content\/uploads\/2018\/09\/drogasmonteiro-356x445.jpeg 356w, https:\/\/www.pm.pb.gov.br\/portal\/wp-content\/uploads\/2018\/09\/drogasmonteiro-456x570.jpeg 456w, https:\/\/www.pm.pb.gov.br\/portal\/wp-content\/uploads\/2018\/09\/drogasmonteiro.jpeg 719w\" sizes=\"(max-width: 300px) 100vw, 300px\" \/>Ainda em Jo\u00e3o Pessoa, na ter\u00e7a-feira, foram cerca de cinco quilos de maconha, coca\u00edna e comprimidos entorpecentes apreendidos com um suspeito de 19 anos de idade, que j\u00e1 tinha passagem por tr\u00e1fico. Ele foi preso na comunidade Riacho Doce, no bairro do Cristo, e tamb\u00e9m estava com balan\u00e7a de precis\u00e3o e dinheiro.<\/p>\n<p style=\"text-align: justify;\"><strong>20 quilos no Cariri<\/strong> \u2013 No come\u00e7o da semana, na segunda-feira, foram aproximadamente 20 quilos de drogas apreendidas na cidade de Monteiro, na regi\u00e3o do Cariri do estado. Dois homens de 35 e 28 anos de idade que vinham do estado de Pernambuco estavam com 79 pacotes com maconha (foto ao lado). A dupla foi encaminhada para a delegacia de Monteiro e autuada por tr\u00e1fico interestadual.<\/p>\n<p>Na mesma ocorr\u00eancia, uma terceira pessoa foi presa por posse ilegal de arma de fogo, e tamb\u00e9m foi encaminhada para a delegacia.<\/p>\n","protected":false},"excerpt":{"rendered":"<p>A \u00faltima semana do m\u00eas de setembro resultou na apreens\u00e3o de cerca de 50 quilos de drogas retiradas das ruas<\/p>\n","protected":false},"author":12,"featured_media":898943,"comment_status":"closed","ping_status":"closed","sticky":false,"template":"","format":"standard","meta":{"_exactmetrics_skip_tracking":false,"_exactmetrics_sitenote_active":false,"_exactmetrics_sitenote_note":"","_exactmetrics_sitenote_category":0,"footnotes":""},"categories":[4],"tags":[],"yoast_head":"<!-- This site is optimized with the Yoast SEO plugin v22.0 - https:\/\/yoast.com\/wordpress\/plugins\/seo\/ -->\n<title>Pol\u00edcia Militar apreende cerca de 50 quilos de drogas na \u00faltima semana de setembro - Pol\u00edcia Militar da Para\u00edba<\/title>\n<meta name=\"robots\" content=\"index, follow, max-snippet:-1, max-image-preview:large, max-video-preview:-1\" \/>\n<link rel=\"canonical\" href=\"https:\/\/www.pm.pb.gov.br\/portal\/2018\/10\/01\/policia-militar-apreende-cerca-de-50-quilos-de-drogas-na-ultima-semana-de-setembro\/\" \/>\n<meta property=\"og:locale\" content=\"pt_BR\" \/>\n<meta property=\"og:type\" content=\"article\" \/>\n<meta property=\"og:title\" content=\"Pol\u00edcia Militar apreende cerca de 50 quilos de drogas na \u00faltima semana de setembro - Pol\u00edcia Militar da Para\u00edba\" \/>\n<meta property=\"og:description\" content=\"A \u00faltima semana do m\u00eas de setembro resultou na apreens\u00e3o de cerca de 50 quilos de drogas retiradas das ruas\" \/>\n<meta property=\"og:url\" content=\"https:\/\/www.pm.pb.gov.br\/portal\/2018\/10\/01\/policia-militar-apreende-cerca-de-50-quilos-de-drogas-na-ultima-semana-de-setembro\/\" \/>\n<meta property=\"og:site_name\" content=\"Pol\u00edcia Militar da Para\u00edba\" \/>\n<meta property=\"article:published_time\" content=\"2018-10-01T11:03:38+00:00\" \/>\n<meta property=\"og:image\" content=\"https:\/\/www.pm.pb.gov.br\/portal\/wp-content\/uploads\/2018\/10\/ApreensaoValentina-1.jpeg\" \/>\n\t<meta property=\"og:image:width\" content=\"800\" \/>\n\t<meta property=\"og:image:height\" content=\"445\" \/>\n\t<meta property=\"og:image:type\" content=\"image\/jpeg\" \/>\n<meta name=\"author\" content=\"Tarcisio Oliveira\" \/>\n<meta name=\"twitter:card\" content=\"summary_large_image\" \/>\n<meta name=\"twitter:label1\" content=\"Escrito por\" \/>\n\t<meta name=\"twitter:data1\" content=\"Tarcisio Oliveira\" \/>\n\t<meta name=\"twitter:label2\" content=\"Est. tempo de leitura\" \/>\n\t<meta name=\"twitter:data2\" content=\"2 minutos\" \/>\n<script type=\"application\/ld+json\" class=\"yoast-schema-graph\">{\"@context\":\"https:\/\/schema.org\",\"@graph\":[{\"@type\":\"Article\",\"@id\":\"https:\/\/www.pm.pb.gov.br\/portal\/2018\/10\/01\/policia-militar-apreende-cerca-de-50-quilos-de-drogas-na-ultima-semana-de-setembro\/#article\",\"isPartOf\":{\"@id\":\"https:\/\/www.pm.pb.gov.br\/portal\/2018\/10\/01\/policia-militar-apreende-cerca-de-50-quilos-de-drogas-na-ultima-semana-de-setembro\/\"},\"author\":{\"name\":\"Tarcisio Oliveira\",\"@id\":\"https:\/\/www.pm.pb.gov.br\/portal\/#\/schema\/person\/f84f56dcc78ce4357054da888b8247fd\"},\"headline\":\"Pol\u00edcia Militar apreende cerca de 50 quilos de drogas na \u00faltima semana de setembro\",\"datePublished\":\"2018-10-01T11:03:38+00:00\",\"dateModified\":\"2018-10-01T11:03:38+00:00\",\"mainEntityOfPage\":{\"@id\":\"https:\/\/www.pm.pb.gov.br\/portal\/2018\/10\/01\/policia-militar-apreende-cerca-de-50-quilos-de-drogas-na-ultima-semana-de-setembro\/\"},\"wordCount\":368,\"publisher\":{\"@id\":\"https:\/\/www.pm.pb.gov.br\/portal\/#organization\"},\"articleSection\":[\"A\u00e7\u00f5es Policiais\"],\"inLanguage\":\"pt-BR\"},{\"@type\":\"WebPage\",\"@id\":\"https:\/\/www.pm.pb.gov.br\/portal\/2018\/10\/01\/policia-militar-apreende-cerca-de-50-quilos-de-drogas-na-ultima-semana-de-setembro\/\",\"url\":\"https:\/\/www.pm.pb.gov.br\/portal\/2018\/10\/01\/policia-militar-apreende-cerca-de-50-quilos-de-drogas-na-ultima-semana-de-setembro\/\",\"name\":\"Pol\u00edcia Militar apreende cerca de 50 quilos de drogas na \u00faltima semana de setembro - Pol\u00edcia Militar da Para\u00edba\",\"isPartOf\":{\"@id\":\"https:\/\/www.pm.pb.gov.br\/portal\/#website\"},\"datePublished\":\"2018-10-01T11:03:38+00:00\",\"dateModified\":\"2018-10-01T11:03:38+00:00\",\"breadcrumb\":{\"@id\":\"https:\/\/www.pm.pb.gov.br\/portal\/2018\/10\/01\/policia-militar-apreende-cerca-de-50-quilos-de-drogas-na-ultima-semana-de-setembro\/#breadcrumb\"},\"inLanguage\":\"pt-BR\",\"potentialAction\":[{\"@type\":\"ReadAction\",\"target\":[\"https:\/\/www.pm.pb.gov.br\/portal\/2018\/10\/01\/policia-militar-apreende-cerca-de-50-quilos-de-drogas-na-ultima-semana-de-setembro\/\"]}]},{\"@type\":\"BreadcrumbList\",\"@id\":\"https:\/\/www.pm.pb.gov.br\/portal\/2018\/10\/01\/policia-militar-apreende-cerca-de-50-quilos-de-drogas-na-ultima-semana-de-setembro\/#breadcrumb\",\"itemListElement\":[{\"@type\":\"ListItem\",\"position\":1,\"name\":\"In\u00edcio\",\"item\":\"https:\/\/www.pm.pb.gov.br\/portal\/\"},{\"@type\":\"ListItem\",\"position\":2,\"name\":\"Pol\u00edcia Militar apreende cerca de 50 quilos de drogas na \u00faltima semana de setembro\"}]},{\"@type\":\"WebSite\",\"@id\":\"https:\/\/www.pm.pb.gov.br\/portal\/#website\",\"url\":\"https:\/\/www.pm.pb.gov.br\/portal\/\",\"name\":\"Pol\u00edcia Militar da Para\u00edba\",\"description\":\"\",\"publisher\":{\"@id\":\"https:\/\/www.pm.pb.gov.br\/portal\/#organization\"},\"potentialAction\":[{\"@type\":\"SearchAction\",\"target\":{\"@type\":\"EntryPoint\",\"urlTemplate\":\"https:\/\/www.pm.pb.gov.br\/portal\/?s={search_term_string}\"},\"query-input\":\"required name=search_term_string\"}],\"inLanguage\":\"pt-BR\"},{\"@type\":\"Organization\",\"@id\":\"https:\/\/www.pm.pb.gov.br\/portal\/#organization\",\"name\":\"Pol\u00edcia Militar da Para\u00edba\",\"url\":\"https:\/\/www.pm.pb.gov.br\/portal\/\",\"logo\":{\"@type\":\"ImageObject\",\"inLanguage\":\"pt-BR\",\"@id\":\"https:\/\/www.pm.pb.gov.br\/portal\/#\/schema\/logo\/image\/\",\"url\":\"https:\/\/www.pm.pb.gov.br\/portal\/wp-content\/uploads\/2025\/03\/cropped-logo-site-mag2-1.png\",\"contentUrl\":\"https:\/\/www.pm.pb.gov.br\/portal\/wp-content\/uploads\/2025\/03\/cropped-logo-site-mag2-1.png\",\"width\":320,\"height\":90,\"caption\":\"Pol\u00edcia Militar da Para\u00edba\"},\"image\":{\"@id\":\"https:\/\/www.pm.pb.gov.br\/portal\/#\/schema\/logo\/image\/\"}},{\"@type\":\"Person\",\"@id\":\"https:\/\/www.pm.pb.gov.br\/portal\/#\/schema\/person\/f84f56dcc78ce4357054da888b8247fd\",\"name\":\"Tarcisio Oliveira\",\"image\":{\"@type\":\"ImageObject\",\"inLanguage\":\"pt-BR\",\"@id\":\"https:\/\/www.pm.pb.gov.br\/portal\/#\/schema\/person\/image\/\",\"url\":\"https:\/\/secure.gravatar.com\/avatar\/72917b630b69d31cd0297507f34bac97?s=96&d=mm&r=g\",\"contentUrl\":\"https:\/\/secure.gravatar.com\/avatar\/72917b630b69d31cd0297507f34bac97?s=96&d=mm&r=g\",\"caption\":\"Tarcisio Oliveira\"},\"url\":\"https:\/\/www.pm.pb.gov.br\/portal\/author\/tarcisio\/\"}]}<\/script>\n<!-- \/ Yoast SEO plugin. -->","yoast_head_json":{"title":"Pol\u00edcia Militar apreende cerca de 50 quilos de drogas na \u00faltima semana de setembro - Pol\u00edcia Militar da Para\u00edba","robots":{"index":"index","follow":"follow","max-snippet":"max-snippet:-1","max-image-preview":"max-image-preview:large","max-video-preview":"max-video-preview:-1"},"canonical":"https:\/\/www.pm.pb.gov.br\/portal\/2018\/10\/01\/policia-militar-apreende-cerca-de-50-quilos-de-drogas-na-ultima-semana-de-setembro\/","og_locale":"pt_BR","og_type":"article","og_title":"Pol\u00edcia Militar apreende cerca de 50 quilos de drogas na \u00faltima semana de setembro - Pol\u00edcia Militar da Para\u00edba","og_description":"A \u00faltima semana do m\u00eas de setembro resultou na apreens\u00e3o de cerca de 50 quilos de drogas retiradas das ruas","og_url":"https:\/\/www.pm.pb.gov.br\/portal\/2018\/10\/01\/policia-militar-apreende-cerca-de-50-quilos-de-drogas-na-ultima-semana-de-setembro\/","og_site_name":"Pol\u00edcia Militar da Para\u00edba","article_published_time":"2018-10-01T11:03:38+00:00","og_image":[{"width":800,"height":445,"url":"https:\/\/www.pm.pb.gov.br\/portal\/wp-content\/uploads\/2018\/10\/ApreensaoValentina-1.jpeg","type":"image\/jpeg"}],"author":"Tarcisio Oliveira","twitter_card":"summary_large_image","twitter_misc":{"Escrito por":"Tarcisio Oliveira","Est. tempo de leitura":"2 minutos"},"schema":{"@context":"https:\/\/schema.org","@graph":[{"@type":"Article","@id":"https:\/\/www.pm.pb.gov.br\/portal\/2018\/10\/01\/policia-militar-apreende-cerca-de-50-quilos-de-drogas-na-ultima-semana-de-setembro\/#article","isPartOf":{"@id":"https:\/\/www.pm.pb.gov.br\/portal\/2018\/10\/01\/policia-militar-apreende-cerca-de-50-quilos-de-drogas-na-ultima-semana-de-setembro\/"},"author":{"name":"Tarcisio Oliveira","@id":"https:\/\/www.pm.pb.gov.br\/portal\/#\/schema\/person\/f84f56dcc78ce4357054da888b8247fd"},"headline":"Pol\u00edcia Militar apreende cerca de 50 quilos de drogas na \u00faltima semana de setembro","datePublished":"2018-10-01T11:03:38+00:00","dateModified":"2018-10-01T11:03:38+00:00","mainEntityOfPage":{"@id":"https:\/\/www.pm.pb.gov.br\/portal\/2018\/10\/01\/policia-militar-apreende-cerca-de-50-quilos-de-drogas-na-ultima-semana-de-setembro\/"},"wordCount":368,"publisher":{"@id":"https:\/\/www.pm.pb.gov.br\/portal\/#organization"},"articleSection":["A\u00e7\u00f5es Policiais"],"inLanguage":"pt-BR"},{"@type":"WebPage","@id":"https:\/\/www.pm.pb.gov.br\/portal\/2018\/10\/01\/policia-militar-apreende-cerca-de-50-quilos-de-drogas-na-ultima-semana-de-setembro\/","url":"https:\/\/www.pm.pb.gov.br\/portal\/2018\/10\/01\/policia-militar-apreende-cerca-de-50-quilos-de-drogas-na-ultima-semana-de-setembro\/","name":"Pol\u00edcia Militar apreende cerca de 50 quilos de drogas na \u00faltima semana de setembro - Pol\u00edcia Militar da Para\u00edba","isPartOf":{"@id":"https:\/\/www.pm.pb.gov.br\/portal\/#website"},"datePublished":"2018-10-01T11:03:38+00:00","dateModified":"2018-10-01T11:03:38+00:00","breadcrumb":{"@id":"https:\/\/www.pm.pb.gov.br\/portal\/2018\/10\/01\/policia-militar-apreende-cerca-de-50-quilos-de-drogas-na-ultima-semana-de-setembro\/#breadcrumb"},"inLanguage":"pt-BR","potentialAction":[{"@type":"ReadAction","target":["https:\/\/www.pm.pb.gov.br\/portal\/2018\/10\/01\/policia-militar-apreende-cerca-de-50-quilos-de-drogas-na-ultima-semana-de-setembro\/"]}]},{"@type":"BreadcrumbList","@id":"https:\/\/www.pm.pb.gov.br\/portal\/2018\/10\/01\/policia-militar-apreende-cerca-de-50-quilos-de-drogas-na-ultima-semana-de-setembro\/#breadcrumb","itemListElement":[{"@type":"ListItem","position":1,"name":"In\u00edcio","item":"https:\/\/www.pm.pb.gov.br\/portal\/"},{"@type":"ListItem","position":2,"name":"Pol\u00edcia Militar apreende cerca de 50 quilos de drogas na \u00faltima semana de setembro"}]},{"@type":"WebSite","@id":"https:\/\/www.pm.pb.gov.br\/portal\/#website","url":"https:\/\/www.pm.pb.gov.br\/portal\/","name":"Pol\u00edcia Militar da Para\u00edba","description":"","publisher":{"@id":"https:\/\/www.pm.pb.gov.br\/portal\/#organization"},"potentialAction":[{"@type":"SearchAction","target":{"@type":"EntryPoint","urlTemplate":"https:\/\/www.pm.pb.gov.br\/portal\/?s={search_term_string}"},"query-input":"required name=search_term_string"}],"inLanguage":"pt-BR"},{"@type":"Organization","@id":"https:\/\/www.pm.pb.gov.br\/portal\/#organization","name":"Pol\u00edcia Militar da Para\u00edba","url":"https:\/\/www.pm.pb.gov.br\/portal\/","logo":{"@type":"ImageObject","inLanguage":"pt-BR","@id":"https:\/\/www.pm.pb.gov.br\/portal\/#\/schema\/logo\/image\/","url":"https:\/\/www.pm.pb.gov.br\/portal\/wp-content\/uploads\/2025\/03\/cropped-logo-site-mag2-1.png","contentUrl":"https:\/\/www.pm.pb.gov.br\/portal\/wp-content\/uploads\/2025\/03\/cropped-logo-site-mag2-1.png","width":320,"height":90,"caption":"Pol\u00edcia Militar da Para\u00edba"},"image":{"@id":"https:\/\/www.pm.pb.gov.br\/portal\/#\/schema\/logo\/image\/"}},{"@type":"Person","@id":"https:\/\/www.pm.pb.gov.br\/portal\/#\/schema\/person\/f84f56dcc78ce4357054da888b8247fd","name":"Tarcisio Oliveira","image":{"@type":"ImageObject","inLanguage":"pt-BR","@id":"https:\/\/www.pm.pb.gov.br\/portal\/#\/schema\/person\/image\/","url":"https:\/\/secure.gravatar.com\/avatar\/72917b630b69d31cd0297507f34bac97?s=96&d=mm&r=g","contentUrl":"https:\/\/secure.gravatar.com\/avatar\/72917b630b69d31cd0297507f34bac97?s=96&d=mm&r=g","caption":"Tarcisio Oliveira"},"url":"https:\/\/www.pm.pb.gov.br\/portal\/author\/tarcisio\/"}]}},"_links":{"self":[{"href":"https:\/\/www.pm.pb.gov.br\/portal\/wp-json\/wp\/v2\/posts\/898942"}],"collection":[{"href":"https:\/\/www.pm.pb.gov.br\/portal\/wp-json\/wp\/v2\/posts"}],"about":[{"href":"https:\/\/www.pm.pb.gov.br\/portal\/wp-json\/wp\/v2\/types\/post"}],"author":[{"embeddable":true,"href":"https:\/\/www.pm.pb.gov.br\/portal\/wp-json\/wp\/v2\/users\/12"}],"replies":[{"embeddable":true,"href":"https:\/\/www.pm.pb.gov.br\/portal\/wp-json\/wp\/v2\/comments?post=898942"}],"version-history":[{"count":1,"href":"https:\/\/www.pm.pb.gov.br\/portal\/wp-json\/wp\/v2\/posts\/898942\/revisions"}],"predecessor-version":[{"id":898944,"href":"https:\/\/www.pm.pb.gov.br\/portal\/wp-json\/wp\/v2\/posts\/898942\/revisions\/898944"}],"wp:featuredmedia":[{"embeddable":true,"href":"https:\/\/www.pm.pb.gov.br\/portal\/wp-json\/wp\/v2\/media\/898943"}],"wp:attachment":[{"href":"https:\/\/www.pm.pb.gov.br\/portal\/wp-json\/wp\/v2\/media?parent=898942"}],"wp:term":[{"taxonomy":"category","embeddable":true,"href":"https:\/\/www.pm.pb.gov.br\/portal\/wp-json\/wp\/v2\/categories?post=898942"},{"taxonomy":"post_tag","embeddable":true,"href":"https:\/\/www.pm.pb.gov.br\/portal\/wp-json\/wp\/v2\/tags?post=898942"}],"curies":[{"name":"wp","href":"https:\/\/api.w.org\/{rel}","templated":true}]}}