{"id":898934,"date":"2018-09-28T15:32:14","date_gmt":"2018-09-28T18:32:14","guid":{"rendered":"http:\/\/www.pm.pb.gov.br\/portal\/?p=898934"},"modified":"2018-10-16T11:58:12","modified_gmt":"2018-10-16T14:58:12","slug":"policia-militar-desenvolve-projeto-que-transforma-rotina-de-escola-no-sertao-da-paraiba-e-provoca-melhoria-no-rendimento-dos-alunos","status":"publish","type":"post","link":"https:\/\/www.pm.pb.gov.br\/portal\/2018\/09\/28\/policia-militar-desenvolve-projeto-que-transforma-rotina-de-escola-no-sertao-da-paraiba-e-provoca-melhoria-no-rendimento-dos-alunos\/","title":{"rendered":"Pol\u00edcia Militar desenvolve projeto que transforma rotina de escola no Sert\u00e3o da Para\u00edba e provoca melhoria no rendimento dos alunos"},"content":{"rendered":"<p style=\"text-align: justify;\">Rendimento escolar baixo, problemas de comportamento e desest\u00edmulo de professores em dar aulas. Todos esses problemas que faziam parte da rotina da Escola Andr\u00e9 Pedro, na cidade de S\u00e3o Bento, no Sert\u00e3o da Para\u00edba, ficaram l\u00e1 no passado. A mudan\u00e7a veio atrav\u00e9s do projeto &#8216;Patrulha Mirim Solid\u00e1ria&#8217;, desenvolvido pela Pol\u00edcia Militar em parceria com a secretaria de educa\u00e7\u00e3o do munic\u00edpio.<\/p>\n<p style=\"text-align: justify;\">O comandante-geral da Pol\u00edcia Militar, coronel Euller Chaves, foi nesta quinta-feira (27) parabenizar e incentivar pessoalmente os 36 alunos que fazem parte do projeto. Na frente das crian\u00e7as participantes, a maior autoridade da PM n\u00e3o se conteve em expressar a alegria com o que viu. &#8220;Voc\u00eas trazem orgulho para a Pol\u00edcia Militar. Ter voc\u00eas por perto \u00e9 muito importante para n\u00f3s, defensores da sociedade e pacificadores sociais. Fico muito feliz com o sucesso desse trabalho, que tem a frente o nosso tenente Fernando, nosso cabo Monteiro e nossa soldado Andreza. Continuaremos juntos para constru\u00edrmos cada vez mais um futuro melhor para todos n\u00f3s&#8221;, externou.<\/p>\n<figure id=\"attachment_898936\" aria-describedby=\"caption-attachment-898936\" style=\"width: 627px\" class=\"wp-caption aligncenter\"><img loading=\"lazy\" decoding=\"async\" class=\"wp-image-898936 \" src=\"http:\/\/www.pm.pb.gov.br\/portal\/wp-content\/uploads\/2018\/09\/WhatsApp-Image-2018-09-28-at-14.13.46-668x445.jpeg\" alt=\"\" width=\"627\" height=\"418\" srcset=\"https:\/\/www.pm.pb.gov.br\/portal\/wp-content\/uploads\/2018\/09\/WhatsApp-Image-2018-09-28-at-14.13.46-668x445.jpeg 668w, https:\/\/www.pm.pb.gov.br\/portal\/wp-content\/uploads\/2018\/09\/WhatsApp-Image-2018-09-28-at-14.13.46-768x512.jpeg 768w, https:\/\/www.pm.pb.gov.br\/portal\/wp-content\/uploads\/2018\/09\/WhatsApp-Image-2018-09-28-at-14.13.46-855x570.jpeg 855w, https:\/\/www.pm.pb.gov.br\/portal\/wp-content\/uploads\/2018\/09\/WhatsApp-Image-2018-09-28-at-14.13.46-272x182.jpeg 272w, https:\/\/www.pm.pb.gov.br\/portal\/wp-content\/uploads\/2018\/09\/WhatsApp-Image-2018-09-28-at-14.13.46.jpeg 1280w\" sizes=\"(max-width: 627px) 100vw, 627px\" \/><figcaption id=\"caption-attachment-898936\" class=\"wp-caption-text\"><span style=\"font-size: 10pt;\">36 alunos fazem parte da Patrulha Mirim; projeto foi criado este ano.<\/span><\/figcaption><\/figure>\n<p style=\"text-align: justify;\">O projeto foi criado no come\u00e7o de julho deste ano e j\u00e1 reduziu para zero os chamados para ocorr\u00eancias na escola, que eram constantes, chegando a ser v\u00e1rias vezes por dia. Os benef\u00edcios n\u00e3o pararam na \u00e1rea da seguran\u00e7a preventiva.Os alunos do projeto melhoraram o rendimento escolar, com aumento das notas e a disciplina na rotina da escola \u00e9 sentida pelos professores.<\/p>\n<p style=\"text-align: justify;\"><strong>Como funciona-<\/strong> Os alunos do projeto, com idades entre 9 e 13 anos, t\u00eam dois encontros por semana com os policiais militares, no turno diferente do das aulas. Eles recebem instru\u00e7\u00f5es sobre v\u00e1rios temas, que envolvem disciplina, \u00e9tica e outras possibilidades para que possam desenvolver suas potencialidades intelectuais, sociais e afetivas como cidad\u00e3o respons\u00e1vel, n\u00e3o s\u00f3 na escola, mas em todo o meio social.<\/p>\n","protected":false},"excerpt":{"rendered":"<p>Rendimento escolar baixo, problemas de comportamento e desest\u00edmulo de professores em dar aulas. Todos esses problemas que faziam parte da<\/p>\n","protected":false},"author":12,"featured_media":898935,"comment_status":"closed","ping_status":"closed","sticky":false,"template":"","format":"standard","meta":{"_exactmetrics_skip_tracking":false,"_exactmetrics_sitenote_active":false,"_exactmetrics_sitenote_note":"","_exactmetrics_sitenote_category":0,"footnotes":""},"categories":[6],"tags":[],"yoast_head":"<!-- This site is optimized with the Yoast SEO plugin v22.0 - https:\/\/yoast.com\/wordpress\/plugins\/seo\/ -->\n<title>Pol\u00edcia Militar desenvolve projeto que transforma rotina de escola no Sert\u00e3o da Para\u00edba e provoca melhoria no rendimento dos alunos - Pol\u00edcia Militar da Para\u00edba<\/title>\n<meta name=\"robots\" content=\"index, follow, max-snippet:-1, max-image-preview:large, max-video-preview:-1\" \/>\n<link rel=\"canonical\" href=\"https:\/\/www.pm.pb.gov.br\/portal\/2018\/09\/28\/policia-militar-desenvolve-projeto-que-transforma-rotina-de-escola-no-sertao-da-paraiba-e-provoca-melhoria-no-rendimento-dos-alunos\/\" \/>\n<meta property=\"og:locale\" content=\"pt_BR\" \/>\n<meta property=\"og:type\" content=\"article\" \/>\n<meta property=\"og:title\" content=\"Pol\u00edcia Militar desenvolve projeto que transforma rotina de escola no Sert\u00e3o da Para\u00edba e provoca melhoria no rendimento dos alunos - Pol\u00edcia Militar da Para\u00edba\" \/>\n<meta property=\"og:description\" content=\"Rendimento escolar baixo, problemas de comportamento e desest\u00edmulo de professores em dar aulas. Todos esses problemas que faziam parte da\" \/>\n<meta property=\"og:url\" content=\"https:\/\/www.pm.pb.gov.br\/portal\/2018\/09\/28\/policia-militar-desenvolve-projeto-que-transforma-rotina-de-escola-no-sertao-da-paraiba-e-provoca-melhoria-no-rendimento-dos-alunos\/\" \/>\n<meta property=\"og:site_name\" content=\"Pol\u00edcia Militar da Para\u00edba\" \/>\n<meta property=\"article:published_time\" content=\"2018-09-28T18:32:14+00:00\" \/>\n<meta property=\"article:modified_time\" content=\"2018-10-16T14:58:12+00:00\" \/>\n<meta property=\"og:image\" content=\"https:\/\/www.pm.pb.gov.br\/portal\/wp-content\/uploads\/2018\/09\/capa5.jpeg\" \/>\n\t<meta property=\"og:image:width\" content=\"800\" \/>\n\t<meta property=\"og:image:height\" content=\"445\" \/>\n\t<meta property=\"og:image:type\" content=\"image\/jpeg\" \/>\n<meta name=\"author\" content=\"Tarcisio Oliveira\" \/>\n<meta name=\"twitter:card\" content=\"summary_large_image\" \/>\n<meta name=\"twitter:label1\" content=\"Escrito por\" \/>\n\t<meta name=\"twitter:data1\" content=\"Tarcisio Oliveira\" \/>\n\t<meta name=\"twitter:label2\" content=\"Est. tempo de leitura\" \/>\n\t<meta name=\"twitter:data2\" content=\"2 minutos\" \/>\n<script type=\"application\/ld+json\" class=\"yoast-schema-graph\">{\"@context\":\"https:\/\/schema.org\",\"@graph\":[{\"@type\":\"Article\",\"@id\":\"https:\/\/www.pm.pb.gov.br\/portal\/2018\/09\/28\/policia-militar-desenvolve-projeto-que-transforma-rotina-de-escola-no-sertao-da-paraiba-e-provoca-melhoria-no-rendimento-dos-alunos\/#article\",\"isPartOf\":{\"@id\":\"https:\/\/www.pm.pb.gov.br\/portal\/2018\/09\/28\/policia-militar-desenvolve-projeto-que-transforma-rotina-de-escola-no-sertao-da-paraiba-e-provoca-melhoria-no-rendimento-dos-alunos\/\"},\"author\":{\"name\":\"Tarcisio Oliveira\",\"@id\":\"https:\/\/www.pm.pb.gov.br\/portal\/#\/schema\/person\/f84f56dcc78ce4357054da888b8247fd\"},\"headline\":\"Pol\u00edcia Militar desenvolve projeto que transforma rotina de escola no Sert\u00e3o da Para\u00edba e provoca melhoria no rendimento dos alunos\",\"datePublished\":\"2018-09-28T18:32:14+00:00\",\"dateModified\":\"2018-10-16T14:58:12+00:00\",\"mainEntityOfPage\":{\"@id\":\"https:\/\/www.pm.pb.gov.br\/portal\/2018\/09\/28\/policia-militar-desenvolve-projeto-que-transforma-rotina-de-escola-no-sertao-da-paraiba-e-provoca-melhoria-no-rendimento-dos-alunos\/\"},\"wordCount\":357,\"publisher\":{\"@id\":\"https:\/\/www.pm.pb.gov.br\/portal\/#organization\"},\"articleSection\":[\"Cursos\"],\"inLanguage\":\"pt-BR\"},{\"@type\":\"WebPage\",\"@id\":\"https:\/\/www.pm.pb.gov.br\/portal\/2018\/09\/28\/policia-militar-desenvolve-projeto-que-transforma-rotina-de-escola-no-sertao-da-paraiba-e-provoca-melhoria-no-rendimento-dos-alunos\/\",\"url\":\"https:\/\/www.pm.pb.gov.br\/portal\/2018\/09\/28\/policia-militar-desenvolve-projeto-que-transforma-rotina-de-escola-no-sertao-da-paraiba-e-provoca-melhoria-no-rendimento-dos-alunos\/\",\"name\":\"Pol\u00edcia Militar desenvolve projeto que transforma rotina de escola no Sert\u00e3o da Para\u00edba e provoca melhoria no rendimento dos alunos - Pol\u00edcia Militar da Para\u00edba\",\"isPartOf\":{\"@id\":\"https:\/\/www.pm.pb.gov.br\/portal\/#website\"},\"datePublished\":\"2018-09-28T18:32:14+00:00\",\"dateModified\":\"2018-10-16T14:58:12+00:00\",\"breadcrumb\":{\"@id\":\"https:\/\/www.pm.pb.gov.br\/portal\/2018\/09\/28\/policia-militar-desenvolve-projeto-que-transforma-rotina-de-escola-no-sertao-da-paraiba-e-provoca-melhoria-no-rendimento-dos-alunos\/#breadcrumb\"},\"inLanguage\":\"pt-BR\",\"potentialAction\":[{\"@type\":\"ReadAction\",\"target\":[\"https:\/\/www.pm.pb.gov.br\/portal\/2018\/09\/28\/policia-militar-desenvolve-projeto-que-transforma-rotina-de-escola-no-sertao-da-paraiba-e-provoca-melhoria-no-rendimento-dos-alunos\/\"]}]},{\"@type\":\"BreadcrumbList\",\"@id\":\"https:\/\/www.pm.pb.gov.br\/portal\/2018\/09\/28\/policia-militar-desenvolve-projeto-que-transforma-rotina-de-escola-no-sertao-da-paraiba-e-provoca-melhoria-no-rendimento-dos-alunos\/#breadcrumb\",\"itemListElement\":[{\"@type\":\"ListItem\",\"position\":1,\"name\":\"In\u00edcio\",\"item\":\"https:\/\/www.pm.pb.gov.br\/portal\/\"},{\"@type\":\"ListItem\",\"position\":2,\"name\":\"Pol\u00edcia Militar desenvolve projeto que transforma rotina de escola no Sert\u00e3o da Para\u00edba e provoca melhoria no rendimento dos alunos\"}]},{\"@type\":\"WebSite\",\"@id\":\"https:\/\/www.pm.pb.gov.br\/portal\/#website\",\"url\":\"https:\/\/www.pm.pb.gov.br\/portal\/\",\"name\":\"Pol\u00edcia Militar da Para\u00edba\",\"description\":\"\",\"publisher\":{\"@id\":\"https:\/\/www.pm.pb.gov.br\/portal\/#organization\"},\"potentialAction\":[{\"@type\":\"SearchAction\",\"target\":{\"@type\":\"EntryPoint\",\"urlTemplate\":\"https:\/\/www.pm.pb.gov.br\/portal\/?s={search_term_string}\"},\"query-input\":\"required name=search_term_string\"}],\"inLanguage\":\"pt-BR\"},{\"@type\":\"Organization\",\"@id\":\"https:\/\/www.pm.pb.gov.br\/portal\/#organization\",\"name\":\"Pol\u00edcia Militar da Para\u00edba\",\"url\":\"https:\/\/www.pm.pb.gov.br\/portal\/\",\"logo\":{\"@type\":\"ImageObject\",\"inLanguage\":\"pt-BR\",\"@id\":\"https:\/\/www.pm.pb.gov.br\/portal\/#\/schema\/logo\/image\/\",\"url\":\"https:\/\/www.pm.pb.gov.br\/portal\/wp-content\/uploads\/2025\/03\/cropped-logo-site-mag2-1.png\",\"contentUrl\":\"https:\/\/www.pm.pb.gov.br\/portal\/wp-content\/uploads\/2025\/03\/cropped-logo-site-mag2-1.png\",\"width\":320,\"height\":90,\"caption\":\"Pol\u00edcia Militar da Para\u00edba\"},\"image\":{\"@id\":\"https:\/\/www.pm.pb.gov.br\/portal\/#\/schema\/logo\/image\/\"}},{\"@type\":\"Person\",\"@id\":\"https:\/\/www.pm.pb.gov.br\/portal\/#\/schema\/person\/f84f56dcc78ce4357054da888b8247fd\",\"name\":\"Tarcisio Oliveira\",\"image\":{\"@type\":\"ImageObject\",\"inLanguage\":\"pt-BR\",\"@id\":\"https:\/\/www.pm.pb.gov.br\/portal\/#\/schema\/person\/image\/\",\"url\":\"https:\/\/secure.gravatar.com\/avatar\/72917b630b69d31cd0297507f34bac97?s=96&d=mm&r=g\",\"contentUrl\":\"https:\/\/secure.gravatar.com\/avatar\/72917b630b69d31cd0297507f34bac97?s=96&d=mm&r=g\",\"caption\":\"Tarcisio Oliveira\"},\"url\":\"https:\/\/www.pm.pb.gov.br\/portal\/author\/tarcisio\/\"}]}<\/script>\n<!-- \/ Yoast SEO plugin. -->","yoast_head_json":{"title":"Pol\u00edcia Militar desenvolve projeto que transforma rotina de escola no Sert\u00e3o da Para\u00edba e provoca melhoria no rendimento dos alunos - Pol\u00edcia Militar da Para\u00edba","robots":{"index":"index","follow":"follow","max-snippet":"max-snippet:-1","max-image-preview":"max-image-preview:large","max-video-preview":"max-video-preview:-1"},"canonical":"https:\/\/www.pm.pb.gov.br\/portal\/2018\/09\/28\/policia-militar-desenvolve-projeto-que-transforma-rotina-de-escola-no-sertao-da-paraiba-e-provoca-melhoria-no-rendimento-dos-alunos\/","og_locale":"pt_BR","og_type":"article","og_title":"Pol\u00edcia Militar desenvolve projeto que transforma rotina de escola no Sert\u00e3o da Para\u00edba e provoca melhoria no rendimento dos alunos - Pol\u00edcia Militar da Para\u00edba","og_description":"Rendimento escolar baixo, problemas de comportamento e desest\u00edmulo de professores em dar aulas. Todos esses problemas que faziam parte da","og_url":"https:\/\/www.pm.pb.gov.br\/portal\/2018\/09\/28\/policia-militar-desenvolve-projeto-que-transforma-rotina-de-escola-no-sertao-da-paraiba-e-provoca-melhoria-no-rendimento-dos-alunos\/","og_site_name":"Pol\u00edcia Militar da Para\u00edba","article_published_time":"2018-09-28T18:32:14+00:00","article_modified_time":"2018-10-16T14:58:12+00:00","og_image":[{"width":800,"height":445,"url":"https:\/\/www.pm.pb.gov.br\/portal\/wp-content\/uploads\/2018\/09\/capa5.jpeg","type":"image\/jpeg"}],"author":"Tarcisio Oliveira","twitter_card":"summary_large_image","twitter_misc":{"Escrito por":"Tarcisio Oliveira","Est. tempo de leitura":"2 minutos"},"schema":{"@context":"https:\/\/schema.org","@graph":[{"@type":"Article","@id":"https:\/\/www.pm.pb.gov.br\/portal\/2018\/09\/28\/policia-militar-desenvolve-projeto-que-transforma-rotina-de-escola-no-sertao-da-paraiba-e-provoca-melhoria-no-rendimento-dos-alunos\/#article","isPartOf":{"@id":"https:\/\/www.pm.pb.gov.br\/portal\/2018\/09\/28\/policia-militar-desenvolve-projeto-que-transforma-rotina-de-escola-no-sertao-da-paraiba-e-provoca-melhoria-no-rendimento-dos-alunos\/"},"author":{"name":"Tarcisio Oliveira","@id":"https:\/\/www.pm.pb.gov.br\/portal\/#\/schema\/person\/f84f56dcc78ce4357054da888b8247fd"},"headline":"Pol\u00edcia Militar desenvolve projeto que transforma rotina de escola no Sert\u00e3o da Para\u00edba e provoca melhoria no rendimento dos alunos","datePublished":"2018-09-28T18:32:14+00:00","dateModified":"2018-10-16T14:58:12+00:00","mainEntityOfPage":{"@id":"https:\/\/www.pm.pb.gov.br\/portal\/2018\/09\/28\/policia-militar-desenvolve-projeto-que-transforma-rotina-de-escola-no-sertao-da-paraiba-e-provoca-melhoria-no-rendimento-dos-alunos\/"},"wordCount":357,"publisher":{"@id":"https:\/\/www.pm.pb.gov.br\/portal\/#organization"},"articleSection":["Cursos"],"inLanguage":"pt-BR"},{"@type":"WebPage","@id":"https:\/\/www.pm.pb.gov.br\/portal\/2018\/09\/28\/policia-militar-desenvolve-projeto-que-transforma-rotina-de-escola-no-sertao-da-paraiba-e-provoca-melhoria-no-rendimento-dos-alunos\/","url":"https:\/\/www.pm.pb.gov.br\/portal\/2018\/09\/28\/policia-militar-desenvolve-projeto-que-transforma-rotina-de-escola-no-sertao-da-paraiba-e-provoca-melhoria-no-rendimento-dos-alunos\/","name":"Pol\u00edcia Militar desenvolve projeto que transforma rotina de escola no Sert\u00e3o da Para\u00edba e provoca melhoria no rendimento dos alunos - Pol\u00edcia Militar da Para\u00edba","isPartOf":{"@id":"https:\/\/www.pm.pb.gov.br\/portal\/#website"},"datePublished":"2018-09-28T18:32:14+00:00","dateModified":"2018-10-16T14:58:12+00:00","breadcrumb":{"@id":"https:\/\/www.pm.pb.gov.br\/portal\/2018\/09\/28\/policia-militar-desenvolve-projeto-que-transforma-rotina-de-escola-no-sertao-da-paraiba-e-provoca-melhoria-no-rendimento-dos-alunos\/#breadcrumb"},"inLanguage":"pt-BR","potentialAction":[{"@type":"ReadAction","target":["https:\/\/www.pm.pb.gov.br\/portal\/2018\/09\/28\/policia-militar-desenvolve-projeto-que-transforma-rotina-de-escola-no-sertao-da-paraiba-e-provoca-melhoria-no-rendimento-dos-alunos\/"]}]},{"@type":"BreadcrumbList","@id":"https:\/\/www.pm.pb.gov.br\/portal\/2018\/09\/28\/policia-militar-desenvolve-projeto-que-transforma-rotina-de-escola-no-sertao-da-paraiba-e-provoca-melhoria-no-rendimento-dos-alunos\/#breadcrumb","itemListElement":[{"@type":"ListItem","position":1,"name":"In\u00edcio","item":"https:\/\/www.pm.pb.gov.br\/portal\/"},{"@type":"ListItem","position":2,"name":"Pol\u00edcia Militar desenvolve projeto que transforma rotina de escola no Sert\u00e3o da Para\u00edba e provoca melhoria no rendimento dos alunos"}]},{"@type":"WebSite","@id":"https:\/\/www.pm.pb.gov.br\/portal\/#website","url":"https:\/\/www.pm.pb.gov.br\/portal\/","name":"Pol\u00edcia Militar da Para\u00edba","description":"","publisher":{"@id":"https:\/\/www.pm.pb.gov.br\/portal\/#organization"},"potentialAction":[{"@type":"SearchAction","target":{"@type":"EntryPoint","urlTemplate":"https:\/\/www.pm.pb.gov.br\/portal\/?s={search_term_string}"},"query-input":"required name=search_term_string"}],"inLanguage":"pt-BR"},{"@type":"Organization","@id":"https:\/\/www.pm.pb.gov.br\/portal\/#organization","name":"Pol\u00edcia Militar da Para\u00edba","url":"https:\/\/www.pm.pb.gov.br\/portal\/","logo":{"@type":"ImageObject","inLanguage":"pt-BR","@id":"https:\/\/www.pm.pb.gov.br\/portal\/#\/schema\/logo\/image\/","url":"https:\/\/www.pm.pb.gov.br\/portal\/wp-content\/uploads\/2025\/03\/cropped-logo-site-mag2-1.png","contentUrl":"https:\/\/www.pm.pb.gov.br\/portal\/wp-content\/uploads\/2025\/03\/cropped-logo-site-mag2-1.png","width":320,"height":90,"caption":"Pol\u00edcia Militar da Para\u00edba"},"image":{"@id":"https:\/\/www.pm.pb.gov.br\/portal\/#\/schema\/logo\/image\/"}},{"@type":"Person","@id":"https:\/\/www.pm.pb.gov.br\/portal\/#\/schema\/person\/f84f56dcc78ce4357054da888b8247fd","name":"Tarcisio Oliveira","image":{"@type":"ImageObject","inLanguage":"pt-BR","@id":"https:\/\/www.pm.pb.gov.br\/portal\/#\/schema\/person\/image\/","url":"https:\/\/secure.gravatar.com\/avatar\/72917b630b69d31cd0297507f34bac97?s=96&d=mm&r=g","contentUrl":"https:\/\/secure.gravatar.com\/avatar\/72917b630b69d31cd0297507f34bac97?s=96&d=mm&r=g","caption":"Tarcisio Oliveira"},"url":"https:\/\/www.pm.pb.gov.br\/portal\/author\/tarcisio\/"}]}},"_links":{"self":[{"href":"https:\/\/www.pm.pb.gov.br\/portal\/wp-json\/wp\/v2\/posts\/898934"}],"collection":[{"href":"https:\/\/www.pm.pb.gov.br\/portal\/wp-json\/wp\/v2\/posts"}],"about":[{"href":"https:\/\/www.pm.pb.gov.br\/portal\/wp-json\/wp\/v2\/types\/post"}],"author":[{"embeddable":true,"href":"https:\/\/www.pm.pb.gov.br\/portal\/wp-json\/wp\/v2\/users\/12"}],"replies":[{"embeddable":true,"href":"https:\/\/www.pm.pb.gov.br\/portal\/wp-json\/wp\/v2\/comments?post=898934"}],"version-history":[{"count":2,"href":"https:\/\/www.pm.pb.gov.br\/portal\/wp-json\/wp\/v2\/posts\/898934\/revisions"}],"predecessor-version":[{"id":898938,"href":"https:\/\/www.pm.pb.gov.br\/portal\/wp-json\/wp\/v2\/posts\/898934\/revisions\/898938"}],"wp:featuredmedia":[{"embeddable":true,"href":"https:\/\/www.pm.pb.gov.br\/portal\/wp-json\/wp\/v2\/media\/898935"}],"wp:attachment":[{"href":"https:\/\/www.pm.pb.gov.br\/portal\/wp-json\/wp\/v2\/media?parent=898934"}],"wp:term":[{"taxonomy":"category","embeddable":true,"href":"https:\/\/www.pm.pb.gov.br\/portal\/wp-json\/wp\/v2\/categories?post=898934"},{"taxonomy":"post_tag","embeddable":true,"href":"https:\/\/www.pm.pb.gov.br\/portal\/wp-json\/wp\/v2\/tags?post=898934"}],"curies":[{"name":"wp","href":"https:\/\/api.w.org\/{rel}","templated":true}]}}