{"id":898825,"date":"2018-09-13T10:15:35","date_gmt":"2018-09-13T13:15:35","guid":{"rendered":"http:\/\/www.pm.pb.gov.br\/portal\/?p=898825"},"modified":"2018-10-16T11:59:38","modified_gmt":"2018-10-16T14:59:38","slug":"curso-vai-formar-mais-500-soldados-da-policia-militar-e-bombeiros","status":"publish","type":"post","link":"https:\/\/www.pm.pb.gov.br\/portal\/2018\/09\/13\/curso-vai-formar-mais-500-soldados-da-policia-militar-e-bombeiros\/","title":{"rendered":"Curso vai formar mais 500 soldados da Pol\u00edcia Militar e Bombeiros"},"content":{"rendered":"<p style=\"text-align: justify;\">A aula inaugural do Curso de Forma\u00e7\u00e3o de Soldados da Pol\u00edcia Militar e do Corpo de Bombeiros da Para\u00edba foi realizada nesta quarta-feira (12), em Campina Grande, para os 500 primeiros candidatos classificados no concurso deste ano, sendo 450 policiais militares e 50 soldados do Corpo de Bombeiros.<\/p>\n<p style=\"text-align: justify;\">A Aula Magna, realizada no audit\u00f3rio do Garden Hotel, foi proferida pelo governador Ricardo Coutinho e contou com as presen\u00e7as do secret\u00e1rio da Seguran\u00e7a e Defesa Social, Cl\u00e1udio Lima; do comandante-geral da Pol\u00edcia Militar, coronel Euller Chaves, do comandante-geral do Corpo de Bombeiros da Para\u00edba, coronel Jair Carneiro, entre outras autoridades.<\/p>\n<p style=\"text-align: justify;\">Para o comandante-geral da PM, o novo Curso de Forma\u00e7\u00e3o \u00e9 um momento fundamental na gest\u00e3o da seguran\u00e7a p\u00fablica. \u201cAqui est\u00e1 verdadeiramente o nosso maior patrim\u00f4nio, que s\u00e3o as pessoas. Sem elas, as institui\u00e7\u00f5es n\u00e3o caminhariam e seriam meras abstra\u00e7\u00f5es. O Centro de Educa\u00e7\u00e3o e a unidade de forma\u00e7\u00e3o dos Bombeiros saber\u00e3o efetivamente capacitar esses alunos com profissionalismo\u201d, disse o coronel Euller.<\/p>\n<p style=\"text-align: justify;\">O diretor de Educa\u00e7\u00e3o da Pol\u00edcia Militar da Para\u00edba, coronel Ronildo de Souza, disse que o momento \u00e9 de comemora\u00e7\u00e3o para os aprovados e para a sociedade. &#8220;Esse concurso teve cerca de 80 mil inscritos, e esse dia representa muito para esses novos policiais e bombeiros militares convocados nesta primeira etapa. Essa aula inaugural marca o in\u00edcio do per\u00edodo de forma\u00e7\u00e3o&#8221;, comentou.<\/p>\n<p style=\"text-align: justify;\">Os formados ser\u00e3o tecn\u00f3logos em seguran\u00e7a p\u00fablica, conforme explicou o diretor de Educa\u00e7\u00e3o da Pol\u00edcia Militar da Para\u00edba. &#8220;Isso significa que, ap\u00f3s o Curso de Forma\u00e7\u00e3o, todo soldado sair\u00e1 com n\u00edvel superior, uma importante inova\u00e7\u00e3o da Pol\u00edcia Militar da Para\u00edba&#8221;, esclareceu Ronildo de Souza.<\/p>\n<figure id=\"attachment_898829\" aria-describedby=\"caption-attachment-898829\" style=\"width: 369px\" class=\"wp-caption alignright\"><img loading=\"lazy\" decoding=\"async\" class=\"wp-image-898829\" src=\"http:\/\/www.pm.pb.gov.br\/portal\/wp-content\/uploads\/2018\/09\/WhatsApp-Image-2018-09-12-at-17.23.30-668x445.jpeg\" alt=\"\" width=\"369\" height=\"246\" srcset=\"https:\/\/www.pm.pb.gov.br\/portal\/wp-content\/uploads\/2018\/09\/WhatsApp-Image-2018-09-12-at-17.23.30-668x445.jpeg 668w, https:\/\/www.pm.pb.gov.br\/portal\/wp-content\/uploads\/2018\/09\/WhatsApp-Image-2018-09-12-at-17.23.30-768x512.jpeg 768w, https:\/\/www.pm.pb.gov.br\/portal\/wp-content\/uploads\/2018\/09\/WhatsApp-Image-2018-09-12-at-17.23.30-855x570.jpeg 855w, https:\/\/www.pm.pb.gov.br\/portal\/wp-content\/uploads\/2018\/09\/WhatsApp-Image-2018-09-12-at-17.23.30-272x182.jpeg 272w, https:\/\/www.pm.pb.gov.br\/portal\/wp-content\/uploads\/2018\/09\/WhatsApp-Image-2018-09-12-at-17.23.30.jpeg 1280w\" sizes=\"(max-width: 369px) 100vw, 369px\" \/><figcaption id=\"caption-attachment-898829\" class=\"wp-caption-text\"><span style=\"font-size: 10pt;\">Primeiros colocados na classifica\u00e7\u00e3o para o Curso da PM<\/span><\/figcaption><\/figure>\n<p style=\"text-align: justify;\"><strong>Expectativa<\/strong>\u00a0&#8211; Al\u00e9m das autoridades das for\u00e7as de seguran\u00e7a do Estado, o audit\u00f3rio do Garden Hotel estava tomado por familiares dos novos alunos do Corpo de Bombeiros e da Pol\u00edcia Militar da Para\u00edba. Ap\u00f3s v\u00e1rios meses de estudo, Marcelino Matheus da Silva, 22 anos, passou em primeiro lugar no concurso da Pol\u00edcia Militar. &#8220;Esse momento significa muita coisa. \u00c9 o resultado de um longo per\u00edodo de estudo e agora colho os frutos&#8221;, disse.<\/p>\n<p style=\"text-align: justify;\">O pernambucano Thiago Germano, de 28 anos, passou em primeiro lugar para o Corpo de Bombeiros. &#8220;\u00c9 um momento muito especial fazer parte do Corpo de Bombeiros Militar da Para\u00edba. \u00c9 a realiza\u00e7\u00e3o de um sonho. Vou me dedicar para servir \u00e0 sociedade da melhor maneira poss\u00edvel&#8221;, ressaltou.<\/p>\n","protected":false},"excerpt":{"rendered":"<p>A aula inaugural do Curso de Forma\u00e7\u00e3o de Soldados da Pol\u00edcia Militar e do Corpo de Bombeiros da Para\u00edba foi<\/p>\n","protected":false},"author":12,"featured_media":898826,"comment_status":"closed","ping_status":"closed","sticky":false,"template":"","format":"standard","meta":{"_exactmetrics_skip_tracking":false,"_exactmetrics_sitenote_active":false,"_exactmetrics_sitenote_note":"","_exactmetrics_sitenote_category":0,"footnotes":""},"categories":[6],"tags":[],"yoast_head":"<!-- This site is optimized with the Yoast SEO plugin v22.0 - https:\/\/yoast.com\/wordpress\/plugins\/seo\/ -->\n<title>Curso vai formar mais 500 soldados da Pol\u00edcia Militar e Bombeiros - Pol\u00edcia Militar da Para\u00edba<\/title>\n<meta name=\"robots\" content=\"index, follow, max-snippet:-1, max-image-preview:large, max-video-preview:-1\" \/>\n<link rel=\"canonical\" href=\"https:\/\/www.pm.pb.gov.br\/portal\/2018\/09\/13\/curso-vai-formar-mais-500-soldados-da-policia-militar-e-bombeiros\/\" \/>\n<meta property=\"og:locale\" content=\"pt_BR\" \/>\n<meta property=\"og:type\" content=\"article\" \/>\n<meta property=\"og:title\" content=\"Curso vai formar mais 500 soldados da Pol\u00edcia Militar e Bombeiros - Pol\u00edcia Militar da Para\u00edba\" \/>\n<meta property=\"og:description\" content=\"A aula inaugural do Curso de Forma\u00e7\u00e3o de Soldados da Pol\u00edcia Militar e do Corpo de Bombeiros da Para\u00edba foi\" \/>\n<meta property=\"og:url\" content=\"https:\/\/www.pm.pb.gov.br\/portal\/2018\/09\/13\/curso-vai-formar-mais-500-soldados-da-policia-militar-e-bombeiros\/\" \/>\n<meta property=\"og:site_name\" content=\"Pol\u00edcia Militar da Para\u00edba\" \/>\n<meta property=\"article:published_time\" content=\"2018-09-13T13:15:35+00:00\" \/>\n<meta property=\"article:modified_time\" content=\"2018-10-16T14:59:38+00:00\" \/>\n<meta property=\"og:image\" content=\"https:\/\/www.pm.pb.gov.br\/portal\/wp-content\/uploads\/2018\/09\/2.jpeg\" \/>\n\t<meta property=\"og:image:width\" content=\"800\" \/>\n\t<meta property=\"og:image:height\" content=\"445\" \/>\n\t<meta property=\"og:image:type\" content=\"image\/jpeg\" \/>\n<meta name=\"author\" content=\"Tarcisio Oliveira\" \/>\n<meta name=\"twitter:card\" content=\"summary_large_image\" \/>\n<meta name=\"twitter:label1\" content=\"Escrito por\" \/>\n\t<meta name=\"twitter:data1\" content=\"Tarcisio Oliveira\" \/>\n\t<meta name=\"twitter:label2\" content=\"Est. tempo de leitura\" \/>\n\t<meta name=\"twitter:data2\" content=\"2 minutos\" \/>\n<script type=\"application\/ld+json\" class=\"yoast-schema-graph\">{\"@context\":\"https:\/\/schema.org\",\"@graph\":[{\"@type\":\"Article\",\"@id\":\"https:\/\/www.pm.pb.gov.br\/portal\/2018\/09\/13\/curso-vai-formar-mais-500-soldados-da-policia-militar-e-bombeiros\/#article\",\"isPartOf\":{\"@id\":\"https:\/\/www.pm.pb.gov.br\/portal\/2018\/09\/13\/curso-vai-formar-mais-500-soldados-da-policia-militar-e-bombeiros\/\"},\"author\":{\"name\":\"Tarcisio Oliveira\",\"@id\":\"https:\/\/www.pm.pb.gov.br\/portal\/#\/schema\/person\/f84f56dcc78ce4357054da888b8247fd\"},\"headline\":\"Curso vai formar mais 500 soldados da Pol\u00edcia Militar e Bombeiros\",\"datePublished\":\"2018-09-13T13:15:35+00:00\",\"dateModified\":\"2018-10-16T14:59:38+00:00\",\"mainEntityOfPage\":{\"@id\":\"https:\/\/www.pm.pb.gov.br\/portal\/2018\/09\/13\/curso-vai-formar-mais-500-soldados-da-policia-militar-e-bombeiros\/\"},\"wordCount\":458,\"publisher\":{\"@id\":\"https:\/\/www.pm.pb.gov.br\/portal\/#organization\"},\"articleSection\":[\"Cursos\"],\"inLanguage\":\"pt-BR\"},{\"@type\":\"WebPage\",\"@id\":\"https:\/\/www.pm.pb.gov.br\/portal\/2018\/09\/13\/curso-vai-formar-mais-500-soldados-da-policia-militar-e-bombeiros\/\",\"url\":\"https:\/\/www.pm.pb.gov.br\/portal\/2018\/09\/13\/curso-vai-formar-mais-500-soldados-da-policia-militar-e-bombeiros\/\",\"name\":\"Curso vai formar mais 500 soldados da Pol\u00edcia Militar e Bombeiros - Pol\u00edcia Militar da Para\u00edba\",\"isPartOf\":{\"@id\":\"https:\/\/www.pm.pb.gov.br\/portal\/#website\"},\"datePublished\":\"2018-09-13T13:15:35+00:00\",\"dateModified\":\"2018-10-16T14:59:38+00:00\",\"breadcrumb\":{\"@id\":\"https:\/\/www.pm.pb.gov.br\/portal\/2018\/09\/13\/curso-vai-formar-mais-500-soldados-da-policia-militar-e-bombeiros\/#breadcrumb\"},\"inLanguage\":\"pt-BR\",\"potentialAction\":[{\"@type\":\"ReadAction\",\"target\":[\"https:\/\/www.pm.pb.gov.br\/portal\/2018\/09\/13\/curso-vai-formar-mais-500-soldados-da-policia-militar-e-bombeiros\/\"]}]},{\"@type\":\"BreadcrumbList\",\"@id\":\"https:\/\/www.pm.pb.gov.br\/portal\/2018\/09\/13\/curso-vai-formar-mais-500-soldados-da-policia-militar-e-bombeiros\/#breadcrumb\",\"itemListElement\":[{\"@type\":\"ListItem\",\"position\":1,\"name\":\"In\u00edcio\",\"item\":\"https:\/\/www.pm.pb.gov.br\/portal\/\"},{\"@type\":\"ListItem\",\"position\":2,\"name\":\"Curso vai formar mais 500 soldados da Pol\u00edcia Militar e Bombeiros\"}]},{\"@type\":\"WebSite\",\"@id\":\"https:\/\/www.pm.pb.gov.br\/portal\/#website\",\"url\":\"https:\/\/www.pm.pb.gov.br\/portal\/\",\"name\":\"Pol\u00edcia Militar da Para\u00edba\",\"description\":\"\",\"publisher\":{\"@id\":\"https:\/\/www.pm.pb.gov.br\/portal\/#organization\"},\"potentialAction\":[{\"@type\":\"SearchAction\",\"target\":{\"@type\":\"EntryPoint\",\"urlTemplate\":\"https:\/\/www.pm.pb.gov.br\/portal\/?s={search_term_string}\"},\"query-input\":\"required name=search_term_string\"}],\"inLanguage\":\"pt-BR\"},{\"@type\":\"Organization\",\"@id\":\"https:\/\/www.pm.pb.gov.br\/portal\/#organization\",\"name\":\"Pol\u00edcia Militar da Para\u00edba\",\"url\":\"https:\/\/www.pm.pb.gov.br\/portal\/\",\"logo\":{\"@type\":\"ImageObject\",\"inLanguage\":\"pt-BR\",\"@id\":\"https:\/\/www.pm.pb.gov.br\/portal\/#\/schema\/logo\/image\/\",\"url\":\"https:\/\/www.pm.pb.gov.br\/portal\/wp-content\/uploads\/2025\/03\/cropped-logo-site-mag2-1.png\",\"contentUrl\":\"https:\/\/www.pm.pb.gov.br\/portal\/wp-content\/uploads\/2025\/03\/cropped-logo-site-mag2-1.png\",\"width\":320,\"height\":90,\"caption\":\"Pol\u00edcia Militar da Para\u00edba\"},\"image\":{\"@id\":\"https:\/\/www.pm.pb.gov.br\/portal\/#\/schema\/logo\/image\/\"}},{\"@type\":\"Person\",\"@id\":\"https:\/\/www.pm.pb.gov.br\/portal\/#\/schema\/person\/f84f56dcc78ce4357054da888b8247fd\",\"name\":\"Tarcisio Oliveira\",\"image\":{\"@type\":\"ImageObject\",\"inLanguage\":\"pt-BR\",\"@id\":\"https:\/\/www.pm.pb.gov.br\/portal\/#\/schema\/person\/image\/\",\"url\":\"https:\/\/secure.gravatar.com\/avatar\/72917b630b69d31cd0297507f34bac97?s=96&d=mm&r=g\",\"contentUrl\":\"https:\/\/secure.gravatar.com\/avatar\/72917b630b69d31cd0297507f34bac97?s=96&d=mm&r=g\",\"caption\":\"Tarcisio Oliveira\"},\"url\":\"https:\/\/www.pm.pb.gov.br\/portal\/author\/tarcisio\/\"}]}<\/script>\n<!-- \/ Yoast SEO plugin. -->","yoast_head_json":{"title":"Curso vai formar mais 500 soldados da Pol\u00edcia Militar e Bombeiros - Pol\u00edcia Militar da Para\u00edba","robots":{"index":"index","follow":"follow","max-snippet":"max-snippet:-1","max-image-preview":"max-image-preview:large","max-video-preview":"max-video-preview:-1"},"canonical":"https:\/\/www.pm.pb.gov.br\/portal\/2018\/09\/13\/curso-vai-formar-mais-500-soldados-da-policia-militar-e-bombeiros\/","og_locale":"pt_BR","og_type":"article","og_title":"Curso vai formar mais 500 soldados da Pol\u00edcia Militar e Bombeiros - Pol\u00edcia Militar da Para\u00edba","og_description":"A aula inaugural do Curso de Forma\u00e7\u00e3o de Soldados da Pol\u00edcia Militar e do Corpo de Bombeiros da Para\u00edba foi","og_url":"https:\/\/www.pm.pb.gov.br\/portal\/2018\/09\/13\/curso-vai-formar-mais-500-soldados-da-policia-militar-e-bombeiros\/","og_site_name":"Pol\u00edcia Militar da Para\u00edba","article_published_time":"2018-09-13T13:15:35+00:00","article_modified_time":"2018-10-16T14:59:38+00:00","og_image":[{"width":800,"height":445,"url":"https:\/\/www.pm.pb.gov.br\/portal\/wp-content\/uploads\/2018\/09\/2.jpeg","type":"image\/jpeg"}],"author":"Tarcisio Oliveira","twitter_card":"summary_large_image","twitter_misc":{"Escrito por":"Tarcisio Oliveira","Est. tempo de leitura":"2 minutos"},"schema":{"@context":"https:\/\/schema.org","@graph":[{"@type":"Article","@id":"https:\/\/www.pm.pb.gov.br\/portal\/2018\/09\/13\/curso-vai-formar-mais-500-soldados-da-policia-militar-e-bombeiros\/#article","isPartOf":{"@id":"https:\/\/www.pm.pb.gov.br\/portal\/2018\/09\/13\/curso-vai-formar-mais-500-soldados-da-policia-militar-e-bombeiros\/"},"author":{"name":"Tarcisio Oliveira","@id":"https:\/\/www.pm.pb.gov.br\/portal\/#\/schema\/person\/f84f56dcc78ce4357054da888b8247fd"},"headline":"Curso vai formar mais 500 soldados da Pol\u00edcia Militar e Bombeiros","datePublished":"2018-09-13T13:15:35+00:00","dateModified":"2018-10-16T14:59:38+00:00","mainEntityOfPage":{"@id":"https:\/\/www.pm.pb.gov.br\/portal\/2018\/09\/13\/curso-vai-formar-mais-500-soldados-da-policia-militar-e-bombeiros\/"},"wordCount":458,"publisher":{"@id":"https:\/\/www.pm.pb.gov.br\/portal\/#organization"},"articleSection":["Cursos"],"inLanguage":"pt-BR"},{"@type":"WebPage","@id":"https:\/\/www.pm.pb.gov.br\/portal\/2018\/09\/13\/curso-vai-formar-mais-500-soldados-da-policia-militar-e-bombeiros\/","url":"https:\/\/www.pm.pb.gov.br\/portal\/2018\/09\/13\/curso-vai-formar-mais-500-soldados-da-policia-militar-e-bombeiros\/","name":"Curso vai formar mais 500 soldados da Pol\u00edcia Militar e Bombeiros - Pol\u00edcia Militar da Para\u00edba","isPartOf":{"@id":"https:\/\/www.pm.pb.gov.br\/portal\/#website"},"datePublished":"2018-09-13T13:15:35+00:00","dateModified":"2018-10-16T14:59:38+00:00","breadcrumb":{"@id":"https:\/\/www.pm.pb.gov.br\/portal\/2018\/09\/13\/curso-vai-formar-mais-500-soldados-da-policia-militar-e-bombeiros\/#breadcrumb"},"inLanguage":"pt-BR","potentialAction":[{"@type":"ReadAction","target":["https:\/\/www.pm.pb.gov.br\/portal\/2018\/09\/13\/curso-vai-formar-mais-500-soldados-da-policia-militar-e-bombeiros\/"]}]},{"@type":"BreadcrumbList","@id":"https:\/\/www.pm.pb.gov.br\/portal\/2018\/09\/13\/curso-vai-formar-mais-500-soldados-da-policia-militar-e-bombeiros\/#breadcrumb","itemListElement":[{"@type":"ListItem","position":1,"name":"In\u00edcio","item":"https:\/\/www.pm.pb.gov.br\/portal\/"},{"@type":"ListItem","position":2,"name":"Curso vai formar mais 500 soldados da Pol\u00edcia Militar e Bombeiros"}]},{"@type":"WebSite","@id":"https:\/\/www.pm.pb.gov.br\/portal\/#website","url":"https:\/\/www.pm.pb.gov.br\/portal\/","name":"Pol\u00edcia Militar da Para\u00edba","description":"","publisher":{"@id":"https:\/\/www.pm.pb.gov.br\/portal\/#organization"},"potentialAction":[{"@type":"SearchAction","target":{"@type":"EntryPoint","urlTemplate":"https:\/\/www.pm.pb.gov.br\/portal\/?s={search_term_string}"},"query-input":"required name=search_term_string"}],"inLanguage":"pt-BR"},{"@type":"Organization","@id":"https:\/\/www.pm.pb.gov.br\/portal\/#organization","name":"Pol\u00edcia Militar da Para\u00edba","url":"https:\/\/www.pm.pb.gov.br\/portal\/","logo":{"@type":"ImageObject","inLanguage":"pt-BR","@id":"https:\/\/www.pm.pb.gov.br\/portal\/#\/schema\/logo\/image\/","url":"https:\/\/www.pm.pb.gov.br\/portal\/wp-content\/uploads\/2025\/03\/cropped-logo-site-mag2-1.png","contentUrl":"https:\/\/www.pm.pb.gov.br\/portal\/wp-content\/uploads\/2025\/03\/cropped-logo-site-mag2-1.png","width":320,"height":90,"caption":"Pol\u00edcia Militar da Para\u00edba"},"image":{"@id":"https:\/\/www.pm.pb.gov.br\/portal\/#\/schema\/logo\/image\/"}},{"@type":"Person","@id":"https:\/\/www.pm.pb.gov.br\/portal\/#\/schema\/person\/f84f56dcc78ce4357054da888b8247fd","name":"Tarcisio Oliveira","image":{"@type":"ImageObject","inLanguage":"pt-BR","@id":"https:\/\/www.pm.pb.gov.br\/portal\/#\/schema\/person\/image\/","url":"https:\/\/secure.gravatar.com\/avatar\/72917b630b69d31cd0297507f34bac97?s=96&d=mm&r=g","contentUrl":"https:\/\/secure.gravatar.com\/avatar\/72917b630b69d31cd0297507f34bac97?s=96&d=mm&r=g","caption":"Tarcisio Oliveira"},"url":"https:\/\/www.pm.pb.gov.br\/portal\/author\/tarcisio\/"}]}},"_links":{"self":[{"href":"https:\/\/www.pm.pb.gov.br\/portal\/wp-json\/wp\/v2\/posts\/898825"}],"collection":[{"href":"https:\/\/www.pm.pb.gov.br\/portal\/wp-json\/wp\/v2\/posts"}],"about":[{"href":"https:\/\/www.pm.pb.gov.br\/portal\/wp-json\/wp\/v2\/types\/post"}],"author":[{"embeddable":true,"href":"https:\/\/www.pm.pb.gov.br\/portal\/wp-json\/wp\/v2\/users\/12"}],"replies":[{"embeddable":true,"href":"https:\/\/www.pm.pb.gov.br\/portal\/wp-json\/wp\/v2\/comments?post=898825"}],"version-history":[{"count":2,"href":"https:\/\/www.pm.pb.gov.br\/portal\/wp-json\/wp\/v2\/posts\/898825\/revisions"}],"predecessor-version":[{"id":898830,"href":"https:\/\/www.pm.pb.gov.br\/portal\/wp-json\/wp\/v2\/posts\/898825\/revisions\/898830"}],"wp:featuredmedia":[{"embeddable":true,"href":"https:\/\/www.pm.pb.gov.br\/portal\/wp-json\/wp\/v2\/media\/898826"}],"wp:attachment":[{"href":"https:\/\/www.pm.pb.gov.br\/portal\/wp-json\/wp\/v2\/media?parent=898825"}],"wp:term":[{"taxonomy":"category","embeddable":true,"href":"https:\/\/www.pm.pb.gov.br\/portal\/wp-json\/wp\/v2\/categories?post=898825"},{"taxonomy":"post_tag","embeddable":true,"href":"https:\/\/www.pm.pb.gov.br\/portal\/wp-json\/wp\/v2\/tags?post=898825"}],"curies":[{"name":"wp","href":"https:\/\/api.w.org\/{rel}","templated":true}]}}