{"id":898795,"date":"2018-09-05T17:37:17","date_gmt":"2018-09-05T20:37:17","guid":{"rendered":"http:\/\/www.pm.pb.gov.br\/portal\/?p=898795"},"modified":"2018-10-16T12:01:32","modified_gmt":"2018-10-16T15:01:32","slug":"500-candidatos-classificados-para-o-curso-de-formacao-de-soldados-sao-convocados-para-pre-matricula","status":"publish","type":"post","link":"https:\/\/www.pm.pb.gov.br\/portal\/2018\/09\/05\/500-candidatos-classificados-para-o-curso-de-formacao-de-soldados-sao-convocados-para-pre-matricula\/","title":{"rendered":"500 candidatos classificados para o Curso de Forma\u00e7\u00e3o de Soldados s\u00e3o convocados para pr\u00e9-matr\u00edcula"},"content":{"rendered":"<p style=\"text-align: justify;\">Os primeiros 500 candidatos classificados no concurso para o Curso de Forma\u00e7\u00e3o de Soldado da Pol\u00edcia Militar e do Corpo de Bombeiros Militar da Para\u00edba dever\u00e3o se apresentar \u00e0s corpora\u00e7\u00f5es na pr\u00f3xima segunda-feira (10). O an\u00fancio foi feito no fim da manh\u00e3 desta quarta-feira (05) pelos comandantes-gerais da PM e do CBM, coron\u00e9is Euller Chaves e Jair Carneiro, respectivamente, ap\u00f3s autoriza\u00e7\u00e3o do Governo do Estado, e reuni\u00e3o com a comiss\u00e3o organizadora do concurso. Uma portaria dever\u00e1 ser publicada e disponibilizada nos sites das corpora\u00e7\u00f5es, oficializando a convoca\u00e7\u00e3o.<\/p>\n<p style=\"text-align: justify;\">Segundo o coronel Jos\u00e9 Ronildo, presidente da comiss\u00e3o do concurso da PM, os candidatos dever\u00e3o se apresentar no Centro de Educa\u00e7\u00e3o, em Jo\u00e3o Pessoa, \u00e0s 10h, para a pr\u00e9-matr\u00edcula, com os documentos solicitados no edital. \u201cNo caso da PM, vamos receber os 450 primeiros classificados, conforme previsto no edital, e logo ap\u00f3s este ato, eles j\u00e1 estar\u00e3o \u00e0 disposi\u00e7\u00e3o do CE para as primeiras atividades do Curso\u201d, disse o oficial.<\/p>\n<p style=\"text-align: justify;\">A apresenta\u00e7\u00e3o dos 50 candidatos classificados para o Corpo de Bombeiros tamb\u00e9m est\u00e1 prevista para ocorrer na segunda-feira, \u00e0s 10h, no Quartel do Comando Geral dos Bombeiros, no bairro de Mar\u00e9s, em Jo\u00e3o Pessoa.<\/p>\n<p style=\"text-align: justify;\">A documenta\u00e7\u00e3o que dever\u00e1 ser entregue pelos candidatos est\u00e1 descrita no item 15 do edital e consiste de documentos de identifica\u00e7\u00e3o, como Identidade, CPF, PIS\/Pasep, certid\u00e3o de nascimento ou de casamento, certid\u00f5es criminais, entre outros que devem ser observados pelos candidatos no item. C\u00f3pias dos documentos tamb\u00e9m s\u00e3o solicitadas.<\/p>\n<p style=\"text-align: justify;\">Cerca de 80 mil pessoas se inscreveram para o concurso, o que trouxe a marca do maior certame j\u00e1 realizado pela Pol\u00edcia Militar. Foram disponibilizadas vagas para distribui\u00e7\u00e3o nos tr\u00eas grandes comandos regionais, com o maior n\u00famero dispon\u00edvel para Campina Grande e regi\u00e3o, no caso da PM, alcan\u00e7ando 360 vagas.<\/p>\n","protected":false},"excerpt":{"rendered":"<p>Os primeiros 500 candidatos classificados no concurso para o Curso de Forma\u00e7\u00e3o de Soldado da Pol\u00edcia Militar e do Corpo<\/p>\n","protected":false},"author":12,"featured_media":898796,"comment_status":"closed","ping_status":"closed","sticky":false,"template":"","format":"standard","meta":{"_exactmetrics_skip_tracking":false,"_exactmetrics_sitenote_active":false,"_exactmetrics_sitenote_note":"","_exactmetrics_sitenote_category":0,"footnotes":""},"categories":[6],"tags":[],"yoast_head":"<!-- This site is optimized with the Yoast SEO plugin v22.0 - https:\/\/yoast.com\/wordpress\/plugins\/seo\/ -->\n<title>500 candidatos classificados para o Curso de Forma\u00e7\u00e3o de Soldados s\u00e3o convocados para pr\u00e9-matr\u00edcula - Pol\u00edcia Militar da Para\u00edba<\/title>\n<meta name=\"robots\" content=\"index, follow, max-snippet:-1, max-image-preview:large, max-video-preview:-1\" \/>\n<link rel=\"canonical\" href=\"https:\/\/www.pm.pb.gov.br\/portal\/2018\/09\/05\/500-candidatos-classificados-para-o-curso-de-formacao-de-soldados-sao-convocados-para-pre-matricula\/\" \/>\n<meta property=\"og:locale\" content=\"pt_BR\" \/>\n<meta property=\"og:type\" content=\"article\" \/>\n<meta property=\"og:title\" content=\"500 candidatos classificados para o Curso de Forma\u00e7\u00e3o de Soldados s\u00e3o convocados para pr\u00e9-matr\u00edcula - Pol\u00edcia Militar da Para\u00edba\" \/>\n<meta property=\"og:description\" content=\"Os primeiros 500 candidatos classificados no concurso para o Curso de Forma\u00e7\u00e3o de Soldado da Pol\u00edcia Militar e do Corpo\" \/>\n<meta property=\"og:url\" content=\"https:\/\/www.pm.pb.gov.br\/portal\/2018\/09\/05\/500-candidatos-classificados-para-o-curso-de-formacao-de-soldados-sao-convocados-para-pre-matricula\/\" \/>\n<meta property=\"og:site_name\" content=\"Pol\u00edcia Militar da Para\u00edba\" \/>\n<meta property=\"article:published_time\" content=\"2018-09-05T20:37:17+00:00\" \/>\n<meta property=\"article:modified_time\" content=\"2018-10-16T15:01:32+00:00\" \/>\n<meta property=\"og:image\" content=\"https:\/\/www.pm.pb.gov.br\/portal\/wp-content\/uploads\/2018\/09\/DSC_894811.jpg\" \/>\n\t<meta property=\"og:image:width\" content=\"800\" \/>\n\t<meta property=\"og:image:height\" content=\"445\" \/>\n\t<meta property=\"og:image:type\" content=\"image\/jpeg\" \/>\n<meta name=\"author\" content=\"Tarcisio Oliveira\" \/>\n<meta name=\"twitter:card\" content=\"summary_large_image\" \/>\n<meta name=\"twitter:label1\" content=\"Escrito por\" \/>\n\t<meta name=\"twitter:data1\" content=\"Tarcisio Oliveira\" \/>\n\t<meta name=\"twitter:label2\" content=\"Est. tempo de leitura\" \/>\n\t<meta name=\"twitter:data2\" content=\"2 minutos\" \/>\n<script type=\"application\/ld+json\" class=\"yoast-schema-graph\">{\"@context\":\"https:\/\/schema.org\",\"@graph\":[{\"@type\":\"Article\",\"@id\":\"https:\/\/www.pm.pb.gov.br\/portal\/2018\/09\/05\/500-candidatos-classificados-para-o-curso-de-formacao-de-soldados-sao-convocados-para-pre-matricula\/#article\",\"isPartOf\":{\"@id\":\"https:\/\/www.pm.pb.gov.br\/portal\/2018\/09\/05\/500-candidatos-classificados-para-o-curso-de-formacao-de-soldados-sao-convocados-para-pre-matricula\/\"},\"author\":{\"name\":\"Tarcisio Oliveira\",\"@id\":\"https:\/\/www.pm.pb.gov.br\/portal\/#\/schema\/person\/f84f56dcc78ce4357054da888b8247fd\"},\"headline\":\"500 candidatos classificados para o Curso de Forma\u00e7\u00e3o de Soldados s\u00e3o convocados para pr\u00e9-matr\u00edcula\",\"datePublished\":\"2018-09-05T20:37:17+00:00\",\"dateModified\":\"2018-10-16T15:01:32+00:00\",\"mainEntityOfPage\":{\"@id\":\"https:\/\/www.pm.pb.gov.br\/portal\/2018\/09\/05\/500-candidatos-classificados-para-o-curso-de-formacao-de-soldados-sao-convocados-para-pre-matricula\/\"},\"wordCount\":340,\"publisher\":{\"@id\":\"https:\/\/www.pm.pb.gov.br\/portal\/#organization\"},\"articleSection\":[\"Cursos\"],\"inLanguage\":\"pt-BR\"},{\"@type\":\"WebPage\",\"@id\":\"https:\/\/www.pm.pb.gov.br\/portal\/2018\/09\/05\/500-candidatos-classificados-para-o-curso-de-formacao-de-soldados-sao-convocados-para-pre-matricula\/\",\"url\":\"https:\/\/www.pm.pb.gov.br\/portal\/2018\/09\/05\/500-candidatos-classificados-para-o-curso-de-formacao-de-soldados-sao-convocados-para-pre-matricula\/\",\"name\":\"500 candidatos classificados para o Curso de Forma\u00e7\u00e3o de Soldados s\u00e3o convocados para pr\u00e9-matr\u00edcula - Pol\u00edcia Militar da Para\u00edba\",\"isPartOf\":{\"@id\":\"https:\/\/www.pm.pb.gov.br\/portal\/#website\"},\"datePublished\":\"2018-09-05T20:37:17+00:00\",\"dateModified\":\"2018-10-16T15:01:32+00:00\",\"breadcrumb\":{\"@id\":\"https:\/\/www.pm.pb.gov.br\/portal\/2018\/09\/05\/500-candidatos-classificados-para-o-curso-de-formacao-de-soldados-sao-convocados-para-pre-matricula\/#breadcrumb\"},\"inLanguage\":\"pt-BR\",\"potentialAction\":[{\"@type\":\"ReadAction\",\"target\":[\"https:\/\/www.pm.pb.gov.br\/portal\/2018\/09\/05\/500-candidatos-classificados-para-o-curso-de-formacao-de-soldados-sao-convocados-para-pre-matricula\/\"]}]},{\"@type\":\"BreadcrumbList\",\"@id\":\"https:\/\/www.pm.pb.gov.br\/portal\/2018\/09\/05\/500-candidatos-classificados-para-o-curso-de-formacao-de-soldados-sao-convocados-para-pre-matricula\/#breadcrumb\",\"itemListElement\":[{\"@type\":\"ListItem\",\"position\":1,\"name\":\"In\u00edcio\",\"item\":\"https:\/\/www.pm.pb.gov.br\/portal\/\"},{\"@type\":\"ListItem\",\"position\":2,\"name\":\"500 candidatos classificados para o Curso de Forma\u00e7\u00e3o de Soldados s\u00e3o convocados para pr\u00e9-matr\u00edcula\"}]},{\"@type\":\"WebSite\",\"@id\":\"https:\/\/www.pm.pb.gov.br\/portal\/#website\",\"url\":\"https:\/\/www.pm.pb.gov.br\/portal\/\",\"name\":\"Pol\u00edcia Militar da Para\u00edba\",\"description\":\"\",\"publisher\":{\"@id\":\"https:\/\/www.pm.pb.gov.br\/portal\/#organization\"},\"potentialAction\":[{\"@type\":\"SearchAction\",\"target\":{\"@type\":\"EntryPoint\",\"urlTemplate\":\"https:\/\/www.pm.pb.gov.br\/portal\/?s={search_term_string}\"},\"query-input\":\"required name=search_term_string\"}],\"inLanguage\":\"pt-BR\"},{\"@type\":\"Organization\",\"@id\":\"https:\/\/www.pm.pb.gov.br\/portal\/#organization\",\"name\":\"Pol\u00edcia Militar da Para\u00edba\",\"url\":\"https:\/\/www.pm.pb.gov.br\/portal\/\",\"logo\":{\"@type\":\"ImageObject\",\"inLanguage\":\"pt-BR\",\"@id\":\"https:\/\/www.pm.pb.gov.br\/portal\/#\/schema\/logo\/image\/\",\"url\":\"https:\/\/www.pm.pb.gov.br\/portal\/wp-content\/uploads\/2025\/03\/cropped-logo-site-mag2-1.png\",\"contentUrl\":\"https:\/\/www.pm.pb.gov.br\/portal\/wp-content\/uploads\/2025\/03\/cropped-logo-site-mag2-1.png\",\"width\":320,\"height\":90,\"caption\":\"Pol\u00edcia Militar da Para\u00edba\"},\"image\":{\"@id\":\"https:\/\/www.pm.pb.gov.br\/portal\/#\/schema\/logo\/image\/\"}},{\"@type\":\"Person\",\"@id\":\"https:\/\/www.pm.pb.gov.br\/portal\/#\/schema\/person\/f84f56dcc78ce4357054da888b8247fd\",\"name\":\"Tarcisio Oliveira\",\"image\":{\"@type\":\"ImageObject\",\"inLanguage\":\"pt-BR\",\"@id\":\"https:\/\/www.pm.pb.gov.br\/portal\/#\/schema\/person\/image\/\",\"url\":\"https:\/\/secure.gravatar.com\/avatar\/72917b630b69d31cd0297507f34bac97?s=96&d=mm&r=g\",\"contentUrl\":\"https:\/\/secure.gravatar.com\/avatar\/72917b630b69d31cd0297507f34bac97?s=96&d=mm&r=g\",\"caption\":\"Tarcisio Oliveira\"},\"url\":\"https:\/\/www.pm.pb.gov.br\/portal\/author\/tarcisio\/\"}]}<\/script>\n<!-- \/ Yoast SEO plugin. -->","yoast_head_json":{"title":"500 candidatos classificados para o Curso de Forma\u00e7\u00e3o de Soldados s\u00e3o convocados para pr\u00e9-matr\u00edcula - Pol\u00edcia Militar da Para\u00edba","robots":{"index":"index","follow":"follow","max-snippet":"max-snippet:-1","max-image-preview":"max-image-preview:large","max-video-preview":"max-video-preview:-1"},"canonical":"https:\/\/www.pm.pb.gov.br\/portal\/2018\/09\/05\/500-candidatos-classificados-para-o-curso-de-formacao-de-soldados-sao-convocados-para-pre-matricula\/","og_locale":"pt_BR","og_type":"article","og_title":"500 candidatos classificados para o Curso de Forma\u00e7\u00e3o de Soldados s\u00e3o convocados para pr\u00e9-matr\u00edcula - Pol\u00edcia Militar da Para\u00edba","og_description":"Os primeiros 500 candidatos classificados no concurso para o Curso de Forma\u00e7\u00e3o de Soldado da Pol\u00edcia Militar e do Corpo","og_url":"https:\/\/www.pm.pb.gov.br\/portal\/2018\/09\/05\/500-candidatos-classificados-para-o-curso-de-formacao-de-soldados-sao-convocados-para-pre-matricula\/","og_site_name":"Pol\u00edcia Militar da Para\u00edba","article_published_time":"2018-09-05T20:37:17+00:00","article_modified_time":"2018-10-16T15:01:32+00:00","og_image":[{"width":800,"height":445,"url":"https:\/\/www.pm.pb.gov.br\/portal\/wp-content\/uploads\/2018\/09\/DSC_894811.jpg","type":"image\/jpeg"}],"author":"Tarcisio Oliveira","twitter_card":"summary_large_image","twitter_misc":{"Escrito por":"Tarcisio Oliveira","Est. tempo de leitura":"2 minutos"},"schema":{"@context":"https:\/\/schema.org","@graph":[{"@type":"Article","@id":"https:\/\/www.pm.pb.gov.br\/portal\/2018\/09\/05\/500-candidatos-classificados-para-o-curso-de-formacao-de-soldados-sao-convocados-para-pre-matricula\/#article","isPartOf":{"@id":"https:\/\/www.pm.pb.gov.br\/portal\/2018\/09\/05\/500-candidatos-classificados-para-o-curso-de-formacao-de-soldados-sao-convocados-para-pre-matricula\/"},"author":{"name":"Tarcisio Oliveira","@id":"https:\/\/www.pm.pb.gov.br\/portal\/#\/schema\/person\/f84f56dcc78ce4357054da888b8247fd"},"headline":"500 candidatos classificados para o Curso de Forma\u00e7\u00e3o de Soldados s\u00e3o convocados para pr\u00e9-matr\u00edcula","datePublished":"2018-09-05T20:37:17+00:00","dateModified":"2018-10-16T15:01:32+00:00","mainEntityOfPage":{"@id":"https:\/\/www.pm.pb.gov.br\/portal\/2018\/09\/05\/500-candidatos-classificados-para-o-curso-de-formacao-de-soldados-sao-convocados-para-pre-matricula\/"},"wordCount":340,"publisher":{"@id":"https:\/\/www.pm.pb.gov.br\/portal\/#organization"},"articleSection":["Cursos"],"inLanguage":"pt-BR"},{"@type":"WebPage","@id":"https:\/\/www.pm.pb.gov.br\/portal\/2018\/09\/05\/500-candidatos-classificados-para-o-curso-de-formacao-de-soldados-sao-convocados-para-pre-matricula\/","url":"https:\/\/www.pm.pb.gov.br\/portal\/2018\/09\/05\/500-candidatos-classificados-para-o-curso-de-formacao-de-soldados-sao-convocados-para-pre-matricula\/","name":"500 candidatos classificados para o Curso de Forma\u00e7\u00e3o de Soldados s\u00e3o convocados para pr\u00e9-matr\u00edcula - Pol\u00edcia Militar da Para\u00edba","isPartOf":{"@id":"https:\/\/www.pm.pb.gov.br\/portal\/#website"},"datePublished":"2018-09-05T20:37:17+00:00","dateModified":"2018-10-16T15:01:32+00:00","breadcrumb":{"@id":"https:\/\/www.pm.pb.gov.br\/portal\/2018\/09\/05\/500-candidatos-classificados-para-o-curso-de-formacao-de-soldados-sao-convocados-para-pre-matricula\/#breadcrumb"},"inLanguage":"pt-BR","potentialAction":[{"@type":"ReadAction","target":["https:\/\/www.pm.pb.gov.br\/portal\/2018\/09\/05\/500-candidatos-classificados-para-o-curso-de-formacao-de-soldados-sao-convocados-para-pre-matricula\/"]}]},{"@type":"BreadcrumbList","@id":"https:\/\/www.pm.pb.gov.br\/portal\/2018\/09\/05\/500-candidatos-classificados-para-o-curso-de-formacao-de-soldados-sao-convocados-para-pre-matricula\/#breadcrumb","itemListElement":[{"@type":"ListItem","position":1,"name":"In\u00edcio","item":"https:\/\/www.pm.pb.gov.br\/portal\/"},{"@type":"ListItem","position":2,"name":"500 candidatos classificados para o Curso de Forma\u00e7\u00e3o de Soldados s\u00e3o convocados para pr\u00e9-matr\u00edcula"}]},{"@type":"WebSite","@id":"https:\/\/www.pm.pb.gov.br\/portal\/#website","url":"https:\/\/www.pm.pb.gov.br\/portal\/","name":"Pol\u00edcia Militar da Para\u00edba","description":"","publisher":{"@id":"https:\/\/www.pm.pb.gov.br\/portal\/#organization"},"potentialAction":[{"@type":"SearchAction","target":{"@type":"EntryPoint","urlTemplate":"https:\/\/www.pm.pb.gov.br\/portal\/?s={search_term_string}"},"query-input":"required name=search_term_string"}],"inLanguage":"pt-BR"},{"@type":"Organization","@id":"https:\/\/www.pm.pb.gov.br\/portal\/#organization","name":"Pol\u00edcia Militar da Para\u00edba","url":"https:\/\/www.pm.pb.gov.br\/portal\/","logo":{"@type":"ImageObject","inLanguage":"pt-BR","@id":"https:\/\/www.pm.pb.gov.br\/portal\/#\/schema\/logo\/image\/","url":"https:\/\/www.pm.pb.gov.br\/portal\/wp-content\/uploads\/2025\/03\/cropped-logo-site-mag2-1.png","contentUrl":"https:\/\/www.pm.pb.gov.br\/portal\/wp-content\/uploads\/2025\/03\/cropped-logo-site-mag2-1.png","width":320,"height":90,"caption":"Pol\u00edcia Militar da Para\u00edba"},"image":{"@id":"https:\/\/www.pm.pb.gov.br\/portal\/#\/schema\/logo\/image\/"}},{"@type":"Person","@id":"https:\/\/www.pm.pb.gov.br\/portal\/#\/schema\/person\/f84f56dcc78ce4357054da888b8247fd","name":"Tarcisio Oliveira","image":{"@type":"ImageObject","inLanguage":"pt-BR","@id":"https:\/\/www.pm.pb.gov.br\/portal\/#\/schema\/person\/image\/","url":"https:\/\/secure.gravatar.com\/avatar\/72917b630b69d31cd0297507f34bac97?s=96&d=mm&r=g","contentUrl":"https:\/\/secure.gravatar.com\/avatar\/72917b630b69d31cd0297507f34bac97?s=96&d=mm&r=g","caption":"Tarcisio Oliveira"},"url":"https:\/\/www.pm.pb.gov.br\/portal\/author\/tarcisio\/"}]}},"_links":{"self":[{"href":"https:\/\/www.pm.pb.gov.br\/portal\/wp-json\/wp\/v2\/posts\/898795"}],"collection":[{"href":"https:\/\/www.pm.pb.gov.br\/portal\/wp-json\/wp\/v2\/posts"}],"about":[{"href":"https:\/\/www.pm.pb.gov.br\/portal\/wp-json\/wp\/v2\/types\/post"}],"author":[{"embeddable":true,"href":"https:\/\/www.pm.pb.gov.br\/portal\/wp-json\/wp\/v2\/users\/12"}],"replies":[{"embeddable":true,"href":"https:\/\/www.pm.pb.gov.br\/portal\/wp-json\/wp\/v2\/comments?post=898795"}],"version-history":[{"count":1,"href":"https:\/\/www.pm.pb.gov.br\/portal\/wp-json\/wp\/v2\/posts\/898795\/revisions"}],"predecessor-version":[{"id":898797,"href":"https:\/\/www.pm.pb.gov.br\/portal\/wp-json\/wp\/v2\/posts\/898795\/revisions\/898797"}],"wp:featuredmedia":[{"embeddable":true,"href":"https:\/\/www.pm.pb.gov.br\/portal\/wp-json\/wp\/v2\/media\/898796"}],"wp:attachment":[{"href":"https:\/\/www.pm.pb.gov.br\/portal\/wp-json\/wp\/v2\/media?parent=898795"}],"wp:term":[{"taxonomy":"category","embeddable":true,"href":"https:\/\/www.pm.pb.gov.br\/portal\/wp-json\/wp\/v2\/categories?post=898795"},{"taxonomy":"post_tag","embeddable":true,"href":"https:\/\/www.pm.pb.gov.br\/portal\/wp-json\/wp\/v2\/tags?post=898795"}],"curies":[{"name":"wp","href":"https:\/\/api.w.org\/{rel}","templated":true}]}}