{"id":898686,"date":"2018-08-17T09:14:52","date_gmt":"2018-08-17T12:14:52","guid":{"rendered":"http:\/\/www.pm.pb.gov.br\/portal\/?p=898686"},"modified":"2018-08-17T15:19:49","modified_gmt":"2018-08-17T18:19:49","slug":"policia-militar-prende-estelionatario-procurado-em-dois-estados-e-evita-furto-a-estabelecimento-comercial-em-patos","status":"publish","type":"post","link":"https:\/\/www.pm.pb.gov.br\/portal\/2018\/08\/17\/policia-militar-prende-estelionatario-procurado-em-dois-estados-e-evita-furto-a-estabelecimento-comercial-em-patos\/","title":{"rendered":"Pol\u00edcia Militar prende estelionat\u00e1rio procurado em dois estados e evita furto a estabelecimento comercial em Patos"},"content":{"rendered":"<p style=\"text-align: justify;\">A Pol\u00edcia Militar frustrou um furto a um estabelecimento comercial e prendeu um estelionat\u00e1rio procurado em dois estados do pa\u00eds, na madrugada desta sexta-feira (17), na cidade de Patos, no Sert\u00e3o do estado. O acusado, um homem de 30 anos de idade, foi preso nas proximidades de um galp\u00e3o utilizado para guardar mercadoria e estava com alicate de press\u00e3o, chave de fenda e lanterna, materiais que seriam usados para a pr\u00e1tica do crime.<\/p>\n<p style=\"text-align: justify;\">A pris\u00e3o foi realizada pelos policiais do 3\u00ba Batalh\u00e3o, que durante a\u00e7\u00f5es preventivas receberam uma den\u00fancia de um vigilante sobre dois homens em atitude suspeita que estavam nas proximidades do estabelecimento, no Centro de Patos. Durante a abordagem policial, apenas um homem foi localizado e contra ele foi constatado um mandado de pris\u00e3o em aberto, expedido pelo Tribunal de Justi\u00e7a do Maranh\u00e3o, pelo crime de estelionato.<\/p>\n<p style=\"text-align: justify;\">O foragido foi localizado com ferramentas e com um carro, que seria utilizado para a fuga. O preso foi encaminhado para a Delegacia de Pol\u00edcia Civil, onde foi constatado que havia um segundo mandado de pris\u00e3o, tamb\u00e9m pelo crime de estelionato, expedido no estado de Rond\u00f4nia. Ele est\u00e1 \u00e0 disposi\u00e7\u00e3o da Justi\u00e7a.<\/p>\n","protected":false},"excerpt":{"rendered":"<p>A Pol\u00edcia Militar frustrou um furto a um estabelecimento comercial e prendeu um estelionat\u00e1rio procurado em dois estados do pa\u00eds,<\/p>\n","protected":false},"author":12,"featured_media":895497,"comment_status":"closed","ping_status":"closed","sticky":false,"template":"","format":"standard","meta":{"_exactmetrics_skip_tracking":false,"_exactmetrics_sitenote_active":false,"_exactmetrics_sitenote_note":"","_exactmetrics_sitenote_category":0,"footnotes":""},"categories":[4],"tags":[],"yoast_head":"<!-- This site is optimized with the Yoast SEO plugin v22.0 - https:\/\/yoast.com\/wordpress\/plugins\/seo\/ -->\n<title>Pol\u00edcia Militar prende estelionat\u00e1rio procurado em dois estados e evita furto a estabelecimento comercial em Patos - Pol\u00edcia Militar da Para\u00edba<\/title>\n<meta name=\"robots\" content=\"index, follow, max-snippet:-1, max-image-preview:large, max-video-preview:-1\" \/>\n<link rel=\"canonical\" href=\"https:\/\/www.pm.pb.gov.br\/portal\/2018\/08\/17\/policia-militar-prende-estelionatario-procurado-em-dois-estados-e-evita-furto-a-estabelecimento-comercial-em-patos\/\" \/>\n<meta property=\"og:locale\" content=\"pt_BR\" \/>\n<meta property=\"og:type\" content=\"article\" \/>\n<meta property=\"og:title\" content=\"Pol\u00edcia Militar prende estelionat\u00e1rio procurado em dois estados e evita furto a estabelecimento comercial em Patos - Pol\u00edcia Militar da Para\u00edba\" \/>\n<meta property=\"og:description\" content=\"A Pol\u00edcia Militar frustrou um furto a um estabelecimento comercial e prendeu um estelionat\u00e1rio procurado em dois estados do pa\u00eds,\" \/>\n<meta property=\"og:url\" content=\"https:\/\/www.pm.pb.gov.br\/portal\/2018\/08\/17\/policia-militar-prende-estelionatario-procurado-em-dois-estados-e-evita-furto-a-estabelecimento-comercial-em-patos\/\" \/>\n<meta property=\"og:site_name\" content=\"Pol\u00edcia Militar da Para\u00edba\" \/>\n<meta property=\"article:published_time\" content=\"2018-08-17T12:14:52+00:00\" \/>\n<meta property=\"article:modified_time\" content=\"2018-08-17T18:19:49+00:00\" \/>\n<meta property=\"og:image\" content=\"https:\/\/www.pm.pb.gov.br\/portal\/wp-content\/uploads\/2017\/09\/imagem-ilustrativa1.jpg\" \/>\n\t<meta property=\"og:image:width\" content=\"800\" \/>\n\t<meta property=\"og:image:height\" content=\"445\" \/>\n\t<meta property=\"og:image:type\" content=\"image\/jpeg\" \/>\n<meta name=\"author\" content=\"Tarcisio Oliveira\" \/>\n<meta name=\"twitter:card\" content=\"summary_large_image\" \/>\n<meta name=\"twitter:label1\" content=\"Escrito por\" \/>\n\t<meta name=\"twitter:data1\" content=\"Tarcisio Oliveira\" \/>\n\t<meta name=\"twitter:label2\" content=\"Est. tempo de leitura\" \/>\n\t<meta name=\"twitter:data2\" content=\"1 minuto\" \/>\n<script type=\"application\/ld+json\" class=\"yoast-schema-graph\">{\"@context\":\"https:\/\/schema.org\",\"@graph\":[{\"@type\":\"Article\",\"@id\":\"https:\/\/www.pm.pb.gov.br\/portal\/2018\/08\/17\/policia-militar-prende-estelionatario-procurado-em-dois-estados-e-evita-furto-a-estabelecimento-comercial-em-patos\/#article\",\"isPartOf\":{\"@id\":\"https:\/\/www.pm.pb.gov.br\/portal\/2018\/08\/17\/policia-militar-prende-estelionatario-procurado-em-dois-estados-e-evita-furto-a-estabelecimento-comercial-em-patos\/\"},\"author\":{\"name\":\"Tarcisio Oliveira\",\"@id\":\"https:\/\/www.pm.pb.gov.br\/portal\/#\/schema\/person\/f84f56dcc78ce4357054da888b8247fd\"},\"headline\":\"Pol\u00edcia Militar prende estelionat\u00e1rio procurado em dois estados e evita furto a estabelecimento comercial em Patos\",\"datePublished\":\"2018-08-17T12:14:52+00:00\",\"dateModified\":\"2018-08-17T18:19:49+00:00\",\"mainEntityOfPage\":{\"@id\":\"https:\/\/www.pm.pb.gov.br\/portal\/2018\/08\/17\/policia-militar-prende-estelionatario-procurado-em-dois-estados-e-evita-furto-a-estabelecimento-comercial-em-patos\/\"},\"wordCount\":225,\"publisher\":{\"@id\":\"https:\/\/www.pm.pb.gov.br\/portal\/#organization\"},\"articleSection\":[\"A\u00e7\u00f5es Policiais\"],\"inLanguage\":\"pt-BR\"},{\"@type\":\"WebPage\",\"@id\":\"https:\/\/www.pm.pb.gov.br\/portal\/2018\/08\/17\/policia-militar-prende-estelionatario-procurado-em-dois-estados-e-evita-furto-a-estabelecimento-comercial-em-patos\/\",\"url\":\"https:\/\/www.pm.pb.gov.br\/portal\/2018\/08\/17\/policia-militar-prende-estelionatario-procurado-em-dois-estados-e-evita-furto-a-estabelecimento-comercial-em-patos\/\",\"name\":\"Pol\u00edcia Militar prende estelionat\u00e1rio procurado em dois estados e evita furto a estabelecimento comercial em Patos - Pol\u00edcia Militar da Para\u00edba\",\"isPartOf\":{\"@id\":\"https:\/\/www.pm.pb.gov.br\/portal\/#website\"},\"datePublished\":\"2018-08-17T12:14:52+00:00\",\"dateModified\":\"2018-08-17T18:19:49+00:00\",\"breadcrumb\":{\"@id\":\"https:\/\/www.pm.pb.gov.br\/portal\/2018\/08\/17\/policia-militar-prende-estelionatario-procurado-em-dois-estados-e-evita-furto-a-estabelecimento-comercial-em-patos\/#breadcrumb\"},\"inLanguage\":\"pt-BR\",\"potentialAction\":[{\"@type\":\"ReadAction\",\"target\":[\"https:\/\/www.pm.pb.gov.br\/portal\/2018\/08\/17\/policia-militar-prende-estelionatario-procurado-em-dois-estados-e-evita-furto-a-estabelecimento-comercial-em-patos\/\"]}]},{\"@type\":\"BreadcrumbList\",\"@id\":\"https:\/\/www.pm.pb.gov.br\/portal\/2018\/08\/17\/policia-militar-prende-estelionatario-procurado-em-dois-estados-e-evita-furto-a-estabelecimento-comercial-em-patos\/#breadcrumb\",\"itemListElement\":[{\"@type\":\"ListItem\",\"position\":1,\"name\":\"In\u00edcio\",\"item\":\"https:\/\/www.pm.pb.gov.br\/portal\/\"},{\"@type\":\"ListItem\",\"position\":2,\"name\":\"Pol\u00edcia Militar prende estelionat\u00e1rio procurado em dois estados e evita furto a estabelecimento comercial em Patos\"}]},{\"@type\":\"WebSite\",\"@id\":\"https:\/\/www.pm.pb.gov.br\/portal\/#website\",\"url\":\"https:\/\/www.pm.pb.gov.br\/portal\/\",\"name\":\"Pol\u00edcia Militar da Para\u00edba\",\"description\":\"\",\"publisher\":{\"@id\":\"https:\/\/www.pm.pb.gov.br\/portal\/#organization\"},\"potentialAction\":[{\"@type\":\"SearchAction\",\"target\":{\"@type\":\"EntryPoint\",\"urlTemplate\":\"https:\/\/www.pm.pb.gov.br\/portal\/?s={search_term_string}\"},\"query-input\":\"required name=search_term_string\"}],\"inLanguage\":\"pt-BR\"},{\"@type\":\"Organization\",\"@id\":\"https:\/\/www.pm.pb.gov.br\/portal\/#organization\",\"name\":\"Pol\u00edcia Militar da Para\u00edba\",\"url\":\"https:\/\/www.pm.pb.gov.br\/portal\/\",\"logo\":{\"@type\":\"ImageObject\",\"inLanguage\":\"pt-BR\",\"@id\":\"https:\/\/www.pm.pb.gov.br\/portal\/#\/schema\/logo\/image\/\",\"url\":\"https:\/\/www.pm.pb.gov.br\/portal\/wp-content\/uploads\/2025\/03\/cropped-logo-site-mag2-1.png\",\"contentUrl\":\"https:\/\/www.pm.pb.gov.br\/portal\/wp-content\/uploads\/2025\/03\/cropped-logo-site-mag2-1.png\",\"width\":320,\"height\":90,\"caption\":\"Pol\u00edcia Militar da Para\u00edba\"},\"image\":{\"@id\":\"https:\/\/www.pm.pb.gov.br\/portal\/#\/schema\/logo\/image\/\"}},{\"@type\":\"Person\",\"@id\":\"https:\/\/www.pm.pb.gov.br\/portal\/#\/schema\/person\/f84f56dcc78ce4357054da888b8247fd\",\"name\":\"Tarcisio Oliveira\",\"image\":{\"@type\":\"ImageObject\",\"inLanguage\":\"pt-BR\",\"@id\":\"https:\/\/www.pm.pb.gov.br\/portal\/#\/schema\/person\/image\/\",\"url\":\"https:\/\/secure.gravatar.com\/avatar\/72917b630b69d31cd0297507f34bac97?s=96&d=mm&r=g\",\"contentUrl\":\"https:\/\/secure.gravatar.com\/avatar\/72917b630b69d31cd0297507f34bac97?s=96&d=mm&r=g\",\"caption\":\"Tarcisio Oliveira\"},\"url\":\"https:\/\/www.pm.pb.gov.br\/portal\/author\/tarcisio\/\"}]}<\/script>\n<!-- \/ Yoast SEO plugin. -->","yoast_head_json":{"title":"Pol\u00edcia Militar prende estelionat\u00e1rio procurado em dois estados e evita furto a estabelecimento comercial em Patos - Pol\u00edcia Militar da Para\u00edba","robots":{"index":"index","follow":"follow","max-snippet":"max-snippet:-1","max-image-preview":"max-image-preview:large","max-video-preview":"max-video-preview:-1"},"canonical":"https:\/\/www.pm.pb.gov.br\/portal\/2018\/08\/17\/policia-militar-prende-estelionatario-procurado-em-dois-estados-e-evita-furto-a-estabelecimento-comercial-em-patos\/","og_locale":"pt_BR","og_type":"article","og_title":"Pol\u00edcia Militar prende estelionat\u00e1rio procurado em dois estados e evita furto a estabelecimento comercial em Patos - Pol\u00edcia Militar da Para\u00edba","og_description":"A Pol\u00edcia Militar frustrou um furto a um estabelecimento comercial e prendeu um estelionat\u00e1rio procurado em dois estados do pa\u00eds,","og_url":"https:\/\/www.pm.pb.gov.br\/portal\/2018\/08\/17\/policia-militar-prende-estelionatario-procurado-em-dois-estados-e-evita-furto-a-estabelecimento-comercial-em-patos\/","og_site_name":"Pol\u00edcia Militar da Para\u00edba","article_published_time":"2018-08-17T12:14:52+00:00","article_modified_time":"2018-08-17T18:19:49+00:00","og_image":[{"width":800,"height":445,"url":"https:\/\/www.pm.pb.gov.br\/portal\/wp-content\/uploads\/2017\/09\/imagem-ilustrativa1.jpg","type":"image\/jpeg"}],"author":"Tarcisio Oliveira","twitter_card":"summary_large_image","twitter_misc":{"Escrito por":"Tarcisio Oliveira","Est. tempo de leitura":"1 minuto"},"schema":{"@context":"https:\/\/schema.org","@graph":[{"@type":"Article","@id":"https:\/\/www.pm.pb.gov.br\/portal\/2018\/08\/17\/policia-militar-prende-estelionatario-procurado-em-dois-estados-e-evita-furto-a-estabelecimento-comercial-em-patos\/#article","isPartOf":{"@id":"https:\/\/www.pm.pb.gov.br\/portal\/2018\/08\/17\/policia-militar-prende-estelionatario-procurado-em-dois-estados-e-evita-furto-a-estabelecimento-comercial-em-patos\/"},"author":{"name":"Tarcisio Oliveira","@id":"https:\/\/www.pm.pb.gov.br\/portal\/#\/schema\/person\/f84f56dcc78ce4357054da888b8247fd"},"headline":"Pol\u00edcia Militar prende estelionat\u00e1rio procurado em dois estados e evita furto a estabelecimento comercial em Patos","datePublished":"2018-08-17T12:14:52+00:00","dateModified":"2018-08-17T18:19:49+00:00","mainEntityOfPage":{"@id":"https:\/\/www.pm.pb.gov.br\/portal\/2018\/08\/17\/policia-militar-prende-estelionatario-procurado-em-dois-estados-e-evita-furto-a-estabelecimento-comercial-em-patos\/"},"wordCount":225,"publisher":{"@id":"https:\/\/www.pm.pb.gov.br\/portal\/#organization"},"articleSection":["A\u00e7\u00f5es Policiais"],"inLanguage":"pt-BR"},{"@type":"WebPage","@id":"https:\/\/www.pm.pb.gov.br\/portal\/2018\/08\/17\/policia-militar-prende-estelionatario-procurado-em-dois-estados-e-evita-furto-a-estabelecimento-comercial-em-patos\/","url":"https:\/\/www.pm.pb.gov.br\/portal\/2018\/08\/17\/policia-militar-prende-estelionatario-procurado-em-dois-estados-e-evita-furto-a-estabelecimento-comercial-em-patos\/","name":"Pol\u00edcia Militar prende estelionat\u00e1rio procurado em dois estados e evita furto a estabelecimento comercial em Patos - Pol\u00edcia Militar da Para\u00edba","isPartOf":{"@id":"https:\/\/www.pm.pb.gov.br\/portal\/#website"},"datePublished":"2018-08-17T12:14:52+00:00","dateModified":"2018-08-17T18:19:49+00:00","breadcrumb":{"@id":"https:\/\/www.pm.pb.gov.br\/portal\/2018\/08\/17\/policia-militar-prende-estelionatario-procurado-em-dois-estados-e-evita-furto-a-estabelecimento-comercial-em-patos\/#breadcrumb"},"inLanguage":"pt-BR","potentialAction":[{"@type":"ReadAction","target":["https:\/\/www.pm.pb.gov.br\/portal\/2018\/08\/17\/policia-militar-prende-estelionatario-procurado-em-dois-estados-e-evita-furto-a-estabelecimento-comercial-em-patos\/"]}]},{"@type":"BreadcrumbList","@id":"https:\/\/www.pm.pb.gov.br\/portal\/2018\/08\/17\/policia-militar-prende-estelionatario-procurado-em-dois-estados-e-evita-furto-a-estabelecimento-comercial-em-patos\/#breadcrumb","itemListElement":[{"@type":"ListItem","position":1,"name":"In\u00edcio","item":"https:\/\/www.pm.pb.gov.br\/portal\/"},{"@type":"ListItem","position":2,"name":"Pol\u00edcia Militar prende estelionat\u00e1rio procurado em dois estados e evita furto a estabelecimento comercial em Patos"}]},{"@type":"WebSite","@id":"https:\/\/www.pm.pb.gov.br\/portal\/#website","url":"https:\/\/www.pm.pb.gov.br\/portal\/","name":"Pol\u00edcia Militar da Para\u00edba","description":"","publisher":{"@id":"https:\/\/www.pm.pb.gov.br\/portal\/#organization"},"potentialAction":[{"@type":"SearchAction","target":{"@type":"EntryPoint","urlTemplate":"https:\/\/www.pm.pb.gov.br\/portal\/?s={search_term_string}"},"query-input":"required name=search_term_string"}],"inLanguage":"pt-BR"},{"@type":"Organization","@id":"https:\/\/www.pm.pb.gov.br\/portal\/#organization","name":"Pol\u00edcia Militar da Para\u00edba","url":"https:\/\/www.pm.pb.gov.br\/portal\/","logo":{"@type":"ImageObject","inLanguage":"pt-BR","@id":"https:\/\/www.pm.pb.gov.br\/portal\/#\/schema\/logo\/image\/","url":"https:\/\/www.pm.pb.gov.br\/portal\/wp-content\/uploads\/2025\/03\/cropped-logo-site-mag2-1.png","contentUrl":"https:\/\/www.pm.pb.gov.br\/portal\/wp-content\/uploads\/2025\/03\/cropped-logo-site-mag2-1.png","width":320,"height":90,"caption":"Pol\u00edcia Militar da Para\u00edba"},"image":{"@id":"https:\/\/www.pm.pb.gov.br\/portal\/#\/schema\/logo\/image\/"}},{"@type":"Person","@id":"https:\/\/www.pm.pb.gov.br\/portal\/#\/schema\/person\/f84f56dcc78ce4357054da888b8247fd","name":"Tarcisio Oliveira","image":{"@type":"ImageObject","inLanguage":"pt-BR","@id":"https:\/\/www.pm.pb.gov.br\/portal\/#\/schema\/person\/image\/","url":"https:\/\/secure.gravatar.com\/avatar\/72917b630b69d31cd0297507f34bac97?s=96&d=mm&r=g","contentUrl":"https:\/\/secure.gravatar.com\/avatar\/72917b630b69d31cd0297507f34bac97?s=96&d=mm&r=g","caption":"Tarcisio Oliveira"},"url":"https:\/\/www.pm.pb.gov.br\/portal\/author\/tarcisio\/"}]}},"_links":{"self":[{"href":"https:\/\/www.pm.pb.gov.br\/portal\/wp-json\/wp\/v2\/posts\/898686"}],"collection":[{"href":"https:\/\/www.pm.pb.gov.br\/portal\/wp-json\/wp\/v2\/posts"}],"about":[{"href":"https:\/\/www.pm.pb.gov.br\/portal\/wp-json\/wp\/v2\/types\/post"}],"author":[{"embeddable":true,"href":"https:\/\/www.pm.pb.gov.br\/portal\/wp-json\/wp\/v2\/users\/12"}],"replies":[{"embeddable":true,"href":"https:\/\/www.pm.pb.gov.br\/portal\/wp-json\/wp\/v2\/comments?post=898686"}],"version-history":[{"count":1,"href":"https:\/\/www.pm.pb.gov.br\/portal\/wp-json\/wp\/v2\/posts\/898686\/revisions"}],"predecessor-version":[{"id":898687,"href":"https:\/\/www.pm.pb.gov.br\/portal\/wp-json\/wp\/v2\/posts\/898686\/revisions\/898687"}],"wp:featuredmedia":[{"embeddable":true,"href":"https:\/\/www.pm.pb.gov.br\/portal\/wp-json\/wp\/v2\/media\/895497"}],"wp:attachment":[{"href":"https:\/\/www.pm.pb.gov.br\/portal\/wp-json\/wp\/v2\/media?parent=898686"}],"wp:term":[{"taxonomy":"category","embeddable":true,"href":"https:\/\/www.pm.pb.gov.br\/portal\/wp-json\/wp\/v2\/categories?post=898686"},{"taxonomy":"post_tag","embeddable":true,"href":"https:\/\/www.pm.pb.gov.br\/portal\/wp-json\/wp\/v2\/tags?post=898686"}],"curies":[{"name":"wp","href":"https:\/\/api.w.org\/{rel}","templated":true}]}}