{"id":898676,"date":"2018-08-16T08:27:46","date_gmt":"2018-08-16T11:27:46","guid":{"rendered":"http:\/\/www.pm.pb.gov.br\/portal\/?p=898676"},"modified":"2018-08-16T08:27:46","modified_gmt":"2018-08-16T11:27:46","slug":"policia-militar-prende-suspeito-de-integrar-grupo-criminoso-responsavel-por-varios-homicidios-na-cidade-de-bayeux","status":"publish","type":"post","link":"https:\/\/www.pm.pb.gov.br\/portal\/2018\/08\/16\/policia-militar-prende-suspeito-de-integrar-grupo-criminoso-responsavel-por-varios-homicidios-na-cidade-de-bayeux\/","title":{"rendered":"Pol\u00edcia Militar prende suspeito de integrar grupo criminoso respons\u00e1vel por v\u00e1rios homic\u00eddios na cidade de Bayeux"},"content":{"rendered":"<p style=\"text-align: justify;\">\n<p style=\"text-align: justify;\">A Pol\u00edcia Militar prendeu, na tarde desta quarta-feira (15), um homem suspeito de integrar um grupo criminoso com atua\u00e7\u00e3o no tr\u00e1fico de drogas da comunidade do Baralho, na cidade de Bayeux, e que seria respons\u00e1vel direto por pelo menos cinco homic\u00eddios registrados no munic\u00edpio, em menos de um ano. O homem, que tem 28 anos, estava foragido da penitenci\u00e1ria m\u00e9dia de Mangabeira, onde cumpria pena por tr\u00e1fico no regime semiaberto, ap\u00f3s voltar da Penitenci\u00e1ria Federal de Catanduvas, no Paran\u00e1.<\/p>\n<p style=\"text-align: justify;\">A pris\u00e3o dele foi realizada na entrada da comunidade do Baralho, quando passava de moto e quase se envolvia em uma batida com um carro. Ele teria levantado a camisa e mostrado ao motorista do ve\u00edculo uma pistola que portava na cintura, avisando que se tivesse batido, ele iria mat\u00e1-lo na hora.<\/p>\n<p style=\"text-align: justify;\">De acordo com o comandante da 4\u00aa Companhia Independente, major T\u00falio Ramalho, uma guarni\u00e7\u00e3o que estava pr\u00f3xima foi acionada e conseguiu abordar o acusado rapidamente. \u201cEle j\u00e1 vinha sendo bastante procurado por chefiar esse determinado grupo criminoso que tem atua\u00e7\u00e3o no Baralho e tamb\u00e9m por ser suspeito de ter participa\u00e7\u00e3o direta em v\u00e1rios homic\u00eddios na comunidade. Os policiais de nossa companhia receberam a informa\u00e7\u00e3o dessa amea\u00e7a que ele praticou contra o motorista, foram rapidamente ao local e conseguiram abord\u00e1-lo, ainda na moto e com uma pistola de calibre restrito na cintura\u201d, disse.<\/p>\n<p style=\"text-align: justify;\">O oficial contou que a pris\u00e3o dele pode ajudar a elucidar v\u00e1rios assassinatos na cidade. \u201cA pris\u00e3o dele representa tanto a possibilidade da responsabiliza\u00e7\u00e3o de pelo menos cinco homic\u00eddios que aconteceram de dezembro at\u00e9 agora, como a preven\u00e7\u00e3o de novos casos. Al\u00e9m disso, a perman\u00eancia dele preso \u00e9 importante para a tranquilidade dos moradores da comunidade, pois ele vinha liderando um determinado grupo criminoso que tem atua\u00e7\u00e3o no tr\u00e1fico de drogas no Baralho e em outros pontos da cidade\u201d, contou.<\/p>\n<p style=\"text-align: justify;\">O homem foi levado para a 5\u00aa Delegacia Distrital, em Bayeux, e depois deve ser encaminhado para a Central de Pol\u00edcia Civil, em Jo\u00e3o Pessoa, onde aguardar\u00e1 a audi\u00eancia de cust\u00f3dia.<\/p>\n","protected":false},"excerpt":{"rendered":"<p>A Pol\u00edcia Militar prendeu, na tarde desta quarta-feira (15), um homem suspeito de integrar um grupo criminoso com atua\u00e7\u00e3o no<\/p>\n","protected":false},"author":15,"featured_media":898677,"comment_status":"closed","ping_status":"closed","sticky":false,"template":"","format":"standard","meta":{"_exactmetrics_skip_tracking":false,"_exactmetrics_sitenote_active":false,"_exactmetrics_sitenote_note":"","_exactmetrics_sitenote_category":0,"footnotes":""},"categories":[4],"tags":[],"yoast_head":"<!-- This site is optimized with the Yoast SEO plugin v22.0 - https:\/\/yoast.com\/wordpress\/plugins\/seo\/ -->\n<title>Pol\u00edcia Militar prende suspeito de integrar grupo criminoso respons\u00e1vel por v\u00e1rios homic\u00eddios na cidade de Bayeux - Pol\u00edcia Militar da Para\u00edba<\/title>\n<meta name=\"robots\" content=\"index, follow, max-snippet:-1, max-image-preview:large, max-video-preview:-1\" \/>\n<link rel=\"canonical\" href=\"https:\/\/www.pm.pb.gov.br\/portal\/2018\/08\/16\/policia-militar-prende-suspeito-de-integrar-grupo-criminoso-responsavel-por-varios-homicidios-na-cidade-de-bayeux\/\" \/>\n<meta property=\"og:locale\" content=\"pt_BR\" \/>\n<meta property=\"og:type\" content=\"article\" \/>\n<meta property=\"og:title\" content=\"Pol\u00edcia Militar prende suspeito de integrar grupo criminoso respons\u00e1vel por v\u00e1rios homic\u00eddios na cidade de Bayeux - Pol\u00edcia Militar da Para\u00edba\" \/>\n<meta property=\"og:description\" content=\"A Pol\u00edcia Militar prendeu, na tarde desta quarta-feira (15), um homem suspeito de integrar um grupo criminoso com atua\u00e7\u00e3o no\" \/>\n<meta property=\"og:url\" content=\"https:\/\/www.pm.pb.gov.br\/portal\/2018\/08\/16\/policia-militar-prende-suspeito-de-integrar-grupo-criminoso-responsavel-por-varios-homicidios-na-cidade-de-bayeux\/\" \/>\n<meta property=\"og:site_name\" content=\"Pol\u00edcia Militar da Para\u00edba\" \/>\n<meta property=\"article:published_time\" content=\"2018-08-16T11:27:46+00:00\" \/>\n<meta property=\"og:image\" content=\"https:\/\/www.pm.pb.gov.br\/portal\/wp-content\/uploads\/2018\/08\/policia-prende-integrante-de-grupo-criminoso.jpg\" \/>\n\t<meta property=\"og:image:width\" content=\"1600\" \/>\n\t<meta property=\"og:image:height\" content=\"1200\" \/>\n\t<meta property=\"og:image:type\" content=\"image\/jpeg\" \/>\n<meta name=\"author\" content=\"Marcio Gomes dos Santos\" \/>\n<meta name=\"twitter:card\" content=\"summary_large_image\" \/>\n<meta name=\"twitter:label1\" content=\"Escrito por\" \/>\n\t<meta name=\"twitter:data1\" content=\"Marcio Gomes dos Santos\" \/>\n\t<meta name=\"twitter:label2\" content=\"Est. tempo de leitura\" \/>\n\t<meta name=\"twitter:data2\" content=\"2 minutos\" \/>\n<script type=\"application\/ld+json\" class=\"yoast-schema-graph\">{\"@context\":\"https:\/\/schema.org\",\"@graph\":[{\"@type\":\"Article\",\"@id\":\"https:\/\/www.pm.pb.gov.br\/portal\/2018\/08\/16\/policia-militar-prende-suspeito-de-integrar-grupo-criminoso-responsavel-por-varios-homicidios-na-cidade-de-bayeux\/#article\",\"isPartOf\":{\"@id\":\"https:\/\/www.pm.pb.gov.br\/portal\/2018\/08\/16\/policia-militar-prende-suspeito-de-integrar-grupo-criminoso-responsavel-por-varios-homicidios-na-cidade-de-bayeux\/\"},\"author\":{\"name\":\"Marcio Gomes dos Santos\",\"@id\":\"https:\/\/www.pm.pb.gov.br\/portal\/#\/schema\/person\/30d571652b38533c2211e4e89bf5a502\"},\"headline\":\"Pol\u00edcia Militar prende suspeito de integrar grupo criminoso respons\u00e1vel por v\u00e1rios homic\u00eddios na cidade de Bayeux\",\"datePublished\":\"2018-08-16T11:27:46+00:00\",\"dateModified\":\"2018-08-16T11:27:46+00:00\",\"mainEntityOfPage\":{\"@id\":\"https:\/\/www.pm.pb.gov.br\/portal\/2018\/08\/16\/policia-militar-prende-suspeito-de-integrar-grupo-criminoso-responsavel-por-varios-homicidios-na-cidade-de-bayeux\/\"},\"wordCount\":388,\"publisher\":{\"@id\":\"https:\/\/www.pm.pb.gov.br\/portal\/#organization\"},\"articleSection\":[\"A\u00e7\u00f5es Policiais\"],\"inLanguage\":\"pt-BR\"},{\"@type\":\"WebPage\",\"@id\":\"https:\/\/www.pm.pb.gov.br\/portal\/2018\/08\/16\/policia-militar-prende-suspeito-de-integrar-grupo-criminoso-responsavel-por-varios-homicidios-na-cidade-de-bayeux\/\",\"url\":\"https:\/\/www.pm.pb.gov.br\/portal\/2018\/08\/16\/policia-militar-prende-suspeito-de-integrar-grupo-criminoso-responsavel-por-varios-homicidios-na-cidade-de-bayeux\/\",\"name\":\"Pol\u00edcia Militar prende suspeito de integrar grupo criminoso respons\u00e1vel por v\u00e1rios homic\u00eddios na cidade de Bayeux - Pol\u00edcia Militar da Para\u00edba\",\"isPartOf\":{\"@id\":\"https:\/\/www.pm.pb.gov.br\/portal\/#website\"},\"datePublished\":\"2018-08-16T11:27:46+00:00\",\"dateModified\":\"2018-08-16T11:27:46+00:00\",\"breadcrumb\":{\"@id\":\"https:\/\/www.pm.pb.gov.br\/portal\/2018\/08\/16\/policia-militar-prende-suspeito-de-integrar-grupo-criminoso-responsavel-por-varios-homicidios-na-cidade-de-bayeux\/#breadcrumb\"},\"inLanguage\":\"pt-BR\",\"potentialAction\":[{\"@type\":\"ReadAction\",\"target\":[\"https:\/\/www.pm.pb.gov.br\/portal\/2018\/08\/16\/policia-militar-prende-suspeito-de-integrar-grupo-criminoso-responsavel-por-varios-homicidios-na-cidade-de-bayeux\/\"]}]},{\"@type\":\"BreadcrumbList\",\"@id\":\"https:\/\/www.pm.pb.gov.br\/portal\/2018\/08\/16\/policia-militar-prende-suspeito-de-integrar-grupo-criminoso-responsavel-por-varios-homicidios-na-cidade-de-bayeux\/#breadcrumb\",\"itemListElement\":[{\"@type\":\"ListItem\",\"position\":1,\"name\":\"In\u00edcio\",\"item\":\"https:\/\/www.pm.pb.gov.br\/portal\/\"},{\"@type\":\"ListItem\",\"position\":2,\"name\":\"Pol\u00edcia Militar prende suspeito de integrar grupo criminoso respons\u00e1vel por v\u00e1rios homic\u00eddios na cidade de Bayeux\"}]},{\"@type\":\"WebSite\",\"@id\":\"https:\/\/www.pm.pb.gov.br\/portal\/#website\",\"url\":\"https:\/\/www.pm.pb.gov.br\/portal\/\",\"name\":\"Pol\u00edcia Militar da Para\u00edba\",\"description\":\"\",\"publisher\":{\"@id\":\"https:\/\/www.pm.pb.gov.br\/portal\/#organization\"},\"potentialAction\":[{\"@type\":\"SearchAction\",\"target\":{\"@type\":\"EntryPoint\",\"urlTemplate\":\"https:\/\/www.pm.pb.gov.br\/portal\/?s={search_term_string}\"},\"query-input\":\"required name=search_term_string\"}],\"inLanguage\":\"pt-BR\"},{\"@type\":\"Organization\",\"@id\":\"https:\/\/www.pm.pb.gov.br\/portal\/#organization\",\"name\":\"Pol\u00edcia Militar da Para\u00edba\",\"url\":\"https:\/\/www.pm.pb.gov.br\/portal\/\",\"logo\":{\"@type\":\"ImageObject\",\"inLanguage\":\"pt-BR\",\"@id\":\"https:\/\/www.pm.pb.gov.br\/portal\/#\/schema\/logo\/image\/\",\"url\":\"https:\/\/www.pm.pb.gov.br\/portal\/wp-content\/uploads\/2025\/03\/cropped-logo-site-mag2-1.png\",\"contentUrl\":\"https:\/\/www.pm.pb.gov.br\/portal\/wp-content\/uploads\/2025\/03\/cropped-logo-site-mag2-1.png\",\"width\":320,\"height\":90,\"caption\":\"Pol\u00edcia Militar da Para\u00edba\"},\"image\":{\"@id\":\"https:\/\/www.pm.pb.gov.br\/portal\/#\/schema\/logo\/image\/\"}},{\"@type\":\"Person\",\"@id\":\"https:\/\/www.pm.pb.gov.br\/portal\/#\/schema\/person\/30d571652b38533c2211e4e89bf5a502\",\"name\":\"Marcio Gomes dos Santos\",\"image\":{\"@type\":\"ImageObject\",\"inLanguage\":\"pt-BR\",\"@id\":\"https:\/\/www.pm.pb.gov.br\/portal\/#\/schema\/person\/image\/\",\"url\":\"https:\/\/secure.gravatar.com\/avatar\/cf4ec2cb690101e1581c7773aa350c19?s=96&d=mm&r=g\",\"contentUrl\":\"https:\/\/secure.gravatar.com\/avatar\/cf4ec2cb690101e1581c7773aa350c19?s=96&d=mm&r=g\",\"caption\":\"Marcio Gomes dos Santos\"},\"url\":\"https:\/\/www.pm.pb.gov.br\/portal\/author\/mgomes\/\"}]}<\/script>\n<!-- \/ Yoast SEO plugin. -->","yoast_head_json":{"title":"Pol\u00edcia Militar prende suspeito de integrar grupo criminoso respons\u00e1vel por v\u00e1rios homic\u00eddios na cidade de Bayeux - Pol\u00edcia Militar da Para\u00edba","robots":{"index":"index","follow":"follow","max-snippet":"max-snippet:-1","max-image-preview":"max-image-preview:large","max-video-preview":"max-video-preview:-1"},"canonical":"https:\/\/www.pm.pb.gov.br\/portal\/2018\/08\/16\/policia-militar-prende-suspeito-de-integrar-grupo-criminoso-responsavel-por-varios-homicidios-na-cidade-de-bayeux\/","og_locale":"pt_BR","og_type":"article","og_title":"Pol\u00edcia Militar prende suspeito de integrar grupo criminoso respons\u00e1vel por v\u00e1rios homic\u00eddios na cidade de Bayeux - Pol\u00edcia Militar da Para\u00edba","og_description":"A Pol\u00edcia Militar prendeu, na tarde desta quarta-feira (15), um homem suspeito de integrar um grupo criminoso com atua\u00e7\u00e3o no","og_url":"https:\/\/www.pm.pb.gov.br\/portal\/2018\/08\/16\/policia-militar-prende-suspeito-de-integrar-grupo-criminoso-responsavel-por-varios-homicidios-na-cidade-de-bayeux\/","og_site_name":"Pol\u00edcia Militar da Para\u00edba","article_published_time":"2018-08-16T11:27:46+00:00","og_image":[{"width":1600,"height":1200,"url":"https:\/\/www.pm.pb.gov.br\/portal\/wp-content\/uploads\/2018\/08\/policia-prende-integrante-de-grupo-criminoso.jpg","type":"image\/jpeg"}],"author":"Marcio Gomes dos Santos","twitter_card":"summary_large_image","twitter_misc":{"Escrito por":"Marcio Gomes dos Santos","Est. tempo de leitura":"2 minutos"},"schema":{"@context":"https:\/\/schema.org","@graph":[{"@type":"Article","@id":"https:\/\/www.pm.pb.gov.br\/portal\/2018\/08\/16\/policia-militar-prende-suspeito-de-integrar-grupo-criminoso-responsavel-por-varios-homicidios-na-cidade-de-bayeux\/#article","isPartOf":{"@id":"https:\/\/www.pm.pb.gov.br\/portal\/2018\/08\/16\/policia-militar-prende-suspeito-de-integrar-grupo-criminoso-responsavel-por-varios-homicidios-na-cidade-de-bayeux\/"},"author":{"name":"Marcio Gomes dos Santos","@id":"https:\/\/www.pm.pb.gov.br\/portal\/#\/schema\/person\/30d571652b38533c2211e4e89bf5a502"},"headline":"Pol\u00edcia Militar prende suspeito de integrar grupo criminoso respons\u00e1vel por v\u00e1rios homic\u00eddios na cidade de Bayeux","datePublished":"2018-08-16T11:27:46+00:00","dateModified":"2018-08-16T11:27:46+00:00","mainEntityOfPage":{"@id":"https:\/\/www.pm.pb.gov.br\/portal\/2018\/08\/16\/policia-militar-prende-suspeito-de-integrar-grupo-criminoso-responsavel-por-varios-homicidios-na-cidade-de-bayeux\/"},"wordCount":388,"publisher":{"@id":"https:\/\/www.pm.pb.gov.br\/portal\/#organization"},"articleSection":["A\u00e7\u00f5es Policiais"],"inLanguage":"pt-BR"},{"@type":"WebPage","@id":"https:\/\/www.pm.pb.gov.br\/portal\/2018\/08\/16\/policia-militar-prende-suspeito-de-integrar-grupo-criminoso-responsavel-por-varios-homicidios-na-cidade-de-bayeux\/","url":"https:\/\/www.pm.pb.gov.br\/portal\/2018\/08\/16\/policia-militar-prende-suspeito-de-integrar-grupo-criminoso-responsavel-por-varios-homicidios-na-cidade-de-bayeux\/","name":"Pol\u00edcia Militar prende suspeito de integrar grupo criminoso respons\u00e1vel por v\u00e1rios homic\u00eddios na cidade de Bayeux - Pol\u00edcia Militar da Para\u00edba","isPartOf":{"@id":"https:\/\/www.pm.pb.gov.br\/portal\/#website"},"datePublished":"2018-08-16T11:27:46+00:00","dateModified":"2018-08-16T11:27:46+00:00","breadcrumb":{"@id":"https:\/\/www.pm.pb.gov.br\/portal\/2018\/08\/16\/policia-militar-prende-suspeito-de-integrar-grupo-criminoso-responsavel-por-varios-homicidios-na-cidade-de-bayeux\/#breadcrumb"},"inLanguage":"pt-BR","potentialAction":[{"@type":"ReadAction","target":["https:\/\/www.pm.pb.gov.br\/portal\/2018\/08\/16\/policia-militar-prende-suspeito-de-integrar-grupo-criminoso-responsavel-por-varios-homicidios-na-cidade-de-bayeux\/"]}]},{"@type":"BreadcrumbList","@id":"https:\/\/www.pm.pb.gov.br\/portal\/2018\/08\/16\/policia-militar-prende-suspeito-de-integrar-grupo-criminoso-responsavel-por-varios-homicidios-na-cidade-de-bayeux\/#breadcrumb","itemListElement":[{"@type":"ListItem","position":1,"name":"In\u00edcio","item":"https:\/\/www.pm.pb.gov.br\/portal\/"},{"@type":"ListItem","position":2,"name":"Pol\u00edcia Militar prende suspeito de integrar grupo criminoso respons\u00e1vel por v\u00e1rios homic\u00eddios na cidade de Bayeux"}]},{"@type":"WebSite","@id":"https:\/\/www.pm.pb.gov.br\/portal\/#website","url":"https:\/\/www.pm.pb.gov.br\/portal\/","name":"Pol\u00edcia Militar da Para\u00edba","description":"","publisher":{"@id":"https:\/\/www.pm.pb.gov.br\/portal\/#organization"},"potentialAction":[{"@type":"SearchAction","target":{"@type":"EntryPoint","urlTemplate":"https:\/\/www.pm.pb.gov.br\/portal\/?s={search_term_string}"},"query-input":"required name=search_term_string"}],"inLanguage":"pt-BR"},{"@type":"Organization","@id":"https:\/\/www.pm.pb.gov.br\/portal\/#organization","name":"Pol\u00edcia Militar da Para\u00edba","url":"https:\/\/www.pm.pb.gov.br\/portal\/","logo":{"@type":"ImageObject","inLanguage":"pt-BR","@id":"https:\/\/www.pm.pb.gov.br\/portal\/#\/schema\/logo\/image\/","url":"https:\/\/www.pm.pb.gov.br\/portal\/wp-content\/uploads\/2025\/03\/cropped-logo-site-mag2-1.png","contentUrl":"https:\/\/www.pm.pb.gov.br\/portal\/wp-content\/uploads\/2025\/03\/cropped-logo-site-mag2-1.png","width":320,"height":90,"caption":"Pol\u00edcia Militar da Para\u00edba"},"image":{"@id":"https:\/\/www.pm.pb.gov.br\/portal\/#\/schema\/logo\/image\/"}},{"@type":"Person","@id":"https:\/\/www.pm.pb.gov.br\/portal\/#\/schema\/person\/30d571652b38533c2211e4e89bf5a502","name":"Marcio Gomes dos Santos","image":{"@type":"ImageObject","inLanguage":"pt-BR","@id":"https:\/\/www.pm.pb.gov.br\/portal\/#\/schema\/person\/image\/","url":"https:\/\/secure.gravatar.com\/avatar\/cf4ec2cb690101e1581c7773aa350c19?s=96&d=mm&r=g","contentUrl":"https:\/\/secure.gravatar.com\/avatar\/cf4ec2cb690101e1581c7773aa350c19?s=96&d=mm&r=g","caption":"Marcio Gomes dos Santos"},"url":"https:\/\/www.pm.pb.gov.br\/portal\/author\/mgomes\/"}]}},"_links":{"self":[{"href":"https:\/\/www.pm.pb.gov.br\/portal\/wp-json\/wp\/v2\/posts\/898676"}],"collection":[{"href":"https:\/\/www.pm.pb.gov.br\/portal\/wp-json\/wp\/v2\/posts"}],"about":[{"href":"https:\/\/www.pm.pb.gov.br\/portal\/wp-json\/wp\/v2\/types\/post"}],"author":[{"embeddable":true,"href":"https:\/\/www.pm.pb.gov.br\/portal\/wp-json\/wp\/v2\/users\/15"}],"replies":[{"embeddable":true,"href":"https:\/\/www.pm.pb.gov.br\/portal\/wp-json\/wp\/v2\/comments?post=898676"}],"version-history":[{"count":1,"href":"https:\/\/www.pm.pb.gov.br\/portal\/wp-json\/wp\/v2\/posts\/898676\/revisions"}],"predecessor-version":[{"id":898678,"href":"https:\/\/www.pm.pb.gov.br\/portal\/wp-json\/wp\/v2\/posts\/898676\/revisions\/898678"}],"wp:featuredmedia":[{"embeddable":true,"href":"https:\/\/www.pm.pb.gov.br\/portal\/wp-json\/wp\/v2\/media\/898677"}],"wp:attachment":[{"href":"https:\/\/www.pm.pb.gov.br\/portal\/wp-json\/wp\/v2\/media?parent=898676"}],"wp:term":[{"taxonomy":"category","embeddable":true,"href":"https:\/\/www.pm.pb.gov.br\/portal\/wp-json\/wp\/v2\/categories?post=898676"},{"taxonomy":"post_tag","embeddable":true,"href":"https:\/\/www.pm.pb.gov.br\/portal\/wp-json\/wp\/v2\/tags?post=898676"}],"curies":[{"name":"wp","href":"https:\/\/api.w.org\/{rel}","templated":true}]}}