{"id":898655,"date":"2018-08-13T18:35:00","date_gmt":"2018-08-13T21:35:00","guid":{"rendered":"http:\/\/www.pm.pb.gov.br\/portal\/?p=898655"},"modified":"2018-08-13T18:35:00","modified_gmt":"2018-08-13T21:35:00","slug":"policia-militar-prende-mais-um-suspeito-de-integrar-grupo-criminoso-com-atuacao-na-capital","status":"publish","type":"post","link":"https:\/\/www.pm.pb.gov.br\/portal\/2018\/08\/13\/policia-militar-prende-mais-um-suspeito-de-integrar-grupo-criminoso-com-atuacao-na-capital\/","title":{"rendered":"Pol\u00edcia Militar prende mais um suspeito de integrar grupo criminoso com atua\u00e7\u00e3o na Capital"},"content":{"rendered":"<p style=\"text-align: justify;\">A Pol\u00edcia Militar prendeu, na tarde desta segunda-feira (13), um rapaz de 21 anos suspeito de ser integrante de um grupo criminoso que atua na comunidade do Aratu, no bairro de Mangabeira VIII, Zona Sul da Capital. Ele estava com um mandado de pris\u00e3o em aberto por homic\u00eddio e responde a tr\u00eas processos pelo mesmo tipo de crime, no 1\u00ba Tribunal do Juri de Jo\u00e3o Pessoa e na Vara de Pilar.<\/p>\n<p style=\"text-align: justify;\">A pris\u00e3o \u00e9 resultante das opera\u00e7\u00f5es que est\u00e3o sendo realizadas pela PM, que em reuni\u00e3o de planejamento realizada na manh\u00e3 desta segunda-feira estabeleceu algumas localidades onde o policiamento deve ser intensificado nos pr\u00f3ximos dias.<\/p>\n<p style=\"text-align: justify;\">A pris\u00e3o do rapaz aconteceu 24h depois da Pol\u00edcia Militar prender um suspeito de 39 anos, que h\u00e1 4 anos estava foragido do sistema prisional e era considerado um dos l\u00edderes de um grupo criminoso que atua na Zona Sul da Capital, com envolvimento no tr\u00e1fico de drogas e em homic\u00eddios. A pris\u00e3o dele aconteceu no bairro dos Funcion\u00e1rios II, na tarde desse domingo (12).<\/p>\n<p style=\"text-align: justify;\">Ao todo, o fim de semana terminou com 113 pessoas conduzidas at\u00e9 as delegacias e 19 armas apreendidas. Dos suspeitos detidos, 41 estavam envolvidos em ocorr\u00eancias de perturba\u00e7\u00e3o, praticando desordens.<\/p>\n","protected":false},"excerpt":{"rendered":"<p>A Pol\u00edcia Militar prendeu, na tarde desta segunda-feira (13), um rapaz de 21 anos suspeito de ser integrante de um<\/p>\n","protected":false},"author":12,"featured_media":895497,"comment_status":"closed","ping_status":"closed","sticky":false,"template":"","format":"standard","meta":{"_exactmetrics_skip_tracking":false,"_exactmetrics_sitenote_active":false,"_exactmetrics_sitenote_note":"","_exactmetrics_sitenote_category":0,"footnotes":""},"categories":[4],"tags":[],"yoast_head":"<!-- This site is optimized with the Yoast SEO plugin v22.0 - https:\/\/yoast.com\/wordpress\/plugins\/seo\/ -->\n<title>Pol\u00edcia Militar prende mais um suspeito de integrar grupo criminoso com atua\u00e7\u00e3o na Capital - Pol\u00edcia Militar da Para\u00edba<\/title>\n<meta name=\"robots\" content=\"index, follow, max-snippet:-1, max-image-preview:large, max-video-preview:-1\" \/>\n<link rel=\"canonical\" href=\"https:\/\/www.pm.pb.gov.br\/portal\/2018\/08\/13\/policia-militar-prende-mais-um-suspeito-de-integrar-grupo-criminoso-com-atuacao-na-capital\/\" \/>\n<meta property=\"og:locale\" content=\"pt_BR\" \/>\n<meta property=\"og:type\" content=\"article\" \/>\n<meta property=\"og:title\" content=\"Pol\u00edcia Militar prende mais um suspeito de integrar grupo criminoso com atua\u00e7\u00e3o na Capital - Pol\u00edcia Militar da Para\u00edba\" \/>\n<meta property=\"og:description\" content=\"A Pol\u00edcia Militar prendeu, na tarde desta segunda-feira (13), um rapaz de 21 anos suspeito de ser integrante de um\" \/>\n<meta property=\"og:url\" content=\"https:\/\/www.pm.pb.gov.br\/portal\/2018\/08\/13\/policia-militar-prende-mais-um-suspeito-de-integrar-grupo-criminoso-com-atuacao-na-capital\/\" \/>\n<meta property=\"og:site_name\" content=\"Pol\u00edcia Militar da Para\u00edba\" \/>\n<meta property=\"article:published_time\" content=\"2018-08-13T21:35:00+00:00\" \/>\n<meta property=\"og:image\" content=\"https:\/\/www.pm.pb.gov.br\/portal\/wp-content\/uploads\/2017\/09\/imagem-ilustrativa1.jpg\" \/>\n\t<meta property=\"og:image:width\" content=\"800\" \/>\n\t<meta property=\"og:image:height\" content=\"445\" \/>\n\t<meta property=\"og:image:type\" content=\"image\/jpeg\" \/>\n<meta name=\"author\" content=\"Tarcisio Oliveira\" \/>\n<meta name=\"twitter:card\" content=\"summary_large_image\" \/>\n<meta name=\"twitter:label1\" content=\"Escrito por\" \/>\n\t<meta name=\"twitter:data1\" content=\"Tarcisio Oliveira\" \/>\n\t<meta name=\"twitter:label2\" content=\"Est. tempo de leitura\" \/>\n\t<meta name=\"twitter:data2\" content=\"1 minuto\" \/>\n<script type=\"application\/ld+json\" class=\"yoast-schema-graph\">{\"@context\":\"https:\/\/schema.org\",\"@graph\":[{\"@type\":\"Article\",\"@id\":\"https:\/\/www.pm.pb.gov.br\/portal\/2018\/08\/13\/policia-militar-prende-mais-um-suspeito-de-integrar-grupo-criminoso-com-atuacao-na-capital\/#article\",\"isPartOf\":{\"@id\":\"https:\/\/www.pm.pb.gov.br\/portal\/2018\/08\/13\/policia-militar-prende-mais-um-suspeito-de-integrar-grupo-criminoso-com-atuacao-na-capital\/\"},\"author\":{\"name\":\"Tarcisio Oliveira\",\"@id\":\"https:\/\/www.pm.pb.gov.br\/portal\/#\/schema\/person\/f84f56dcc78ce4357054da888b8247fd\"},\"headline\":\"Pol\u00edcia Militar prende mais um suspeito de integrar grupo criminoso com atua\u00e7\u00e3o na Capital\",\"datePublished\":\"2018-08-13T21:35:00+00:00\",\"dateModified\":\"2018-08-13T21:35:00+00:00\",\"mainEntityOfPage\":{\"@id\":\"https:\/\/www.pm.pb.gov.br\/portal\/2018\/08\/13\/policia-militar-prende-mais-um-suspeito-de-integrar-grupo-criminoso-com-atuacao-na-capital\/\"},\"wordCount\":225,\"publisher\":{\"@id\":\"https:\/\/www.pm.pb.gov.br\/portal\/#organization\"},\"articleSection\":[\"A\u00e7\u00f5es Policiais\"],\"inLanguage\":\"pt-BR\"},{\"@type\":\"WebPage\",\"@id\":\"https:\/\/www.pm.pb.gov.br\/portal\/2018\/08\/13\/policia-militar-prende-mais-um-suspeito-de-integrar-grupo-criminoso-com-atuacao-na-capital\/\",\"url\":\"https:\/\/www.pm.pb.gov.br\/portal\/2018\/08\/13\/policia-militar-prende-mais-um-suspeito-de-integrar-grupo-criminoso-com-atuacao-na-capital\/\",\"name\":\"Pol\u00edcia Militar prende mais um suspeito de integrar grupo criminoso com atua\u00e7\u00e3o na Capital - Pol\u00edcia Militar da Para\u00edba\",\"isPartOf\":{\"@id\":\"https:\/\/www.pm.pb.gov.br\/portal\/#website\"},\"datePublished\":\"2018-08-13T21:35:00+00:00\",\"dateModified\":\"2018-08-13T21:35:00+00:00\",\"breadcrumb\":{\"@id\":\"https:\/\/www.pm.pb.gov.br\/portal\/2018\/08\/13\/policia-militar-prende-mais-um-suspeito-de-integrar-grupo-criminoso-com-atuacao-na-capital\/#breadcrumb\"},\"inLanguage\":\"pt-BR\",\"potentialAction\":[{\"@type\":\"ReadAction\",\"target\":[\"https:\/\/www.pm.pb.gov.br\/portal\/2018\/08\/13\/policia-militar-prende-mais-um-suspeito-de-integrar-grupo-criminoso-com-atuacao-na-capital\/\"]}]},{\"@type\":\"BreadcrumbList\",\"@id\":\"https:\/\/www.pm.pb.gov.br\/portal\/2018\/08\/13\/policia-militar-prende-mais-um-suspeito-de-integrar-grupo-criminoso-com-atuacao-na-capital\/#breadcrumb\",\"itemListElement\":[{\"@type\":\"ListItem\",\"position\":1,\"name\":\"In\u00edcio\",\"item\":\"https:\/\/www.pm.pb.gov.br\/portal\/\"},{\"@type\":\"ListItem\",\"position\":2,\"name\":\"Pol\u00edcia Militar prende mais um suspeito de integrar grupo criminoso com atua\u00e7\u00e3o na Capital\"}]},{\"@type\":\"WebSite\",\"@id\":\"https:\/\/www.pm.pb.gov.br\/portal\/#website\",\"url\":\"https:\/\/www.pm.pb.gov.br\/portal\/\",\"name\":\"Pol\u00edcia Militar da Para\u00edba\",\"description\":\"\",\"publisher\":{\"@id\":\"https:\/\/www.pm.pb.gov.br\/portal\/#organization\"},\"potentialAction\":[{\"@type\":\"SearchAction\",\"target\":{\"@type\":\"EntryPoint\",\"urlTemplate\":\"https:\/\/www.pm.pb.gov.br\/portal\/?s={search_term_string}\"},\"query-input\":\"required name=search_term_string\"}],\"inLanguage\":\"pt-BR\"},{\"@type\":\"Organization\",\"@id\":\"https:\/\/www.pm.pb.gov.br\/portal\/#organization\",\"name\":\"Pol\u00edcia Militar da Para\u00edba\",\"url\":\"https:\/\/www.pm.pb.gov.br\/portal\/\",\"logo\":{\"@type\":\"ImageObject\",\"inLanguage\":\"pt-BR\",\"@id\":\"https:\/\/www.pm.pb.gov.br\/portal\/#\/schema\/logo\/image\/\",\"url\":\"https:\/\/www.pm.pb.gov.br\/portal\/wp-content\/uploads\/2025\/03\/cropped-logo-site-mag2-1.png\",\"contentUrl\":\"https:\/\/www.pm.pb.gov.br\/portal\/wp-content\/uploads\/2025\/03\/cropped-logo-site-mag2-1.png\",\"width\":320,\"height\":90,\"caption\":\"Pol\u00edcia Militar da Para\u00edba\"},\"image\":{\"@id\":\"https:\/\/www.pm.pb.gov.br\/portal\/#\/schema\/logo\/image\/\"}},{\"@type\":\"Person\",\"@id\":\"https:\/\/www.pm.pb.gov.br\/portal\/#\/schema\/person\/f84f56dcc78ce4357054da888b8247fd\",\"name\":\"Tarcisio Oliveira\",\"image\":{\"@type\":\"ImageObject\",\"inLanguage\":\"pt-BR\",\"@id\":\"https:\/\/www.pm.pb.gov.br\/portal\/#\/schema\/person\/image\/\",\"url\":\"https:\/\/secure.gravatar.com\/avatar\/72917b630b69d31cd0297507f34bac97?s=96&d=mm&r=g\",\"contentUrl\":\"https:\/\/secure.gravatar.com\/avatar\/72917b630b69d31cd0297507f34bac97?s=96&d=mm&r=g\",\"caption\":\"Tarcisio Oliveira\"},\"url\":\"https:\/\/www.pm.pb.gov.br\/portal\/author\/tarcisio\/\"}]}<\/script>\n<!-- \/ Yoast SEO plugin. -->","yoast_head_json":{"title":"Pol\u00edcia Militar prende mais um suspeito de integrar grupo criminoso com atua\u00e7\u00e3o na Capital - Pol\u00edcia Militar da Para\u00edba","robots":{"index":"index","follow":"follow","max-snippet":"max-snippet:-1","max-image-preview":"max-image-preview:large","max-video-preview":"max-video-preview:-1"},"canonical":"https:\/\/www.pm.pb.gov.br\/portal\/2018\/08\/13\/policia-militar-prende-mais-um-suspeito-de-integrar-grupo-criminoso-com-atuacao-na-capital\/","og_locale":"pt_BR","og_type":"article","og_title":"Pol\u00edcia Militar prende mais um suspeito de integrar grupo criminoso com atua\u00e7\u00e3o na Capital - Pol\u00edcia Militar da Para\u00edba","og_description":"A Pol\u00edcia Militar prendeu, na tarde desta segunda-feira (13), um rapaz de 21 anos suspeito de ser integrante de um","og_url":"https:\/\/www.pm.pb.gov.br\/portal\/2018\/08\/13\/policia-militar-prende-mais-um-suspeito-de-integrar-grupo-criminoso-com-atuacao-na-capital\/","og_site_name":"Pol\u00edcia Militar da Para\u00edba","article_published_time":"2018-08-13T21:35:00+00:00","og_image":[{"width":800,"height":445,"url":"https:\/\/www.pm.pb.gov.br\/portal\/wp-content\/uploads\/2017\/09\/imagem-ilustrativa1.jpg","type":"image\/jpeg"}],"author":"Tarcisio Oliveira","twitter_card":"summary_large_image","twitter_misc":{"Escrito por":"Tarcisio Oliveira","Est. tempo de leitura":"1 minuto"},"schema":{"@context":"https:\/\/schema.org","@graph":[{"@type":"Article","@id":"https:\/\/www.pm.pb.gov.br\/portal\/2018\/08\/13\/policia-militar-prende-mais-um-suspeito-de-integrar-grupo-criminoso-com-atuacao-na-capital\/#article","isPartOf":{"@id":"https:\/\/www.pm.pb.gov.br\/portal\/2018\/08\/13\/policia-militar-prende-mais-um-suspeito-de-integrar-grupo-criminoso-com-atuacao-na-capital\/"},"author":{"name":"Tarcisio Oliveira","@id":"https:\/\/www.pm.pb.gov.br\/portal\/#\/schema\/person\/f84f56dcc78ce4357054da888b8247fd"},"headline":"Pol\u00edcia Militar prende mais um suspeito de integrar grupo criminoso com atua\u00e7\u00e3o na Capital","datePublished":"2018-08-13T21:35:00+00:00","dateModified":"2018-08-13T21:35:00+00:00","mainEntityOfPage":{"@id":"https:\/\/www.pm.pb.gov.br\/portal\/2018\/08\/13\/policia-militar-prende-mais-um-suspeito-de-integrar-grupo-criminoso-com-atuacao-na-capital\/"},"wordCount":225,"publisher":{"@id":"https:\/\/www.pm.pb.gov.br\/portal\/#organization"},"articleSection":["A\u00e7\u00f5es Policiais"],"inLanguage":"pt-BR"},{"@type":"WebPage","@id":"https:\/\/www.pm.pb.gov.br\/portal\/2018\/08\/13\/policia-militar-prende-mais-um-suspeito-de-integrar-grupo-criminoso-com-atuacao-na-capital\/","url":"https:\/\/www.pm.pb.gov.br\/portal\/2018\/08\/13\/policia-militar-prende-mais-um-suspeito-de-integrar-grupo-criminoso-com-atuacao-na-capital\/","name":"Pol\u00edcia Militar prende mais um suspeito de integrar grupo criminoso com atua\u00e7\u00e3o na Capital - Pol\u00edcia Militar da Para\u00edba","isPartOf":{"@id":"https:\/\/www.pm.pb.gov.br\/portal\/#website"},"datePublished":"2018-08-13T21:35:00+00:00","dateModified":"2018-08-13T21:35:00+00:00","breadcrumb":{"@id":"https:\/\/www.pm.pb.gov.br\/portal\/2018\/08\/13\/policia-militar-prende-mais-um-suspeito-de-integrar-grupo-criminoso-com-atuacao-na-capital\/#breadcrumb"},"inLanguage":"pt-BR","potentialAction":[{"@type":"ReadAction","target":["https:\/\/www.pm.pb.gov.br\/portal\/2018\/08\/13\/policia-militar-prende-mais-um-suspeito-de-integrar-grupo-criminoso-com-atuacao-na-capital\/"]}]},{"@type":"BreadcrumbList","@id":"https:\/\/www.pm.pb.gov.br\/portal\/2018\/08\/13\/policia-militar-prende-mais-um-suspeito-de-integrar-grupo-criminoso-com-atuacao-na-capital\/#breadcrumb","itemListElement":[{"@type":"ListItem","position":1,"name":"In\u00edcio","item":"https:\/\/www.pm.pb.gov.br\/portal\/"},{"@type":"ListItem","position":2,"name":"Pol\u00edcia Militar prende mais um suspeito de integrar grupo criminoso com atua\u00e7\u00e3o na Capital"}]},{"@type":"WebSite","@id":"https:\/\/www.pm.pb.gov.br\/portal\/#website","url":"https:\/\/www.pm.pb.gov.br\/portal\/","name":"Pol\u00edcia Militar da Para\u00edba","description":"","publisher":{"@id":"https:\/\/www.pm.pb.gov.br\/portal\/#organization"},"potentialAction":[{"@type":"SearchAction","target":{"@type":"EntryPoint","urlTemplate":"https:\/\/www.pm.pb.gov.br\/portal\/?s={search_term_string}"},"query-input":"required name=search_term_string"}],"inLanguage":"pt-BR"},{"@type":"Organization","@id":"https:\/\/www.pm.pb.gov.br\/portal\/#organization","name":"Pol\u00edcia Militar da Para\u00edba","url":"https:\/\/www.pm.pb.gov.br\/portal\/","logo":{"@type":"ImageObject","inLanguage":"pt-BR","@id":"https:\/\/www.pm.pb.gov.br\/portal\/#\/schema\/logo\/image\/","url":"https:\/\/www.pm.pb.gov.br\/portal\/wp-content\/uploads\/2025\/03\/cropped-logo-site-mag2-1.png","contentUrl":"https:\/\/www.pm.pb.gov.br\/portal\/wp-content\/uploads\/2025\/03\/cropped-logo-site-mag2-1.png","width":320,"height":90,"caption":"Pol\u00edcia Militar da Para\u00edba"},"image":{"@id":"https:\/\/www.pm.pb.gov.br\/portal\/#\/schema\/logo\/image\/"}},{"@type":"Person","@id":"https:\/\/www.pm.pb.gov.br\/portal\/#\/schema\/person\/f84f56dcc78ce4357054da888b8247fd","name":"Tarcisio Oliveira","image":{"@type":"ImageObject","inLanguage":"pt-BR","@id":"https:\/\/www.pm.pb.gov.br\/portal\/#\/schema\/person\/image\/","url":"https:\/\/secure.gravatar.com\/avatar\/72917b630b69d31cd0297507f34bac97?s=96&d=mm&r=g","contentUrl":"https:\/\/secure.gravatar.com\/avatar\/72917b630b69d31cd0297507f34bac97?s=96&d=mm&r=g","caption":"Tarcisio Oliveira"},"url":"https:\/\/www.pm.pb.gov.br\/portal\/author\/tarcisio\/"}]}},"_links":{"self":[{"href":"https:\/\/www.pm.pb.gov.br\/portal\/wp-json\/wp\/v2\/posts\/898655"}],"collection":[{"href":"https:\/\/www.pm.pb.gov.br\/portal\/wp-json\/wp\/v2\/posts"}],"about":[{"href":"https:\/\/www.pm.pb.gov.br\/portal\/wp-json\/wp\/v2\/types\/post"}],"author":[{"embeddable":true,"href":"https:\/\/www.pm.pb.gov.br\/portal\/wp-json\/wp\/v2\/users\/12"}],"replies":[{"embeddable":true,"href":"https:\/\/www.pm.pb.gov.br\/portal\/wp-json\/wp\/v2\/comments?post=898655"}],"version-history":[{"count":1,"href":"https:\/\/www.pm.pb.gov.br\/portal\/wp-json\/wp\/v2\/posts\/898655\/revisions"}],"predecessor-version":[{"id":898656,"href":"https:\/\/www.pm.pb.gov.br\/portal\/wp-json\/wp\/v2\/posts\/898655\/revisions\/898656"}],"wp:featuredmedia":[{"embeddable":true,"href":"https:\/\/www.pm.pb.gov.br\/portal\/wp-json\/wp\/v2\/media\/895497"}],"wp:attachment":[{"href":"https:\/\/www.pm.pb.gov.br\/portal\/wp-json\/wp\/v2\/media?parent=898655"}],"wp:term":[{"taxonomy":"category","embeddable":true,"href":"https:\/\/www.pm.pb.gov.br\/portal\/wp-json\/wp\/v2\/categories?post=898655"},{"taxonomy":"post_tag","embeddable":true,"href":"https:\/\/www.pm.pb.gov.br\/portal\/wp-json\/wp\/v2\/tags?post=898655"}],"curies":[{"name":"wp","href":"https:\/\/api.w.org\/{rel}","templated":true}]}}