{"id":898650,"date":"2018-08-13T13:19:06","date_gmt":"2018-08-13T16:19:06","guid":{"rendered":"http:\/\/www.pm.pb.gov.br\/portal\/?p=898650"},"modified":"2018-08-13T13:19:06","modified_gmt":"2018-08-13T16:19:06","slug":"policia-militar-apresenta-resultado-do-fim-de-semana-e-anuncia-novas-acoes-para-os-proximos-dias-na-paraiba","status":"publish","type":"post","link":"https:\/\/www.pm.pb.gov.br\/portal\/2018\/08\/13\/policia-militar-apresenta-resultado-do-fim-de-semana-e-anuncia-novas-acoes-para-os-proximos-dias-na-paraiba\/","title":{"rendered":"Pol\u00edcia Militar apresenta resultado do fim de semana e anuncia novas a\u00e7\u00f5es para os pr\u00f3ximos dias na Para\u00edba"},"content":{"rendered":"<p style=\"text-align: justify;\">A Pol\u00edcia Militar analisou, durante reuni\u00e3o semanal (foto abaixo) desta segunda-feira (13), os resultados das a\u00e7\u00f5es e opera\u00e7\u00f5es realizadas neste fim de semana, que terminou com 113 suspeitos conduzidos at\u00e9 as delegacias e 19 armas de fogo apreendidas, em todo o Estado. A reuni\u00e3o foi dirigida pelo pr\u00f3prio comandante-geral da institui\u00e7\u00e3o, coronel Euller Chaves, que discutiu novas a\u00e7\u00f5es com os comandantes das unidades da PM.<\/p>\n<p style=\"text-align: justify;\">\u201cChegamos a um resultado final de 20% de redu\u00e7\u00e3o dos homic\u00eddios, com a Regi\u00e3o Metropolitana registrando um caso durante todo o fim de semana. Em rela\u00e7\u00e3o aos roubos, houve uma queda de 33,7% e tivemos tamb\u00e9m pris\u00f5es importantes para que essas redu\u00e7\u00f5es possam continuar acontecendo\u201d, destacou.<\/p>\n<p style=\"text-align: justify;\">Um dos presos no fim de semana \u00e9 um suspeito de 39 anos, que h\u00e1 4 anos estava foragido do sistema prisional e era considerado um dos l\u00edderes de um grupo criminoso que atua na Zona Sul da Capital, com envolvimento com o tr\u00e1fico e homic\u00eddios. A pris\u00e3o dele aconteceu no bairro dos Funcion\u00e1rios II.<\/p>\n<p style=\"text-align: justify;\">Outra pris\u00e3o de destaque foi a de um acusado de realizar v\u00e1rios assaltos a ag\u00eancias dos Correios, postos de combust\u00edveis e estabelecimentos comerciais, na regi\u00e3o de Mari. Ele tem 31 anos e foi pego com um colete e uma arma que seriam roubados de vigilantes das ag\u00eancias.<\/p>\n<p style=\"text-align: justify;\"><img loading=\"lazy\" decoding=\"async\" class=\"wp-image-898653 alignright\" src=\"http:\/\/www.pm.pb.gov.br\/portal\/wp-content\/uploads\/2018\/08\/WhatsApp-Image-2018-08-13-at-11.29.05-593x445.jpeg\" alt=\"\" width=\"485\" height=\"365\" srcset=\"https:\/\/www.pm.pb.gov.br\/portal\/wp-content\/uploads\/2018\/08\/WhatsApp-Image-2018-08-13-at-11.29.05-593x445.jpeg 593w, https:\/\/www.pm.pb.gov.br\/portal\/wp-content\/uploads\/2018\/08\/WhatsApp-Image-2018-08-13-at-11.29.05-768x576.jpeg 768w, https:\/\/www.pm.pb.gov.br\/portal\/wp-content\/uploads\/2018\/08\/WhatsApp-Image-2018-08-13-at-11.29.05-760x570.jpeg 760w, https:\/\/www.pm.pb.gov.br\/portal\/wp-content\/uploads\/2018\/08\/WhatsApp-Image-2018-08-13-at-11.29.05.jpeg 1032w\" sizes=\"(max-width: 485px) 100vw, 485px\" \/>Na reuni\u00e3o, o coronel Euller Chaves comentou sobre o n\u00famero de chamados recebidos pela PM na noite do s\u00e1bado (11), denunciando perturba\u00e7\u00e3o do sossego, que s\u00e3o badernas e uso abusivo de som. \u201cFomos em v\u00e1rias comunidades, onde constatamos a presen\u00e7a de pessoas soltando fogos e nas situa\u00e7\u00f5es em que foi registrada quebra da ordem p\u00fablica, como no caso do Distrito Mec\u00e2nico de Jo\u00e3o Pessoa, por exemplo, esses suspeitos foram conduzidos at\u00e9 as delegacias. Foram 41 conduzidos por esta pr\u00e1tica\u201d, detalhou.<\/p>\n<p style=\"text-align: justify;\">Em rela\u00e7\u00e3o ao poss\u00edvel envolvimento dessas pessoas com grupos criminosos, o comandante falou que vai reunir os materiais colhidos para encaminhar \u00e0 pol\u00edcia judici\u00e1ria. \u201c\u00c9 preciso ter cautela neste momento para apurar cada fato e informa\u00e7\u00e3o recebida. Dentro das opera\u00e7\u00f5es, monitoramos esses pontos, fomos at\u00e9 os locais e agora cabe a an\u00e1lise sobre o material que circulou, primeiro para saber a veracidade das informa\u00e7\u00f5es e depois para agir, pois a corpora\u00e7\u00e3o estar\u00e1 pronta para estabelecer a ordem p\u00fablica e a paz social\u201d, alertou.<\/p>\n<p style=\"text-align: justify;\">A reuni\u00e3o foi encerrada com o an\u00fancio de v\u00e1rias opera\u00e7\u00f5es para os pr\u00f3ximos dias, com o objetivo de prender suspeitos de crimes e combater o tr\u00e1fico de drogas.<\/p>\n<p style=\"text-align: justify;\">\n","protected":false},"excerpt":{"rendered":"<p>A Pol\u00edcia Militar analisou, durante reuni\u00e3o semanal (foto abaixo) desta segunda-feira (13), os resultados das a\u00e7\u00f5es e opera\u00e7\u00f5es realizadas neste<\/p>\n","protected":false},"author":12,"featured_media":898598,"comment_status":"closed","ping_status":"closed","sticky":false,"template":"","format":"standard","meta":{"_exactmetrics_skip_tracking":false,"_exactmetrics_sitenote_active":false,"_exactmetrics_sitenote_note":"","_exactmetrics_sitenote_category":0,"footnotes":""},"categories":[4],"tags":[],"yoast_head":"<!-- This site is optimized with the Yoast SEO plugin v22.0 - https:\/\/yoast.com\/wordpress\/plugins\/seo\/ -->\n<title>Pol\u00edcia Militar apresenta resultado do fim de semana e anuncia novas a\u00e7\u00f5es para os pr\u00f3ximos dias na Para\u00edba - Pol\u00edcia Militar da Para\u00edba<\/title>\n<meta name=\"robots\" content=\"index, follow, max-snippet:-1, max-image-preview:large, max-video-preview:-1\" \/>\n<link rel=\"canonical\" href=\"https:\/\/www.pm.pb.gov.br\/portal\/2018\/08\/13\/policia-militar-apresenta-resultado-do-fim-de-semana-e-anuncia-novas-acoes-para-os-proximos-dias-na-paraiba\/\" \/>\n<meta property=\"og:locale\" content=\"pt_BR\" \/>\n<meta property=\"og:type\" content=\"article\" \/>\n<meta property=\"og:title\" content=\"Pol\u00edcia Militar apresenta resultado do fim de semana e anuncia novas a\u00e7\u00f5es para os pr\u00f3ximos dias na Para\u00edba - Pol\u00edcia Militar da Para\u00edba\" \/>\n<meta property=\"og:description\" content=\"A Pol\u00edcia Militar analisou, durante reuni\u00e3o semanal (foto abaixo) desta segunda-feira (13), os resultados das a\u00e7\u00f5es e opera\u00e7\u00f5es realizadas neste\" \/>\n<meta property=\"og:url\" content=\"https:\/\/www.pm.pb.gov.br\/portal\/2018\/08\/13\/policia-militar-apresenta-resultado-do-fim-de-semana-e-anuncia-novas-acoes-para-os-proximos-dias-na-paraiba\/\" \/>\n<meta property=\"og:site_name\" content=\"Pol\u00edcia Militar da Para\u00edba\" \/>\n<meta property=\"article:published_time\" content=\"2018-08-13T16:19:06+00:00\" \/>\n<meta property=\"og:image\" content=\"https:\/\/www.pm.pb.gov.br\/portal\/wp-content\/uploads\/2018\/08\/2-1-1.jpg\" \/>\n\t<meta property=\"og:image:width\" content=\"800\" \/>\n\t<meta property=\"og:image:height\" content=\"445\" \/>\n\t<meta property=\"og:image:type\" content=\"image\/jpeg\" \/>\n<meta name=\"author\" content=\"Tarcisio Oliveira\" \/>\n<meta name=\"twitter:card\" content=\"summary_large_image\" \/>\n<meta name=\"twitter:label1\" content=\"Escrito por\" \/>\n\t<meta name=\"twitter:data1\" content=\"Tarcisio Oliveira\" \/>\n\t<meta name=\"twitter:label2\" content=\"Est. tempo de leitura\" \/>\n\t<meta name=\"twitter:data2\" content=\"2 minutos\" \/>\n<script type=\"application\/ld+json\" class=\"yoast-schema-graph\">{\"@context\":\"https:\/\/schema.org\",\"@graph\":[{\"@type\":\"Article\",\"@id\":\"https:\/\/www.pm.pb.gov.br\/portal\/2018\/08\/13\/policia-militar-apresenta-resultado-do-fim-de-semana-e-anuncia-novas-acoes-para-os-proximos-dias-na-paraiba\/#article\",\"isPartOf\":{\"@id\":\"https:\/\/www.pm.pb.gov.br\/portal\/2018\/08\/13\/policia-militar-apresenta-resultado-do-fim-de-semana-e-anuncia-novas-acoes-para-os-proximos-dias-na-paraiba\/\"},\"author\":{\"name\":\"Tarcisio Oliveira\",\"@id\":\"https:\/\/www.pm.pb.gov.br\/portal\/#\/schema\/person\/f84f56dcc78ce4357054da888b8247fd\"},\"headline\":\"Pol\u00edcia Militar apresenta resultado do fim de semana e anuncia novas a\u00e7\u00f5es para os pr\u00f3ximos dias na Para\u00edba\",\"datePublished\":\"2018-08-13T16:19:06+00:00\",\"dateModified\":\"2018-08-13T16:19:06+00:00\",\"mainEntityOfPage\":{\"@id\":\"https:\/\/www.pm.pb.gov.br\/portal\/2018\/08\/13\/policia-militar-apresenta-resultado-do-fim-de-semana-e-anuncia-novas-acoes-para-os-proximos-dias-na-paraiba\/\"},\"wordCount\":467,\"publisher\":{\"@id\":\"https:\/\/www.pm.pb.gov.br\/portal\/#organization\"},\"articleSection\":[\"A\u00e7\u00f5es Policiais\"],\"inLanguage\":\"pt-BR\"},{\"@type\":\"WebPage\",\"@id\":\"https:\/\/www.pm.pb.gov.br\/portal\/2018\/08\/13\/policia-militar-apresenta-resultado-do-fim-de-semana-e-anuncia-novas-acoes-para-os-proximos-dias-na-paraiba\/\",\"url\":\"https:\/\/www.pm.pb.gov.br\/portal\/2018\/08\/13\/policia-militar-apresenta-resultado-do-fim-de-semana-e-anuncia-novas-acoes-para-os-proximos-dias-na-paraiba\/\",\"name\":\"Pol\u00edcia Militar apresenta resultado do fim de semana e anuncia novas a\u00e7\u00f5es para os pr\u00f3ximos dias na Para\u00edba - Pol\u00edcia Militar da Para\u00edba\",\"isPartOf\":{\"@id\":\"https:\/\/www.pm.pb.gov.br\/portal\/#website\"},\"datePublished\":\"2018-08-13T16:19:06+00:00\",\"dateModified\":\"2018-08-13T16:19:06+00:00\",\"breadcrumb\":{\"@id\":\"https:\/\/www.pm.pb.gov.br\/portal\/2018\/08\/13\/policia-militar-apresenta-resultado-do-fim-de-semana-e-anuncia-novas-acoes-para-os-proximos-dias-na-paraiba\/#breadcrumb\"},\"inLanguage\":\"pt-BR\",\"potentialAction\":[{\"@type\":\"ReadAction\",\"target\":[\"https:\/\/www.pm.pb.gov.br\/portal\/2018\/08\/13\/policia-militar-apresenta-resultado-do-fim-de-semana-e-anuncia-novas-acoes-para-os-proximos-dias-na-paraiba\/\"]}]},{\"@type\":\"BreadcrumbList\",\"@id\":\"https:\/\/www.pm.pb.gov.br\/portal\/2018\/08\/13\/policia-militar-apresenta-resultado-do-fim-de-semana-e-anuncia-novas-acoes-para-os-proximos-dias-na-paraiba\/#breadcrumb\",\"itemListElement\":[{\"@type\":\"ListItem\",\"position\":1,\"name\":\"In\u00edcio\",\"item\":\"https:\/\/www.pm.pb.gov.br\/portal\/\"},{\"@type\":\"ListItem\",\"position\":2,\"name\":\"Pol\u00edcia Militar apresenta resultado do fim de semana e anuncia novas a\u00e7\u00f5es para os pr\u00f3ximos dias na Para\u00edba\"}]},{\"@type\":\"WebSite\",\"@id\":\"https:\/\/www.pm.pb.gov.br\/portal\/#website\",\"url\":\"https:\/\/www.pm.pb.gov.br\/portal\/\",\"name\":\"Pol\u00edcia Militar da Para\u00edba\",\"description\":\"\",\"publisher\":{\"@id\":\"https:\/\/www.pm.pb.gov.br\/portal\/#organization\"},\"potentialAction\":[{\"@type\":\"SearchAction\",\"target\":{\"@type\":\"EntryPoint\",\"urlTemplate\":\"https:\/\/www.pm.pb.gov.br\/portal\/?s={search_term_string}\"},\"query-input\":\"required name=search_term_string\"}],\"inLanguage\":\"pt-BR\"},{\"@type\":\"Organization\",\"@id\":\"https:\/\/www.pm.pb.gov.br\/portal\/#organization\",\"name\":\"Pol\u00edcia Militar da Para\u00edba\",\"url\":\"https:\/\/www.pm.pb.gov.br\/portal\/\",\"logo\":{\"@type\":\"ImageObject\",\"inLanguage\":\"pt-BR\",\"@id\":\"https:\/\/www.pm.pb.gov.br\/portal\/#\/schema\/logo\/image\/\",\"url\":\"https:\/\/www.pm.pb.gov.br\/portal\/wp-content\/uploads\/2025\/03\/cropped-logo-site-mag2-1.png\",\"contentUrl\":\"https:\/\/www.pm.pb.gov.br\/portal\/wp-content\/uploads\/2025\/03\/cropped-logo-site-mag2-1.png\",\"width\":320,\"height\":90,\"caption\":\"Pol\u00edcia Militar da Para\u00edba\"},\"image\":{\"@id\":\"https:\/\/www.pm.pb.gov.br\/portal\/#\/schema\/logo\/image\/\"}},{\"@type\":\"Person\",\"@id\":\"https:\/\/www.pm.pb.gov.br\/portal\/#\/schema\/person\/f84f56dcc78ce4357054da888b8247fd\",\"name\":\"Tarcisio Oliveira\",\"image\":{\"@type\":\"ImageObject\",\"inLanguage\":\"pt-BR\",\"@id\":\"https:\/\/www.pm.pb.gov.br\/portal\/#\/schema\/person\/image\/\",\"url\":\"https:\/\/secure.gravatar.com\/avatar\/72917b630b69d31cd0297507f34bac97?s=96&d=mm&r=g\",\"contentUrl\":\"https:\/\/secure.gravatar.com\/avatar\/72917b630b69d31cd0297507f34bac97?s=96&d=mm&r=g\",\"caption\":\"Tarcisio Oliveira\"},\"url\":\"https:\/\/www.pm.pb.gov.br\/portal\/author\/tarcisio\/\"}]}<\/script>\n<!-- \/ Yoast SEO plugin. -->","yoast_head_json":{"title":"Pol\u00edcia Militar apresenta resultado do fim de semana e anuncia novas a\u00e7\u00f5es para os pr\u00f3ximos dias na Para\u00edba - Pol\u00edcia Militar da Para\u00edba","robots":{"index":"index","follow":"follow","max-snippet":"max-snippet:-1","max-image-preview":"max-image-preview:large","max-video-preview":"max-video-preview:-1"},"canonical":"https:\/\/www.pm.pb.gov.br\/portal\/2018\/08\/13\/policia-militar-apresenta-resultado-do-fim-de-semana-e-anuncia-novas-acoes-para-os-proximos-dias-na-paraiba\/","og_locale":"pt_BR","og_type":"article","og_title":"Pol\u00edcia Militar apresenta resultado do fim de semana e anuncia novas a\u00e7\u00f5es para os pr\u00f3ximos dias na Para\u00edba - Pol\u00edcia Militar da Para\u00edba","og_description":"A Pol\u00edcia Militar analisou, durante reuni\u00e3o semanal (foto abaixo) desta segunda-feira (13), os resultados das a\u00e7\u00f5es e opera\u00e7\u00f5es realizadas neste","og_url":"https:\/\/www.pm.pb.gov.br\/portal\/2018\/08\/13\/policia-militar-apresenta-resultado-do-fim-de-semana-e-anuncia-novas-acoes-para-os-proximos-dias-na-paraiba\/","og_site_name":"Pol\u00edcia Militar da Para\u00edba","article_published_time":"2018-08-13T16:19:06+00:00","og_image":[{"width":800,"height":445,"url":"https:\/\/www.pm.pb.gov.br\/portal\/wp-content\/uploads\/2018\/08\/2-1-1.jpg","type":"image\/jpeg"}],"author":"Tarcisio Oliveira","twitter_card":"summary_large_image","twitter_misc":{"Escrito por":"Tarcisio Oliveira","Est. tempo de leitura":"2 minutos"},"schema":{"@context":"https:\/\/schema.org","@graph":[{"@type":"Article","@id":"https:\/\/www.pm.pb.gov.br\/portal\/2018\/08\/13\/policia-militar-apresenta-resultado-do-fim-de-semana-e-anuncia-novas-acoes-para-os-proximos-dias-na-paraiba\/#article","isPartOf":{"@id":"https:\/\/www.pm.pb.gov.br\/portal\/2018\/08\/13\/policia-militar-apresenta-resultado-do-fim-de-semana-e-anuncia-novas-acoes-para-os-proximos-dias-na-paraiba\/"},"author":{"name":"Tarcisio Oliveira","@id":"https:\/\/www.pm.pb.gov.br\/portal\/#\/schema\/person\/f84f56dcc78ce4357054da888b8247fd"},"headline":"Pol\u00edcia Militar apresenta resultado do fim de semana e anuncia novas a\u00e7\u00f5es para os pr\u00f3ximos dias na Para\u00edba","datePublished":"2018-08-13T16:19:06+00:00","dateModified":"2018-08-13T16:19:06+00:00","mainEntityOfPage":{"@id":"https:\/\/www.pm.pb.gov.br\/portal\/2018\/08\/13\/policia-militar-apresenta-resultado-do-fim-de-semana-e-anuncia-novas-acoes-para-os-proximos-dias-na-paraiba\/"},"wordCount":467,"publisher":{"@id":"https:\/\/www.pm.pb.gov.br\/portal\/#organization"},"articleSection":["A\u00e7\u00f5es Policiais"],"inLanguage":"pt-BR"},{"@type":"WebPage","@id":"https:\/\/www.pm.pb.gov.br\/portal\/2018\/08\/13\/policia-militar-apresenta-resultado-do-fim-de-semana-e-anuncia-novas-acoes-para-os-proximos-dias-na-paraiba\/","url":"https:\/\/www.pm.pb.gov.br\/portal\/2018\/08\/13\/policia-militar-apresenta-resultado-do-fim-de-semana-e-anuncia-novas-acoes-para-os-proximos-dias-na-paraiba\/","name":"Pol\u00edcia Militar apresenta resultado do fim de semana e anuncia novas a\u00e7\u00f5es para os pr\u00f3ximos dias na Para\u00edba - Pol\u00edcia Militar da Para\u00edba","isPartOf":{"@id":"https:\/\/www.pm.pb.gov.br\/portal\/#website"},"datePublished":"2018-08-13T16:19:06+00:00","dateModified":"2018-08-13T16:19:06+00:00","breadcrumb":{"@id":"https:\/\/www.pm.pb.gov.br\/portal\/2018\/08\/13\/policia-militar-apresenta-resultado-do-fim-de-semana-e-anuncia-novas-acoes-para-os-proximos-dias-na-paraiba\/#breadcrumb"},"inLanguage":"pt-BR","potentialAction":[{"@type":"ReadAction","target":["https:\/\/www.pm.pb.gov.br\/portal\/2018\/08\/13\/policia-militar-apresenta-resultado-do-fim-de-semana-e-anuncia-novas-acoes-para-os-proximos-dias-na-paraiba\/"]}]},{"@type":"BreadcrumbList","@id":"https:\/\/www.pm.pb.gov.br\/portal\/2018\/08\/13\/policia-militar-apresenta-resultado-do-fim-de-semana-e-anuncia-novas-acoes-para-os-proximos-dias-na-paraiba\/#breadcrumb","itemListElement":[{"@type":"ListItem","position":1,"name":"In\u00edcio","item":"https:\/\/www.pm.pb.gov.br\/portal\/"},{"@type":"ListItem","position":2,"name":"Pol\u00edcia Militar apresenta resultado do fim de semana e anuncia novas a\u00e7\u00f5es para os pr\u00f3ximos dias na Para\u00edba"}]},{"@type":"WebSite","@id":"https:\/\/www.pm.pb.gov.br\/portal\/#website","url":"https:\/\/www.pm.pb.gov.br\/portal\/","name":"Pol\u00edcia Militar da Para\u00edba","description":"","publisher":{"@id":"https:\/\/www.pm.pb.gov.br\/portal\/#organization"},"potentialAction":[{"@type":"SearchAction","target":{"@type":"EntryPoint","urlTemplate":"https:\/\/www.pm.pb.gov.br\/portal\/?s={search_term_string}"},"query-input":"required name=search_term_string"}],"inLanguage":"pt-BR"},{"@type":"Organization","@id":"https:\/\/www.pm.pb.gov.br\/portal\/#organization","name":"Pol\u00edcia Militar da Para\u00edba","url":"https:\/\/www.pm.pb.gov.br\/portal\/","logo":{"@type":"ImageObject","inLanguage":"pt-BR","@id":"https:\/\/www.pm.pb.gov.br\/portal\/#\/schema\/logo\/image\/","url":"https:\/\/www.pm.pb.gov.br\/portal\/wp-content\/uploads\/2025\/03\/cropped-logo-site-mag2-1.png","contentUrl":"https:\/\/www.pm.pb.gov.br\/portal\/wp-content\/uploads\/2025\/03\/cropped-logo-site-mag2-1.png","width":320,"height":90,"caption":"Pol\u00edcia Militar da Para\u00edba"},"image":{"@id":"https:\/\/www.pm.pb.gov.br\/portal\/#\/schema\/logo\/image\/"}},{"@type":"Person","@id":"https:\/\/www.pm.pb.gov.br\/portal\/#\/schema\/person\/f84f56dcc78ce4357054da888b8247fd","name":"Tarcisio Oliveira","image":{"@type":"ImageObject","inLanguage":"pt-BR","@id":"https:\/\/www.pm.pb.gov.br\/portal\/#\/schema\/person\/image\/","url":"https:\/\/secure.gravatar.com\/avatar\/72917b630b69d31cd0297507f34bac97?s=96&d=mm&r=g","contentUrl":"https:\/\/secure.gravatar.com\/avatar\/72917b630b69d31cd0297507f34bac97?s=96&d=mm&r=g","caption":"Tarcisio Oliveira"},"url":"https:\/\/www.pm.pb.gov.br\/portal\/author\/tarcisio\/"}]}},"_links":{"self":[{"href":"https:\/\/www.pm.pb.gov.br\/portal\/wp-json\/wp\/v2\/posts\/898650"}],"collection":[{"href":"https:\/\/www.pm.pb.gov.br\/portal\/wp-json\/wp\/v2\/posts"}],"about":[{"href":"https:\/\/www.pm.pb.gov.br\/portal\/wp-json\/wp\/v2\/types\/post"}],"author":[{"embeddable":true,"href":"https:\/\/www.pm.pb.gov.br\/portal\/wp-json\/wp\/v2\/users\/12"}],"replies":[{"embeddable":true,"href":"https:\/\/www.pm.pb.gov.br\/portal\/wp-json\/wp\/v2\/comments?post=898650"}],"version-history":[{"count":2,"href":"https:\/\/www.pm.pb.gov.br\/portal\/wp-json\/wp\/v2\/posts\/898650\/revisions"}],"predecessor-version":[{"id":898654,"href":"https:\/\/www.pm.pb.gov.br\/portal\/wp-json\/wp\/v2\/posts\/898650\/revisions\/898654"}],"wp:featuredmedia":[{"embeddable":true,"href":"https:\/\/www.pm.pb.gov.br\/portal\/wp-json\/wp\/v2\/media\/898598"}],"wp:attachment":[{"href":"https:\/\/www.pm.pb.gov.br\/portal\/wp-json\/wp\/v2\/media?parent=898650"}],"wp:term":[{"taxonomy":"category","embeddable":true,"href":"https:\/\/www.pm.pb.gov.br\/portal\/wp-json\/wp\/v2\/categories?post=898650"},{"taxonomy":"post_tag","embeddable":true,"href":"https:\/\/www.pm.pb.gov.br\/portal\/wp-json\/wp\/v2\/tags?post=898650"}],"curies":[{"name":"wp","href":"https:\/\/api.w.org\/{rel}","templated":true}]}}