{"id":898648,"date":"2018-08-13T08:45:47","date_gmt":"2018-08-13T11:45:47","guid":{"rendered":"http:\/\/www.pm.pb.gov.br\/portal\/?p=898648"},"modified":"2018-08-13T08:45:47","modified_gmt":"2018-08-13T11:45:47","slug":"policia-militar-captura-foragido-da-justica-em-joao-pessoa","status":"publish","type":"post","link":"https:\/\/www.pm.pb.gov.br\/portal\/2018\/08\/13\/policia-militar-captura-foragido-da-justica-em-joao-pessoa\/","title":{"rendered":"Pol\u00edcia\u00a0Militar captura foragido da Justi\u00e7a em Jo\u00e3o Pessoa"},"content":{"rendered":"<p style=\"font-weight: 400; text-align: justify;\">Na tarde deste domingo (12), durante rondas policiais na Zona Sul da Capital, policiais da For\u00e7a T\u00e1tica do 5\u00ba Batalh\u00e3o de Pol\u00edcia Militar\u00a0capturaram um foragido da justi\u00e7a. Ricardo Oliveira de Lima, de 39 anos, segundo os policiais, estava foragido h\u00e1 quatro anos.<\/p>\n<p style=\"font-weight: 400; text-align: justify;\">Os policiais da For\u00e7a T\u00e1tica estavam em rondas\u00a0pelo bairro dos Funcion\u00e1rios III, mais precisamente na comunidade Maria de Nazar\u00e9, quando receberam a informa\u00e7\u00e3o de que ali estava um foragido da Justi\u00e7a, Ricardo Oliveira de Lima, mais conhecido como \u201cPirulito\u201d, de 39 anos. Imediatamente, a equipe policial partiu em dilig\u00eancia, no entanto, ao chegar \u00e0 localidade, foi recebida por disparos de arma de fogo, e reagiu, atingindo na perna o foragido, que tentou escapar do cerco policial se escondendo em uma das resid\u00eancias. Com o apoio de outros policiais, foram realizadas buscas e as equipes conseguiram localiz\u00e1-lo e prend\u00ea-lo.<\/p>\n<p style=\"font-weight: 400; text-align: justify;\">Na abordagem do capturado, foram encontrados documentos falsos e ao consultar seu nome no\u00a0Sistema Nacional de Informa\u00e7\u00f5es de Seguran\u00e7a P\u00fablica existia contra ele um mandado de pris\u00e3o em aberto. O foragido foi socorrido ao Hospital de Trauma em Mangabeira para atendimento m\u00e9dico, e posteriormente foi conduzido pelos policiais para a Central de Flagrantes.<\/p>\n","protected":false},"excerpt":{"rendered":"<p>Na tarde deste domingo (12), durante rondas policiais na Zona Sul da Capital, policiais da For\u00e7a T\u00e1tica do 5\u00ba Batalh\u00e3o<\/p>\n","protected":false},"author":11,"featured_media":895491,"comment_status":"closed","ping_status":"closed","sticky":false,"template":"","format":"standard","meta":{"_exactmetrics_skip_tracking":false,"_exactmetrics_sitenote_active":false,"_exactmetrics_sitenote_note":"","_exactmetrics_sitenote_category":0,"footnotes":""},"categories":[4],"tags":[],"yoast_head":"<!-- This site is optimized with the Yoast SEO plugin v22.0 - https:\/\/yoast.com\/wordpress\/plugins\/seo\/ -->\n<title>Pol\u00edcia\u00a0Militar captura foragido da Justi\u00e7a em Jo\u00e3o Pessoa - Pol\u00edcia Militar da Para\u00edba<\/title>\n<meta name=\"robots\" content=\"index, follow, max-snippet:-1, max-image-preview:large, max-video-preview:-1\" \/>\n<link rel=\"canonical\" href=\"https:\/\/www.pm.pb.gov.br\/portal\/2018\/08\/13\/policia-militar-captura-foragido-da-justica-em-joao-pessoa\/\" \/>\n<meta property=\"og:locale\" content=\"pt_BR\" \/>\n<meta property=\"og:type\" content=\"article\" \/>\n<meta property=\"og:title\" content=\"Pol\u00edcia\u00a0Militar captura foragido da Justi\u00e7a em Jo\u00e3o Pessoa - Pol\u00edcia Militar da Para\u00edba\" \/>\n<meta property=\"og:description\" content=\"Na tarde deste domingo (12), durante rondas policiais na Zona Sul da Capital, policiais da For\u00e7a T\u00e1tica do 5\u00ba Batalh\u00e3o\" \/>\n<meta property=\"og:url\" content=\"https:\/\/www.pm.pb.gov.br\/portal\/2018\/08\/13\/policia-militar-captura-foragido-da-justica-em-joao-pessoa\/\" \/>\n<meta property=\"og:site_name\" content=\"Pol\u00edcia Militar da Para\u00edba\" \/>\n<meta property=\"article:published_time\" content=\"2018-08-13T11:45:47+00:00\" \/>\n<meta property=\"og:image\" content=\"https:\/\/www.pm.pb.gov.br\/portal\/wp-content\/uploads\/2017\/09\/imagem-ilustrativa-1.jpg\" \/>\n\t<meta property=\"og:image:width\" content=\"800\" \/>\n\t<meta property=\"og:image:height\" content=\"445\" \/>\n\t<meta property=\"og:image:type\" content=\"image\/jpeg\" \/>\n<meta name=\"author\" content=\"Hermerson Pedro\" \/>\n<meta name=\"twitter:card\" content=\"summary_large_image\" \/>\n<meta name=\"twitter:label1\" content=\"Escrito por\" \/>\n\t<meta name=\"twitter:data1\" content=\"Hermerson Pedro\" \/>\n\t<meta name=\"twitter:label2\" content=\"Est. tempo de leitura\" \/>\n\t<meta name=\"twitter:data2\" content=\"1 minuto\" \/>\n<script type=\"application\/ld+json\" class=\"yoast-schema-graph\">{\"@context\":\"https:\/\/schema.org\",\"@graph\":[{\"@type\":\"Article\",\"@id\":\"https:\/\/www.pm.pb.gov.br\/portal\/2018\/08\/13\/policia-militar-captura-foragido-da-justica-em-joao-pessoa\/#article\",\"isPartOf\":{\"@id\":\"https:\/\/www.pm.pb.gov.br\/portal\/2018\/08\/13\/policia-militar-captura-foragido-da-justica-em-joao-pessoa\/\"},\"author\":{\"name\":\"Hermerson Pedro\",\"@id\":\"https:\/\/www.pm.pb.gov.br\/portal\/#\/schema\/person\/d14ec57cfec6ba094c033291a557dc3b\"},\"headline\":\"Pol\u00edcia\u00a0Militar captura foragido da Justi\u00e7a em Jo\u00e3o Pessoa\",\"datePublished\":\"2018-08-13T11:45:47+00:00\",\"dateModified\":\"2018-08-13T11:45:47+00:00\",\"mainEntityOfPage\":{\"@id\":\"https:\/\/www.pm.pb.gov.br\/portal\/2018\/08\/13\/policia-militar-captura-foragido-da-justica-em-joao-pessoa\/\"},\"wordCount\":222,\"publisher\":{\"@id\":\"https:\/\/www.pm.pb.gov.br\/portal\/#organization\"},\"articleSection\":[\"A\u00e7\u00f5es Policiais\"],\"inLanguage\":\"pt-BR\"},{\"@type\":\"WebPage\",\"@id\":\"https:\/\/www.pm.pb.gov.br\/portal\/2018\/08\/13\/policia-militar-captura-foragido-da-justica-em-joao-pessoa\/\",\"url\":\"https:\/\/www.pm.pb.gov.br\/portal\/2018\/08\/13\/policia-militar-captura-foragido-da-justica-em-joao-pessoa\/\",\"name\":\"Pol\u00edcia\u00a0Militar captura foragido da Justi\u00e7a em Jo\u00e3o Pessoa - Pol\u00edcia Militar da Para\u00edba\",\"isPartOf\":{\"@id\":\"https:\/\/www.pm.pb.gov.br\/portal\/#website\"},\"datePublished\":\"2018-08-13T11:45:47+00:00\",\"dateModified\":\"2018-08-13T11:45:47+00:00\",\"breadcrumb\":{\"@id\":\"https:\/\/www.pm.pb.gov.br\/portal\/2018\/08\/13\/policia-militar-captura-foragido-da-justica-em-joao-pessoa\/#breadcrumb\"},\"inLanguage\":\"pt-BR\",\"potentialAction\":[{\"@type\":\"ReadAction\",\"target\":[\"https:\/\/www.pm.pb.gov.br\/portal\/2018\/08\/13\/policia-militar-captura-foragido-da-justica-em-joao-pessoa\/\"]}]},{\"@type\":\"BreadcrumbList\",\"@id\":\"https:\/\/www.pm.pb.gov.br\/portal\/2018\/08\/13\/policia-militar-captura-foragido-da-justica-em-joao-pessoa\/#breadcrumb\",\"itemListElement\":[{\"@type\":\"ListItem\",\"position\":1,\"name\":\"In\u00edcio\",\"item\":\"https:\/\/www.pm.pb.gov.br\/portal\/\"},{\"@type\":\"ListItem\",\"position\":2,\"name\":\"Pol\u00edcia\u00a0Militar captura foragido da Justi\u00e7a em Jo\u00e3o Pessoa\"}]},{\"@type\":\"WebSite\",\"@id\":\"https:\/\/www.pm.pb.gov.br\/portal\/#website\",\"url\":\"https:\/\/www.pm.pb.gov.br\/portal\/\",\"name\":\"Pol\u00edcia Militar da Para\u00edba\",\"description\":\"\",\"publisher\":{\"@id\":\"https:\/\/www.pm.pb.gov.br\/portal\/#organization\"},\"potentialAction\":[{\"@type\":\"SearchAction\",\"target\":{\"@type\":\"EntryPoint\",\"urlTemplate\":\"https:\/\/www.pm.pb.gov.br\/portal\/?s={search_term_string}\"},\"query-input\":\"required name=search_term_string\"}],\"inLanguage\":\"pt-BR\"},{\"@type\":\"Organization\",\"@id\":\"https:\/\/www.pm.pb.gov.br\/portal\/#organization\",\"name\":\"Pol\u00edcia Militar da Para\u00edba\",\"url\":\"https:\/\/www.pm.pb.gov.br\/portal\/\",\"logo\":{\"@type\":\"ImageObject\",\"inLanguage\":\"pt-BR\",\"@id\":\"https:\/\/www.pm.pb.gov.br\/portal\/#\/schema\/logo\/image\/\",\"url\":\"https:\/\/www.pm.pb.gov.br\/portal\/wp-content\/uploads\/2025\/03\/cropped-logo-site-mag2-1.png\",\"contentUrl\":\"https:\/\/www.pm.pb.gov.br\/portal\/wp-content\/uploads\/2025\/03\/cropped-logo-site-mag2-1.png\",\"width\":320,\"height\":90,\"caption\":\"Pol\u00edcia Militar da Para\u00edba\"},\"image\":{\"@id\":\"https:\/\/www.pm.pb.gov.br\/portal\/#\/schema\/logo\/image\/\"}},{\"@type\":\"Person\",\"@id\":\"https:\/\/www.pm.pb.gov.br\/portal\/#\/schema\/person\/d14ec57cfec6ba094c033291a557dc3b\",\"name\":\"Hermerson Pedro\",\"image\":{\"@type\":\"ImageObject\",\"inLanguage\":\"pt-BR\",\"@id\":\"https:\/\/www.pm.pb.gov.br\/portal\/#\/schema\/person\/image\/\",\"url\":\"https:\/\/secure.gravatar.com\/avatar\/179290e0ec2caf97139df534dc3e55df?s=96&d=mm&r=g\",\"contentUrl\":\"https:\/\/secure.gravatar.com\/avatar\/179290e0ec2caf97139df534dc3e55df?s=96&d=mm&r=g\",\"caption\":\"Hermerson Pedro\"},\"url\":\"https:\/\/www.pm.pb.gov.br\/portal\/author\/hermerson\/\"}]}<\/script>\n<!-- \/ Yoast SEO plugin. -->","yoast_head_json":{"title":"Pol\u00edcia\u00a0Militar captura foragido da Justi\u00e7a em Jo\u00e3o Pessoa - Pol\u00edcia Militar da Para\u00edba","robots":{"index":"index","follow":"follow","max-snippet":"max-snippet:-1","max-image-preview":"max-image-preview:large","max-video-preview":"max-video-preview:-1"},"canonical":"https:\/\/www.pm.pb.gov.br\/portal\/2018\/08\/13\/policia-militar-captura-foragido-da-justica-em-joao-pessoa\/","og_locale":"pt_BR","og_type":"article","og_title":"Pol\u00edcia\u00a0Militar captura foragido da Justi\u00e7a em Jo\u00e3o Pessoa - Pol\u00edcia Militar da Para\u00edba","og_description":"Na tarde deste domingo (12), durante rondas policiais na Zona Sul da Capital, policiais da For\u00e7a T\u00e1tica do 5\u00ba Batalh\u00e3o","og_url":"https:\/\/www.pm.pb.gov.br\/portal\/2018\/08\/13\/policia-militar-captura-foragido-da-justica-em-joao-pessoa\/","og_site_name":"Pol\u00edcia Militar da Para\u00edba","article_published_time":"2018-08-13T11:45:47+00:00","og_image":[{"width":800,"height":445,"url":"https:\/\/www.pm.pb.gov.br\/portal\/wp-content\/uploads\/2017\/09\/imagem-ilustrativa-1.jpg","type":"image\/jpeg"}],"author":"Hermerson Pedro","twitter_card":"summary_large_image","twitter_misc":{"Escrito por":"Hermerson Pedro","Est. tempo de leitura":"1 minuto"},"schema":{"@context":"https:\/\/schema.org","@graph":[{"@type":"Article","@id":"https:\/\/www.pm.pb.gov.br\/portal\/2018\/08\/13\/policia-militar-captura-foragido-da-justica-em-joao-pessoa\/#article","isPartOf":{"@id":"https:\/\/www.pm.pb.gov.br\/portal\/2018\/08\/13\/policia-militar-captura-foragido-da-justica-em-joao-pessoa\/"},"author":{"name":"Hermerson Pedro","@id":"https:\/\/www.pm.pb.gov.br\/portal\/#\/schema\/person\/d14ec57cfec6ba094c033291a557dc3b"},"headline":"Pol\u00edcia\u00a0Militar captura foragido da Justi\u00e7a em Jo\u00e3o Pessoa","datePublished":"2018-08-13T11:45:47+00:00","dateModified":"2018-08-13T11:45:47+00:00","mainEntityOfPage":{"@id":"https:\/\/www.pm.pb.gov.br\/portal\/2018\/08\/13\/policia-militar-captura-foragido-da-justica-em-joao-pessoa\/"},"wordCount":222,"publisher":{"@id":"https:\/\/www.pm.pb.gov.br\/portal\/#organization"},"articleSection":["A\u00e7\u00f5es Policiais"],"inLanguage":"pt-BR"},{"@type":"WebPage","@id":"https:\/\/www.pm.pb.gov.br\/portal\/2018\/08\/13\/policia-militar-captura-foragido-da-justica-em-joao-pessoa\/","url":"https:\/\/www.pm.pb.gov.br\/portal\/2018\/08\/13\/policia-militar-captura-foragido-da-justica-em-joao-pessoa\/","name":"Pol\u00edcia\u00a0Militar captura foragido da Justi\u00e7a em Jo\u00e3o Pessoa - Pol\u00edcia Militar da Para\u00edba","isPartOf":{"@id":"https:\/\/www.pm.pb.gov.br\/portal\/#website"},"datePublished":"2018-08-13T11:45:47+00:00","dateModified":"2018-08-13T11:45:47+00:00","breadcrumb":{"@id":"https:\/\/www.pm.pb.gov.br\/portal\/2018\/08\/13\/policia-militar-captura-foragido-da-justica-em-joao-pessoa\/#breadcrumb"},"inLanguage":"pt-BR","potentialAction":[{"@type":"ReadAction","target":["https:\/\/www.pm.pb.gov.br\/portal\/2018\/08\/13\/policia-militar-captura-foragido-da-justica-em-joao-pessoa\/"]}]},{"@type":"BreadcrumbList","@id":"https:\/\/www.pm.pb.gov.br\/portal\/2018\/08\/13\/policia-militar-captura-foragido-da-justica-em-joao-pessoa\/#breadcrumb","itemListElement":[{"@type":"ListItem","position":1,"name":"In\u00edcio","item":"https:\/\/www.pm.pb.gov.br\/portal\/"},{"@type":"ListItem","position":2,"name":"Pol\u00edcia\u00a0Militar captura foragido da Justi\u00e7a em Jo\u00e3o Pessoa"}]},{"@type":"WebSite","@id":"https:\/\/www.pm.pb.gov.br\/portal\/#website","url":"https:\/\/www.pm.pb.gov.br\/portal\/","name":"Pol\u00edcia Militar da Para\u00edba","description":"","publisher":{"@id":"https:\/\/www.pm.pb.gov.br\/portal\/#organization"},"potentialAction":[{"@type":"SearchAction","target":{"@type":"EntryPoint","urlTemplate":"https:\/\/www.pm.pb.gov.br\/portal\/?s={search_term_string}"},"query-input":"required name=search_term_string"}],"inLanguage":"pt-BR"},{"@type":"Organization","@id":"https:\/\/www.pm.pb.gov.br\/portal\/#organization","name":"Pol\u00edcia Militar da Para\u00edba","url":"https:\/\/www.pm.pb.gov.br\/portal\/","logo":{"@type":"ImageObject","inLanguage":"pt-BR","@id":"https:\/\/www.pm.pb.gov.br\/portal\/#\/schema\/logo\/image\/","url":"https:\/\/www.pm.pb.gov.br\/portal\/wp-content\/uploads\/2025\/03\/cropped-logo-site-mag2-1.png","contentUrl":"https:\/\/www.pm.pb.gov.br\/portal\/wp-content\/uploads\/2025\/03\/cropped-logo-site-mag2-1.png","width":320,"height":90,"caption":"Pol\u00edcia Militar da Para\u00edba"},"image":{"@id":"https:\/\/www.pm.pb.gov.br\/portal\/#\/schema\/logo\/image\/"}},{"@type":"Person","@id":"https:\/\/www.pm.pb.gov.br\/portal\/#\/schema\/person\/d14ec57cfec6ba094c033291a557dc3b","name":"Hermerson Pedro","image":{"@type":"ImageObject","inLanguage":"pt-BR","@id":"https:\/\/www.pm.pb.gov.br\/portal\/#\/schema\/person\/image\/","url":"https:\/\/secure.gravatar.com\/avatar\/179290e0ec2caf97139df534dc3e55df?s=96&d=mm&r=g","contentUrl":"https:\/\/secure.gravatar.com\/avatar\/179290e0ec2caf97139df534dc3e55df?s=96&d=mm&r=g","caption":"Hermerson Pedro"},"url":"https:\/\/www.pm.pb.gov.br\/portal\/author\/hermerson\/"}]}},"_links":{"self":[{"href":"https:\/\/www.pm.pb.gov.br\/portal\/wp-json\/wp\/v2\/posts\/898648"}],"collection":[{"href":"https:\/\/www.pm.pb.gov.br\/portal\/wp-json\/wp\/v2\/posts"}],"about":[{"href":"https:\/\/www.pm.pb.gov.br\/portal\/wp-json\/wp\/v2\/types\/post"}],"author":[{"embeddable":true,"href":"https:\/\/www.pm.pb.gov.br\/portal\/wp-json\/wp\/v2\/users\/11"}],"replies":[{"embeddable":true,"href":"https:\/\/www.pm.pb.gov.br\/portal\/wp-json\/wp\/v2\/comments?post=898648"}],"version-history":[{"count":1,"href":"https:\/\/www.pm.pb.gov.br\/portal\/wp-json\/wp\/v2\/posts\/898648\/revisions"}],"predecessor-version":[{"id":898649,"href":"https:\/\/www.pm.pb.gov.br\/portal\/wp-json\/wp\/v2\/posts\/898648\/revisions\/898649"}],"wp:featuredmedia":[{"embeddable":true,"href":"https:\/\/www.pm.pb.gov.br\/portal\/wp-json\/wp\/v2\/media\/895491"}],"wp:attachment":[{"href":"https:\/\/www.pm.pb.gov.br\/portal\/wp-json\/wp\/v2\/media?parent=898648"}],"wp:term":[{"taxonomy":"category","embeddable":true,"href":"https:\/\/www.pm.pb.gov.br\/portal\/wp-json\/wp\/v2\/categories?post=898648"},{"taxonomy":"post_tag","embeddable":true,"href":"https:\/\/www.pm.pb.gov.br\/portal\/wp-json\/wp\/v2\/tags?post=898648"}],"curies":[{"name":"wp","href":"https:\/\/api.w.org\/{rel}","templated":true}]}}