{"id":898497,"date":"2018-07-24T10:57:45","date_gmt":"2018-07-24T13:57:45","guid":{"rendered":"http:\/\/www.pm.pb.gov.br\/portal\/?p=898497"},"modified":"2018-07-24T10:57:45","modified_gmt":"2018-07-24T13:57:45","slug":"policia-militar-detem-trio-suspeito-de-assalto-em-itabaiana","status":"publish","type":"post","link":"https:\/\/www.pm.pb.gov.br\/portal\/2018\/07\/24\/policia-militar-detem-trio-suspeito-de-assalto-em-itabaiana\/","title":{"rendered":"Pol\u00edcia Militar det\u00e9m trio suspeito de assalto em Itabaiana"},"content":{"rendered":"<p style=\"text-align: justify;\">Em menos de 20 minutos, a PM prendeu dois suspeitos e apreendeu um adolescente que assaltaram um posto de combust\u00edveis, na noite dessa segunda-feira (23), na cidade de Itabaiana. Com o trio, os policiais do 8\u00ba Batalh\u00e3o recuperaram o dinheiro roubado, o celular de uma v\u00edtima e apreenderam um rev\u00f3lver e um simulacro usados durante o roubo.<\/p>\n<p style=\"text-align: justify;\">Os tr\u00eas suspeitos, de 17, 18 e 31 anos, s\u00e3o do bairro do Grot\u00e3o, em Jo\u00e3o Pessoa, e estavam em um carro. Ap\u00f3s o roubo, eles fugiram em dire\u00e7\u00e3o a cidade de Salgado de S\u00e3o F\u00e9lix, onde foram interceptados e detidos em flagrante.<\/p>\n<p style=\"text-align: justify;\">Al\u00e9m de confessarem o assalto e serem encontrados com os materiais roubados, os suspeitos tamb\u00e9m foram reconhecidos pelas v\u00edtimas. Os tr\u00eas foram levados para a Delegacia de Pol\u00edcia Civil, em Itabaiana.<\/p>\n","protected":false},"excerpt":{"rendered":"<p>Em menos de 20 minutos, a PM prendeu dois suspeitos e apreendeu um adolescente que assaltaram um posto de combust\u00edveis,<\/p>\n","protected":false},"author":15,"featured_media":898498,"comment_status":"closed","ping_status":"closed","sticky":false,"template":"","format":"standard","meta":{"_exactmetrics_skip_tracking":false,"_exactmetrics_sitenote_active":false,"_exactmetrics_sitenote_note":"","_exactmetrics_sitenote_category":0,"footnotes":""},"categories":[4],"tags":[],"yoast_head":"<!-- This site is optimized with the Yoast SEO plugin v22.0 - https:\/\/yoast.com\/wordpress\/plugins\/seo\/ -->\n<title>Pol\u00edcia Militar det\u00e9m trio suspeito de assalto em Itabaiana - Pol\u00edcia Militar da Para\u00edba<\/title>\n<meta name=\"robots\" content=\"index, follow, max-snippet:-1, max-image-preview:large, max-video-preview:-1\" \/>\n<link rel=\"canonical\" href=\"https:\/\/www.pm.pb.gov.br\/portal\/2018\/07\/24\/policia-militar-detem-trio-suspeito-de-assalto-em-itabaiana\/\" \/>\n<meta property=\"og:locale\" content=\"pt_BR\" \/>\n<meta property=\"og:type\" content=\"article\" \/>\n<meta property=\"og:title\" content=\"Pol\u00edcia Militar det\u00e9m trio suspeito de assalto em Itabaiana - Pol\u00edcia Militar da Para\u00edba\" \/>\n<meta property=\"og:description\" content=\"Em menos de 20 minutos, a PM prendeu dois suspeitos e apreendeu um adolescente que assaltaram um posto de combust\u00edveis,\" \/>\n<meta property=\"og:url\" content=\"https:\/\/www.pm.pb.gov.br\/portal\/2018\/07\/24\/policia-militar-detem-trio-suspeito-de-assalto-em-itabaiana\/\" \/>\n<meta property=\"og:site_name\" content=\"Pol\u00edcia Militar da Para\u00edba\" \/>\n<meta property=\"article:published_time\" content=\"2018-07-24T13:57:45+00:00\" \/>\n<meta property=\"og:image\" content=\"https:\/\/www.pm.pb.gov.br\/portal\/wp-content\/uploads\/2018\/07\/Pris\u00e3o_suspeitos-Itabaiana.jpeg\" \/>\n\t<meta property=\"og:image:width\" content=\"1032\" \/>\n\t<meta property=\"og:image:height\" content=\"581\" \/>\n\t<meta property=\"og:image:type\" content=\"image\/jpeg\" \/>\n<meta name=\"author\" content=\"Marcio Gomes dos Santos\" \/>\n<meta name=\"twitter:card\" content=\"summary_large_image\" \/>\n<meta name=\"twitter:label1\" content=\"Escrito por\" \/>\n\t<meta name=\"twitter:data1\" content=\"Marcio Gomes dos Santos\" \/>\n\t<meta name=\"twitter:label2\" content=\"Est. tempo de leitura\" \/>\n\t<meta name=\"twitter:data2\" content=\"1 minuto\" \/>\n<script type=\"application\/ld+json\" class=\"yoast-schema-graph\">{\"@context\":\"https:\/\/schema.org\",\"@graph\":[{\"@type\":\"Article\",\"@id\":\"https:\/\/www.pm.pb.gov.br\/portal\/2018\/07\/24\/policia-militar-detem-trio-suspeito-de-assalto-em-itabaiana\/#article\",\"isPartOf\":{\"@id\":\"https:\/\/www.pm.pb.gov.br\/portal\/2018\/07\/24\/policia-militar-detem-trio-suspeito-de-assalto-em-itabaiana\/\"},\"author\":{\"name\":\"Marcio Gomes dos Santos\",\"@id\":\"https:\/\/www.pm.pb.gov.br\/portal\/#\/schema\/person\/30d571652b38533c2211e4e89bf5a502\"},\"headline\":\"Pol\u00edcia Militar det\u00e9m trio suspeito de assalto em Itabaiana\",\"datePublished\":\"2018-07-24T13:57:45+00:00\",\"dateModified\":\"2018-07-24T13:57:45+00:00\",\"mainEntityOfPage\":{\"@id\":\"https:\/\/www.pm.pb.gov.br\/portal\/2018\/07\/24\/policia-militar-detem-trio-suspeito-de-assalto-em-itabaiana\/\"},\"wordCount\":153,\"publisher\":{\"@id\":\"https:\/\/www.pm.pb.gov.br\/portal\/#organization\"},\"articleSection\":[\"A\u00e7\u00f5es Policiais\"],\"inLanguage\":\"pt-BR\"},{\"@type\":\"WebPage\",\"@id\":\"https:\/\/www.pm.pb.gov.br\/portal\/2018\/07\/24\/policia-militar-detem-trio-suspeito-de-assalto-em-itabaiana\/\",\"url\":\"https:\/\/www.pm.pb.gov.br\/portal\/2018\/07\/24\/policia-militar-detem-trio-suspeito-de-assalto-em-itabaiana\/\",\"name\":\"Pol\u00edcia Militar det\u00e9m trio suspeito de assalto em Itabaiana - Pol\u00edcia Militar da Para\u00edba\",\"isPartOf\":{\"@id\":\"https:\/\/www.pm.pb.gov.br\/portal\/#website\"},\"datePublished\":\"2018-07-24T13:57:45+00:00\",\"dateModified\":\"2018-07-24T13:57:45+00:00\",\"breadcrumb\":{\"@id\":\"https:\/\/www.pm.pb.gov.br\/portal\/2018\/07\/24\/policia-militar-detem-trio-suspeito-de-assalto-em-itabaiana\/#breadcrumb\"},\"inLanguage\":\"pt-BR\",\"potentialAction\":[{\"@type\":\"ReadAction\",\"target\":[\"https:\/\/www.pm.pb.gov.br\/portal\/2018\/07\/24\/policia-militar-detem-trio-suspeito-de-assalto-em-itabaiana\/\"]}]},{\"@type\":\"BreadcrumbList\",\"@id\":\"https:\/\/www.pm.pb.gov.br\/portal\/2018\/07\/24\/policia-militar-detem-trio-suspeito-de-assalto-em-itabaiana\/#breadcrumb\",\"itemListElement\":[{\"@type\":\"ListItem\",\"position\":1,\"name\":\"In\u00edcio\",\"item\":\"https:\/\/www.pm.pb.gov.br\/portal\/\"},{\"@type\":\"ListItem\",\"position\":2,\"name\":\"Pol\u00edcia Militar det\u00e9m trio suspeito de assalto em Itabaiana\"}]},{\"@type\":\"WebSite\",\"@id\":\"https:\/\/www.pm.pb.gov.br\/portal\/#website\",\"url\":\"https:\/\/www.pm.pb.gov.br\/portal\/\",\"name\":\"Pol\u00edcia Militar da Para\u00edba\",\"description\":\"\",\"publisher\":{\"@id\":\"https:\/\/www.pm.pb.gov.br\/portal\/#organization\"},\"potentialAction\":[{\"@type\":\"SearchAction\",\"target\":{\"@type\":\"EntryPoint\",\"urlTemplate\":\"https:\/\/www.pm.pb.gov.br\/portal\/?s={search_term_string}\"},\"query-input\":\"required name=search_term_string\"}],\"inLanguage\":\"pt-BR\"},{\"@type\":\"Organization\",\"@id\":\"https:\/\/www.pm.pb.gov.br\/portal\/#organization\",\"name\":\"Pol\u00edcia Militar da Para\u00edba\",\"url\":\"https:\/\/www.pm.pb.gov.br\/portal\/\",\"logo\":{\"@type\":\"ImageObject\",\"inLanguage\":\"pt-BR\",\"@id\":\"https:\/\/www.pm.pb.gov.br\/portal\/#\/schema\/logo\/image\/\",\"url\":\"https:\/\/www.pm.pb.gov.br\/portal\/wp-content\/uploads\/2025\/03\/cropped-logo-site-mag2-1.png\",\"contentUrl\":\"https:\/\/www.pm.pb.gov.br\/portal\/wp-content\/uploads\/2025\/03\/cropped-logo-site-mag2-1.png\",\"width\":320,\"height\":90,\"caption\":\"Pol\u00edcia Militar da Para\u00edba\"},\"image\":{\"@id\":\"https:\/\/www.pm.pb.gov.br\/portal\/#\/schema\/logo\/image\/\"}},{\"@type\":\"Person\",\"@id\":\"https:\/\/www.pm.pb.gov.br\/portal\/#\/schema\/person\/30d571652b38533c2211e4e89bf5a502\",\"name\":\"Marcio Gomes dos Santos\",\"image\":{\"@type\":\"ImageObject\",\"inLanguage\":\"pt-BR\",\"@id\":\"https:\/\/www.pm.pb.gov.br\/portal\/#\/schema\/person\/image\/\",\"url\":\"https:\/\/secure.gravatar.com\/avatar\/cf4ec2cb690101e1581c7773aa350c19?s=96&d=mm&r=g\",\"contentUrl\":\"https:\/\/secure.gravatar.com\/avatar\/cf4ec2cb690101e1581c7773aa350c19?s=96&d=mm&r=g\",\"caption\":\"Marcio Gomes dos Santos\"},\"url\":\"https:\/\/www.pm.pb.gov.br\/portal\/author\/mgomes\/\"}]}<\/script>\n<!-- \/ Yoast SEO plugin. -->","yoast_head_json":{"title":"Pol\u00edcia Militar det\u00e9m trio suspeito de assalto em Itabaiana - Pol\u00edcia Militar da Para\u00edba","robots":{"index":"index","follow":"follow","max-snippet":"max-snippet:-1","max-image-preview":"max-image-preview:large","max-video-preview":"max-video-preview:-1"},"canonical":"https:\/\/www.pm.pb.gov.br\/portal\/2018\/07\/24\/policia-militar-detem-trio-suspeito-de-assalto-em-itabaiana\/","og_locale":"pt_BR","og_type":"article","og_title":"Pol\u00edcia Militar det\u00e9m trio suspeito de assalto em Itabaiana - Pol\u00edcia Militar da Para\u00edba","og_description":"Em menos de 20 minutos, a PM prendeu dois suspeitos e apreendeu um adolescente que assaltaram um posto de combust\u00edveis,","og_url":"https:\/\/www.pm.pb.gov.br\/portal\/2018\/07\/24\/policia-militar-detem-trio-suspeito-de-assalto-em-itabaiana\/","og_site_name":"Pol\u00edcia Militar da Para\u00edba","article_published_time":"2018-07-24T13:57:45+00:00","og_image":[{"width":1032,"height":581,"url":"https:\/\/www.pm.pb.gov.br\/portal\/wp-content\/uploads\/2018\/07\/Pris\u00e3o_suspeitos-Itabaiana.jpeg","type":"image\/jpeg"}],"author":"Marcio Gomes dos Santos","twitter_card":"summary_large_image","twitter_misc":{"Escrito por":"Marcio Gomes dos Santos","Est. tempo de leitura":"1 minuto"},"schema":{"@context":"https:\/\/schema.org","@graph":[{"@type":"Article","@id":"https:\/\/www.pm.pb.gov.br\/portal\/2018\/07\/24\/policia-militar-detem-trio-suspeito-de-assalto-em-itabaiana\/#article","isPartOf":{"@id":"https:\/\/www.pm.pb.gov.br\/portal\/2018\/07\/24\/policia-militar-detem-trio-suspeito-de-assalto-em-itabaiana\/"},"author":{"name":"Marcio Gomes dos Santos","@id":"https:\/\/www.pm.pb.gov.br\/portal\/#\/schema\/person\/30d571652b38533c2211e4e89bf5a502"},"headline":"Pol\u00edcia Militar det\u00e9m trio suspeito de assalto em Itabaiana","datePublished":"2018-07-24T13:57:45+00:00","dateModified":"2018-07-24T13:57:45+00:00","mainEntityOfPage":{"@id":"https:\/\/www.pm.pb.gov.br\/portal\/2018\/07\/24\/policia-militar-detem-trio-suspeito-de-assalto-em-itabaiana\/"},"wordCount":153,"publisher":{"@id":"https:\/\/www.pm.pb.gov.br\/portal\/#organization"},"articleSection":["A\u00e7\u00f5es Policiais"],"inLanguage":"pt-BR"},{"@type":"WebPage","@id":"https:\/\/www.pm.pb.gov.br\/portal\/2018\/07\/24\/policia-militar-detem-trio-suspeito-de-assalto-em-itabaiana\/","url":"https:\/\/www.pm.pb.gov.br\/portal\/2018\/07\/24\/policia-militar-detem-trio-suspeito-de-assalto-em-itabaiana\/","name":"Pol\u00edcia Militar det\u00e9m trio suspeito de assalto em Itabaiana - Pol\u00edcia Militar da Para\u00edba","isPartOf":{"@id":"https:\/\/www.pm.pb.gov.br\/portal\/#website"},"datePublished":"2018-07-24T13:57:45+00:00","dateModified":"2018-07-24T13:57:45+00:00","breadcrumb":{"@id":"https:\/\/www.pm.pb.gov.br\/portal\/2018\/07\/24\/policia-militar-detem-trio-suspeito-de-assalto-em-itabaiana\/#breadcrumb"},"inLanguage":"pt-BR","potentialAction":[{"@type":"ReadAction","target":["https:\/\/www.pm.pb.gov.br\/portal\/2018\/07\/24\/policia-militar-detem-trio-suspeito-de-assalto-em-itabaiana\/"]}]},{"@type":"BreadcrumbList","@id":"https:\/\/www.pm.pb.gov.br\/portal\/2018\/07\/24\/policia-militar-detem-trio-suspeito-de-assalto-em-itabaiana\/#breadcrumb","itemListElement":[{"@type":"ListItem","position":1,"name":"In\u00edcio","item":"https:\/\/www.pm.pb.gov.br\/portal\/"},{"@type":"ListItem","position":2,"name":"Pol\u00edcia Militar det\u00e9m trio suspeito de assalto em Itabaiana"}]},{"@type":"WebSite","@id":"https:\/\/www.pm.pb.gov.br\/portal\/#website","url":"https:\/\/www.pm.pb.gov.br\/portal\/","name":"Pol\u00edcia Militar da Para\u00edba","description":"","publisher":{"@id":"https:\/\/www.pm.pb.gov.br\/portal\/#organization"},"potentialAction":[{"@type":"SearchAction","target":{"@type":"EntryPoint","urlTemplate":"https:\/\/www.pm.pb.gov.br\/portal\/?s={search_term_string}"},"query-input":"required name=search_term_string"}],"inLanguage":"pt-BR"},{"@type":"Organization","@id":"https:\/\/www.pm.pb.gov.br\/portal\/#organization","name":"Pol\u00edcia Militar da Para\u00edba","url":"https:\/\/www.pm.pb.gov.br\/portal\/","logo":{"@type":"ImageObject","inLanguage":"pt-BR","@id":"https:\/\/www.pm.pb.gov.br\/portal\/#\/schema\/logo\/image\/","url":"https:\/\/www.pm.pb.gov.br\/portal\/wp-content\/uploads\/2025\/03\/cropped-logo-site-mag2-1.png","contentUrl":"https:\/\/www.pm.pb.gov.br\/portal\/wp-content\/uploads\/2025\/03\/cropped-logo-site-mag2-1.png","width":320,"height":90,"caption":"Pol\u00edcia Militar da Para\u00edba"},"image":{"@id":"https:\/\/www.pm.pb.gov.br\/portal\/#\/schema\/logo\/image\/"}},{"@type":"Person","@id":"https:\/\/www.pm.pb.gov.br\/portal\/#\/schema\/person\/30d571652b38533c2211e4e89bf5a502","name":"Marcio Gomes dos Santos","image":{"@type":"ImageObject","inLanguage":"pt-BR","@id":"https:\/\/www.pm.pb.gov.br\/portal\/#\/schema\/person\/image\/","url":"https:\/\/secure.gravatar.com\/avatar\/cf4ec2cb690101e1581c7773aa350c19?s=96&d=mm&r=g","contentUrl":"https:\/\/secure.gravatar.com\/avatar\/cf4ec2cb690101e1581c7773aa350c19?s=96&d=mm&r=g","caption":"Marcio Gomes dos Santos"},"url":"https:\/\/www.pm.pb.gov.br\/portal\/author\/mgomes\/"}]}},"_links":{"self":[{"href":"https:\/\/www.pm.pb.gov.br\/portal\/wp-json\/wp\/v2\/posts\/898497"}],"collection":[{"href":"https:\/\/www.pm.pb.gov.br\/portal\/wp-json\/wp\/v2\/posts"}],"about":[{"href":"https:\/\/www.pm.pb.gov.br\/portal\/wp-json\/wp\/v2\/types\/post"}],"author":[{"embeddable":true,"href":"https:\/\/www.pm.pb.gov.br\/portal\/wp-json\/wp\/v2\/users\/15"}],"replies":[{"embeddable":true,"href":"https:\/\/www.pm.pb.gov.br\/portal\/wp-json\/wp\/v2\/comments?post=898497"}],"version-history":[{"count":1,"href":"https:\/\/www.pm.pb.gov.br\/portal\/wp-json\/wp\/v2\/posts\/898497\/revisions"}],"predecessor-version":[{"id":898499,"href":"https:\/\/www.pm.pb.gov.br\/portal\/wp-json\/wp\/v2\/posts\/898497\/revisions\/898499"}],"wp:featuredmedia":[{"embeddable":true,"href":"https:\/\/www.pm.pb.gov.br\/portal\/wp-json\/wp\/v2\/media\/898498"}],"wp:attachment":[{"href":"https:\/\/www.pm.pb.gov.br\/portal\/wp-json\/wp\/v2\/media?parent=898497"}],"wp:term":[{"taxonomy":"category","embeddable":true,"href":"https:\/\/www.pm.pb.gov.br\/portal\/wp-json\/wp\/v2\/categories?post=898497"},{"taxonomy":"post_tag","embeddable":true,"href":"https:\/\/www.pm.pb.gov.br\/portal\/wp-json\/wp\/v2\/tags?post=898497"}],"curies":[{"name":"wp","href":"https:\/\/api.w.org\/{rel}","templated":true}]}}