{"id":898336,"date":"2018-06-25T14:14:48","date_gmt":"2018-06-25T17:14:48","guid":{"rendered":"http:\/\/www.pm.pb.gov.br\/portal\/?p=898336"},"modified":"2018-06-25T20:33:21","modified_gmt":"2018-06-25T23:33:21","slug":"policia-militar-prende-suspeitos-com-armas-e-drogas-em-acoes-no-final-de-semana-do-sao-joao","status":"publish","type":"post","link":"https:\/\/www.pm.pb.gov.br\/portal\/2018\/06\/25\/policia-militar-prende-suspeitos-com-armas-e-drogas-em-acoes-no-final-de-semana-do-sao-joao\/","title":{"rendered":"Pol\u00edcia Militar prende suspeitos com armas e drogas em a\u00e7\u00f5es no final de semana do S\u00e3o Jo\u00e3o"},"content":{"rendered":"<p style=\"text-align: justify;\">Em tr\u00eas dias de a\u00e7\u00f5es em todo o estado, a Pol\u00edcia Militar da Para\u00edba prendeu e apreendeu 132 pessoas por diversos crimes e atos infracionais praticados nesse \u00faltimo final de semana que ocorreu o S\u00e3o Jo\u00e3o. Em ocorr\u00eancias de maior gravidade como homic\u00eddio, porte e posse ilegal de arma de fogo, roubo, e furto, foram 102 maiores conduzidos \u00e0s delegacias. Da 00h de sexta-feira (22) \u00e0s 23h59 de domingo (24), al\u00e9m do policiamento ostensivo e preventivo rotineiro, a PM esteve em 105 eventos juninos, em 43 cidades paraibanas.<\/p>\n<p style=\"text-align: justify;\">Os dados s\u00e3o da Coordenadoria de Estat\u00edstica e Avalia\u00e7\u00e3o da PM, que revelaram ainda que mais de 11 quilos de drogas foram apreendidas no per\u00edodo, como os cinco quilos de coca\u00edna que estava com um suspeito preso, na tarde de domingo em Mangabeira, Capital. Em Sousa, durante uma festa de S\u00e3o Jo\u00e3o, a PM abordou um casal de 40 e 21 anos, e com eles encontraram 40 pedras de subst\u00e2ncia similar a crack e nove trouxas de maconha.<\/p>\n<figure id=\"attachment_898331\" aria-describedby=\"caption-attachment-898331\" style=\"width: 576px\" class=\"wp-caption aligncenter\"><img loading=\"lazy\" decoding=\"async\" class=\"wp-image-898331\" src=\"http:\/\/www.pm.pb.gov.br\/portal\/wp-content\/uploads\/2018\/06\/WhatsApp-Image-2018-06-24-at-19.09.33.jpeg\" alt=\"\" width=\"576\" height=\"321\" srcset=\"https:\/\/www.pm.pb.gov.br\/portal\/wp-content\/uploads\/2018\/06\/WhatsApp-Image-2018-06-24-at-19.09.33.jpeg 800w, https:\/\/www.pm.pb.gov.br\/portal\/wp-content\/uploads\/2018\/06\/WhatsApp-Image-2018-06-24-at-19.09.33-245x136.jpeg 245w, https:\/\/www.pm.pb.gov.br\/portal\/wp-content\/uploads\/2018\/06\/WhatsApp-Image-2018-06-24-at-19.09.33-768x427.jpeg 768w\" sizes=\"(max-width: 576px) 100vw, 576px\" \/><figcaption id=\"caption-attachment-898331\" class=\"wp-caption-text\">C<span style=\"font-size: 10pt;\">oca\u00edna apreendida na zona sul de Jo\u00e3o Pessoa<\/span><\/figcaption><\/figure>\n<p style=\"text-align: justify;\">Entre os suspeitos de homic\u00eddio, dois foram presos em flagrante, na sexta-feira (22), ap\u00f3s o assassinato de um homem no bairro de Jos\u00e9 Am\u00e9rico em Jo\u00e3o Pessoa, resultando ainda na apreens\u00e3o de um rev\u00f3lver. Na madrugada do domingo, na zona rural de Dona In\u00eas, regi\u00e3o do Brejo do estado, outro rev\u00f3lver foi apreendido ap\u00f3s festividades juninas. Uma dupla foi abordada e com um dos suspeitos a PM localizou a arma com duas muni\u00e7\u00f5es, e o homem foi preso.<\/p>\n<p style=\"text-align: justify;\">Entre os suspeitos de furto que foram encaminhados \u00e0s delegacias est\u00e1 um homem de 23 anos, localizado com uma televis\u00e3o de 50 polegadas, notebook, aparelho de DVD, um receptor de sat\u00e9lite, um telefone celular, entre outros objetos, levados da granja de uma v\u00edtima no Conde, litoral sul do estado. \u00a0Nos Banc\u00e1rios na capital, ainda na manh\u00e3 da sexta, um suspeito de roubo foi preso em flagrante com um rev\u00f3lver calibre 38.<\/p>\n<figure id=\"attachment_898337\" aria-describedby=\"caption-attachment-898337\" style=\"width: 550px\" class=\"wp-caption aligncenter\"><img loading=\"lazy\" decoding=\"async\" class=\"wp-image-898337\" src=\"http:\/\/www.pm.pb.gov.br\/portal\/wp-content\/uploads\/2018\/06\/WhatsApp-Image-2018-06-25-at-09.52.37-687x445.jpeg\" alt=\"\" width=\"550\" height=\"358\" \/><figcaption id=\"caption-attachment-898337\" class=\"wp-caption-text\"><span style=\"font-size: 10pt;\">Materiais recuperados com um suspeito de furto, no Conde.<\/span><\/figcaption><\/figure>\n<p style=\"text-align: justify;\">Da sexta ao domingo foram cumpridos quatro mandados de pris\u00e3o e 14 menores em atos infracionais foram apreendidos.<\/p>\n","protected":false},"excerpt":{"rendered":"<p>Em tr\u00eas dias de a\u00e7\u00f5es em todo o estado, a Pol\u00edcia Militar da Para\u00edba prendeu e apreendeu 132 pessoas por<\/p>\n","protected":false},"author":12,"featured_media":895497,"comment_status":"closed","ping_status":"closed","sticky":false,"template":"","format":"standard","meta":{"_exactmetrics_skip_tracking":false,"_exactmetrics_sitenote_active":false,"_exactmetrics_sitenote_note":"","_exactmetrics_sitenote_category":0,"footnotes":""},"categories":[4],"tags":[],"yoast_head":"<!-- This site is optimized with the Yoast SEO plugin v22.0 - https:\/\/yoast.com\/wordpress\/plugins\/seo\/ -->\n<title>Pol\u00edcia Militar prende suspeitos com armas e drogas em a\u00e7\u00f5es no final de semana do S\u00e3o Jo\u00e3o - Pol\u00edcia Militar da Para\u00edba<\/title>\n<meta name=\"robots\" content=\"index, follow, max-snippet:-1, max-image-preview:large, max-video-preview:-1\" \/>\n<link rel=\"canonical\" href=\"https:\/\/www.pm.pb.gov.br\/portal\/2018\/06\/25\/policia-militar-prende-suspeitos-com-armas-e-drogas-em-acoes-no-final-de-semana-do-sao-joao\/\" \/>\n<meta property=\"og:locale\" content=\"pt_BR\" \/>\n<meta property=\"og:type\" content=\"article\" \/>\n<meta property=\"og:title\" content=\"Pol\u00edcia Militar prende suspeitos com armas e drogas em a\u00e7\u00f5es no final de semana do S\u00e3o Jo\u00e3o - Pol\u00edcia Militar da Para\u00edba\" \/>\n<meta property=\"og:description\" content=\"Em tr\u00eas dias de a\u00e7\u00f5es em todo o estado, a Pol\u00edcia Militar da Para\u00edba prendeu e apreendeu 132 pessoas por\" \/>\n<meta property=\"og:url\" content=\"https:\/\/www.pm.pb.gov.br\/portal\/2018\/06\/25\/policia-militar-prende-suspeitos-com-armas-e-drogas-em-acoes-no-final-de-semana-do-sao-joao\/\" \/>\n<meta property=\"og:site_name\" content=\"Pol\u00edcia Militar da Para\u00edba\" \/>\n<meta property=\"article:published_time\" content=\"2018-06-25T17:14:48+00:00\" \/>\n<meta property=\"article:modified_time\" content=\"2018-06-25T23:33:21+00:00\" \/>\n<meta property=\"og:image\" content=\"https:\/\/www.pm.pb.gov.br\/portal\/wp-content\/uploads\/2017\/09\/imagem-ilustrativa1.jpg\" \/>\n\t<meta property=\"og:image:width\" content=\"800\" \/>\n\t<meta property=\"og:image:height\" content=\"445\" \/>\n\t<meta property=\"og:image:type\" content=\"image\/jpeg\" \/>\n<meta name=\"author\" content=\"Tarcisio Oliveira\" \/>\n<meta name=\"twitter:card\" content=\"summary_large_image\" \/>\n<meta name=\"twitter:label1\" content=\"Escrito por\" \/>\n\t<meta name=\"twitter:data1\" content=\"Tarcisio Oliveira\" \/>\n\t<meta name=\"twitter:label2\" content=\"Est. tempo de leitura\" \/>\n\t<meta name=\"twitter:data2\" content=\"2 minutos\" \/>\n<script type=\"application\/ld+json\" class=\"yoast-schema-graph\">{\"@context\":\"https:\/\/schema.org\",\"@graph\":[{\"@type\":\"Article\",\"@id\":\"https:\/\/www.pm.pb.gov.br\/portal\/2018\/06\/25\/policia-militar-prende-suspeitos-com-armas-e-drogas-em-acoes-no-final-de-semana-do-sao-joao\/#article\",\"isPartOf\":{\"@id\":\"https:\/\/www.pm.pb.gov.br\/portal\/2018\/06\/25\/policia-militar-prende-suspeitos-com-armas-e-drogas-em-acoes-no-final-de-semana-do-sao-joao\/\"},\"author\":{\"name\":\"Tarcisio Oliveira\",\"@id\":\"https:\/\/www.pm.pb.gov.br\/portal\/#\/schema\/person\/f84f56dcc78ce4357054da888b8247fd\"},\"headline\":\"Pol\u00edcia Militar prende suspeitos com armas e drogas em a\u00e7\u00f5es no final de semana do S\u00e3o Jo\u00e3o\",\"datePublished\":\"2018-06-25T17:14:48+00:00\",\"dateModified\":\"2018-06-25T23:33:21+00:00\",\"mainEntityOfPage\":{\"@id\":\"https:\/\/www.pm.pb.gov.br\/portal\/2018\/06\/25\/policia-militar-prende-suspeitos-com-armas-e-drogas-em-acoes-no-final-de-semana-do-sao-joao\/\"},\"wordCount\":406,\"publisher\":{\"@id\":\"https:\/\/www.pm.pb.gov.br\/portal\/#organization\"},\"articleSection\":[\"A\u00e7\u00f5es Policiais\"],\"inLanguage\":\"pt-BR\"},{\"@type\":\"WebPage\",\"@id\":\"https:\/\/www.pm.pb.gov.br\/portal\/2018\/06\/25\/policia-militar-prende-suspeitos-com-armas-e-drogas-em-acoes-no-final-de-semana-do-sao-joao\/\",\"url\":\"https:\/\/www.pm.pb.gov.br\/portal\/2018\/06\/25\/policia-militar-prende-suspeitos-com-armas-e-drogas-em-acoes-no-final-de-semana-do-sao-joao\/\",\"name\":\"Pol\u00edcia Militar prende suspeitos com armas e drogas em a\u00e7\u00f5es no final de semana do S\u00e3o Jo\u00e3o - Pol\u00edcia Militar da Para\u00edba\",\"isPartOf\":{\"@id\":\"https:\/\/www.pm.pb.gov.br\/portal\/#website\"},\"datePublished\":\"2018-06-25T17:14:48+00:00\",\"dateModified\":\"2018-06-25T23:33:21+00:00\",\"breadcrumb\":{\"@id\":\"https:\/\/www.pm.pb.gov.br\/portal\/2018\/06\/25\/policia-militar-prende-suspeitos-com-armas-e-drogas-em-acoes-no-final-de-semana-do-sao-joao\/#breadcrumb\"},\"inLanguage\":\"pt-BR\",\"potentialAction\":[{\"@type\":\"ReadAction\",\"target\":[\"https:\/\/www.pm.pb.gov.br\/portal\/2018\/06\/25\/policia-militar-prende-suspeitos-com-armas-e-drogas-em-acoes-no-final-de-semana-do-sao-joao\/\"]}]},{\"@type\":\"BreadcrumbList\",\"@id\":\"https:\/\/www.pm.pb.gov.br\/portal\/2018\/06\/25\/policia-militar-prende-suspeitos-com-armas-e-drogas-em-acoes-no-final-de-semana-do-sao-joao\/#breadcrumb\",\"itemListElement\":[{\"@type\":\"ListItem\",\"position\":1,\"name\":\"In\u00edcio\",\"item\":\"https:\/\/www.pm.pb.gov.br\/portal\/\"},{\"@type\":\"ListItem\",\"position\":2,\"name\":\"Pol\u00edcia Militar prende suspeitos com armas e drogas em a\u00e7\u00f5es no final de semana do S\u00e3o Jo\u00e3o\"}]},{\"@type\":\"WebSite\",\"@id\":\"https:\/\/www.pm.pb.gov.br\/portal\/#website\",\"url\":\"https:\/\/www.pm.pb.gov.br\/portal\/\",\"name\":\"Pol\u00edcia Militar da Para\u00edba\",\"description\":\"\",\"publisher\":{\"@id\":\"https:\/\/www.pm.pb.gov.br\/portal\/#organization\"},\"potentialAction\":[{\"@type\":\"SearchAction\",\"target\":{\"@type\":\"EntryPoint\",\"urlTemplate\":\"https:\/\/www.pm.pb.gov.br\/portal\/?s={search_term_string}\"},\"query-input\":\"required name=search_term_string\"}],\"inLanguage\":\"pt-BR\"},{\"@type\":\"Organization\",\"@id\":\"https:\/\/www.pm.pb.gov.br\/portal\/#organization\",\"name\":\"Pol\u00edcia Militar da Para\u00edba\",\"url\":\"https:\/\/www.pm.pb.gov.br\/portal\/\",\"logo\":{\"@type\":\"ImageObject\",\"inLanguage\":\"pt-BR\",\"@id\":\"https:\/\/www.pm.pb.gov.br\/portal\/#\/schema\/logo\/image\/\",\"url\":\"https:\/\/www.pm.pb.gov.br\/portal\/wp-content\/uploads\/2025\/03\/cropped-logo-site-mag2-1.png\",\"contentUrl\":\"https:\/\/www.pm.pb.gov.br\/portal\/wp-content\/uploads\/2025\/03\/cropped-logo-site-mag2-1.png\",\"width\":320,\"height\":90,\"caption\":\"Pol\u00edcia Militar da Para\u00edba\"},\"image\":{\"@id\":\"https:\/\/www.pm.pb.gov.br\/portal\/#\/schema\/logo\/image\/\"}},{\"@type\":\"Person\",\"@id\":\"https:\/\/www.pm.pb.gov.br\/portal\/#\/schema\/person\/f84f56dcc78ce4357054da888b8247fd\",\"name\":\"Tarcisio Oliveira\",\"image\":{\"@type\":\"ImageObject\",\"inLanguage\":\"pt-BR\",\"@id\":\"https:\/\/www.pm.pb.gov.br\/portal\/#\/schema\/person\/image\/\",\"url\":\"https:\/\/secure.gravatar.com\/avatar\/72917b630b69d31cd0297507f34bac97?s=96&d=mm&r=g\",\"contentUrl\":\"https:\/\/secure.gravatar.com\/avatar\/72917b630b69d31cd0297507f34bac97?s=96&d=mm&r=g\",\"caption\":\"Tarcisio Oliveira\"},\"url\":\"https:\/\/www.pm.pb.gov.br\/portal\/author\/tarcisio\/\"}]}<\/script>\n<!-- \/ Yoast SEO plugin. -->","yoast_head_json":{"title":"Pol\u00edcia Militar prende suspeitos com armas e drogas em a\u00e7\u00f5es no final de semana do S\u00e3o Jo\u00e3o - Pol\u00edcia Militar da Para\u00edba","robots":{"index":"index","follow":"follow","max-snippet":"max-snippet:-1","max-image-preview":"max-image-preview:large","max-video-preview":"max-video-preview:-1"},"canonical":"https:\/\/www.pm.pb.gov.br\/portal\/2018\/06\/25\/policia-militar-prende-suspeitos-com-armas-e-drogas-em-acoes-no-final-de-semana-do-sao-joao\/","og_locale":"pt_BR","og_type":"article","og_title":"Pol\u00edcia Militar prende suspeitos com armas e drogas em a\u00e7\u00f5es no final de semana do S\u00e3o Jo\u00e3o - Pol\u00edcia Militar da Para\u00edba","og_description":"Em tr\u00eas dias de a\u00e7\u00f5es em todo o estado, a Pol\u00edcia Militar da Para\u00edba prendeu e apreendeu 132 pessoas por","og_url":"https:\/\/www.pm.pb.gov.br\/portal\/2018\/06\/25\/policia-militar-prende-suspeitos-com-armas-e-drogas-em-acoes-no-final-de-semana-do-sao-joao\/","og_site_name":"Pol\u00edcia Militar da Para\u00edba","article_published_time":"2018-06-25T17:14:48+00:00","article_modified_time":"2018-06-25T23:33:21+00:00","og_image":[{"width":800,"height":445,"url":"https:\/\/www.pm.pb.gov.br\/portal\/wp-content\/uploads\/2017\/09\/imagem-ilustrativa1.jpg","type":"image\/jpeg"}],"author":"Tarcisio Oliveira","twitter_card":"summary_large_image","twitter_misc":{"Escrito por":"Tarcisio Oliveira","Est. tempo de leitura":"2 minutos"},"schema":{"@context":"https:\/\/schema.org","@graph":[{"@type":"Article","@id":"https:\/\/www.pm.pb.gov.br\/portal\/2018\/06\/25\/policia-militar-prende-suspeitos-com-armas-e-drogas-em-acoes-no-final-de-semana-do-sao-joao\/#article","isPartOf":{"@id":"https:\/\/www.pm.pb.gov.br\/portal\/2018\/06\/25\/policia-militar-prende-suspeitos-com-armas-e-drogas-em-acoes-no-final-de-semana-do-sao-joao\/"},"author":{"name":"Tarcisio Oliveira","@id":"https:\/\/www.pm.pb.gov.br\/portal\/#\/schema\/person\/f84f56dcc78ce4357054da888b8247fd"},"headline":"Pol\u00edcia Militar prende suspeitos com armas e drogas em a\u00e7\u00f5es no final de semana do S\u00e3o Jo\u00e3o","datePublished":"2018-06-25T17:14:48+00:00","dateModified":"2018-06-25T23:33:21+00:00","mainEntityOfPage":{"@id":"https:\/\/www.pm.pb.gov.br\/portal\/2018\/06\/25\/policia-militar-prende-suspeitos-com-armas-e-drogas-em-acoes-no-final-de-semana-do-sao-joao\/"},"wordCount":406,"publisher":{"@id":"https:\/\/www.pm.pb.gov.br\/portal\/#organization"},"articleSection":["A\u00e7\u00f5es Policiais"],"inLanguage":"pt-BR"},{"@type":"WebPage","@id":"https:\/\/www.pm.pb.gov.br\/portal\/2018\/06\/25\/policia-militar-prende-suspeitos-com-armas-e-drogas-em-acoes-no-final-de-semana-do-sao-joao\/","url":"https:\/\/www.pm.pb.gov.br\/portal\/2018\/06\/25\/policia-militar-prende-suspeitos-com-armas-e-drogas-em-acoes-no-final-de-semana-do-sao-joao\/","name":"Pol\u00edcia Militar prende suspeitos com armas e drogas em a\u00e7\u00f5es no final de semana do S\u00e3o Jo\u00e3o - Pol\u00edcia Militar da Para\u00edba","isPartOf":{"@id":"https:\/\/www.pm.pb.gov.br\/portal\/#website"},"datePublished":"2018-06-25T17:14:48+00:00","dateModified":"2018-06-25T23:33:21+00:00","breadcrumb":{"@id":"https:\/\/www.pm.pb.gov.br\/portal\/2018\/06\/25\/policia-militar-prende-suspeitos-com-armas-e-drogas-em-acoes-no-final-de-semana-do-sao-joao\/#breadcrumb"},"inLanguage":"pt-BR","potentialAction":[{"@type":"ReadAction","target":["https:\/\/www.pm.pb.gov.br\/portal\/2018\/06\/25\/policia-militar-prende-suspeitos-com-armas-e-drogas-em-acoes-no-final-de-semana-do-sao-joao\/"]}]},{"@type":"BreadcrumbList","@id":"https:\/\/www.pm.pb.gov.br\/portal\/2018\/06\/25\/policia-militar-prende-suspeitos-com-armas-e-drogas-em-acoes-no-final-de-semana-do-sao-joao\/#breadcrumb","itemListElement":[{"@type":"ListItem","position":1,"name":"In\u00edcio","item":"https:\/\/www.pm.pb.gov.br\/portal\/"},{"@type":"ListItem","position":2,"name":"Pol\u00edcia Militar prende suspeitos com armas e drogas em a\u00e7\u00f5es no final de semana do S\u00e3o Jo\u00e3o"}]},{"@type":"WebSite","@id":"https:\/\/www.pm.pb.gov.br\/portal\/#website","url":"https:\/\/www.pm.pb.gov.br\/portal\/","name":"Pol\u00edcia Militar da Para\u00edba","description":"","publisher":{"@id":"https:\/\/www.pm.pb.gov.br\/portal\/#organization"},"potentialAction":[{"@type":"SearchAction","target":{"@type":"EntryPoint","urlTemplate":"https:\/\/www.pm.pb.gov.br\/portal\/?s={search_term_string}"},"query-input":"required name=search_term_string"}],"inLanguage":"pt-BR"},{"@type":"Organization","@id":"https:\/\/www.pm.pb.gov.br\/portal\/#organization","name":"Pol\u00edcia Militar da Para\u00edba","url":"https:\/\/www.pm.pb.gov.br\/portal\/","logo":{"@type":"ImageObject","inLanguage":"pt-BR","@id":"https:\/\/www.pm.pb.gov.br\/portal\/#\/schema\/logo\/image\/","url":"https:\/\/www.pm.pb.gov.br\/portal\/wp-content\/uploads\/2025\/03\/cropped-logo-site-mag2-1.png","contentUrl":"https:\/\/www.pm.pb.gov.br\/portal\/wp-content\/uploads\/2025\/03\/cropped-logo-site-mag2-1.png","width":320,"height":90,"caption":"Pol\u00edcia Militar da Para\u00edba"},"image":{"@id":"https:\/\/www.pm.pb.gov.br\/portal\/#\/schema\/logo\/image\/"}},{"@type":"Person","@id":"https:\/\/www.pm.pb.gov.br\/portal\/#\/schema\/person\/f84f56dcc78ce4357054da888b8247fd","name":"Tarcisio Oliveira","image":{"@type":"ImageObject","inLanguage":"pt-BR","@id":"https:\/\/www.pm.pb.gov.br\/portal\/#\/schema\/person\/image\/","url":"https:\/\/secure.gravatar.com\/avatar\/72917b630b69d31cd0297507f34bac97?s=96&d=mm&r=g","contentUrl":"https:\/\/secure.gravatar.com\/avatar\/72917b630b69d31cd0297507f34bac97?s=96&d=mm&r=g","caption":"Tarcisio Oliveira"},"url":"https:\/\/www.pm.pb.gov.br\/portal\/author\/tarcisio\/"}]}},"_links":{"self":[{"href":"https:\/\/www.pm.pb.gov.br\/portal\/wp-json\/wp\/v2\/posts\/898336"}],"collection":[{"href":"https:\/\/www.pm.pb.gov.br\/portal\/wp-json\/wp\/v2\/posts"}],"about":[{"href":"https:\/\/www.pm.pb.gov.br\/portal\/wp-json\/wp\/v2\/types\/post"}],"author":[{"embeddable":true,"href":"https:\/\/www.pm.pb.gov.br\/portal\/wp-json\/wp\/v2\/users\/12"}],"replies":[{"embeddable":true,"href":"https:\/\/www.pm.pb.gov.br\/portal\/wp-json\/wp\/v2\/comments?post=898336"}],"version-history":[{"count":1,"href":"https:\/\/www.pm.pb.gov.br\/portal\/wp-json\/wp\/v2\/posts\/898336\/revisions"}],"predecessor-version":[{"id":898338,"href":"https:\/\/www.pm.pb.gov.br\/portal\/wp-json\/wp\/v2\/posts\/898336\/revisions\/898338"}],"wp:featuredmedia":[{"embeddable":true,"href":"https:\/\/www.pm.pb.gov.br\/portal\/wp-json\/wp\/v2\/media\/895497"}],"wp:attachment":[{"href":"https:\/\/www.pm.pb.gov.br\/portal\/wp-json\/wp\/v2\/media?parent=898336"}],"wp:term":[{"taxonomy":"category","embeddable":true,"href":"https:\/\/www.pm.pb.gov.br\/portal\/wp-json\/wp\/v2\/categories?post=898336"},{"taxonomy":"post_tag","embeddable":true,"href":"https:\/\/www.pm.pb.gov.br\/portal\/wp-json\/wp\/v2\/tags?post=898336"}],"curies":[{"name":"wp","href":"https:\/\/api.w.org\/{rel}","templated":true}]}}