{"id":898263,"date":"2018-06-16T01:13:32","date_gmt":"2018-06-16T04:13:32","guid":{"rendered":"http:\/\/www.pm.pb.gov.br\/portal\/?p=898263"},"modified":"2018-06-16T01:13:32","modified_gmt":"2018-06-16T04:13:32","slug":"joao-pessoa-tem-a-menor-taxa-de-homicidios-entre-as-capitais-do-nordeste","status":"publish","type":"post","link":"https:\/\/www.pm.pb.gov.br\/portal\/2018\/06\/16\/joao-pessoa-tem-a-menor-taxa-de-homicidios-entre-as-capitais-do-nordeste\/","title":{"rendered":"Jo\u00e3o Pessoa tem a menor taxa de homic\u00eddios entre as capitais do Nordeste"},"content":{"rendered":"<p style=\"text-align: justify;\">A Para\u00edba voltou a ser destaque no Atlas da Viol\u00eancia 2018, registrando baixos \u00edndices de mortes violentas entre os munic\u00edpios brasileiros com popula\u00e7\u00e3o superior a 100 mil habitantes. O estudo aponta que Jo\u00e3o Pessoa \u00e9 a Capital do Nordeste com a menor taxa de homic\u00eddios e a 14\u00aa do pa\u00eds, enquanto Campina Grande tem a menor taxa entre as maiores cidades do interior nordestino.<\/p>\n<p style=\"text-align: justify;\">Em seu perfil no Twitter, o governador Ricardo Coutinho comentou que, al\u00e9m de ter a menor taxa de homic\u00eddios no Nordeste, Jo\u00e3o Pessoa atingiu o menor \u00edndice desde 2000. Ele lembra que quando assumiu o Governo do Estado, em 2011, Jo\u00e3o Pessoa possu\u00eda a maior taxa de mortes violentas na regi\u00e3o. E ressaltou: \u201cA melhor resposta, sempre, \u00e9 o trabalho. Em 2018, continuar\u00e1 a cair\u201d.<\/p>\n<p style=\"text-align: justify;\">Segundo o Altas da Viol\u00eancia 2018 \u2013 Retrato dos Munic\u00edpios, nos \u00faltimos 10 anos, de 2007 a 2016, a taxa de homic\u00eddios de Jo\u00e3o Pessoa caiu cerca de 13%, saindo de 51,6 para 44,9 assassinatos para cada grupo de 100 mil habitantes. Nos 10 anos anteriores, 1997 a 2006, a taxa de homic\u00eddios na Capital paraibana cresceu 44%, saindo de 29,5 para 42,4 homic\u00eddios para cada grupo de 100 mil habitantes. Campina Grande registrou uma taxa de 36,5 assassinatos por 100 mil habitantes em 2016.<\/p>\n<p style=\"text-align: justify;\"><strong>Nos Estados \u2013<\/strong> Na semana passada, o Atlas da Viol\u00eancia 2018 destacou a Para\u00edba como um dos estados que obteve mais redu\u00e7\u00e3o de homic\u00eddios no pa\u00eds durante os \u00faltimos anos, ressaltando o envolvimento direto do governador Ricardo Coutinho na quest\u00e3o da Seguran\u00e7a P\u00fablica. Segundo o levantamento, a Para\u00edba saiu da posi\u00e7\u00e3o de 3\u00ba para 18\u00ba entre os mais violentos do Brasil e registrou uma redu\u00e7\u00e3o de 20,4% na taxa de homic\u00eddios no per\u00edodo de 2011 a 2016.<\/p>\n<p style=\"text-align: justify;\">Al\u00e9m do envolvimento direto do governador Ricardo Coutinho, o Atlas da Viol\u00eancia apontou ainda a efici\u00eancia do Programa Para\u00edba Unida pela Paz, propiciando a diminui\u00e7\u00e3o gradativa nas taxas de homic\u00eddios.<\/p>\n<p style=\"text-align: justify;\">Ainda segundo o Atlas, a taxa de homic\u00eddios na Para\u00edba \u00e9 a segunda menor do Nordeste, com uma m\u00e9dia de 33,9 assassinatos para cada grupo de 100 mil habitantes. O n\u00famero \u00e9 maior apenas do que encontrado no Piau\u00ed, onde a taxa ficou em 21,8, a terceira menor do pa\u00eds. Por sua vez, a taxa de Sergipe foi de 64,7, quase duas vezes mais que o contabilizado na Para\u00edba, de acordo com o estudo. Os estados de Alagoas (54,2), Rio Grande do Norte (53,4) e Pernambuco (47,3) foram seguidos por Bahia (46,9), Cear\u00e1 ( 40,6) e Maranh\u00e3o (34,6), que tamb\u00e9m apareceram na sequ\u00eancia com registros elevados.<\/p>\n<p style=\"text-align: justify;\">No ano de 2016, a Para\u00edba foi a unidade da federa\u00e7\u00e3o que registrou maior redu\u00e7\u00e3o de mortes violentas de jovens. O Atlas apontou que o estado apresentou redu\u00e7\u00e3o na taxa de homic\u00eddios de pessoas de 15 a 29 anos, em rela\u00e7\u00e3o ao ano anterior. A queda chegou a 15,6%. Al\u00e9m do territ\u00f3rio paraibano, a diminui\u00e7\u00e3o s\u00f3 ocorreu em Maranh\u00e3o, (-3,6%), Mato Grosso (-2,5%), Amazonas ( \u2013 3,3%) , S\u00e3o Paulo (-13,5% ), Cear\u00e1 ( \u2013 14,2%) e Esp\u00edrito Santo (- 14,8%).<\/p>\n","protected":false},"excerpt":{"rendered":"<p>A Para\u00edba voltou a ser destaque no Atlas da Viol\u00eancia 2018, registrando baixos \u00edndices de mortes violentas entre os munic\u00edpios<\/p>\n","protected":false},"author":12,"featured_media":895976,"comment_status":"closed","ping_status":"closed","sticky":false,"template":"","format":"standard","meta":{"_exactmetrics_skip_tracking":false,"_exactmetrics_sitenote_active":false,"_exactmetrics_sitenote_note":"","_exactmetrics_sitenote_category":0,"footnotes":""},"categories":[15],"tags":[],"yoast_head":"<!-- This site is optimized with the Yoast SEO plugin v22.0 - https:\/\/yoast.com\/wordpress\/plugins\/seo\/ -->\n<title>Jo\u00e3o Pessoa tem a menor taxa de homic\u00eddios entre as capitais do Nordeste - Pol\u00edcia Militar da Para\u00edba<\/title>\n<meta name=\"robots\" content=\"index, follow, max-snippet:-1, max-image-preview:large, max-video-preview:-1\" \/>\n<link rel=\"canonical\" href=\"https:\/\/www.pm.pb.gov.br\/portal\/2018\/06\/16\/joao-pessoa-tem-a-menor-taxa-de-homicidios-entre-as-capitais-do-nordeste\/\" \/>\n<meta property=\"og:locale\" content=\"pt_BR\" \/>\n<meta property=\"og:type\" content=\"article\" \/>\n<meta property=\"og:title\" content=\"Jo\u00e3o Pessoa tem a menor taxa de homic\u00eddios entre as capitais do Nordeste - Pol\u00edcia Militar da Para\u00edba\" \/>\n<meta property=\"og:description\" content=\"A Para\u00edba voltou a ser destaque no Atlas da Viol\u00eancia 2018, registrando baixos \u00edndices de mortes violentas entre os munic\u00edpios\" \/>\n<meta property=\"og:url\" content=\"https:\/\/www.pm.pb.gov.br\/portal\/2018\/06\/16\/joao-pessoa-tem-a-menor-taxa-de-homicidios-entre-as-capitais-do-nordeste\/\" \/>\n<meta property=\"og:site_name\" content=\"Pol\u00edcia Militar da Para\u00edba\" \/>\n<meta property=\"article:published_time\" content=\"2018-06-16T04:13:32+00:00\" \/>\n<meta property=\"og:image\" content=\"https:\/\/www.pm.pb.gov.br\/portal\/wp-content\/uploads\/2017\/11\/1-1.jpg\" \/>\n\t<meta property=\"og:image:width\" content=\"800\" \/>\n\t<meta property=\"og:image:height\" content=\"445\" \/>\n\t<meta property=\"og:image:type\" content=\"image\/jpeg\" \/>\n<meta name=\"author\" content=\"Tarcisio Oliveira\" \/>\n<meta name=\"twitter:card\" content=\"summary_large_image\" \/>\n<meta name=\"twitter:label1\" content=\"Escrito por\" \/>\n\t<meta name=\"twitter:data1\" content=\"Tarcisio Oliveira\" \/>\n\t<meta name=\"twitter:label2\" content=\"Est. tempo de leitura\" \/>\n\t<meta name=\"twitter:data2\" content=\"3 minutos\" \/>\n<script type=\"application\/ld+json\" class=\"yoast-schema-graph\">{\"@context\":\"https:\/\/schema.org\",\"@graph\":[{\"@type\":\"Article\",\"@id\":\"https:\/\/www.pm.pb.gov.br\/portal\/2018\/06\/16\/joao-pessoa-tem-a-menor-taxa-de-homicidios-entre-as-capitais-do-nordeste\/#article\",\"isPartOf\":{\"@id\":\"https:\/\/www.pm.pb.gov.br\/portal\/2018\/06\/16\/joao-pessoa-tem-a-menor-taxa-de-homicidios-entre-as-capitais-do-nordeste\/\"},\"author\":{\"name\":\"Tarcisio Oliveira\",\"@id\":\"https:\/\/www.pm.pb.gov.br\/portal\/#\/schema\/person\/f84f56dcc78ce4357054da888b8247fd\"},\"headline\":\"Jo\u00e3o Pessoa tem a menor taxa de homic\u00eddios entre as capitais do Nordeste\",\"datePublished\":\"2018-06-16T04:13:32+00:00\",\"dateModified\":\"2018-06-16T04:13:32+00:00\",\"mainEntityOfPage\":{\"@id\":\"https:\/\/www.pm.pb.gov.br\/portal\/2018\/06\/16\/joao-pessoa-tem-a-menor-taxa-de-homicidios-entre-as-capitais-do-nordeste\/\"},\"wordCount\":522,\"publisher\":{\"@id\":\"https:\/\/www.pm.pb.gov.br\/portal\/#organization\"},\"articleSection\":[\"Informativo\"],\"inLanguage\":\"pt-BR\"},{\"@type\":\"WebPage\",\"@id\":\"https:\/\/www.pm.pb.gov.br\/portal\/2018\/06\/16\/joao-pessoa-tem-a-menor-taxa-de-homicidios-entre-as-capitais-do-nordeste\/\",\"url\":\"https:\/\/www.pm.pb.gov.br\/portal\/2018\/06\/16\/joao-pessoa-tem-a-menor-taxa-de-homicidios-entre-as-capitais-do-nordeste\/\",\"name\":\"Jo\u00e3o Pessoa tem a menor taxa de homic\u00eddios entre as capitais do Nordeste - Pol\u00edcia Militar da Para\u00edba\",\"isPartOf\":{\"@id\":\"https:\/\/www.pm.pb.gov.br\/portal\/#website\"},\"datePublished\":\"2018-06-16T04:13:32+00:00\",\"dateModified\":\"2018-06-16T04:13:32+00:00\",\"breadcrumb\":{\"@id\":\"https:\/\/www.pm.pb.gov.br\/portal\/2018\/06\/16\/joao-pessoa-tem-a-menor-taxa-de-homicidios-entre-as-capitais-do-nordeste\/#breadcrumb\"},\"inLanguage\":\"pt-BR\",\"potentialAction\":[{\"@type\":\"ReadAction\",\"target\":[\"https:\/\/www.pm.pb.gov.br\/portal\/2018\/06\/16\/joao-pessoa-tem-a-menor-taxa-de-homicidios-entre-as-capitais-do-nordeste\/\"]}]},{\"@type\":\"BreadcrumbList\",\"@id\":\"https:\/\/www.pm.pb.gov.br\/portal\/2018\/06\/16\/joao-pessoa-tem-a-menor-taxa-de-homicidios-entre-as-capitais-do-nordeste\/#breadcrumb\",\"itemListElement\":[{\"@type\":\"ListItem\",\"position\":1,\"name\":\"In\u00edcio\",\"item\":\"https:\/\/www.pm.pb.gov.br\/portal\/\"},{\"@type\":\"ListItem\",\"position\":2,\"name\":\"Jo\u00e3o Pessoa tem a menor taxa de homic\u00eddios entre as capitais do Nordeste\"}]},{\"@type\":\"WebSite\",\"@id\":\"https:\/\/www.pm.pb.gov.br\/portal\/#website\",\"url\":\"https:\/\/www.pm.pb.gov.br\/portal\/\",\"name\":\"Pol\u00edcia Militar da Para\u00edba\",\"description\":\"\",\"publisher\":{\"@id\":\"https:\/\/www.pm.pb.gov.br\/portal\/#organization\"},\"potentialAction\":[{\"@type\":\"SearchAction\",\"target\":{\"@type\":\"EntryPoint\",\"urlTemplate\":\"https:\/\/www.pm.pb.gov.br\/portal\/?s={search_term_string}\"},\"query-input\":\"required name=search_term_string\"}],\"inLanguage\":\"pt-BR\"},{\"@type\":\"Organization\",\"@id\":\"https:\/\/www.pm.pb.gov.br\/portal\/#organization\",\"name\":\"Pol\u00edcia Militar da Para\u00edba\",\"url\":\"https:\/\/www.pm.pb.gov.br\/portal\/\",\"logo\":{\"@type\":\"ImageObject\",\"inLanguage\":\"pt-BR\",\"@id\":\"https:\/\/www.pm.pb.gov.br\/portal\/#\/schema\/logo\/image\/\",\"url\":\"https:\/\/www.pm.pb.gov.br\/portal\/wp-content\/uploads\/2025\/03\/cropped-logo-site-mag2-1.png\",\"contentUrl\":\"https:\/\/www.pm.pb.gov.br\/portal\/wp-content\/uploads\/2025\/03\/cropped-logo-site-mag2-1.png\",\"width\":320,\"height\":90,\"caption\":\"Pol\u00edcia Militar da Para\u00edba\"},\"image\":{\"@id\":\"https:\/\/www.pm.pb.gov.br\/portal\/#\/schema\/logo\/image\/\"}},{\"@type\":\"Person\",\"@id\":\"https:\/\/www.pm.pb.gov.br\/portal\/#\/schema\/person\/f84f56dcc78ce4357054da888b8247fd\",\"name\":\"Tarcisio Oliveira\",\"image\":{\"@type\":\"ImageObject\",\"inLanguage\":\"pt-BR\",\"@id\":\"https:\/\/www.pm.pb.gov.br\/portal\/#\/schema\/person\/image\/\",\"url\":\"https:\/\/secure.gravatar.com\/avatar\/72917b630b69d31cd0297507f34bac97?s=96&d=mm&r=g\",\"contentUrl\":\"https:\/\/secure.gravatar.com\/avatar\/72917b630b69d31cd0297507f34bac97?s=96&d=mm&r=g\",\"caption\":\"Tarcisio Oliveira\"},\"url\":\"https:\/\/www.pm.pb.gov.br\/portal\/author\/tarcisio\/\"}]}<\/script>\n<!-- \/ Yoast SEO plugin. -->","yoast_head_json":{"title":"Jo\u00e3o Pessoa tem a menor taxa de homic\u00eddios entre as capitais do Nordeste - Pol\u00edcia Militar da Para\u00edba","robots":{"index":"index","follow":"follow","max-snippet":"max-snippet:-1","max-image-preview":"max-image-preview:large","max-video-preview":"max-video-preview:-1"},"canonical":"https:\/\/www.pm.pb.gov.br\/portal\/2018\/06\/16\/joao-pessoa-tem-a-menor-taxa-de-homicidios-entre-as-capitais-do-nordeste\/","og_locale":"pt_BR","og_type":"article","og_title":"Jo\u00e3o Pessoa tem a menor taxa de homic\u00eddios entre as capitais do Nordeste - Pol\u00edcia Militar da Para\u00edba","og_description":"A Para\u00edba voltou a ser destaque no Atlas da Viol\u00eancia 2018, registrando baixos \u00edndices de mortes violentas entre os munic\u00edpios","og_url":"https:\/\/www.pm.pb.gov.br\/portal\/2018\/06\/16\/joao-pessoa-tem-a-menor-taxa-de-homicidios-entre-as-capitais-do-nordeste\/","og_site_name":"Pol\u00edcia Militar da Para\u00edba","article_published_time":"2018-06-16T04:13:32+00:00","og_image":[{"width":800,"height":445,"url":"https:\/\/www.pm.pb.gov.br\/portal\/wp-content\/uploads\/2017\/11\/1-1.jpg","type":"image\/jpeg"}],"author":"Tarcisio Oliveira","twitter_card":"summary_large_image","twitter_misc":{"Escrito por":"Tarcisio Oliveira","Est. tempo de leitura":"3 minutos"},"schema":{"@context":"https:\/\/schema.org","@graph":[{"@type":"Article","@id":"https:\/\/www.pm.pb.gov.br\/portal\/2018\/06\/16\/joao-pessoa-tem-a-menor-taxa-de-homicidios-entre-as-capitais-do-nordeste\/#article","isPartOf":{"@id":"https:\/\/www.pm.pb.gov.br\/portal\/2018\/06\/16\/joao-pessoa-tem-a-menor-taxa-de-homicidios-entre-as-capitais-do-nordeste\/"},"author":{"name":"Tarcisio Oliveira","@id":"https:\/\/www.pm.pb.gov.br\/portal\/#\/schema\/person\/f84f56dcc78ce4357054da888b8247fd"},"headline":"Jo\u00e3o Pessoa tem a menor taxa de homic\u00eddios entre as capitais do Nordeste","datePublished":"2018-06-16T04:13:32+00:00","dateModified":"2018-06-16T04:13:32+00:00","mainEntityOfPage":{"@id":"https:\/\/www.pm.pb.gov.br\/portal\/2018\/06\/16\/joao-pessoa-tem-a-menor-taxa-de-homicidios-entre-as-capitais-do-nordeste\/"},"wordCount":522,"publisher":{"@id":"https:\/\/www.pm.pb.gov.br\/portal\/#organization"},"articleSection":["Informativo"],"inLanguage":"pt-BR"},{"@type":"WebPage","@id":"https:\/\/www.pm.pb.gov.br\/portal\/2018\/06\/16\/joao-pessoa-tem-a-menor-taxa-de-homicidios-entre-as-capitais-do-nordeste\/","url":"https:\/\/www.pm.pb.gov.br\/portal\/2018\/06\/16\/joao-pessoa-tem-a-menor-taxa-de-homicidios-entre-as-capitais-do-nordeste\/","name":"Jo\u00e3o Pessoa tem a menor taxa de homic\u00eddios entre as capitais do Nordeste - Pol\u00edcia Militar da Para\u00edba","isPartOf":{"@id":"https:\/\/www.pm.pb.gov.br\/portal\/#website"},"datePublished":"2018-06-16T04:13:32+00:00","dateModified":"2018-06-16T04:13:32+00:00","breadcrumb":{"@id":"https:\/\/www.pm.pb.gov.br\/portal\/2018\/06\/16\/joao-pessoa-tem-a-menor-taxa-de-homicidios-entre-as-capitais-do-nordeste\/#breadcrumb"},"inLanguage":"pt-BR","potentialAction":[{"@type":"ReadAction","target":["https:\/\/www.pm.pb.gov.br\/portal\/2018\/06\/16\/joao-pessoa-tem-a-menor-taxa-de-homicidios-entre-as-capitais-do-nordeste\/"]}]},{"@type":"BreadcrumbList","@id":"https:\/\/www.pm.pb.gov.br\/portal\/2018\/06\/16\/joao-pessoa-tem-a-menor-taxa-de-homicidios-entre-as-capitais-do-nordeste\/#breadcrumb","itemListElement":[{"@type":"ListItem","position":1,"name":"In\u00edcio","item":"https:\/\/www.pm.pb.gov.br\/portal\/"},{"@type":"ListItem","position":2,"name":"Jo\u00e3o Pessoa tem a menor taxa de homic\u00eddios entre as capitais do Nordeste"}]},{"@type":"WebSite","@id":"https:\/\/www.pm.pb.gov.br\/portal\/#website","url":"https:\/\/www.pm.pb.gov.br\/portal\/","name":"Pol\u00edcia Militar da Para\u00edba","description":"","publisher":{"@id":"https:\/\/www.pm.pb.gov.br\/portal\/#organization"},"potentialAction":[{"@type":"SearchAction","target":{"@type":"EntryPoint","urlTemplate":"https:\/\/www.pm.pb.gov.br\/portal\/?s={search_term_string}"},"query-input":"required name=search_term_string"}],"inLanguage":"pt-BR"},{"@type":"Organization","@id":"https:\/\/www.pm.pb.gov.br\/portal\/#organization","name":"Pol\u00edcia Militar da Para\u00edba","url":"https:\/\/www.pm.pb.gov.br\/portal\/","logo":{"@type":"ImageObject","inLanguage":"pt-BR","@id":"https:\/\/www.pm.pb.gov.br\/portal\/#\/schema\/logo\/image\/","url":"https:\/\/www.pm.pb.gov.br\/portal\/wp-content\/uploads\/2025\/03\/cropped-logo-site-mag2-1.png","contentUrl":"https:\/\/www.pm.pb.gov.br\/portal\/wp-content\/uploads\/2025\/03\/cropped-logo-site-mag2-1.png","width":320,"height":90,"caption":"Pol\u00edcia Militar da Para\u00edba"},"image":{"@id":"https:\/\/www.pm.pb.gov.br\/portal\/#\/schema\/logo\/image\/"}},{"@type":"Person","@id":"https:\/\/www.pm.pb.gov.br\/portal\/#\/schema\/person\/f84f56dcc78ce4357054da888b8247fd","name":"Tarcisio Oliveira","image":{"@type":"ImageObject","inLanguage":"pt-BR","@id":"https:\/\/www.pm.pb.gov.br\/portal\/#\/schema\/person\/image\/","url":"https:\/\/secure.gravatar.com\/avatar\/72917b630b69d31cd0297507f34bac97?s=96&d=mm&r=g","contentUrl":"https:\/\/secure.gravatar.com\/avatar\/72917b630b69d31cd0297507f34bac97?s=96&d=mm&r=g","caption":"Tarcisio Oliveira"},"url":"https:\/\/www.pm.pb.gov.br\/portal\/author\/tarcisio\/"}]}},"_links":{"self":[{"href":"https:\/\/www.pm.pb.gov.br\/portal\/wp-json\/wp\/v2\/posts\/898263"}],"collection":[{"href":"https:\/\/www.pm.pb.gov.br\/portal\/wp-json\/wp\/v2\/posts"}],"about":[{"href":"https:\/\/www.pm.pb.gov.br\/portal\/wp-json\/wp\/v2\/types\/post"}],"author":[{"embeddable":true,"href":"https:\/\/www.pm.pb.gov.br\/portal\/wp-json\/wp\/v2\/users\/12"}],"replies":[{"embeddable":true,"href":"https:\/\/www.pm.pb.gov.br\/portal\/wp-json\/wp\/v2\/comments?post=898263"}],"version-history":[{"count":1,"href":"https:\/\/www.pm.pb.gov.br\/portal\/wp-json\/wp\/v2\/posts\/898263\/revisions"}],"predecessor-version":[{"id":898264,"href":"https:\/\/www.pm.pb.gov.br\/portal\/wp-json\/wp\/v2\/posts\/898263\/revisions\/898264"}],"wp:featuredmedia":[{"embeddable":true,"href":"https:\/\/www.pm.pb.gov.br\/portal\/wp-json\/wp\/v2\/media\/895976"}],"wp:attachment":[{"href":"https:\/\/www.pm.pb.gov.br\/portal\/wp-json\/wp\/v2\/media?parent=898263"}],"wp:term":[{"taxonomy":"category","embeddable":true,"href":"https:\/\/www.pm.pb.gov.br\/portal\/wp-json\/wp\/v2\/categories?post=898263"},{"taxonomy":"post_tag","embeddable":true,"href":"https:\/\/www.pm.pb.gov.br\/portal\/wp-json\/wp\/v2\/tags?post=898263"}],"curies":[{"name":"wp","href":"https:\/\/api.w.org\/{rel}","templated":true}]}}