{"id":898260,"date":"2018-06-16T01:07:23","date_gmt":"2018-06-16T04:07:23","guid":{"rendered":"http:\/\/www.pm.pb.gov.br\/portal\/?p=898260"},"modified":"2018-06-16T01:07:23","modified_gmt":"2018-06-16T04:07:23","slug":"policia-militar-recupera-carga-roubada-e-apreende-veiculos-que-podem-ter-sido-usados-em-acao-criminosa","status":"publish","type":"post","link":"https:\/\/www.pm.pb.gov.br\/portal\/2018\/06\/16\/policia-militar-recupera-carga-roubada-e-apreende-veiculos-que-podem-ter-sido-usados-em-acao-criminosa\/","title":{"rendered":"Pol\u00edcia Militar recupera carga roubada e apreende ve\u00edculos que podem ter sido usados em a\u00e7\u00e3o criminosa"},"content":{"rendered":"<p style=\"text-align: justify;\">A Pol\u00edcia Militar apreendeu quatro ve\u00edculos e recuperou diversas mercadorias roubadas de um caminh\u00e3o de uma loja de departamento, na BR-101, no in\u00edcio da manh\u00e3 desta sexta-feira (15), nas proximidades de Alhandra, no Litoral Sul. A PM recuperou televisores, um fardamento similar ao utilizado pelo Ex\u00e9rcito, um gorro, e um radiocomunicador.<\/p>\n<p style=\"text-align: justify;\">A PM foi informada que um ve\u00edculo F4000, que teria sido utilizado na a\u00e7\u00e3o criminosa que roubou um caminh\u00e3o com mercadoria e que feriu o caminhoneiro com disparo de arma de fogo, foi visto nas proximidades do condom\u00ednio Dilm\u00e3o, no bairro Vieira Diniz, zona sul da capital. \u201cRealizamos dilig\u00eancias no local e fomos informados que outro ve\u00edculo, um Celta, havia sido deixado l\u00e1 por duas pessoas h\u00e1 pouco tempo naquela \u00e1rea. No carro, encontramos um fardamento similar ao do Ex\u00e9rcito e radiocomunicador\u201d, explicou o capit\u00e3o Tulio M\u00e1ximo, comandante da 6\u00aa Companhia do 5\u00ba Batalh\u00e3o.<\/p>\n<p style=\"text-align: justify;\">Ao lado desse carro, os policiais encontraram uma Saveiro e na parte traseira da carroceria foram localizadas quatro televis\u00f5es. \u201cEm um apartamento pr\u00f3ximo, tamb\u00e9m identificamos que haviam outras mercadorias e chegamos aos demais televisores, na quantidade de seis. Ao todo, nessa a\u00e7\u00e3o, foram 10 aparelhos roubados recuperados\u201d, disse o oficial. Segundo o capit\u00e3o, nenhum dos dois carros possu\u00eda registro de roubo ou furto, mas durante o procedimento na delegacia o propriet\u00e1rio de um dos ve\u00edculos se apresentou, e inicialmente disse que havia sido roubado, mas confessou que havia cedido o ve\u00edculo para outra pessoa. As mercadorias foram reconhecidas pelo caminhoneiro que foi v\u00edtima do crime na BR.<\/p>\n<p style=\"text-align: justify;\">Ainda pela manh\u00e3, policiais do 5\u00ba BPM e da Rondas Ostensivas T\u00e1ticas com Apoio de Motocicletas (Rotam) encontraram os ve\u00edculos F4000 e um Fiesta, os dois com restri\u00e7\u00e3o de roubo e furto. Eles estavam em uma estrada nas proximidades da avenida Perimetral Sul. O caminh\u00e3o havia sido roubado na \u00faltima segunda-feira (11). Os carros e materiais encontrados foram levados para a Central de Pol\u00edcia, no bairro do Ernesto Geisel. As a\u00e7\u00f5es tamb\u00e9m tiverem apoio da Coordenadoria de Intelig\u00eancia da PM.<\/p>\n","protected":false},"excerpt":{"rendered":"<p>A Pol\u00edcia Militar apreendeu quatro ve\u00edculos e recuperou diversas mercadorias roubadas de um caminh\u00e3o de uma loja de departamento, na<\/p>\n","protected":false},"author":12,"featured_media":898261,"comment_status":"closed","ping_status":"closed","sticky":false,"template":"","format":"standard","meta":{"_exactmetrics_skip_tracking":false,"_exactmetrics_sitenote_active":false,"_exactmetrics_sitenote_note":"","_exactmetrics_sitenote_category":0,"footnotes":""},"categories":[4],"tags":[],"yoast_head":"<!-- This site is optimized with the Yoast SEO plugin v22.0 - https:\/\/yoast.com\/wordpress\/plugins\/seo\/ -->\n<title>Pol\u00edcia Militar recupera carga roubada e apreende ve\u00edculos que podem ter sido usados em a\u00e7\u00e3o criminosa - Pol\u00edcia Militar da Para\u00edba<\/title>\n<meta name=\"robots\" content=\"index, follow, max-snippet:-1, max-image-preview:large, max-video-preview:-1\" \/>\n<link rel=\"canonical\" href=\"https:\/\/www.pm.pb.gov.br\/portal\/2018\/06\/16\/policia-militar-recupera-carga-roubada-e-apreende-veiculos-que-podem-ter-sido-usados-em-acao-criminosa\/\" \/>\n<meta property=\"og:locale\" content=\"pt_BR\" \/>\n<meta property=\"og:type\" content=\"article\" \/>\n<meta property=\"og:title\" content=\"Pol\u00edcia Militar recupera carga roubada e apreende ve\u00edculos que podem ter sido usados em a\u00e7\u00e3o criminosa - Pol\u00edcia Militar da Para\u00edba\" \/>\n<meta property=\"og:description\" content=\"A Pol\u00edcia Militar apreendeu quatro ve\u00edculos e recuperou diversas mercadorias roubadas de um caminh\u00e3o de uma loja de departamento, na\" \/>\n<meta property=\"og:url\" content=\"https:\/\/www.pm.pb.gov.br\/portal\/2018\/06\/16\/policia-militar-recupera-carga-roubada-e-apreende-veiculos-que-podem-ter-sido-usados-em-acao-criminosa\/\" \/>\n<meta property=\"og:site_name\" content=\"Pol\u00edcia Militar da Para\u00edba\" \/>\n<meta property=\"article:published_time\" content=\"2018-06-16T04:07:23+00:00\" \/>\n<meta property=\"og:image\" content=\"https:\/\/www.pm.pb.gov.br\/portal\/wp-content\/uploads\/2018\/06\/carrotv.jpg\" \/>\n\t<meta property=\"og:image:width\" content=\"800\" \/>\n\t<meta property=\"og:image:height\" content=\"445\" \/>\n\t<meta property=\"og:image:type\" content=\"image\/jpeg\" \/>\n<meta name=\"author\" content=\"Tarcisio Oliveira\" \/>\n<meta name=\"twitter:card\" content=\"summary_large_image\" \/>\n<meta name=\"twitter:label1\" content=\"Escrito por\" \/>\n\t<meta name=\"twitter:data1\" content=\"Tarcisio Oliveira\" \/>\n\t<meta name=\"twitter:label2\" content=\"Est. tempo de leitura\" \/>\n\t<meta name=\"twitter:data2\" content=\"2 minutos\" \/>\n<script type=\"application\/ld+json\" class=\"yoast-schema-graph\">{\"@context\":\"https:\/\/schema.org\",\"@graph\":[{\"@type\":\"Article\",\"@id\":\"https:\/\/www.pm.pb.gov.br\/portal\/2018\/06\/16\/policia-militar-recupera-carga-roubada-e-apreende-veiculos-que-podem-ter-sido-usados-em-acao-criminosa\/#article\",\"isPartOf\":{\"@id\":\"https:\/\/www.pm.pb.gov.br\/portal\/2018\/06\/16\/policia-militar-recupera-carga-roubada-e-apreende-veiculos-que-podem-ter-sido-usados-em-acao-criminosa\/\"},\"author\":{\"name\":\"Tarcisio Oliveira\",\"@id\":\"https:\/\/www.pm.pb.gov.br\/portal\/#\/schema\/person\/f84f56dcc78ce4357054da888b8247fd\"},\"headline\":\"Pol\u00edcia Militar recupera carga roubada e apreende ve\u00edculos que podem ter sido usados em a\u00e7\u00e3o criminosa\",\"datePublished\":\"2018-06-16T04:07:23+00:00\",\"dateModified\":\"2018-06-16T04:07:23+00:00\",\"mainEntityOfPage\":{\"@id\":\"https:\/\/www.pm.pb.gov.br\/portal\/2018\/06\/16\/policia-militar-recupera-carga-roubada-e-apreende-veiculos-que-podem-ter-sido-usados-em-acao-criminosa\/\"},\"wordCount\":379,\"publisher\":{\"@id\":\"https:\/\/www.pm.pb.gov.br\/portal\/#organization\"},\"articleSection\":[\"A\u00e7\u00f5es Policiais\"],\"inLanguage\":\"pt-BR\"},{\"@type\":\"WebPage\",\"@id\":\"https:\/\/www.pm.pb.gov.br\/portal\/2018\/06\/16\/policia-militar-recupera-carga-roubada-e-apreende-veiculos-que-podem-ter-sido-usados-em-acao-criminosa\/\",\"url\":\"https:\/\/www.pm.pb.gov.br\/portal\/2018\/06\/16\/policia-militar-recupera-carga-roubada-e-apreende-veiculos-que-podem-ter-sido-usados-em-acao-criminosa\/\",\"name\":\"Pol\u00edcia Militar recupera carga roubada e apreende ve\u00edculos que podem ter sido usados em a\u00e7\u00e3o criminosa - Pol\u00edcia Militar da Para\u00edba\",\"isPartOf\":{\"@id\":\"https:\/\/www.pm.pb.gov.br\/portal\/#website\"},\"datePublished\":\"2018-06-16T04:07:23+00:00\",\"dateModified\":\"2018-06-16T04:07:23+00:00\",\"breadcrumb\":{\"@id\":\"https:\/\/www.pm.pb.gov.br\/portal\/2018\/06\/16\/policia-militar-recupera-carga-roubada-e-apreende-veiculos-que-podem-ter-sido-usados-em-acao-criminosa\/#breadcrumb\"},\"inLanguage\":\"pt-BR\",\"potentialAction\":[{\"@type\":\"ReadAction\",\"target\":[\"https:\/\/www.pm.pb.gov.br\/portal\/2018\/06\/16\/policia-militar-recupera-carga-roubada-e-apreende-veiculos-que-podem-ter-sido-usados-em-acao-criminosa\/\"]}]},{\"@type\":\"BreadcrumbList\",\"@id\":\"https:\/\/www.pm.pb.gov.br\/portal\/2018\/06\/16\/policia-militar-recupera-carga-roubada-e-apreende-veiculos-que-podem-ter-sido-usados-em-acao-criminosa\/#breadcrumb\",\"itemListElement\":[{\"@type\":\"ListItem\",\"position\":1,\"name\":\"In\u00edcio\",\"item\":\"https:\/\/www.pm.pb.gov.br\/portal\/\"},{\"@type\":\"ListItem\",\"position\":2,\"name\":\"Pol\u00edcia Militar recupera carga roubada e apreende ve\u00edculos que podem ter sido usados em a\u00e7\u00e3o criminosa\"}]},{\"@type\":\"WebSite\",\"@id\":\"https:\/\/www.pm.pb.gov.br\/portal\/#website\",\"url\":\"https:\/\/www.pm.pb.gov.br\/portal\/\",\"name\":\"Pol\u00edcia Militar da Para\u00edba\",\"description\":\"\",\"publisher\":{\"@id\":\"https:\/\/www.pm.pb.gov.br\/portal\/#organization\"},\"potentialAction\":[{\"@type\":\"SearchAction\",\"target\":{\"@type\":\"EntryPoint\",\"urlTemplate\":\"https:\/\/www.pm.pb.gov.br\/portal\/?s={search_term_string}\"},\"query-input\":\"required name=search_term_string\"}],\"inLanguage\":\"pt-BR\"},{\"@type\":\"Organization\",\"@id\":\"https:\/\/www.pm.pb.gov.br\/portal\/#organization\",\"name\":\"Pol\u00edcia Militar da Para\u00edba\",\"url\":\"https:\/\/www.pm.pb.gov.br\/portal\/\",\"logo\":{\"@type\":\"ImageObject\",\"inLanguage\":\"pt-BR\",\"@id\":\"https:\/\/www.pm.pb.gov.br\/portal\/#\/schema\/logo\/image\/\",\"url\":\"https:\/\/www.pm.pb.gov.br\/portal\/wp-content\/uploads\/2025\/03\/cropped-logo-site-mag2-1.png\",\"contentUrl\":\"https:\/\/www.pm.pb.gov.br\/portal\/wp-content\/uploads\/2025\/03\/cropped-logo-site-mag2-1.png\",\"width\":320,\"height\":90,\"caption\":\"Pol\u00edcia Militar da Para\u00edba\"},\"image\":{\"@id\":\"https:\/\/www.pm.pb.gov.br\/portal\/#\/schema\/logo\/image\/\"}},{\"@type\":\"Person\",\"@id\":\"https:\/\/www.pm.pb.gov.br\/portal\/#\/schema\/person\/f84f56dcc78ce4357054da888b8247fd\",\"name\":\"Tarcisio Oliveira\",\"image\":{\"@type\":\"ImageObject\",\"inLanguage\":\"pt-BR\",\"@id\":\"https:\/\/www.pm.pb.gov.br\/portal\/#\/schema\/person\/image\/\",\"url\":\"https:\/\/secure.gravatar.com\/avatar\/72917b630b69d31cd0297507f34bac97?s=96&d=mm&r=g\",\"contentUrl\":\"https:\/\/secure.gravatar.com\/avatar\/72917b630b69d31cd0297507f34bac97?s=96&d=mm&r=g\",\"caption\":\"Tarcisio Oliveira\"},\"url\":\"https:\/\/www.pm.pb.gov.br\/portal\/author\/tarcisio\/\"}]}<\/script>\n<!-- \/ Yoast SEO plugin. -->","yoast_head_json":{"title":"Pol\u00edcia Militar recupera carga roubada e apreende ve\u00edculos que podem ter sido usados em a\u00e7\u00e3o criminosa - Pol\u00edcia Militar da Para\u00edba","robots":{"index":"index","follow":"follow","max-snippet":"max-snippet:-1","max-image-preview":"max-image-preview:large","max-video-preview":"max-video-preview:-1"},"canonical":"https:\/\/www.pm.pb.gov.br\/portal\/2018\/06\/16\/policia-militar-recupera-carga-roubada-e-apreende-veiculos-que-podem-ter-sido-usados-em-acao-criminosa\/","og_locale":"pt_BR","og_type":"article","og_title":"Pol\u00edcia Militar recupera carga roubada e apreende ve\u00edculos que podem ter sido usados em a\u00e7\u00e3o criminosa - Pol\u00edcia Militar da Para\u00edba","og_description":"A Pol\u00edcia Militar apreendeu quatro ve\u00edculos e recuperou diversas mercadorias roubadas de um caminh\u00e3o de uma loja de departamento, na","og_url":"https:\/\/www.pm.pb.gov.br\/portal\/2018\/06\/16\/policia-militar-recupera-carga-roubada-e-apreende-veiculos-que-podem-ter-sido-usados-em-acao-criminosa\/","og_site_name":"Pol\u00edcia Militar da Para\u00edba","article_published_time":"2018-06-16T04:07:23+00:00","og_image":[{"width":800,"height":445,"url":"https:\/\/www.pm.pb.gov.br\/portal\/wp-content\/uploads\/2018\/06\/carrotv.jpg","type":"image\/jpeg"}],"author":"Tarcisio Oliveira","twitter_card":"summary_large_image","twitter_misc":{"Escrito por":"Tarcisio Oliveira","Est. tempo de leitura":"2 minutos"},"schema":{"@context":"https:\/\/schema.org","@graph":[{"@type":"Article","@id":"https:\/\/www.pm.pb.gov.br\/portal\/2018\/06\/16\/policia-militar-recupera-carga-roubada-e-apreende-veiculos-que-podem-ter-sido-usados-em-acao-criminosa\/#article","isPartOf":{"@id":"https:\/\/www.pm.pb.gov.br\/portal\/2018\/06\/16\/policia-militar-recupera-carga-roubada-e-apreende-veiculos-que-podem-ter-sido-usados-em-acao-criminosa\/"},"author":{"name":"Tarcisio Oliveira","@id":"https:\/\/www.pm.pb.gov.br\/portal\/#\/schema\/person\/f84f56dcc78ce4357054da888b8247fd"},"headline":"Pol\u00edcia Militar recupera carga roubada e apreende ve\u00edculos que podem ter sido usados em a\u00e7\u00e3o criminosa","datePublished":"2018-06-16T04:07:23+00:00","dateModified":"2018-06-16T04:07:23+00:00","mainEntityOfPage":{"@id":"https:\/\/www.pm.pb.gov.br\/portal\/2018\/06\/16\/policia-militar-recupera-carga-roubada-e-apreende-veiculos-que-podem-ter-sido-usados-em-acao-criminosa\/"},"wordCount":379,"publisher":{"@id":"https:\/\/www.pm.pb.gov.br\/portal\/#organization"},"articleSection":["A\u00e7\u00f5es Policiais"],"inLanguage":"pt-BR"},{"@type":"WebPage","@id":"https:\/\/www.pm.pb.gov.br\/portal\/2018\/06\/16\/policia-militar-recupera-carga-roubada-e-apreende-veiculos-que-podem-ter-sido-usados-em-acao-criminosa\/","url":"https:\/\/www.pm.pb.gov.br\/portal\/2018\/06\/16\/policia-militar-recupera-carga-roubada-e-apreende-veiculos-que-podem-ter-sido-usados-em-acao-criminosa\/","name":"Pol\u00edcia Militar recupera carga roubada e apreende ve\u00edculos que podem ter sido usados em a\u00e7\u00e3o criminosa - Pol\u00edcia Militar da Para\u00edba","isPartOf":{"@id":"https:\/\/www.pm.pb.gov.br\/portal\/#website"},"datePublished":"2018-06-16T04:07:23+00:00","dateModified":"2018-06-16T04:07:23+00:00","breadcrumb":{"@id":"https:\/\/www.pm.pb.gov.br\/portal\/2018\/06\/16\/policia-militar-recupera-carga-roubada-e-apreende-veiculos-que-podem-ter-sido-usados-em-acao-criminosa\/#breadcrumb"},"inLanguage":"pt-BR","potentialAction":[{"@type":"ReadAction","target":["https:\/\/www.pm.pb.gov.br\/portal\/2018\/06\/16\/policia-militar-recupera-carga-roubada-e-apreende-veiculos-que-podem-ter-sido-usados-em-acao-criminosa\/"]}]},{"@type":"BreadcrumbList","@id":"https:\/\/www.pm.pb.gov.br\/portal\/2018\/06\/16\/policia-militar-recupera-carga-roubada-e-apreende-veiculos-que-podem-ter-sido-usados-em-acao-criminosa\/#breadcrumb","itemListElement":[{"@type":"ListItem","position":1,"name":"In\u00edcio","item":"https:\/\/www.pm.pb.gov.br\/portal\/"},{"@type":"ListItem","position":2,"name":"Pol\u00edcia Militar recupera carga roubada e apreende ve\u00edculos que podem ter sido usados em a\u00e7\u00e3o criminosa"}]},{"@type":"WebSite","@id":"https:\/\/www.pm.pb.gov.br\/portal\/#website","url":"https:\/\/www.pm.pb.gov.br\/portal\/","name":"Pol\u00edcia Militar da Para\u00edba","description":"","publisher":{"@id":"https:\/\/www.pm.pb.gov.br\/portal\/#organization"},"potentialAction":[{"@type":"SearchAction","target":{"@type":"EntryPoint","urlTemplate":"https:\/\/www.pm.pb.gov.br\/portal\/?s={search_term_string}"},"query-input":"required name=search_term_string"}],"inLanguage":"pt-BR"},{"@type":"Organization","@id":"https:\/\/www.pm.pb.gov.br\/portal\/#organization","name":"Pol\u00edcia Militar da Para\u00edba","url":"https:\/\/www.pm.pb.gov.br\/portal\/","logo":{"@type":"ImageObject","inLanguage":"pt-BR","@id":"https:\/\/www.pm.pb.gov.br\/portal\/#\/schema\/logo\/image\/","url":"https:\/\/www.pm.pb.gov.br\/portal\/wp-content\/uploads\/2025\/03\/cropped-logo-site-mag2-1.png","contentUrl":"https:\/\/www.pm.pb.gov.br\/portal\/wp-content\/uploads\/2025\/03\/cropped-logo-site-mag2-1.png","width":320,"height":90,"caption":"Pol\u00edcia Militar da Para\u00edba"},"image":{"@id":"https:\/\/www.pm.pb.gov.br\/portal\/#\/schema\/logo\/image\/"}},{"@type":"Person","@id":"https:\/\/www.pm.pb.gov.br\/portal\/#\/schema\/person\/f84f56dcc78ce4357054da888b8247fd","name":"Tarcisio Oliveira","image":{"@type":"ImageObject","inLanguage":"pt-BR","@id":"https:\/\/www.pm.pb.gov.br\/portal\/#\/schema\/person\/image\/","url":"https:\/\/secure.gravatar.com\/avatar\/72917b630b69d31cd0297507f34bac97?s=96&d=mm&r=g","contentUrl":"https:\/\/secure.gravatar.com\/avatar\/72917b630b69d31cd0297507f34bac97?s=96&d=mm&r=g","caption":"Tarcisio Oliveira"},"url":"https:\/\/www.pm.pb.gov.br\/portal\/author\/tarcisio\/"}]}},"_links":{"self":[{"href":"https:\/\/www.pm.pb.gov.br\/portal\/wp-json\/wp\/v2\/posts\/898260"}],"collection":[{"href":"https:\/\/www.pm.pb.gov.br\/portal\/wp-json\/wp\/v2\/posts"}],"about":[{"href":"https:\/\/www.pm.pb.gov.br\/portal\/wp-json\/wp\/v2\/types\/post"}],"author":[{"embeddable":true,"href":"https:\/\/www.pm.pb.gov.br\/portal\/wp-json\/wp\/v2\/users\/12"}],"replies":[{"embeddable":true,"href":"https:\/\/www.pm.pb.gov.br\/portal\/wp-json\/wp\/v2\/comments?post=898260"}],"version-history":[{"count":1,"href":"https:\/\/www.pm.pb.gov.br\/portal\/wp-json\/wp\/v2\/posts\/898260\/revisions"}],"predecessor-version":[{"id":898262,"href":"https:\/\/www.pm.pb.gov.br\/portal\/wp-json\/wp\/v2\/posts\/898260\/revisions\/898262"}],"wp:featuredmedia":[{"embeddable":true,"href":"https:\/\/www.pm.pb.gov.br\/portal\/wp-json\/wp\/v2\/media\/898261"}],"wp:attachment":[{"href":"https:\/\/www.pm.pb.gov.br\/portal\/wp-json\/wp\/v2\/media?parent=898260"}],"wp:term":[{"taxonomy":"category","embeddable":true,"href":"https:\/\/www.pm.pb.gov.br\/portal\/wp-json\/wp\/v2\/categories?post=898260"},{"taxonomy":"post_tag","embeddable":true,"href":"https:\/\/www.pm.pb.gov.br\/portal\/wp-json\/wp\/v2\/tags?post=898260"}],"curies":[{"name":"wp","href":"https:\/\/api.w.org\/{rel}","templated":true}]}}