{"id":898226,"date":"2018-06-12T18:02:31","date_gmt":"2018-06-12T21:02:31","guid":{"rendered":"http:\/\/www.pm.pb.gov.br\/portal\/?p=898226"},"modified":"2018-06-12T18:02:31","modified_gmt":"2018-06-12T21:02:31","slug":"policia-militar-apreende-mais-de-cinco-quilos-de-drogas-em-motocicleta-em-campina-grande","status":"publish","type":"post","link":"https:\/\/www.pm.pb.gov.br\/portal\/2018\/06\/12\/policia-militar-apreende-mais-de-cinco-quilos-de-drogas-em-motocicleta-em-campina-grande\/","title":{"rendered":"Pol\u00edcia Militar apreende mais de cinco quilos de drogas em motocicleta em Campina Grande"},"content":{"rendered":"<p style=\"text-align: justify;\">A Pol\u00edcia Militar apreendeu cerca de cinco quilos de subst\u00e2ncia an\u00e1loga \u00e0 maconha, que estava sendo transportada em uma motocicleta por um casal, em Campina Grande. Na a\u00e7\u00e3o, realizada pelos policiais da 3\u00aa \u00a0Companhia do Batalh\u00e3o de Tr\u00e2nsito (3\u00aa CPTran), na manh\u00e3 desta ter\u00e7a-feira (12), tamb\u00e9m foram apreendidos cerca de 200 gramas de subst\u00e2ncia semelhante \u00e0 coca\u00edna.<\/p>\n<p style=\"text-align: justify;\">A apreens\u00e3o se deu ap\u00f3s uma abordagem a uma motocicleta, durante o patrulhamento preventivo no bairro do Catol\u00e9. Os entorpecentes estavam distribu\u00eddos em 10 tabletes localizados na bolsa do piloto da moto. Segundo os policiais que fizeram a pris\u00e3o, o condutor tem 22 anos e a adolescente tem 17. Todo o material apreendido, o suspeito preso e a jovem foram encaminhados para a 6\u00aa Delegacia Distrital.<\/p>\n","protected":false},"excerpt":{"rendered":"<p>A Pol\u00edcia Militar apreendeu cerca de cinco quilos de subst\u00e2ncia an\u00e1loga \u00e0 maconha, que estava sendo transportada em uma motocicleta<\/p>\n","protected":false},"author":12,"featured_media":898225,"comment_status":"closed","ping_status":"closed","sticky":false,"template":"","format":"standard","meta":{"_exactmetrics_skip_tracking":false,"_exactmetrics_sitenote_active":false,"_exactmetrics_sitenote_note":"","_exactmetrics_sitenote_category":0,"footnotes":""},"categories":[4],"tags":[],"yoast_head":"<!-- This site is optimized with the Yoast SEO plugin v22.0 - https:\/\/yoast.com\/wordpress\/plugins\/seo\/ -->\n<title>Pol\u00edcia Militar apreende mais de cinco quilos de drogas em motocicleta em Campina Grande - Pol\u00edcia Militar da Para\u00edba<\/title>\n<meta name=\"robots\" content=\"index, follow, max-snippet:-1, max-image-preview:large, max-video-preview:-1\" \/>\n<link rel=\"canonical\" href=\"https:\/\/www.pm.pb.gov.br\/portal\/2018\/06\/12\/policia-militar-apreende-mais-de-cinco-quilos-de-drogas-em-motocicleta-em-campina-grande\/\" \/>\n<meta property=\"og:locale\" content=\"pt_BR\" \/>\n<meta property=\"og:type\" content=\"article\" \/>\n<meta property=\"og:title\" content=\"Pol\u00edcia Militar apreende mais de cinco quilos de drogas em motocicleta em Campina Grande - Pol\u00edcia Militar da Para\u00edba\" \/>\n<meta property=\"og:description\" content=\"A Pol\u00edcia Militar apreendeu cerca de cinco quilos de subst\u00e2ncia an\u00e1loga \u00e0 maconha, que estava sendo transportada em uma motocicleta\" \/>\n<meta property=\"og:url\" content=\"https:\/\/www.pm.pb.gov.br\/portal\/2018\/06\/12\/policia-militar-apreende-mais-de-cinco-quilos-de-drogas-em-motocicleta-em-campina-grande\/\" \/>\n<meta property=\"og:site_name\" content=\"Pol\u00edcia Militar da Para\u00edba\" \/>\n<meta property=\"article:published_time\" content=\"2018-06-12T21:02:31+00:00\" \/>\n<meta property=\"og:image\" content=\"https:\/\/www.pm.pb.gov.br\/portal\/wp-content\/uploads\/2018\/06\/capa-2.jpg\" \/>\n\t<meta property=\"og:image:width\" content=\"800\" \/>\n\t<meta property=\"og:image:height\" content=\"445\" \/>\n\t<meta property=\"og:image:type\" content=\"image\/jpeg\" \/>\n<meta name=\"author\" content=\"Tarcisio Oliveira\" \/>\n<meta name=\"twitter:card\" content=\"summary_large_image\" \/>\n<meta name=\"twitter:label1\" content=\"Escrito por\" \/>\n\t<meta name=\"twitter:data1\" content=\"Tarcisio Oliveira\" \/>\n\t<meta name=\"twitter:label2\" content=\"Est. tempo de leitura\" \/>\n\t<meta name=\"twitter:data2\" content=\"1 minuto\" \/>\n<script type=\"application\/ld+json\" class=\"yoast-schema-graph\">{\"@context\":\"https:\/\/schema.org\",\"@graph\":[{\"@type\":\"Article\",\"@id\":\"https:\/\/www.pm.pb.gov.br\/portal\/2018\/06\/12\/policia-militar-apreende-mais-de-cinco-quilos-de-drogas-em-motocicleta-em-campina-grande\/#article\",\"isPartOf\":{\"@id\":\"https:\/\/www.pm.pb.gov.br\/portal\/2018\/06\/12\/policia-militar-apreende-mais-de-cinco-quilos-de-drogas-em-motocicleta-em-campina-grande\/\"},\"author\":{\"name\":\"Tarcisio Oliveira\",\"@id\":\"https:\/\/www.pm.pb.gov.br\/portal\/#\/schema\/person\/f84f56dcc78ce4357054da888b8247fd\"},\"headline\":\"Pol\u00edcia Militar apreende mais de cinco quilos de drogas em motocicleta em Campina Grande\",\"datePublished\":\"2018-06-12T21:02:31+00:00\",\"dateModified\":\"2018-06-12T21:02:31+00:00\",\"mainEntityOfPage\":{\"@id\":\"https:\/\/www.pm.pb.gov.br\/portal\/2018\/06\/12\/policia-militar-apreende-mais-de-cinco-quilos-de-drogas-em-motocicleta-em-campina-grande\/\"},\"wordCount\":142,\"publisher\":{\"@id\":\"https:\/\/www.pm.pb.gov.br\/portal\/#organization\"},\"articleSection\":[\"A\u00e7\u00f5es Policiais\"],\"inLanguage\":\"pt-BR\"},{\"@type\":\"WebPage\",\"@id\":\"https:\/\/www.pm.pb.gov.br\/portal\/2018\/06\/12\/policia-militar-apreende-mais-de-cinco-quilos-de-drogas-em-motocicleta-em-campina-grande\/\",\"url\":\"https:\/\/www.pm.pb.gov.br\/portal\/2018\/06\/12\/policia-militar-apreende-mais-de-cinco-quilos-de-drogas-em-motocicleta-em-campina-grande\/\",\"name\":\"Pol\u00edcia Militar apreende mais de cinco quilos de drogas em motocicleta em Campina Grande - Pol\u00edcia Militar da Para\u00edba\",\"isPartOf\":{\"@id\":\"https:\/\/www.pm.pb.gov.br\/portal\/#website\"},\"datePublished\":\"2018-06-12T21:02:31+00:00\",\"dateModified\":\"2018-06-12T21:02:31+00:00\",\"breadcrumb\":{\"@id\":\"https:\/\/www.pm.pb.gov.br\/portal\/2018\/06\/12\/policia-militar-apreende-mais-de-cinco-quilos-de-drogas-em-motocicleta-em-campina-grande\/#breadcrumb\"},\"inLanguage\":\"pt-BR\",\"potentialAction\":[{\"@type\":\"ReadAction\",\"target\":[\"https:\/\/www.pm.pb.gov.br\/portal\/2018\/06\/12\/policia-militar-apreende-mais-de-cinco-quilos-de-drogas-em-motocicleta-em-campina-grande\/\"]}]},{\"@type\":\"BreadcrumbList\",\"@id\":\"https:\/\/www.pm.pb.gov.br\/portal\/2018\/06\/12\/policia-militar-apreende-mais-de-cinco-quilos-de-drogas-em-motocicleta-em-campina-grande\/#breadcrumb\",\"itemListElement\":[{\"@type\":\"ListItem\",\"position\":1,\"name\":\"In\u00edcio\",\"item\":\"https:\/\/www.pm.pb.gov.br\/portal\/\"},{\"@type\":\"ListItem\",\"position\":2,\"name\":\"Pol\u00edcia Militar apreende mais de cinco quilos de drogas em motocicleta em Campina Grande\"}]},{\"@type\":\"WebSite\",\"@id\":\"https:\/\/www.pm.pb.gov.br\/portal\/#website\",\"url\":\"https:\/\/www.pm.pb.gov.br\/portal\/\",\"name\":\"Pol\u00edcia Militar da Para\u00edba\",\"description\":\"\",\"publisher\":{\"@id\":\"https:\/\/www.pm.pb.gov.br\/portal\/#organization\"},\"potentialAction\":[{\"@type\":\"SearchAction\",\"target\":{\"@type\":\"EntryPoint\",\"urlTemplate\":\"https:\/\/www.pm.pb.gov.br\/portal\/?s={search_term_string}\"},\"query-input\":\"required name=search_term_string\"}],\"inLanguage\":\"pt-BR\"},{\"@type\":\"Organization\",\"@id\":\"https:\/\/www.pm.pb.gov.br\/portal\/#organization\",\"name\":\"Pol\u00edcia Militar da Para\u00edba\",\"url\":\"https:\/\/www.pm.pb.gov.br\/portal\/\",\"logo\":{\"@type\":\"ImageObject\",\"inLanguage\":\"pt-BR\",\"@id\":\"https:\/\/www.pm.pb.gov.br\/portal\/#\/schema\/logo\/image\/\",\"url\":\"https:\/\/www.pm.pb.gov.br\/portal\/wp-content\/uploads\/2025\/03\/cropped-logo-site-mag2-1.png\",\"contentUrl\":\"https:\/\/www.pm.pb.gov.br\/portal\/wp-content\/uploads\/2025\/03\/cropped-logo-site-mag2-1.png\",\"width\":320,\"height\":90,\"caption\":\"Pol\u00edcia Militar da Para\u00edba\"},\"image\":{\"@id\":\"https:\/\/www.pm.pb.gov.br\/portal\/#\/schema\/logo\/image\/\"}},{\"@type\":\"Person\",\"@id\":\"https:\/\/www.pm.pb.gov.br\/portal\/#\/schema\/person\/f84f56dcc78ce4357054da888b8247fd\",\"name\":\"Tarcisio Oliveira\",\"image\":{\"@type\":\"ImageObject\",\"inLanguage\":\"pt-BR\",\"@id\":\"https:\/\/www.pm.pb.gov.br\/portal\/#\/schema\/person\/image\/\",\"url\":\"https:\/\/secure.gravatar.com\/avatar\/72917b630b69d31cd0297507f34bac97?s=96&d=mm&r=g\",\"contentUrl\":\"https:\/\/secure.gravatar.com\/avatar\/72917b630b69d31cd0297507f34bac97?s=96&d=mm&r=g\",\"caption\":\"Tarcisio Oliveira\"},\"url\":\"https:\/\/www.pm.pb.gov.br\/portal\/author\/tarcisio\/\"}]}<\/script>\n<!-- \/ Yoast SEO plugin. -->","yoast_head_json":{"title":"Pol\u00edcia Militar apreende mais de cinco quilos de drogas em motocicleta em Campina Grande - Pol\u00edcia Militar da Para\u00edba","robots":{"index":"index","follow":"follow","max-snippet":"max-snippet:-1","max-image-preview":"max-image-preview:large","max-video-preview":"max-video-preview:-1"},"canonical":"https:\/\/www.pm.pb.gov.br\/portal\/2018\/06\/12\/policia-militar-apreende-mais-de-cinco-quilos-de-drogas-em-motocicleta-em-campina-grande\/","og_locale":"pt_BR","og_type":"article","og_title":"Pol\u00edcia Militar apreende mais de cinco quilos de drogas em motocicleta em Campina Grande - Pol\u00edcia Militar da Para\u00edba","og_description":"A Pol\u00edcia Militar apreendeu cerca de cinco quilos de subst\u00e2ncia an\u00e1loga \u00e0 maconha, que estava sendo transportada em uma motocicleta","og_url":"https:\/\/www.pm.pb.gov.br\/portal\/2018\/06\/12\/policia-militar-apreende-mais-de-cinco-quilos-de-drogas-em-motocicleta-em-campina-grande\/","og_site_name":"Pol\u00edcia Militar da Para\u00edba","article_published_time":"2018-06-12T21:02:31+00:00","og_image":[{"width":800,"height":445,"url":"https:\/\/www.pm.pb.gov.br\/portal\/wp-content\/uploads\/2018\/06\/capa-2.jpg","type":"image\/jpeg"}],"author":"Tarcisio Oliveira","twitter_card":"summary_large_image","twitter_misc":{"Escrito por":"Tarcisio Oliveira","Est. tempo de leitura":"1 minuto"},"schema":{"@context":"https:\/\/schema.org","@graph":[{"@type":"Article","@id":"https:\/\/www.pm.pb.gov.br\/portal\/2018\/06\/12\/policia-militar-apreende-mais-de-cinco-quilos-de-drogas-em-motocicleta-em-campina-grande\/#article","isPartOf":{"@id":"https:\/\/www.pm.pb.gov.br\/portal\/2018\/06\/12\/policia-militar-apreende-mais-de-cinco-quilos-de-drogas-em-motocicleta-em-campina-grande\/"},"author":{"name":"Tarcisio Oliveira","@id":"https:\/\/www.pm.pb.gov.br\/portal\/#\/schema\/person\/f84f56dcc78ce4357054da888b8247fd"},"headline":"Pol\u00edcia Militar apreende mais de cinco quilos de drogas em motocicleta em Campina Grande","datePublished":"2018-06-12T21:02:31+00:00","dateModified":"2018-06-12T21:02:31+00:00","mainEntityOfPage":{"@id":"https:\/\/www.pm.pb.gov.br\/portal\/2018\/06\/12\/policia-militar-apreende-mais-de-cinco-quilos-de-drogas-em-motocicleta-em-campina-grande\/"},"wordCount":142,"publisher":{"@id":"https:\/\/www.pm.pb.gov.br\/portal\/#organization"},"articleSection":["A\u00e7\u00f5es Policiais"],"inLanguage":"pt-BR"},{"@type":"WebPage","@id":"https:\/\/www.pm.pb.gov.br\/portal\/2018\/06\/12\/policia-militar-apreende-mais-de-cinco-quilos-de-drogas-em-motocicleta-em-campina-grande\/","url":"https:\/\/www.pm.pb.gov.br\/portal\/2018\/06\/12\/policia-militar-apreende-mais-de-cinco-quilos-de-drogas-em-motocicleta-em-campina-grande\/","name":"Pol\u00edcia Militar apreende mais de cinco quilos de drogas em motocicleta em Campina Grande - Pol\u00edcia Militar da Para\u00edba","isPartOf":{"@id":"https:\/\/www.pm.pb.gov.br\/portal\/#website"},"datePublished":"2018-06-12T21:02:31+00:00","dateModified":"2018-06-12T21:02:31+00:00","breadcrumb":{"@id":"https:\/\/www.pm.pb.gov.br\/portal\/2018\/06\/12\/policia-militar-apreende-mais-de-cinco-quilos-de-drogas-em-motocicleta-em-campina-grande\/#breadcrumb"},"inLanguage":"pt-BR","potentialAction":[{"@type":"ReadAction","target":["https:\/\/www.pm.pb.gov.br\/portal\/2018\/06\/12\/policia-militar-apreende-mais-de-cinco-quilos-de-drogas-em-motocicleta-em-campina-grande\/"]}]},{"@type":"BreadcrumbList","@id":"https:\/\/www.pm.pb.gov.br\/portal\/2018\/06\/12\/policia-militar-apreende-mais-de-cinco-quilos-de-drogas-em-motocicleta-em-campina-grande\/#breadcrumb","itemListElement":[{"@type":"ListItem","position":1,"name":"In\u00edcio","item":"https:\/\/www.pm.pb.gov.br\/portal\/"},{"@type":"ListItem","position":2,"name":"Pol\u00edcia Militar apreende mais de cinco quilos de drogas em motocicleta em Campina Grande"}]},{"@type":"WebSite","@id":"https:\/\/www.pm.pb.gov.br\/portal\/#website","url":"https:\/\/www.pm.pb.gov.br\/portal\/","name":"Pol\u00edcia Militar da Para\u00edba","description":"","publisher":{"@id":"https:\/\/www.pm.pb.gov.br\/portal\/#organization"},"potentialAction":[{"@type":"SearchAction","target":{"@type":"EntryPoint","urlTemplate":"https:\/\/www.pm.pb.gov.br\/portal\/?s={search_term_string}"},"query-input":"required name=search_term_string"}],"inLanguage":"pt-BR"},{"@type":"Organization","@id":"https:\/\/www.pm.pb.gov.br\/portal\/#organization","name":"Pol\u00edcia Militar da Para\u00edba","url":"https:\/\/www.pm.pb.gov.br\/portal\/","logo":{"@type":"ImageObject","inLanguage":"pt-BR","@id":"https:\/\/www.pm.pb.gov.br\/portal\/#\/schema\/logo\/image\/","url":"https:\/\/www.pm.pb.gov.br\/portal\/wp-content\/uploads\/2025\/03\/cropped-logo-site-mag2-1.png","contentUrl":"https:\/\/www.pm.pb.gov.br\/portal\/wp-content\/uploads\/2025\/03\/cropped-logo-site-mag2-1.png","width":320,"height":90,"caption":"Pol\u00edcia Militar da Para\u00edba"},"image":{"@id":"https:\/\/www.pm.pb.gov.br\/portal\/#\/schema\/logo\/image\/"}},{"@type":"Person","@id":"https:\/\/www.pm.pb.gov.br\/portal\/#\/schema\/person\/f84f56dcc78ce4357054da888b8247fd","name":"Tarcisio Oliveira","image":{"@type":"ImageObject","inLanguage":"pt-BR","@id":"https:\/\/www.pm.pb.gov.br\/portal\/#\/schema\/person\/image\/","url":"https:\/\/secure.gravatar.com\/avatar\/72917b630b69d31cd0297507f34bac97?s=96&d=mm&r=g","contentUrl":"https:\/\/secure.gravatar.com\/avatar\/72917b630b69d31cd0297507f34bac97?s=96&d=mm&r=g","caption":"Tarcisio Oliveira"},"url":"https:\/\/www.pm.pb.gov.br\/portal\/author\/tarcisio\/"}]}},"_links":{"self":[{"href":"https:\/\/www.pm.pb.gov.br\/portal\/wp-json\/wp\/v2\/posts\/898226"}],"collection":[{"href":"https:\/\/www.pm.pb.gov.br\/portal\/wp-json\/wp\/v2\/posts"}],"about":[{"href":"https:\/\/www.pm.pb.gov.br\/portal\/wp-json\/wp\/v2\/types\/post"}],"author":[{"embeddable":true,"href":"https:\/\/www.pm.pb.gov.br\/portal\/wp-json\/wp\/v2\/users\/12"}],"replies":[{"embeddable":true,"href":"https:\/\/www.pm.pb.gov.br\/portal\/wp-json\/wp\/v2\/comments?post=898226"}],"version-history":[{"count":1,"href":"https:\/\/www.pm.pb.gov.br\/portal\/wp-json\/wp\/v2\/posts\/898226\/revisions"}],"predecessor-version":[{"id":898227,"href":"https:\/\/www.pm.pb.gov.br\/portal\/wp-json\/wp\/v2\/posts\/898226\/revisions\/898227"}],"wp:featuredmedia":[{"embeddable":true,"href":"https:\/\/www.pm.pb.gov.br\/portal\/wp-json\/wp\/v2\/media\/898225"}],"wp:attachment":[{"href":"https:\/\/www.pm.pb.gov.br\/portal\/wp-json\/wp\/v2\/media?parent=898226"}],"wp:term":[{"taxonomy":"category","embeddable":true,"href":"https:\/\/www.pm.pb.gov.br\/portal\/wp-json\/wp\/v2\/categories?post=898226"},{"taxonomy":"post_tag","embeddable":true,"href":"https:\/\/www.pm.pb.gov.br\/portal\/wp-json\/wp\/v2\/tags?post=898226"}],"curies":[{"name":"wp","href":"https:\/\/api.w.org\/{rel}","templated":true}]}}