{"id":898208,"date":"2018-06-12T05:24:38","date_gmt":"2018-06-12T08:24:38","guid":{"rendered":"http:\/\/www.pm.pb.gov.br\/portal\/?p=898208"},"modified":"2018-06-12T05:24:38","modified_gmt":"2018-06-12T08:24:38","slug":"semana-do-meio-ambiente-bpamb-realiza-palestras-e-atende-cerca-de-1-290-pessoas-com-atividades-educativas-e-novo-veiculo-para-instrucao-ambiental","status":"publish","type":"post","link":"https:\/\/www.pm.pb.gov.br\/portal\/2018\/06\/12\/semana-do-meio-ambiente-bpamb-realiza-palestras-e-atende-cerca-de-1-290-pessoas-com-atividades-educativas-e-novo-veiculo-para-instrucao-ambiental\/","title":{"rendered":"Semana do Meio Ambiente: BPAmb realiza palestras e atende cerca de 1.290 pessoas com atividades educativas e novo ve\u00edculo para instru\u00e7\u00e3o ambiental"},"content":{"rendered":"<p style=\"text-align: justify;\">A Semana do Meio Ambiente, que ocorreu entre os dois 02 e 10 de junho contou com a participa\u00e7\u00e3o ativa do Batalh\u00e3o Ambiental (BPAmb) em diversas atividades. Ao todo, as a\u00e7\u00f5es com palestras e conscientiza\u00e7\u00f5es alcan\u00e7aram cerca de 1.290 pessoas, entre adultos e crian\u00e7as (foto acima, com exposi\u00e7\u00e3o de animais taxidermizados), e foram fortalecidas com a chegada do n\u00facleo m\u00f3vel de educa\u00e7\u00e3o ambiental.<\/p>\n<p style=\"text-align: justify;\">O n\u00facleo m\u00f3vel foi apresentado na \u00faltima ter\u00e7a-feira (5), no Dia Mundial do Meio Ambiente, e tem por objetivo levar conhecimento e conscientizar as pessoas sobre a import\u00e2ncia da preserva\u00e7\u00e3o do meio ambiente em todo o estado. \u201cCom o novo ve\u00edculo, o BPAmb pretende alcan\u00e7ar localidades mais afastadas, percorrendo tamb\u00e9m escolas e comunidades, levando educa\u00e7\u00e3o ambiental a um maior n\u00famero de pessoas, entre adultos, jovens e crian\u00e7as\u201d, explicou o comandante do BPAmb, o tenente-coronel Jobson Vinicius.<\/p>\n<figure id=\"attachment_898211\" aria-describedby=\"caption-attachment-898211\" style=\"width: 673px\" class=\"wp-caption aligncenter\"><img loading=\"lazy\" decoding=\"async\" class=\"wp-image-898211\" src=\"http:\/\/www.pm.pb.gov.br\/portal\/wp-content\/uploads\/2018\/06\/WhatsApp-Image-2018-06-11-at-13.38.48-790x445.jpeg\" alt=\"\" width=\"673\" height=\"379\" srcset=\"https:\/\/www.pm.pb.gov.br\/portal\/wp-content\/uploads\/2018\/06\/WhatsApp-Image-2018-06-11-at-13.38.48-790x445.jpeg 790w, https:\/\/www.pm.pb.gov.br\/portal\/wp-content\/uploads\/2018\/06\/WhatsApp-Image-2018-06-11-at-13.38.48-768x432.jpeg 768w, https:\/\/www.pm.pb.gov.br\/portal\/wp-content\/uploads\/2018\/06\/WhatsApp-Image-2018-06-11-at-13.38.48-1012x570.jpeg 1012w, https:\/\/www.pm.pb.gov.br\/portal\/wp-content\/uploads\/2018\/06\/WhatsApp-Image-2018-06-11-at-13.38.48.jpeg 1158w\" sizes=\"(max-width: 673px) 100vw, 673px\" \/><figcaption id=\"caption-attachment-898211\" class=\"wp-caption-text\"><span style=\"font-size: 10pt;\">N\u00facleo m\u00f3vel de educa\u00e7\u00e3o ambiental atuar\u00e1 em comunidades<\/span><\/figcaption><\/figure>\n<figure id=\"attachment_898213\" aria-describedby=\"caption-attachment-898213\" style=\"width: 227px\" class=\"wp-caption alignright\"><img loading=\"lazy\" decoding=\"async\" class=\"wp-image-898213\" style=\"text-align: justify;\" src=\"http:\/\/www.pm.pb.gov.br\/portal\/wp-content\/uploads\/2018\/06\/WhatsApp-Image-2018-06-11-at-13.14.17-334x445.jpeg\" alt=\"\" width=\"227\" height=\"303\" srcset=\"https:\/\/www.pm.pb.gov.br\/portal\/wp-content\/uploads\/2018\/06\/WhatsApp-Image-2018-06-11-at-13.14.17-334x445.jpeg 334w, https:\/\/www.pm.pb.gov.br\/portal\/wp-content\/uploads\/2018\/06\/WhatsApp-Image-2018-06-11-at-13.14.17-768x1024.jpeg 768w, https:\/\/www.pm.pb.gov.br\/portal\/wp-content\/uploads\/2018\/06\/WhatsApp-Image-2018-06-11-at-13.14.17-428x570.jpeg 428w, https:\/\/www.pm.pb.gov.br\/portal\/wp-content\/uploads\/2018\/06\/WhatsApp-Image-2018-06-11-at-13.14.17.jpeg 780w\" sizes=\"(max-width: 227px) 100vw, 227px\" \/><figcaption id=\"caption-attachment-898213\" class=\"wp-caption-text\"><span style=\"font-size: 10pt;\">Aparelhos de som foram apreendidos<\/span><\/figcaption><\/figure>\n<p style=\"text-align: justify;\"><strong>A\u00e7\u00f5es<\/strong> \u2013 Durante o final de semana, as a\u00e7\u00f5es do BPAmb em opera\u00e7\u00f5es conjuntas ou pr\u00f3prias, resultaram na deten\u00e7\u00e3o de seis pessoas por polui\u00e7\u00e3o sonora, seis por picha\u00e7\u00e3o, quatro por cria\u00e7\u00e3o irregular de aves, e uma por tr\u00e1fico de drogas. As autua\u00e7\u00f5es por polui\u00e7\u00e3o sonora ocorreram nas cidades de Jo\u00e3o Pessoa, Campina Grande, Patos e Teixeira. Todos os infratores foram multados.<\/p>\n<p style=\"text-align: justify;\">Tamb\u00e9m Campina, na noite do s\u00e1bado, um grupo de seis pessoas foi flagrado enquanto cometia picha\u00e7\u00e3o em uma pra\u00e7a nas proximidades do A\u00e7ude Velho. Um dos integrantes, um menor de 17 anos, estava com coca\u00edna e maconha e tamb\u00e9m foi autuado por ato infracional an\u00e1logo ao tr\u00e1fico de drogas. Foram apreendidas diversas latas de tinta spray e outros materiais. O grupo foi autuado e conduzido para delegacia.<\/p>\n<p style=\"text-align: justify;\">No domingo, em uma opera\u00e7\u00e3o conjunta com a Superintend\u00eancia de Administra\u00e7\u00e3o do Meio Ambiente (Sudema), quatro criadores de aves foram autuados devido \u00e0 posse irregular de 13 animais, que foram apreendidos.<\/p>\n<p>&nbsp;<\/p>\n","protected":false},"excerpt":{"rendered":"<p>A Semana do Meio Ambiente, que ocorreu entre os dois 02 e 10 de junho contou com a participa\u00e7\u00e3o ativa<\/p>\n","protected":false},"author":12,"featured_media":898210,"comment_status":"closed","ping_status":"closed","sticky":false,"template":"","format":"standard","meta":{"_exactmetrics_skip_tracking":false,"_exactmetrics_sitenote_active":false,"_exactmetrics_sitenote_note":"","_exactmetrics_sitenote_category":0,"footnotes":""},"categories":[9],"tags":[],"yoast_head":"<!-- This site is optimized with the Yoast SEO plugin v22.0 - https:\/\/yoast.com\/wordpress\/plugins\/seo\/ -->\n<title>Semana do Meio Ambiente: BPAmb realiza palestras e atende cerca de 1.290 pessoas com atividades educativas e novo ve\u00edculo para instru\u00e7\u00e3o ambiental - Pol\u00edcia Militar da Para\u00edba<\/title>\n<meta name=\"robots\" content=\"index, follow, max-snippet:-1, max-image-preview:large, max-video-preview:-1\" \/>\n<link rel=\"canonical\" href=\"https:\/\/www.pm.pb.gov.br\/portal\/2018\/06\/12\/semana-do-meio-ambiente-bpamb-realiza-palestras-e-atende-cerca-de-1-290-pessoas-com-atividades-educativas-e-novo-veiculo-para-instrucao-ambiental\/\" \/>\n<meta property=\"og:locale\" content=\"pt_BR\" \/>\n<meta property=\"og:type\" content=\"article\" \/>\n<meta property=\"og:title\" content=\"Semana do Meio Ambiente: BPAmb realiza palestras e atende cerca de 1.290 pessoas com atividades educativas e novo ve\u00edculo para instru\u00e7\u00e3o ambiental - Pol\u00edcia Militar da Para\u00edba\" \/>\n<meta property=\"og:description\" content=\"A Semana do Meio Ambiente, que ocorreu entre os dois 02 e 10 de junho contou com a participa\u00e7\u00e3o ativa\" \/>\n<meta property=\"og:url\" content=\"https:\/\/www.pm.pb.gov.br\/portal\/2018\/06\/12\/semana-do-meio-ambiente-bpamb-realiza-palestras-e-atende-cerca-de-1-290-pessoas-com-atividades-educativas-e-novo-veiculo-para-instrucao-ambiental\/\" \/>\n<meta property=\"og:site_name\" content=\"Pol\u00edcia Militar da Para\u00edba\" \/>\n<meta property=\"article:published_time\" content=\"2018-06-12T08:24:38+00:00\" \/>\n<meta property=\"og:image\" content=\"https:\/\/www.pm.pb.gov.br\/portal\/wp-content\/uploads\/2018\/06\/WhatsApp-Image-2018-06-11-at-13.41.14.jpeg\" \/>\n\t<meta property=\"og:image:width\" content=\"800\" \/>\n\t<meta property=\"og:image:height\" content=\"445\" \/>\n\t<meta property=\"og:image:type\" content=\"image\/jpeg\" \/>\n<meta name=\"author\" content=\"Tarcisio Oliveira\" \/>\n<meta name=\"twitter:card\" content=\"summary_large_image\" \/>\n<meta name=\"twitter:label1\" content=\"Escrito por\" \/>\n\t<meta name=\"twitter:data1\" content=\"Tarcisio Oliveira\" \/>\n\t<meta name=\"twitter:label2\" content=\"Est. tempo de leitura\" \/>\n\t<meta name=\"twitter:data2\" content=\"2 minutos\" \/>\n<script type=\"application\/ld+json\" class=\"yoast-schema-graph\">{\"@context\":\"https:\/\/schema.org\",\"@graph\":[{\"@type\":\"Article\",\"@id\":\"https:\/\/www.pm.pb.gov.br\/portal\/2018\/06\/12\/semana-do-meio-ambiente-bpamb-realiza-palestras-e-atende-cerca-de-1-290-pessoas-com-atividades-educativas-e-novo-veiculo-para-instrucao-ambiental\/#article\",\"isPartOf\":{\"@id\":\"https:\/\/www.pm.pb.gov.br\/portal\/2018\/06\/12\/semana-do-meio-ambiente-bpamb-realiza-palestras-e-atende-cerca-de-1-290-pessoas-com-atividades-educativas-e-novo-veiculo-para-instrucao-ambiental\/\"},\"author\":{\"name\":\"Tarcisio Oliveira\",\"@id\":\"https:\/\/www.pm.pb.gov.br\/portal\/#\/schema\/person\/f84f56dcc78ce4357054da888b8247fd\"},\"headline\":\"Semana do Meio Ambiente: BPAmb realiza palestras e atende cerca de 1.290 pessoas com atividades educativas e novo ve\u00edculo para instru\u00e7\u00e3o ambiental\",\"datePublished\":\"2018-06-12T08:24:38+00:00\",\"dateModified\":\"2018-06-12T08:24:38+00:00\",\"mainEntityOfPage\":{\"@id\":\"https:\/\/www.pm.pb.gov.br\/portal\/2018\/06\/12\/semana-do-meio-ambiente-bpamb-realiza-palestras-e-atende-cerca-de-1-290-pessoas-com-atividades-educativas-e-novo-veiculo-para-instrucao-ambiental\/\"},\"wordCount\":389,\"publisher\":{\"@id\":\"https:\/\/www.pm.pb.gov.br\/portal\/#organization\"},\"articleSection\":[\"Eventos\"],\"inLanguage\":\"pt-BR\"},{\"@type\":\"WebPage\",\"@id\":\"https:\/\/www.pm.pb.gov.br\/portal\/2018\/06\/12\/semana-do-meio-ambiente-bpamb-realiza-palestras-e-atende-cerca-de-1-290-pessoas-com-atividades-educativas-e-novo-veiculo-para-instrucao-ambiental\/\",\"url\":\"https:\/\/www.pm.pb.gov.br\/portal\/2018\/06\/12\/semana-do-meio-ambiente-bpamb-realiza-palestras-e-atende-cerca-de-1-290-pessoas-com-atividades-educativas-e-novo-veiculo-para-instrucao-ambiental\/\",\"name\":\"Semana do Meio Ambiente: BPAmb realiza palestras e atende cerca de 1.290 pessoas com atividades educativas e novo ve\u00edculo para instru\u00e7\u00e3o ambiental - Pol\u00edcia Militar da Para\u00edba\",\"isPartOf\":{\"@id\":\"https:\/\/www.pm.pb.gov.br\/portal\/#website\"},\"datePublished\":\"2018-06-12T08:24:38+00:00\",\"dateModified\":\"2018-06-12T08:24:38+00:00\",\"breadcrumb\":{\"@id\":\"https:\/\/www.pm.pb.gov.br\/portal\/2018\/06\/12\/semana-do-meio-ambiente-bpamb-realiza-palestras-e-atende-cerca-de-1-290-pessoas-com-atividades-educativas-e-novo-veiculo-para-instrucao-ambiental\/#breadcrumb\"},\"inLanguage\":\"pt-BR\",\"potentialAction\":[{\"@type\":\"ReadAction\",\"target\":[\"https:\/\/www.pm.pb.gov.br\/portal\/2018\/06\/12\/semana-do-meio-ambiente-bpamb-realiza-palestras-e-atende-cerca-de-1-290-pessoas-com-atividades-educativas-e-novo-veiculo-para-instrucao-ambiental\/\"]}]},{\"@type\":\"BreadcrumbList\",\"@id\":\"https:\/\/www.pm.pb.gov.br\/portal\/2018\/06\/12\/semana-do-meio-ambiente-bpamb-realiza-palestras-e-atende-cerca-de-1-290-pessoas-com-atividades-educativas-e-novo-veiculo-para-instrucao-ambiental\/#breadcrumb\",\"itemListElement\":[{\"@type\":\"ListItem\",\"position\":1,\"name\":\"In\u00edcio\",\"item\":\"https:\/\/www.pm.pb.gov.br\/portal\/\"},{\"@type\":\"ListItem\",\"position\":2,\"name\":\"Semana do Meio Ambiente: BPAmb realiza palestras e atende cerca de 1.290 pessoas com atividades educativas e novo ve\u00edculo para instru\u00e7\u00e3o ambiental\"}]},{\"@type\":\"WebSite\",\"@id\":\"https:\/\/www.pm.pb.gov.br\/portal\/#website\",\"url\":\"https:\/\/www.pm.pb.gov.br\/portal\/\",\"name\":\"Pol\u00edcia Militar da Para\u00edba\",\"description\":\"\",\"publisher\":{\"@id\":\"https:\/\/www.pm.pb.gov.br\/portal\/#organization\"},\"potentialAction\":[{\"@type\":\"SearchAction\",\"target\":{\"@type\":\"EntryPoint\",\"urlTemplate\":\"https:\/\/www.pm.pb.gov.br\/portal\/?s={search_term_string}\"},\"query-input\":\"required name=search_term_string\"}],\"inLanguage\":\"pt-BR\"},{\"@type\":\"Organization\",\"@id\":\"https:\/\/www.pm.pb.gov.br\/portal\/#organization\",\"name\":\"Pol\u00edcia Militar da Para\u00edba\",\"url\":\"https:\/\/www.pm.pb.gov.br\/portal\/\",\"logo\":{\"@type\":\"ImageObject\",\"inLanguage\":\"pt-BR\",\"@id\":\"https:\/\/www.pm.pb.gov.br\/portal\/#\/schema\/logo\/image\/\",\"url\":\"https:\/\/www.pm.pb.gov.br\/portal\/wp-content\/uploads\/2025\/03\/cropped-logo-site-mag2-1.png\",\"contentUrl\":\"https:\/\/www.pm.pb.gov.br\/portal\/wp-content\/uploads\/2025\/03\/cropped-logo-site-mag2-1.png\",\"width\":320,\"height\":90,\"caption\":\"Pol\u00edcia Militar da Para\u00edba\"},\"image\":{\"@id\":\"https:\/\/www.pm.pb.gov.br\/portal\/#\/schema\/logo\/image\/\"}},{\"@type\":\"Person\",\"@id\":\"https:\/\/www.pm.pb.gov.br\/portal\/#\/schema\/person\/f84f56dcc78ce4357054da888b8247fd\",\"name\":\"Tarcisio Oliveira\",\"image\":{\"@type\":\"ImageObject\",\"inLanguage\":\"pt-BR\",\"@id\":\"https:\/\/www.pm.pb.gov.br\/portal\/#\/schema\/person\/image\/\",\"url\":\"https:\/\/secure.gravatar.com\/avatar\/72917b630b69d31cd0297507f34bac97?s=96&d=mm&r=g\",\"contentUrl\":\"https:\/\/secure.gravatar.com\/avatar\/72917b630b69d31cd0297507f34bac97?s=96&d=mm&r=g\",\"caption\":\"Tarcisio Oliveira\"},\"url\":\"https:\/\/www.pm.pb.gov.br\/portal\/author\/tarcisio\/\"}]}<\/script>\n<!-- \/ Yoast SEO plugin. -->","yoast_head_json":{"title":"Semana do Meio Ambiente: BPAmb realiza palestras e atende cerca de 1.290 pessoas com atividades educativas e novo ve\u00edculo para instru\u00e7\u00e3o ambiental - Pol\u00edcia Militar da Para\u00edba","robots":{"index":"index","follow":"follow","max-snippet":"max-snippet:-1","max-image-preview":"max-image-preview:large","max-video-preview":"max-video-preview:-1"},"canonical":"https:\/\/www.pm.pb.gov.br\/portal\/2018\/06\/12\/semana-do-meio-ambiente-bpamb-realiza-palestras-e-atende-cerca-de-1-290-pessoas-com-atividades-educativas-e-novo-veiculo-para-instrucao-ambiental\/","og_locale":"pt_BR","og_type":"article","og_title":"Semana do Meio Ambiente: BPAmb realiza palestras e atende cerca de 1.290 pessoas com atividades educativas e novo ve\u00edculo para instru\u00e7\u00e3o ambiental - Pol\u00edcia Militar da Para\u00edba","og_description":"A Semana do Meio Ambiente, que ocorreu entre os dois 02 e 10 de junho contou com a participa\u00e7\u00e3o ativa","og_url":"https:\/\/www.pm.pb.gov.br\/portal\/2018\/06\/12\/semana-do-meio-ambiente-bpamb-realiza-palestras-e-atende-cerca-de-1-290-pessoas-com-atividades-educativas-e-novo-veiculo-para-instrucao-ambiental\/","og_site_name":"Pol\u00edcia Militar da Para\u00edba","article_published_time":"2018-06-12T08:24:38+00:00","og_image":[{"width":800,"height":445,"url":"https:\/\/www.pm.pb.gov.br\/portal\/wp-content\/uploads\/2018\/06\/WhatsApp-Image-2018-06-11-at-13.41.14.jpeg","type":"image\/jpeg"}],"author":"Tarcisio Oliveira","twitter_card":"summary_large_image","twitter_misc":{"Escrito por":"Tarcisio Oliveira","Est. tempo de leitura":"2 minutos"},"schema":{"@context":"https:\/\/schema.org","@graph":[{"@type":"Article","@id":"https:\/\/www.pm.pb.gov.br\/portal\/2018\/06\/12\/semana-do-meio-ambiente-bpamb-realiza-palestras-e-atende-cerca-de-1-290-pessoas-com-atividades-educativas-e-novo-veiculo-para-instrucao-ambiental\/#article","isPartOf":{"@id":"https:\/\/www.pm.pb.gov.br\/portal\/2018\/06\/12\/semana-do-meio-ambiente-bpamb-realiza-palestras-e-atende-cerca-de-1-290-pessoas-com-atividades-educativas-e-novo-veiculo-para-instrucao-ambiental\/"},"author":{"name":"Tarcisio Oliveira","@id":"https:\/\/www.pm.pb.gov.br\/portal\/#\/schema\/person\/f84f56dcc78ce4357054da888b8247fd"},"headline":"Semana do Meio Ambiente: BPAmb realiza palestras e atende cerca de 1.290 pessoas com atividades educativas e novo ve\u00edculo para instru\u00e7\u00e3o ambiental","datePublished":"2018-06-12T08:24:38+00:00","dateModified":"2018-06-12T08:24:38+00:00","mainEntityOfPage":{"@id":"https:\/\/www.pm.pb.gov.br\/portal\/2018\/06\/12\/semana-do-meio-ambiente-bpamb-realiza-palestras-e-atende-cerca-de-1-290-pessoas-com-atividades-educativas-e-novo-veiculo-para-instrucao-ambiental\/"},"wordCount":389,"publisher":{"@id":"https:\/\/www.pm.pb.gov.br\/portal\/#organization"},"articleSection":["Eventos"],"inLanguage":"pt-BR"},{"@type":"WebPage","@id":"https:\/\/www.pm.pb.gov.br\/portal\/2018\/06\/12\/semana-do-meio-ambiente-bpamb-realiza-palestras-e-atende-cerca-de-1-290-pessoas-com-atividades-educativas-e-novo-veiculo-para-instrucao-ambiental\/","url":"https:\/\/www.pm.pb.gov.br\/portal\/2018\/06\/12\/semana-do-meio-ambiente-bpamb-realiza-palestras-e-atende-cerca-de-1-290-pessoas-com-atividades-educativas-e-novo-veiculo-para-instrucao-ambiental\/","name":"Semana do Meio Ambiente: BPAmb realiza palestras e atende cerca de 1.290 pessoas com atividades educativas e novo ve\u00edculo para instru\u00e7\u00e3o ambiental - Pol\u00edcia Militar da Para\u00edba","isPartOf":{"@id":"https:\/\/www.pm.pb.gov.br\/portal\/#website"},"datePublished":"2018-06-12T08:24:38+00:00","dateModified":"2018-06-12T08:24:38+00:00","breadcrumb":{"@id":"https:\/\/www.pm.pb.gov.br\/portal\/2018\/06\/12\/semana-do-meio-ambiente-bpamb-realiza-palestras-e-atende-cerca-de-1-290-pessoas-com-atividades-educativas-e-novo-veiculo-para-instrucao-ambiental\/#breadcrumb"},"inLanguage":"pt-BR","potentialAction":[{"@type":"ReadAction","target":["https:\/\/www.pm.pb.gov.br\/portal\/2018\/06\/12\/semana-do-meio-ambiente-bpamb-realiza-palestras-e-atende-cerca-de-1-290-pessoas-com-atividades-educativas-e-novo-veiculo-para-instrucao-ambiental\/"]}]},{"@type":"BreadcrumbList","@id":"https:\/\/www.pm.pb.gov.br\/portal\/2018\/06\/12\/semana-do-meio-ambiente-bpamb-realiza-palestras-e-atende-cerca-de-1-290-pessoas-com-atividades-educativas-e-novo-veiculo-para-instrucao-ambiental\/#breadcrumb","itemListElement":[{"@type":"ListItem","position":1,"name":"In\u00edcio","item":"https:\/\/www.pm.pb.gov.br\/portal\/"},{"@type":"ListItem","position":2,"name":"Semana do Meio Ambiente: BPAmb realiza palestras e atende cerca de 1.290 pessoas com atividades educativas e novo ve\u00edculo para instru\u00e7\u00e3o ambiental"}]},{"@type":"WebSite","@id":"https:\/\/www.pm.pb.gov.br\/portal\/#website","url":"https:\/\/www.pm.pb.gov.br\/portal\/","name":"Pol\u00edcia Militar da Para\u00edba","description":"","publisher":{"@id":"https:\/\/www.pm.pb.gov.br\/portal\/#organization"},"potentialAction":[{"@type":"SearchAction","target":{"@type":"EntryPoint","urlTemplate":"https:\/\/www.pm.pb.gov.br\/portal\/?s={search_term_string}"},"query-input":"required name=search_term_string"}],"inLanguage":"pt-BR"},{"@type":"Organization","@id":"https:\/\/www.pm.pb.gov.br\/portal\/#organization","name":"Pol\u00edcia Militar da Para\u00edba","url":"https:\/\/www.pm.pb.gov.br\/portal\/","logo":{"@type":"ImageObject","inLanguage":"pt-BR","@id":"https:\/\/www.pm.pb.gov.br\/portal\/#\/schema\/logo\/image\/","url":"https:\/\/www.pm.pb.gov.br\/portal\/wp-content\/uploads\/2025\/03\/cropped-logo-site-mag2-1.png","contentUrl":"https:\/\/www.pm.pb.gov.br\/portal\/wp-content\/uploads\/2025\/03\/cropped-logo-site-mag2-1.png","width":320,"height":90,"caption":"Pol\u00edcia Militar da Para\u00edba"},"image":{"@id":"https:\/\/www.pm.pb.gov.br\/portal\/#\/schema\/logo\/image\/"}},{"@type":"Person","@id":"https:\/\/www.pm.pb.gov.br\/portal\/#\/schema\/person\/f84f56dcc78ce4357054da888b8247fd","name":"Tarcisio Oliveira","image":{"@type":"ImageObject","inLanguage":"pt-BR","@id":"https:\/\/www.pm.pb.gov.br\/portal\/#\/schema\/person\/image\/","url":"https:\/\/secure.gravatar.com\/avatar\/72917b630b69d31cd0297507f34bac97?s=96&d=mm&r=g","contentUrl":"https:\/\/secure.gravatar.com\/avatar\/72917b630b69d31cd0297507f34bac97?s=96&d=mm&r=g","caption":"Tarcisio Oliveira"},"url":"https:\/\/www.pm.pb.gov.br\/portal\/author\/tarcisio\/"}]}},"_links":{"self":[{"href":"https:\/\/www.pm.pb.gov.br\/portal\/wp-json\/wp\/v2\/posts\/898208"}],"collection":[{"href":"https:\/\/www.pm.pb.gov.br\/portal\/wp-json\/wp\/v2\/posts"}],"about":[{"href":"https:\/\/www.pm.pb.gov.br\/portal\/wp-json\/wp\/v2\/types\/post"}],"author":[{"embeddable":true,"href":"https:\/\/www.pm.pb.gov.br\/portal\/wp-json\/wp\/v2\/users\/12"}],"replies":[{"embeddable":true,"href":"https:\/\/www.pm.pb.gov.br\/portal\/wp-json\/wp\/v2\/comments?post=898208"}],"version-history":[{"count":2,"href":"https:\/\/www.pm.pb.gov.br\/portal\/wp-json\/wp\/v2\/posts\/898208\/revisions"}],"predecessor-version":[{"id":898214,"href":"https:\/\/www.pm.pb.gov.br\/portal\/wp-json\/wp\/v2\/posts\/898208\/revisions\/898214"}],"wp:featuredmedia":[{"embeddable":true,"href":"https:\/\/www.pm.pb.gov.br\/portal\/wp-json\/wp\/v2\/media\/898210"}],"wp:attachment":[{"href":"https:\/\/www.pm.pb.gov.br\/portal\/wp-json\/wp\/v2\/media?parent=898208"}],"wp:term":[{"taxonomy":"category","embeddable":true,"href":"https:\/\/www.pm.pb.gov.br\/portal\/wp-json\/wp\/v2\/categories?post=898208"},{"taxonomy":"post_tag","embeddable":true,"href":"https:\/\/www.pm.pb.gov.br\/portal\/wp-json\/wp\/v2\/tags?post=898208"}],"curies":[{"name":"wp","href":"https:\/\/api.w.org\/{rel}","templated":true}]}}