{"id":8982,"date":"2014-01-09T13:01:36","date_gmt":"2014-01-09T16:01:36","guid":{"rendered":"http:\/\/www.pm.pb.gov.br\/portal\/2014\/01\/governo_aumenta_numero_de_beneficiarios_do_proerd\/"},"modified":"2014-01-09T13:01:36","modified_gmt":"2014-01-09T16:01:36","slug":"governo_aumenta_numero_de_beneficiarios_do_proerd","status":"publish","type":"post","link":"https:\/\/www.pm.pb.gov.br\/portal\/2014\/01\/09\/governo_aumenta_numero_de_beneficiarios_do_proerd\/","title":{"rendered":"Governo aumenta n\u00famero de benefici\u00e1rios do Proerd"},"content":{"rendered":"<figure style=\"width: 500px\" class=\"wp-caption alignnone\"><img decoding=\"async\" class=\"alignnone size-medium\" src=\"http:\/\/www.pm.pb.gov.br\/portal\/wp-content\/uploads\/2014\/01\/8982_12172.jpg\" title=\"Policiais atenderam 23.475 crian\u00e7as e adolescentes s\u00f3 em 2013\" width=\"100%\" \/><figcaption class=\"wp-caption-text\">Policiais atenderam 23.475 crian\u00e7as e adolescentes s\u00f3 em 2013<\/figcaption><\/figure>\n<div style=\"text-align: justify;\">O Programa Educacional de Resist\u00eancia \u00e0s Drogas e \u00e0 Viol\u00eancia (Proerd) da Pol\u00edcia Militar da Para\u00edba aumentou em mais de seis vezes o n\u00famero de benefici\u00e1rios nos \u00faltimos seis anos. Enquanto em 2008 foram 3.613 crian\u00e7as e adolescentes capacitadas para lidar e saber dizer n\u00e3o aos entorpecentes, em 2013 esse n\u00famero chegou a 23.475 formados.<\/p>\n<p>O crescimento \u00e9 fruto do aumento de PMs capacitados para trabalhar com os curr\u00edculos do Proerd e de maiores investimentos no programa. Atualmente, s\u00e3o 165 instrutores que atuam no projeto, atendendo mais de 100 munic\u00edpios.<\/p>\n<p>S\u00f3 em 2013, 49 novas cidades aderiram ao Proerd e tiveram a presen\u00e7a do policial militar como facilitador em suas escolas. Segundo o comandante geral da PMPB, coronel Euller Chaves, o Proerd \u00e9 prioridade do comando da institui\u00e7\u00e3o e do Governo do Estado. \u0093\u00c9 o maior e melhor programa de preven\u00e7\u00e3o que n\u00f3s temos. \u00c9 um orgulho para todos n\u00f3s, pois \u00e9 trabalhando na base, com aqueles que conduzir\u00e3o o pa\u00eds, que podemos combater a viol\u00eancia\u0094, frisou Euller.<\/p>\n<p>Para a coordenadora estadual do programa na Para\u00edba, a capit\u00e3 Polyanna Laura, o projeto tem tido uma grande aceita\u00e7\u00e3o de toda a sociedade. \u0093N\u00e3o \u00e9 s\u00f3 passar informa\u00e7\u00e3o para os alunos, \u00e9 conscientiz\u00e1-los, mostrando os perigos das drogas e ensinando-os a dizer \u0091n\u00e3o\u0092 de forma educada\u0094. Ela lembrou que os curr\u00edculos do Proerd s\u00e3o amplos e incluem diretrizes de cidadania, mostrando que \u00e9 preciso respeitar a si mesmo e tamb\u00e9m aos outros. Nesse sentido, o \u0091bullyng\u0092 \u00e9 tema recorrente na capacita\u00e7\u00e3o, que acontece em 12 encontros com atividades l\u00fadicas e recreativas.<\/p>\n<p>\u0093Temos um total de quatro curr\u00edculos, que atendem especificamente cada faixa et\u00e1ria inclusa nas s\u00e9ries do 1\u00ba ao 4\u00ba anos, 5\u00ba, 7\u00ba e Proerd para os pais e funcion\u00e1rios das escolas\u0094, explicou Laura, ao citar que toda a comunidade escolar e a fam\u00edlia se envolvem no programa.<\/p>\n<p>A assistente social Hellen Keller Bezerra teve a experi\u00eancia de ter dois filhos formados pelo Proerd. \u0093Afora a consci\u00eancia que tentamos passar para os filhos dentro de casa, o Proerd \u00e9 important\u00edssimo porque aborda o tema de forma mais aprofundada. Depois de passar pela qualifica\u00e7\u00e3o, meus filhos est\u00e3o mais conscientes e t\u00eam outra postura\u0094, comentou ela, que \u00e9 m\u00e3e de Ygor Bezerra, de 10 anos, e Yasmim Bezerra, 12.<\/p>\n<p>Ygor endossou o depoimento da m\u00e3e quanto ao aprendizado no programa. \u0093Os policiais nos prepararam para dizer n\u00e3o \u00e0 viol\u00eancia e \u00e0s drogas, a ter mais cuidado na rua e com as amizades. Eu gostava muito quando era dia de aula do Proerd porque sempre tinham atividades diferentes\u0094, contou ele, que \u00e9 um dos formados pelo Proerd em 2013. Nos 13 anos de instala\u00e7\u00e3o do programa na Para\u00edba, foram 108.320 estudantes qualificados, distribu\u00eddos em escolas p\u00fablicas e privadas de 114 munic\u00edpios.<\/p>\n<p>Amplia\u00e7\u00e3o \u0096 Para 2014 j\u00e1 est\u00e3o programadas tr\u00eas novas turmas, com 36 alunos cada (totalizando 108), para forma\u00e7\u00e3o de Instrutores do Proerd. Eles ir\u00e3o proporcionar a amplia\u00e7\u00e3o do programa em todo o Estado e o aumento do n\u00famero de escolas atendidas. Uma das metas deste ano \u00e9 criar uma turma especial para filhos de policiais militares. O projeto piloto deve ser iniciado em Jo\u00e3o Pessoa, com a publica\u00e7\u00e3o de um edital de abertura de inscri\u00e7\u00f5es, e poder\u00e1 ser estendido para os demais munic\u00edpios.<\/p>\n<p>A coordena\u00e7\u00e3o estadual do programa tamb\u00e9m est\u00e1 estabelecendo uma parceria com a Funda\u00e7\u00e3o de Desenvolvimento das Crian\u00e7as e do Adolescente (Fundac), a fim de levar o Proerd para as unidades de ressocializa\u00e7\u00e3o de adolescentes existentes no Estado. Inicialmente, o projeto deve ser implantado em uma das unidades de Jo\u00e3o Pessoa.<\/p>\n<p>\u0093S\u00e3o metas e desafios que tra\u00e7amos para 2014 junto com a coordena\u00e7\u00e3o do Proerd e que esperamos cumprir atrav\u00e9s da disponibiliza\u00e7a\u00e3o de mais recursos para realiza\u00e7\u00e3o do programa. Trabalhos que envolvem preven\u00e7\u00e3o, humaniza\u00e7\u00e3o e aproxima\u00e7\u00e3o com a sociedade s\u00e3o prioridade desta gest\u00e3o\u0094, completou o comandante geral da PM, coronel Euller Chaves.<\/p>\n<p>Como aderir \u0096 As escolas que desejarem receber o Proerd podem fazer o requerimento atrav\u00e9s dos Conselhos Regionais de Ensino Municipal ou Estadual (no caso das escolas p\u00fablicas) ou diretamente ao programa, por meio de of\u00edcio ao Comando Geral, localizado no Centro de Jo\u00e3o Pessoa. Mais d\u00favidas e informa\u00e7\u00f5es tamb\u00e9m podem ser obtidas atrav\u00e9s do telefone 3262-3580 ou pelo e-mail proerdparaiba@gmail.com.<\/p>\n<div class=\"row\" align=\"center\"><a name=\"imageclose-8983\"><div class=\"lb-album\"><a href=\"#image-8983\"><img src=\"http:\/\/www.pm.pb.gov.br\/exportacao\/fotos_noticias\/8982_12173.jpg\"  class=\"image-responsive\"><span><\/span><\/a><\/div>              \r\n<a href=\"#imageclose-8983\" class=\"css3lightbox-close\">\r\n\t\t\t\t   <div class=\"lb-overlay\" id=\"image-8983\">\r\n                   <img src=\"http:\/\/www.pm.pb.gov.br\/exportacao\/fotos_noticias\/8982_12173.jpg\" alt=\"image-8983\">\r\n                   <\/div><\/a><\/div>\n<\/div>\n","protected":false},"excerpt":{"rendered":"<p>O Programa Educacional de Resist\u00eancia \u00e0s Drogas e \u00e0 Viol\u00eancia (Proerd) da Pol\u00edcia Militar da Para\u00edba aumentou em mais de<\/p>\n","protected":false},"author":5,"featured_media":12172,"comment_status":"closed","ping_status":"closed","sticky":false,"template":"","format":"standard","meta":{"_exactmetrics_skip_tracking":false,"_exactmetrics_sitenote_active":false,"_exactmetrics_sitenote_note":"","_exactmetrics_sitenote_category":0,"footnotes":""},"categories":[4],"tags":[],"yoast_head":"<!-- This site is optimized with the Yoast SEO plugin v22.0 - https:\/\/yoast.com\/wordpress\/plugins\/seo\/ -->\n<title>Governo aumenta n\u00famero de benefici\u00e1rios do Proerd - Pol\u00edcia Militar da Para\u00edba<\/title>\n<meta name=\"robots\" content=\"index, follow, max-snippet:-1, max-image-preview:large, max-video-preview:-1\" \/>\n<link rel=\"canonical\" href=\"https:\/\/www.pm.pb.gov.br\/portal\/2014\/01\/09\/governo_aumenta_numero_de_beneficiarios_do_proerd\/\" \/>\n<meta property=\"og:locale\" content=\"pt_BR\" \/>\n<meta property=\"og:type\" content=\"article\" \/>\n<meta property=\"og:title\" content=\"Governo aumenta n\u00famero de benefici\u00e1rios do Proerd - Pol\u00edcia Militar da Para\u00edba\" \/>\n<meta property=\"og:description\" content=\"O Programa Educacional de Resist\u00eancia \u00e0s Drogas e \u00e0 Viol\u00eancia (Proerd) da Pol\u00edcia Militar da Para\u00edba aumentou em mais de\" \/>\n<meta property=\"og:url\" content=\"https:\/\/www.pm.pb.gov.br\/portal\/2014\/01\/09\/governo_aumenta_numero_de_beneficiarios_do_proerd\/\" \/>\n<meta property=\"og:site_name\" content=\"Pol\u00edcia Militar da Para\u00edba\" \/>\n<meta property=\"article:published_time\" content=\"2014-01-09T16:01:36+00:00\" \/>\n<meta property=\"og:image\" content=\"https:\/\/www.pm.pb.gov.br\/portal\/wp-content\/uploads\/2014\/01\/8982_12172.jpg\" \/>\n\t<meta property=\"og:image:width\" content=\"500\" \/>\n\t<meta property=\"og:image:height\" content=\"357\" \/>\n\t<meta property=\"og:image:type\" content=\"image\/jpeg\" \/>\n<meta name=\"author\" content=\"Assessoria de Imprensa da PMPB\" \/>\n<meta name=\"twitter:card\" content=\"summary_large_image\" \/>\n<meta name=\"twitter:label1\" content=\"Escrito por\" \/>\n\t<meta name=\"twitter:data1\" content=\"Assessoria de Imprensa da PMPB\" \/>\n\t<meta name=\"twitter:label2\" content=\"Est. tempo de leitura\" \/>\n\t<meta name=\"twitter:data2\" content=\"4 minutos\" \/>\n<script type=\"application\/ld+json\" class=\"yoast-schema-graph\">{\"@context\":\"https:\/\/schema.org\",\"@graph\":[{\"@type\":\"Article\",\"@id\":\"https:\/\/www.pm.pb.gov.br\/portal\/2014\/01\/09\/governo_aumenta_numero_de_beneficiarios_do_proerd\/#article\",\"isPartOf\":{\"@id\":\"https:\/\/www.pm.pb.gov.br\/portal\/2014\/01\/09\/governo_aumenta_numero_de_beneficiarios_do_proerd\/\"},\"author\":{\"name\":\"Assessoria de Imprensa da PMPB\",\"@id\":\"https:\/\/www.pm.pb.gov.br\/portal\/#\/schema\/person\/e8454f46651c3ecf0e1ba3c1666d9947\"},\"headline\":\"Governo aumenta n\u00famero de benefici\u00e1rios do Proerd\",\"datePublished\":\"2014-01-09T16:01:36+00:00\",\"dateModified\":\"2014-01-09T16:01:36+00:00\",\"mainEntityOfPage\":{\"@id\":\"https:\/\/www.pm.pb.gov.br\/portal\/2014\/01\/09\/governo_aumenta_numero_de_beneficiarios_do_proerd\/\"},\"wordCount\":780,\"publisher\":{\"@id\":\"https:\/\/www.pm.pb.gov.br\/portal\/#organization\"},\"articleSection\":[\"A\u00e7\u00f5es Policiais\"],\"inLanguage\":\"pt-BR\"},{\"@type\":\"WebPage\",\"@id\":\"https:\/\/www.pm.pb.gov.br\/portal\/2014\/01\/09\/governo_aumenta_numero_de_beneficiarios_do_proerd\/\",\"url\":\"https:\/\/www.pm.pb.gov.br\/portal\/2014\/01\/09\/governo_aumenta_numero_de_beneficiarios_do_proerd\/\",\"name\":\"Governo aumenta n\u00famero de benefici\u00e1rios do Proerd - Pol\u00edcia Militar da Para\u00edba\",\"isPartOf\":{\"@id\":\"https:\/\/www.pm.pb.gov.br\/portal\/#website\"},\"datePublished\":\"2014-01-09T16:01:36+00:00\",\"dateModified\":\"2014-01-09T16:01:36+00:00\",\"breadcrumb\":{\"@id\":\"https:\/\/www.pm.pb.gov.br\/portal\/2014\/01\/09\/governo_aumenta_numero_de_beneficiarios_do_proerd\/#breadcrumb\"},\"inLanguage\":\"pt-BR\",\"potentialAction\":[{\"@type\":\"ReadAction\",\"target\":[\"https:\/\/www.pm.pb.gov.br\/portal\/2014\/01\/09\/governo_aumenta_numero_de_beneficiarios_do_proerd\/\"]}]},{\"@type\":\"BreadcrumbList\",\"@id\":\"https:\/\/www.pm.pb.gov.br\/portal\/2014\/01\/09\/governo_aumenta_numero_de_beneficiarios_do_proerd\/#breadcrumb\",\"itemListElement\":[{\"@type\":\"ListItem\",\"position\":1,\"name\":\"In\u00edcio\",\"item\":\"https:\/\/www.pm.pb.gov.br\/portal\/\"},{\"@type\":\"ListItem\",\"position\":2,\"name\":\"Governo aumenta n\u00famero de benefici\u00e1rios do Proerd\"}]},{\"@type\":\"WebSite\",\"@id\":\"https:\/\/www.pm.pb.gov.br\/portal\/#website\",\"url\":\"https:\/\/www.pm.pb.gov.br\/portal\/\",\"name\":\"Pol\u00edcia Militar da Para\u00edba\",\"description\":\"\",\"publisher\":{\"@id\":\"https:\/\/www.pm.pb.gov.br\/portal\/#organization\"},\"potentialAction\":[{\"@type\":\"SearchAction\",\"target\":{\"@type\":\"EntryPoint\",\"urlTemplate\":\"https:\/\/www.pm.pb.gov.br\/portal\/?s={search_term_string}\"},\"query-input\":\"required name=search_term_string\"}],\"inLanguage\":\"pt-BR\"},{\"@type\":\"Organization\",\"@id\":\"https:\/\/www.pm.pb.gov.br\/portal\/#organization\",\"name\":\"Pol\u00edcia Militar da Para\u00edba\",\"url\":\"https:\/\/www.pm.pb.gov.br\/portal\/\",\"logo\":{\"@type\":\"ImageObject\",\"inLanguage\":\"pt-BR\",\"@id\":\"https:\/\/www.pm.pb.gov.br\/portal\/#\/schema\/logo\/image\/\",\"url\":\"https:\/\/www.pm.pb.gov.br\/portal\/wp-content\/uploads\/2025\/03\/cropped-logo-site-mag2-1.png\",\"contentUrl\":\"https:\/\/www.pm.pb.gov.br\/portal\/wp-content\/uploads\/2025\/03\/cropped-logo-site-mag2-1.png\",\"width\":320,\"height\":90,\"caption\":\"Pol\u00edcia Militar da Para\u00edba\"},\"image\":{\"@id\":\"https:\/\/www.pm.pb.gov.br\/portal\/#\/schema\/logo\/image\/\"}},{\"@type\":\"Person\",\"@id\":\"https:\/\/www.pm.pb.gov.br\/portal\/#\/schema\/person\/e8454f46651c3ecf0e1ba3c1666d9947\",\"name\":\"Assessoria de Imprensa da PMPB\",\"image\":{\"@type\":\"ImageObject\",\"inLanguage\":\"pt-BR\",\"@id\":\"https:\/\/www.pm.pb.gov.br\/portal\/#\/schema\/person\/image\/\",\"url\":\"https:\/\/secure.gravatar.com\/avatar\/2efe197438265d1e90bd98c4c8e1acf8?s=96&d=mm&r=g\",\"contentUrl\":\"https:\/\/secure.gravatar.com\/avatar\/2efe197438265d1e90bd98c4c8e1acf8?s=96&d=mm&r=g\",\"caption\":\"Assessoria de Imprensa da PMPB\"},\"url\":\"https:\/\/www.pm.pb.gov.br\/portal\/author\/assessoria\/\"}]}<\/script>\n<!-- \/ Yoast SEO plugin. -->","yoast_head_json":{"title":"Governo aumenta n\u00famero de benefici\u00e1rios do Proerd - Pol\u00edcia Militar da Para\u00edba","robots":{"index":"index","follow":"follow","max-snippet":"max-snippet:-1","max-image-preview":"max-image-preview:large","max-video-preview":"max-video-preview:-1"},"canonical":"https:\/\/www.pm.pb.gov.br\/portal\/2014\/01\/09\/governo_aumenta_numero_de_beneficiarios_do_proerd\/","og_locale":"pt_BR","og_type":"article","og_title":"Governo aumenta n\u00famero de benefici\u00e1rios do Proerd - Pol\u00edcia Militar da Para\u00edba","og_description":"O Programa Educacional de Resist\u00eancia \u00e0s Drogas e \u00e0 Viol\u00eancia (Proerd) da Pol\u00edcia Militar da Para\u00edba aumentou em mais de","og_url":"https:\/\/www.pm.pb.gov.br\/portal\/2014\/01\/09\/governo_aumenta_numero_de_beneficiarios_do_proerd\/","og_site_name":"Pol\u00edcia Militar da Para\u00edba","article_published_time":"2014-01-09T16:01:36+00:00","og_image":[{"width":500,"height":357,"url":"https:\/\/www.pm.pb.gov.br\/portal\/wp-content\/uploads\/2014\/01\/8982_12172.jpg","type":"image\/jpeg"}],"author":"Assessoria de Imprensa da PMPB","twitter_card":"summary_large_image","twitter_misc":{"Escrito por":"Assessoria de Imprensa da PMPB","Est. tempo de leitura":"4 minutos"},"schema":{"@context":"https:\/\/schema.org","@graph":[{"@type":"Article","@id":"https:\/\/www.pm.pb.gov.br\/portal\/2014\/01\/09\/governo_aumenta_numero_de_beneficiarios_do_proerd\/#article","isPartOf":{"@id":"https:\/\/www.pm.pb.gov.br\/portal\/2014\/01\/09\/governo_aumenta_numero_de_beneficiarios_do_proerd\/"},"author":{"name":"Assessoria de Imprensa da PMPB","@id":"https:\/\/www.pm.pb.gov.br\/portal\/#\/schema\/person\/e8454f46651c3ecf0e1ba3c1666d9947"},"headline":"Governo aumenta n\u00famero de benefici\u00e1rios do Proerd","datePublished":"2014-01-09T16:01:36+00:00","dateModified":"2014-01-09T16:01:36+00:00","mainEntityOfPage":{"@id":"https:\/\/www.pm.pb.gov.br\/portal\/2014\/01\/09\/governo_aumenta_numero_de_beneficiarios_do_proerd\/"},"wordCount":780,"publisher":{"@id":"https:\/\/www.pm.pb.gov.br\/portal\/#organization"},"articleSection":["A\u00e7\u00f5es Policiais"],"inLanguage":"pt-BR"},{"@type":"WebPage","@id":"https:\/\/www.pm.pb.gov.br\/portal\/2014\/01\/09\/governo_aumenta_numero_de_beneficiarios_do_proerd\/","url":"https:\/\/www.pm.pb.gov.br\/portal\/2014\/01\/09\/governo_aumenta_numero_de_beneficiarios_do_proerd\/","name":"Governo aumenta n\u00famero de benefici\u00e1rios do Proerd - Pol\u00edcia Militar da Para\u00edba","isPartOf":{"@id":"https:\/\/www.pm.pb.gov.br\/portal\/#website"},"datePublished":"2014-01-09T16:01:36+00:00","dateModified":"2014-01-09T16:01:36+00:00","breadcrumb":{"@id":"https:\/\/www.pm.pb.gov.br\/portal\/2014\/01\/09\/governo_aumenta_numero_de_beneficiarios_do_proerd\/#breadcrumb"},"inLanguage":"pt-BR","potentialAction":[{"@type":"ReadAction","target":["https:\/\/www.pm.pb.gov.br\/portal\/2014\/01\/09\/governo_aumenta_numero_de_beneficiarios_do_proerd\/"]}]},{"@type":"BreadcrumbList","@id":"https:\/\/www.pm.pb.gov.br\/portal\/2014\/01\/09\/governo_aumenta_numero_de_beneficiarios_do_proerd\/#breadcrumb","itemListElement":[{"@type":"ListItem","position":1,"name":"In\u00edcio","item":"https:\/\/www.pm.pb.gov.br\/portal\/"},{"@type":"ListItem","position":2,"name":"Governo aumenta n\u00famero de benefici\u00e1rios do Proerd"}]},{"@type":"WebSite","@id":"https:\/\/www.pm.pb.gov.br\/portal\/#website","url":"https:\/\/www.pm.pb.gov.br\/portal\/","name":"Pol\u00edcia Militar da Para\u00edba","description":"","publisher":{"@id":"https:\/\/www.pm.pb.gov.br\/portal\/#organization"},"potentialAction":[{"@type":"SearchAction","target":{"@type":"EntryPoint","urlTemplate":"https:\/\/www.pm.pb.gov.br\/portal\/?s={search_term_string}"},"query-input":"required name=search_term_string"}],"inLanguage":"pt-BR"},{"@type":"Organization","@id":"https:\/\/www.pm.pb.gov.br\/portal\/#organization","name":"Pol\u00edcia Militar da Para\u00edba","url":"https:\/\/www.pm.pb.gov.br\/portal\/","logo":{"@type":"ImageObject","inLanguage":"pt-BR","@id":"https:\/\/www.pm.pb.gov.br\/portal\/#\/schema\/logo\/image\/","url":"https:\/\/www.pm.pb.gov.br\/portal\/wp-content\/uploads\/2025\/03\/cropped-logo-site-mag2-1.png","contentUrl":"https:\/\/www.pm.pb.gov.br\/portal\/wp-content\/uploads\/2025\/03\/cropped-logo-site-mag2-1.png","width":320,"height":90,"caption":"Pol\u00edcia Militar da Para\u00edba"},"image":{"@id":"https:\/\/www.pm.pb.gov.br\/portal\/#\/schema\/logo\/image\/"}},{"@type":"Person","@id":"https:\/\/www.pm.pb.gov.br\/portal\/#\/schema\/person\/e8454f46651c3ecf0e1ba3c1666d9947","name":"Assessoria de Imprensa da PMPB","image":{"@type":"ImageObject","inLanguage":"pt-BR","@id":"https:\/\/www.pm.pb.gov.br\/portal\/#\/schema\/person\/image\/","url":"https:\/\/secure.gravatar.com\/avatar\/2efe197438265d1e90bd98c4c8e1acf8?s=96&d=mm&r=g","contentUrl":"https:\/\/secure.gravatar.com\/avatar\/2efe197438265d1e90bd98c4c8e1acf8?s=96&d=mm&r=g","caption":"Assessoria de Imprensa da PMPB"},"url":"https:\/\/www.pm.pb.gov.br\/portal\/author\/assessoria\/"}]}},"_links":{"self":[{"href":"https:\/\/www.pm.pb.gov.br\/portal\/wp-json\/wp\/v2\/posts\/8982"}],"collection":[{"href":"https:\/\/www.pm.pb.gov.br\/portal\/wp-json\/wp\/v2\/posts"}],"about":[{"href":"https:\/\/www.pm.pb.gov.br\/portal\/wp-json\/wp\/v2\/types\/post"}],"author":[{"embeddable":true,"href":"https:\/\/www.pm.pb.gov.br\/portal\/wp-json\/wp\/v2\/users\/5"}],"replies":[{"embeddable":true,"href":"https:\/\/www.pm.pb.gov.br\/portal\/wp-json\/wp\/v2\/comments?post=8982"}],"version-history":[{"count":0,"href":"https:\/\/www.pm.pb.gov.br\/portal\/wp-json\/wp\/v2\/posts\/8982\/revisions"}],"wp:featuredmedia":[{"embeddable":true,"href":"https:\/\/www.pm.pb.gov.br\/portal\/wp-json\/wp\/v2\/media\/12172"}],"wp:attachment":[{"href":"https:\/\/www.pm.pb.gov.br\/portal\/wp-json\/wp\/v2\/media?parent=8982"}],"wp:term":[{"taxonomy":"category","embeddable":true,"href":"https:\/\/www.pm.pb.gov.br\/portal\/wp-json\/wp\/v2\/categories?post=8982"},{"taxonomy":"post_tag","embeddable":true,"href":"https:\/\/www.pm.pb.gov.br\/portal\/wp-json\/wp\/v2\/tags?post=8982"}],"curies":[{"name":"wp","href":"https:\/\/api.w.org\/{rel}","templated":true}]}}