{"id":898150,"date":"2018-06-08T09:29:27","date_gmt":"2018-06-08T12:29:27","guid":{"rendered":"http:\/\/www.pm.pb.gov.br\/portal\/?p=898150"},"modified":"2018-06-08T10:34:29","modified_gmt":"2018-06-08T13:34:29","slug":"policia-militar-prende-suspeito-com-arma-e-detem-dupla-apos-assalto-na-grande-joao-pessoa","status":"publish","type":"post","link":"https:\/\/www.pm.pb.gov.br\/portal\/2018\/06\/08\/policia-militar-prende-suspeito-com-arma-e-detem-dupla-apos-assalto-na-grande-joao-pessoa\/","title":{"rendered":"Pol\u00edcia Militar prende suspeito com arma e det\u00e9m dupla ap\u00f3s assalto na Grande Jo\u00e3o Pessoa"},"content":{"rendered":"<p style=\"text-align: justify;\">A Pol\u00edcia Militar prendeu dois homens e a apreendeu um menor suspeitos de assaltos, apreendeu arma de fogo e recuperou motocicleta e objetos roubados. As a\u00e7\u00f5es aconteceram no munic\u00edpio de Bayeux, na grande Jo\u00e3o Pessoa, na tarde dessa \u00faltima quinta-feira (07).<\/p>\n<p style=\"text-align: justify;\"><img loading=\"lazy\" decoding=\"async\" class=\"wp-image-898154 alignleft\" src=\"http:\/\/www.pm.pb.gov.br\/portal\/wp-content\/uploads\/2018\/06\/WhatsApp-Image-2018-06-07-at-19.04.59-250x445.jpeg\" alt=\"\" width=\"126\" height=\"224\" srcset=\"https:\/\/www.pm.pb.gov.br\/portal\/wp-content\/uploads\/2018\/06\/WhatsApp-Image-2018-06-07-at-19.04.59-250x445.jpeg 250w, https:\/\/www.pm.pb.gov.br\/portal\/wp-content\/uploads\/2018\/06\/WhatsApp-Image-2018-06-07-at-19.04.59-321x570.jpeg 321w, https:\/\/www.pm.pb.gov.br\/portal\/wp-content\/uploads\/2018\/06\/WhatsApp-Image-2018-06-07-at-19.04.59.jpeg 720w\" sizes=\"(max-width: 126px) 100vw, 126px\" \/>Na pris\u00e3o mais recente, no bairro de S\u00e3o Bento, policiais da 4\u00aa Companhia Independente (4\u00aa CIPM) conseguiram deter um homem de 29 anos que tentou fugir de uma abordagem policial. Com ele, os policiais apreenderam um revolver calibre 38 com seis muni\u00e7\u00f5es. Segundo o relato dos policiais que fizeram a pris\u00e3o, o suspeito j\u00e1 tem passagem pela Justi\u00e7a pelos crimes de porte ilegal de arma de fogo e tentativa de homic\u00eddio. Ele foi conduzido para a 5\u00aa Delegacia Distrital.<\/p>\n<p style=\"text-align: justify;\">Mais cedo, uma dupla que utilizava uma motocicleta para a pr\u00e1tica de crimes foi detida ap\u00f3s roubar um celular e bolsa de uma transeunte, no bairro Jardim Aeroporto. No momento da pris\u00e3o, os suspeitos estavam a p\u00e9 mas apontaram o paradeiro da moto, que estava na casa da esposa de um dos suspeitos. Durante a verifica\u00e7\u00e3o da motocicleta, os policiais constaram que ela havia sido roubada ainda na manh\u00e3 da quinta-feira, no Centro de Jo\u00e3o Pessoa. A dupla, que tem 22 e 17 anos, foi encaminhada para a 5\u00aa DD.<\/p>\n","protected":false},"excerpt":{"rendered":"<p>A Pol\u00edcia Militar prendeu dois homens e a apreendeu um menor suspeitos de assaltos, apreendeu arma de fogo e recuperou<\/p>\n","protected":false},"author":15,"featured_media":898153,"comment_status":"closed","ping_status":"closed","sticky":false,"template":"","format":"standard","meta":{"_exactmetrics_skip_tracking":false,"_exactmetrics_sitenote_active":false,"_exactmetrics_sitenote_note":"","_exactmetrics_sitenote_category":0,"footnotes":""},"categories":[4],"tags":[],"yoast_head":"<!-- This site is optimized with the Yoast SEO plugin v22.0 - https:\/\/yoast.com\/wordpress\/plugins\/seo\/ -->\n<title>Pol\u00edcia Militar prende suspeito com arma e det\u00e9m dupla ap\u00f3s assalto na Grande Jo\u00e3o Pessoa - Pol\u00edcia Militar da Para\u00edba<\/title>\n<meta name=\"robots\" content=\"index, follow, max-snippet:-1, max-image-preview:large, max-video-preview:-1\" \/>\n<link rel=\"canonical\" href=\"https:\/\/www.pm.pb.gov.br\/portal\/2018\/06\/08\/policia-militar-prende-suspeito-com-arma-e-detem-dupla-apos-assalto-na-grande-joao-pessoa\/\" \/>\n<meta property=\"og:locale\" content=\"pt_BR\" \/>\n<meta property=\"og:type\" content=\"article\" \/>\n<meta property=\"og:title\" content=\"Pol\u00edcia Militar prende suspeito com arma e det\u00e9m dupla ap\u00f3s assalto na Grande Jo\u00e3o Pessoa - Pol\u00edcia Militar da Para\u00edba\" \/>\n<meta property=\"og:description\" content=\"A Pol\u00edcia Militar prendeu dois homens e a apreendeu um menor suspeitos de assaltos, apreendeu arma de fogo e recuperou\" \/>\n<meta property=\"og:url\" content=\"https:\/\/www.pm.pb.gov.br\/portal\/2018\/06\/08\/policia-militar-prende-suspeito-com-arma-e-detem-dupla-apos-assalto-na-grande-joao-pessoa\/\" \/>\n<meta property=\"og:site_name\" content=\"Pol\u00edcia Militar da Para\u00edba\" \/>\n<meta property=\"article:published_time\" content=\"2018-06-08T12:29:27+00:00\" \/>\n<meta property=\"article:modified_time\" content=\"2018-06-08T13:34:29+00:00\" \/>\n<meta property=\"og:image\" content=\"https:\/\/www.pm.pb.gov.br\/portal\/wp-content\/uploads\/2018\/06\/WhatsApp-Image-2018-06-07-at-19.08.59.jpeg\" \/>\n\t<meta property=\"og:image:width\" content=\"800\" \/>\n\t<meta property=\"og:image:height\" content=\"450\" \/>\n\t<meta property=\"og:image:type\" content=\"image\/jpeg\" \/>\n<meta name=\"author\" content=\"Marcio Gomes dos Santos\" \/>\n<meta name=\"twitter:card\" content=\"summary_large_image\" \/>\n<meta name=\"twitter:label1\" content=\"Escrito por\" \/>\n\t<meta name=\"twitter:data1\" content=\"Marcio Gomes dos Santos\" \/>\n\t<meta name=\"twitter:label2\" content=\"Est. tempo de leitura\" \/>\n\t<meta name=\"twitter:data2\" content=\"1 minuto\" \/>\n<script type=\"application\/ld+json\" class=\"yoast-schema-graph\">{\"@context\":\"https:\/\/schema.org\",\"@graph\":[{\"@type\":\"Article\",\"@id\":\"https:\/\/www.pm.pb.gov.br\/portal\/2018\/06\/08\/policia-militar-prende-suspeito-com-arma-e-detem-dupla-apos-assalto-na-grande-joao-pessoa\/#article\",\"isPartOf\":{\"@id\":\"https:\/\/www.pm.pb.gov.br\/portal\/2018\/06\/08\/policia-militar-prende-suspeito-com-arma-e-detem-dupla-apos-assalto-na-grande-joao-pessoa\/\"},\"author\":{\"name\":\"Marcio Gomes dos Santos\",\"@id\":\"https:\/\/www.pm.pb.gov.br\/portal\/#\/schema\/person\/30d571652b38533c2211e4e89bf5a502\"},\"headline\":\"Pol\u00edcia Militar prende suspeito com arma e det\u00e9m dupla ap\u00f3s assalto na Grande Jo\u00e3o Pessoa\",\"datePublished\":\"2018-06-08T12:29:27+00:00\",\"dateModified\":\"2018-06-08T13:34:29+00:00\",\"mainEntityOfPage\":{\"@id\":\"https:\/\/www.pm.pb.gov.br\/portal\/2018\/06\/08\/policia-militar-prende-suspeito-com-arma-e-detem-dupla-apos-assalto-na-grande-joao-pessoa\/\"},\"wordCount\":235,\"publisher\":{\"@id\":\"https:\/\/www.pm.pb.gov.br\/portal\/#organization\"},\"articleSection\":[\"A\u00e7\u00f5es Policiais\"],\"inLanguage\":\"pt-BR\"},{\"@type\":\"WebPage\",\"@id\":\"https:\/\/www.pm.pb.gov.br\/portal\/2018\/06\/08\/policia-militar-prende-suspeito-com-arma-e-detem-dupla-apos-assalto-na-grande-joao-pessoa\/\",\"url\":\"https:\/\/www.pm.pb.gov.br\/portal\/2018\/06\/08\/policia-militar-prende-suspeito-com-arma-e-detem-dupla-apos-assalto-na-grande-joao-pessoa\/\",\"name\":\"Pol\u00edcia Militar prende suspeito com arma e det\u00e9m dupla ap\u00f3s assalto na Grande Jo\u00e3o Pessoa - Pol\u00edcia Militar da Para\u00edba\",\"isPartOf\":{\"@id\":\"https:\/\/www.pm.pb.gov.br\/portal\/#website\"},\"datePublished\":\"2018-06-08T12:29:27+00:00\",\"dateModified\":\"2018-06-08T13:34:29+00:00\",\"breadcrumb\":{\"@id\":\"https:\/\/www.pm.pb.gov.br\/portal\/2018\/06\/08\/policia-militar-prende-suspeito-com-arma-e-detem-dupla-apos-assalto-na-grande-joao-pessoa\/#breadcrumb\"},\"inLanguage\":\"pt-BR\",\"potentialAction\":[{\"@type\":\"ReadAction\",\"target\":[\"https:\/\/www.pm.pb.gov.br\/portal\/2018\/06\/08\/policia-militar-prende-suspeito-com-arma-e-detem-dupla-apos-assalto-na-grande-joao-pessoa\/\"]}]},{\"@type\":\"BreadcrumbList\",\"@id\":\"https:\/\/www.pm.pb.gov.br\/portal\/2018\/06\/08\/policia-militar-prende-suspeito-com-arma-e-detem-dupla-apos-assalto-na-grande-joao-pessoa\/#breadcrumb\",\"itemListElement\":[{\"@type\":\"ListItem\",\"position\":1,\"name\":\"In\u00edcio\",\"item\":\"https:\/\/www.pm.pb.gov.br\/portal\/\"},{\"@type\":\"ListItem\",\"position\":2,\"name\":\"Pol\u00edcia Militar prende suspeito com arma e det\u00e9m dupla ap\u00f3s assalto na Grande Jo\u00e3o Pessoa\"}]},{\"@type\":\"WebSite\",\"@id\":\"https:\/\/www.pm.pb.gov.br\/portal\/#website\",\"url\":\"https:\/\/www.pm.pb.gov.br\/portal\/\",\"name\":\"Pol\u00edcia Militar da Para\u00edba\",\"description\":\"\",\"publisher\":{\"@id\":\"https:\/\/www.pm.pb.gov.br\/portal\/#organization\"},\"potentialAction\":[{\"@type\":\"SearchAction\",\"target\":{\"@type\":\"EntryPoint\",\"urlTemplate\":\"https:\/\/www.pm.pb.gov.br\/portal\/?s={search_term_string}\"},\"query-input\":\"required name=search_term_string\"}],\"inLanguage\":\"pt-BR\"},{\"@type\":\"Organization\",\"@id\":\"https:\/\/www.pm.pb.gov.br\/portal\/#organization\",\"name\":\"Pol\u00edcia Militar da Para\u00edba\",\"url\":\"https:\/\/www.pm.pb.gov.br\/portal\/\",\"logo\":{\"@type\":\"ImageObject\",\"inLanguage\":\"pt-BR\",\"@id\":\"https:\/\/www.pm.pb.gov.br\/portal\/#\/schema\/logo\/image\/\",\"url\":\"https:\/\/www.pm.pb.gov.br\/portal\/wp-content\/uploads\/2025\/03\/cropped-logo-site-mag2-1.png\",\"contentUrl\":\"https:\/\/www.pm.pb.gov.br\/portal\/wp-content\/uploads\/2025\/03\/cropped-logo-site-mag2-1.png\",\"width\":320,\"height\":90,\"caption\":\"Pol\u00edcia Militar da Para\u00edba\"},\"image\":{\"@id\":\"https:\/\/www.pm.pb.gov.br\/portal\/#\/schema\/logo\/image\/\"}},{\"@type\":\"Person\",\"@id\":\"https:\/\/www.pm.pb.gov.br\/portal\/#\/schema\/person\/30d571652b38533c2211e4e89bf5a502\",\"name\":\"Marcio Gomes dos Santos\",\"image\":{\"@type\":\"ImageObject\",\"inLanguage\":\"pt-BR\",\"@id\":\"https:\/\/www.pm.pb.gov.br\/portal\/#\/schema\/person\/image\/\",\"url\":\"https:\/\/secure.gravatar.com\/avatar\/cf4ec2cb690101e1581c7773aa350c19?s=96&d=mm&r=g\",\"contentUrl\":\"https:\/\/secure.gravatar.com\/avatar\/cf4ec2cb690101e1581c7773aa350c19?s=96&d=mm&r=g\",\"caption\":\"Marcio Gomes dos Santos\"},\"url\":\"https:\/\/www.pm.pb.gov.br\/portal\/author\/mgomes\/\"}]}<\/script>\n<!-- \/ Yoast SEO plugin. -->","yoast_head_json":{"title":"Pol\u00edcia Militar prende suspeito com arma e det\u00e9m dupla ap\u00f3s assalto na Grande Jo\u00e3o Pessoa - Pol\u00edcia Militar da Para\u00edba","robots":{"index":"index","follow":"follow","max-snippet":"max-snippet:-1","max-image-preview":"max-image-preview:large","max-video-preview":"max-video-preview:-1"},"canonical":"https:\/\/www.pm.pb.gov.br\/portal\/2018\/06\/08\/policia-militar-prende-suspeito-com-arma-e-detem-dupla-apos-assalto-na-grande-joao-pessoa\/","og_locale":"pt_BR","og_type":"article","og_title":"Pol\u00edcia Militar prende suspeito com arma e det\u00e9m dupla ap\u00f3s assalto na Grande Jo\u00e3o Pessoa - Pol\u00edcia Militar da Para\u00edba","og_description":"A Pol\u00edcia Militar prendeu dois homens e a apreendeu um menor suspeitos de assaltos, apreendeu arma de fogo e recuperou","og_url":"https:\/\/www.pm.pb.gov.br\/portal\/2018\/06\/08\/policia-militar-prende-suspeito-com-arma-e-detem-dupla-apos-assalto-na-grande-joao-pessoa\/","og_site_name":"Pol\u00edcia Militar da Para\u00edba","article_published_time":"2018-06-08T12:29:27+00:00","article_modified_time":"2018-06-08T13:34:29+00:00","og_image":[{"width":800,"height":450,"url":"https:\/\/www.pm.pb.gov.br\/portal\/wp-content\/uploads\/2018\/06\/WhatsApp-Image-2018-06-07-at-19.08.59.jpeg","type":"image\/jpeg"}],"author":"Marcio Gomes dos Santos","twitter_card":"summary_large_image","twitter_misc":{"Escrito por":"Marcio Gomes dos Santos","Est. tempo de leitura":"1 minuto"},"schema":{"@context":"https:\/\/schema.org","@graph":[{"@type":"Article","@id":"https:\/\/www.pm.pb.gov.br\/portal\/2018\/06\/08\/policia-militar-prende-suspeito-com-arma-e-detem-dupla-apos-assalto-na-grande-joao-pessoa\/#article","isPartOf":{"@id":"https:\/\/www.pm.pb.gov.br\/portal\/2018\/06\/08\/policia-militar-prende-suspeito-com-arma-e-detem-dupla-apos-assalto-na-grande-joao-pessoa\/"},"author":{"name":"Marcio Gomes dos Santos","@id":"https:\/\/www.pm.pb.gov.br\/portal\/#\/schema\/person\/30d571652b38533c2211e4e89bf5a502"},"headline":"Pol\u00edcia Militar prende suspeito com arma e det\u00e9m dupla ap\u00f3s assalto na Grande Jo\u00e3o Pessoa","datePublished":"2018-06-08T12:29:27+00:00","dateModified":"2018-06-08T13:34:29+00:00","mainEntityOfPage":{"@id":"https:\/\/www.pm.pb.gov.br\/portal\/2018\/06\/08\/policia-militar-prende-suspeito-com-arma-e-detem-dupla-apos-assalto-na-grande-joao-pessoa\/"},"wordCount":235,"publisher":{"@id":"https:\/\/www.pm.pb.gov.br\/portal\/#organization"},"articleSection":["A\u00e7\u00f5es Policiais"],"inLanguage":"pt-BR"},{"@type":"WebPage","@id":"https:\/\/www.pm.pb.gov.br\/portal\/2018\/06\/08\/policia-militar-prende-suspeito-com-arma-e-detem-dupla-apos-assalto-na-grande-joao-pessoa\/","url":"https:\/\/www.pm.pb.gov.br\/portal\/2018\/06\/08\/policia-militar-prende-suspeito-com-arma-e-detem-dupla-apos-assalto-na-grande-joao-pessoa\/","name":"Pol\u00edcia Militar prende suspeito com arma e det\u00e9m dupla ap\u00f3s assalto na Grande Jo\u00e3o Pessoa - Pol\u00edcia Militar da Para\u00edba","isPartOf":{"@id":"https:\/\/www.pm.pb.gov.br\/portal\/#website"},"datePublished":"2018-06-08T12:29:27+00:00","dateModified":"2018-06-08T13:34:29+00:00","breadcrumb":{"@id":"https:\/\/www.pm.pb.gov.br\/portal\/2018\/06\/08\/policia-militar-prende-suspeito-com-arma-e-detem-dupla-apos-assalto-na-grande-joao-pessoa\/#breadcrumb"},"inLanguage":"pt-BR","potentialAction":[{"@type":"ReadAction","target":["https:\/\/www.pm.pb.gov.br\/portal\/2018\/06\/08\/policia-militar-prende-suspeito-com-arma-e-detem-dupla-apos-assalto-na-grande-joao-pessoa\/"]}]},{"@type":"BreadcrumbList","@id":"https:\/\/www.pm.pb.gov.br\/portal\/2018\/06\/08\/policia-militar-prende-suspeito-com-arma-e-detem-dupla-apos-assalto-na-grande-joao-pessoa\/#breadcrumb","itemListElement":[{"@type":"ListItem","position":1,"name":"In\u00edcio","item":"https:\/\/www.pm.pb.gov.br\/portal\/"},{"@type":"ListItem","position":2,"name":"Pol\u00edcia Militar prende suspeito com arma e det\u00e9m dupla ap\u00f3s assalto na Grande Jo\u00e3o Pessoa"}]},{"@type":"WebSite","@id":"https:\/\/www.pm.pb.gov.br\/portal\/#website","url":"https:\/\/www.pm.pb.gov.br\/portal\/","name":"Pol\u00edcia Militar da Para\u00edba","description":"","publisher":{"@id":"https:\/\/www.pm.pb.gov.br\/portal\/#organization"},"potentialAction":[{"@type":"SearchAction","target":{"@type":"EntryPoint","urlTemplate":"https:\/\/www.pm.pb.gov.br\/portal\/?s={search_term_string}"},"query-input":"required name=search_term_string"}],"inLanguage":"pt-BR"},{"@type":"Organization","@id":"https:\/\/www.pm.pb.gov.br\/portal\/#organization","name":"Pol\u00edcia Militar da Para\u00edba","url":"https:\/\/www.pm.pb.gov.br\/portal\/","logo":{"@type":"ImageObject","inLanguage":"pt-BR","@id":"https:\/\/www.pm.pb.gov.br\/portal\/#\/schema\/logo\/image\/","url":"https:\/\/www.pm.pb.gov.br\/portal\/wp-content\/uploads\/2025\/03\/cropped-logo-site-mag2-1.png","contentUrl":"https:\/\/www.pm.pb.gov.br\/portal\/wp-content\/uploads\/2025\/03\/cropped-logo-site-mag2-1.png","width":320,"height":90,"caption":"Pol\u00edcia Militar da Para\u00edba"},"image":{"@id":"https:\/\/www.pm.pb.gov.br\/portal\/#\/schema\/logo\/image\/"}},{"@type":"Person","@id":"https:\/\/www.pm.pb.gov.br\/portal\/#\/schema\/person\/30d571652b38533c2211e4e89bf5a502","name":"Marcio Gomes dos Santos","image":{"@type":"ImageObject","inLanguage":"pt-BR","@id":"https:\/\/www.pm.pb.gov.br\/portal\/#\/schema\/person\/image\/","url":"https:\/\/secure.gravatar.com\/avatar\/cf4ec2cb690101e1581c7773aa350c19?s=96&d=mm&r=g","contentUrl":"https:\/\/secure.gravatar.com\/avatar\/cf4ec2cb690101e1581c7773aa350c19?s=96&d=mm&r=g","caption":"Marcio Gomes dos Santos"},"url":"https:\/\/www.pm.pb.gov.br\/portal\/author\/mgomes\/"}]}},"_links":{"self":[{"href":"https:\/\/www.pm.pb.gov.br\/portal\/wp-json\/wp\/v2\/posts\/898150"}],"collection":[{"href":"https:\/\/www.pm.pb.gov.br\/portal\/wp-json\/wp\/v2\/posts"}],"about":[{"href":"https:\/\/www.pm.pb.gov.br\/portal\/wp-json\/wp\/v2\/types\/post"}],"author":[{"embeddable":true,"href":"https:\/\/www.pm.pb.gov.br\/portal\/wp-json\/wp\/v2\/users\/15"}],"replies":[{"embeddable":true,"href":"https:\/\/www.pm.pb.gov.br\/portal\/wp-json\/wp\/v2\/comments?post=898150"}],"version-history":[{"count":2,"href":"https:\/\/www.pm.pb.gov.br\/portal\/wp-json\/wp\/v2\/posts\/898150\/revisions"}],"predecessor-version":[{"id":898156,"href":"https:\/\/www.pm.pb.gov.br\/portal\/wp-json\/wp\/v2\/posts\/898150\/revisions\/898156"}],"wp:featuredmedia":[{"embeddable":true,"href":"https:\/\/www.pm.pb.gov.br\/portal\/wp-json\/wp\/v2\/media\/898153"}],"wp:attachment":[{"href":"https:\/\/www.pm.pb.gov.br\/portal\/wp-json\/wp\/v2\/media?parent=898150"}],"wp:term":[{"taxonomy":"category","embeddable":true,"href":"https:\/\/www.pm.pb.gov.br\/portal\/wp-json\/wp\/v2\/categories?post=898150"},{"taxonomy":"post_tag","embeddable":true,"href":"https:\/\/www.pm.pb.gov.br\/portal\/wp-json\/wp\/v2\/tags?post=898150"}],"curies":[{"name":"wp","href":"https:\/\/api.w.org\/{rel}","templated":true}]}}