{"id":898119,"date":"2018-06-04T22:52:59","date_gmt":"2018-06-05T01:52:59","guid":{"rendered":"http:\/\/www.pm.pb.gov.br\/portal\/?p=898119"},"modified":"2018-06-04T22:59:16","modified_gmt":"2018-06-05T01:59:16","slug":"policia-prende-homem-com-mais-de-3-quilos-de-maconha-e-apreende-municoes-no-castelo-branco","status":"publish","type":"post","link":"https:\/\/www.pm.pb.gov.br\/portal\/2018\/06\/04\/policia-prende-homem-com-mais-de-3-quilos-de-maconha-e-apreende-municoes-no-castelo-branco\/","title":{"rendered":"Pol\u00edcia Militar prende homem com mais de 3 quilos de maconha e apreende muni\u00e7\u00f5es no Castelo Branco"},"content":{"rendered":"<p style=\"text-align: justify;\"><img loading=\"lazy\" decoding=\"async\" class=\" wp-image-898121 alignright\" src=\"http:\/\/www.pm.pb.gov.br\/portal\/wp-content\/uploads\/2018\/06\/WhatsApp-Image-2018-06-04-at-17.44.2611-604x445.jpeg\" alt=\"\" width=\"423\" height=\"311\" srcset=\"https:\/\/www.pm.pb.gov.br\/portal\/wp-content\/uploads\/2018\/06\/WhatsApp-Image-2018-06-04-at-17.44.2611-604x445.jpeg 604w, https:\/\/www.pm.pb.gov.br\/portal\/wp-content\/uploads\/2018\/06\/WhatsApp-Image-2018-06-04-at-17.44.2611-768x566.jpeg 768w, https:\/\/www.pm.pb.gov.br\/portal\/wp-content\/uploads\/2018\/06\/WhatsApp-Image-2018-06-04-at-17.44.2611-773x570.jpeg 773w, https:\/\/www.pm.pb.gov.br\/portal\/wp-content\/uploads\/2018\/06\/WhatsApp-Image-2018-06-04-at-17.44.2611.jpeg 882w\" sizes=\"(max-width: 423px) 100vw, 423px\" \/>A Pol\u00edcia Militar prendeu um homem suspeito de tr\u00e1fico de drogas no bairro do Castelo Branco, na tarde desta segunda-feira (4). Com ele, os policiais do Batalh\u00e3o Ambiental (BPAmb) apreenderam mais de tr\u00eas quilos de subst\u00e2ncia semelhante \u00e0 maconha, muni\u00e7\u00f5es, dinheiro e balan\u00e7a de precis\u00e3o.<\/p>\n<p style=\"text-align: justify;\">Policiais do BPAmb j\u00e1 vinham recebendo den\u00fancias de tr\u00e1fico de drogas na regi\u00e3o e, depois de apontamentos da Coordenadoria de Intelig\u00eancia (COInt), abordaram um homem que estava em uma motocicleta chegando em casa, na tarde dessa segunda-feira. O suspeito, de 44 anos, estava com uma mochila e nela os policiais encontraram cerca de dois quilos de maconha. Na casa do suspeito, os policiais encontraram mais de um quilo da mesma subst\u00e2ncia.<\/p>\n<p style=\"text-align: justify;\">Durante a a\u00e7\u00e3o, tamb\u00e9m foram apreendidas 29 muni\u00e7\u00f5es de diversos calibres, narguil\u00e9s, notebook, celular, dinheiro e balan\u00e7a de precis\u00e3o (foto ao lado). O suspeito foi conduzido para a Delegacia da Pol\u00edcia Federal, no munic\u00edpio de Cabedelo.<\/p>\n","protected":false},"excerpt":{"rendered":"<p>A Pol\u00edcia Militar prendeu um homem suspeito de tr\u00e1fico de drogas no bairro do Castelo Branco, na tarde desta segunda-feira<\/p>\n","protected":false},"author":12,"featured_media":898120,"comment_status":"closed","ping_status":"closed","sticky":false,"template":"","format":"standard","meta":{"_exactmetrics_skip_tracking":false,"_exactmetrics_sitenote_active":false,"_exactmetrics_sitenote_note":"","_exactmetrics_sitenote_category":0,"footnotes":""},"categories":[4],"tags":[],"yoast_head":"<!-- This site is optimized with the Yoast SEO plugin v22.0 - https:\/\/yoast.com\/wordpress\/plugins\/seo\/ -->\n<title>Pol\u00edcia Militar prende homem com mais de 3 quilos de maconha e apreende muni\u00e7\u00f5es no Castelo Branco - Pol\u00edcia Militar da Para\u00edba<\/title>\n<meta name=\"robots\" content=\"index, follow, max-snippet:-1, max-image-preview:large, max-video-preview:-1\" \/>\n<link rel=\"canonical\" href=\"https:\/\/www.pm.pb.gov.br\/portal\/2018\/06\/04\/policia-prende-homem-com-mais-de-3-quilos-de-maconha-e-apreende-municoes-no-castelo-branco\/\" \/>\n<meta property=\"og:locale\" content=\"pt_BR\" \/>\n<meta property=\"og:type\" content=\"article\" \/>\n<meta property=\"og:title\" content=\"Pol\u00edcia Militar prende homem com mais de 3 quilos de maconha e apreende muni\u00e7\u00f5es no Castelo Branco - Pol\u00edcia Militar da Para\u00edba\" \/>\n<meta property=\"og:description\" content=\"A Pol\u00edcia Militar prendeu um homem suspeito de tr\u00e1fico de drogas no bairro do Castelo Branco, na tarde desta segunda-feira\" \/>\n<meta property=\"og:url\" content=\"https:\/\/www.pm.pb.gov.br\/portal\/2018\/06\/04\/policia-prende-homem-com-mais-de-3-quilos-de-maconha-e-apreende-municoes-no-castelo-branco\/\" \/>\n<meta property=\"og:site_name\" content=\"Pol\u00edcia Militar da Para\u00edba\" \/>\n<meta property=\"article:published_time\" content=\"2018-06-05T01:52:59+00:00\" \/>\n<meta property=\"article:modified_time\" content=\"2018-06-05T01:59:16+00:00\" \/>\n<meta property=\"og:image\" content=\"https:\/\/www.pm.pb.gov.br\/portal\/wp-content\/uploads\/2018\/06\/Apresenta\u00e7\u00e3o1.jpg\" \/>\n\t<meta property=\"og:image:width\" content=\"800\" \/>\n\t<meta property=\"og:image:height\" content=\"445\" \/>\n\t<meta property=\"og:image:type\" content=\"image\/jpeg\" \/>\n<meta name=\"author\" content=\"Tarcisio Oliveira\" \/>\n<meta name=\"twitter:card\" content=\"summary_large_image\" \/>\n<meta name=\"twitter:label1\" content=\"Escrito por\" \/>\n\t<meta name=\"twitter:data1\" content=\"Tarcisio Oliveira\" \/>\n\t<meta name=\"twitter:label2\" content=\"Est. tempo de leitura\" \/>\n\t<meta name=\"twitter:data2\" content=\"1 minuto\" \/>\n<script type=\"application\/ld+json\" class=\"yoast-schema-graph\">{\"@context\":\"https:\/\/schema.org\",\"@graph\":[{\"@type\":\"Article\",\"@id\":\"https:\/\/www.pm.pb.gov.br\/portal\/2018\/06\/04\/policia-prende-homem-com-mais-de-3-quilos-de-maconha-e-apreende-municoes-no-castelo-branco\/#article\",\"isPartOf\":{\"@id\":\"https:\/\/www.pm.pb.gov.br\/portal\/2018\/06\/04\/policia-prende-homem-com-mais-de-3-quilos-de-maconha-e-apreende-municoes-no-castelo-branco\/\"},\"author\":{\"name\":\"Tarcisio Oliveira\",\"@id\":\"https:\/\/www.pm.pb.gov.br\/portal\/#\/schema\/person\/f84f56dcc78ce4357054da888b8247fd\"},\"headline\":\"Pol\u00edcia Militar prende homem com mais de 3 quilos de maconha e apreende muni\u00e7\u00f5es no Castelo Branco\",\"datePublished\":\"2018-06-05T01:52:59+00:00\",\"dateModified\":\"2018-06-05T01:59:16+00:00\",\"mainEntityOfPage\":{\"@id\":\"https:\/\/www.pm.pb.gov.br\/portal\/2018\/06\/04\/policia-prende-homem-com-mais-de-3-quilos-de-maconha-e-apreende-municoes-no-castelo-branco\/\"},\"wordCount\":187,\"publisher\":{\"@id\":\"https:\/\/www.pm.pb.gov.br\/portal\/#organization\"},\"articleSection\":[\"A\u00e7\u00f5es Policiais\"],\"inLanguage\":\"pt-BR\"},{\"@type\":\"WebPage\",\"@id\":\"https:\/\/www.pm.pb.gov.br\/portal\/2018\/06\/04\/policia-prende-homem-com-mais-de-3-quilos-de-maconha-e-apreende-municoes-no-castelo-branco\/\",\"url\":\"https:\/\/www.pm.pb.gov.br\/portal\/2018\/06\/04\/policia-prende-homem-com-mais-de-3-quilos-de-maconha-e-apreende-municoes-no-castelo-branco\/\",\"name\":\"Pol\u00edcia Militar prende homem com mais de 3 quilos de maconha e apreende muni\u00e7\u00f5es no Castelo Branco - Pol\u00edcia Militar da Para\u00edba\",\"isPartOf\":{\"@id\":\"https:\/\/www.pm.pb.gov.br\/portal\/#website\"},\"datePublished\":\"2018-06-05T01:52:59+00:00\",\"dateModified\":\"2018-06-05T01:59:16+00:00\",\"breadcrumb\":{\"@id\":\"https:\/\/www.pm.pb.gov.br\/portal\/2018\/06\/04\/policia-prende-homem-com-mais-de-3-quilos-de-maconha-e-apreende-municoes-no-castelo-branco\/#breadcrumb\"},\"inLanguage\":\"pt-BR\",\"potentialAction\":[{\"@type\":\"ReadAction\",\"target\":[\"https:\/\/www.pm.pb.gov.br\/portal\/2018\/06\/04\/policia-prende-homem-com-mais-de-3-quilos-de-maconha-e-apreende-municoes-no-castelo-branco\/\"]}]},{\"@type\":\"BreadcrumbList\",\"@id\":\"https:\/\/www.pm.pb.gov.br\/portal\/2018\/06\/04\/policia-prende-homem-com-mais-de-3-quilos-de-maconha-e-apreende-municoes-no-castelo-branco\/#breadcrumb\",\"itemListElement\":[{\"@type\":\"ListItem\",\"position\":1,\"name\":\"In\u00edcio\",\"item\":\"https:\/\/www.pm.pb.gov.br\/portal\/\"},{\"@type\":\"ListItem\",\"position\":2,\"name\":\"Pol\u00edcia Militar prende homem com mais de 3 quilos de maconha e apreende muni\u00e7\u00f5es no Castelo Branco\"}]},{\"@type\":\"WebSite\",\"@id\":\"https:\/\/www.pm.pb.gov.br\/portal\/#website\",\"url\":\"https:\/\/www.pm.pb.gov.br\/portal\/\",\"name\":\"Pol\u00edcia Militar da Para\u00edba\",\"description\":\"\",\"publisher\":{\"@id\":\"https:\/\/www.pm.pb.gov.br\/portal\/#organization\"},\"potentialAction\":[{\"@type\":\"SearchAction\",\"target\":{\"@type\":\"EntryPoint\",\"urlTemplate\":\"https:\/\/www.pm.pb.gov.br\/portal\/?s={search_term_string}\"},\"query-input\":\"required name=search_term_string\"}],\"inLanguage\":\"pt-BR\"},{\"@type\":\"Organization\",\"@id\":\"https:\/\/www.pm.pb.gov.br\/portal\/#organization\",\"name\":\"Pol\u00edcia Militar da Para\u00edba\",\"url\":\"https:\/\/www.pm.pb.gov.br\/portal\/\",\"logo\":{\"@type\":\"ImageObject\",\"inLanguage\":\"pt-BR\",\"@id\":\"https:\/\/www.pm.pb.gov.br\/portal\/#\/schema\/logo\/image\/\",\"url\":\"https:\/\/www.pm.pb.gov.br\/portal\/wp-content\/uploads\/2025\/03\/cropped-logo-site-mag2-1.png\",\"contentUrl\":\"https:\/\/www.pm.pb.gov.br\/portal\/wp-content\/uploads\/2025\/03\/cropped-logo-site-mag2-1.png\",\"width\":320,\"height\":90,\"caption\":\"Pol\u00edcia Militar da Para\u00edba\"},\"image\":{\"@id\":\"https:\/\/www.pm.pb.gov.br\/portal\/#\/schema\/logo\/image\/\"}},{\"@type\":\"Person\",\"@id\":\"https:\/\/www.pm.pb.gov.br\/portal\/#\/schema\/person\/f84f56dcc78ce4357054da888b8247fd\",\"name\":\"Tarcisio Oliveira\",\"image\":{\"@type\":\"ImageObject\",\"inLanguage\":\"pt-BR\",\"@id\":\"https:\/\/www.pm.pb.gov.br\/portal\/#\/schema\/person\/image\/\",\"url\":\"https:\/\/secure.gravatar.com\/avatar\/72917b630b69d31cd0297507f34bac97?s=96&d=mm&r=g\",\"contentUrl\":\"https:\/\/secure.gravatar.com\/avatar\/72917b630b69d31cd0297507f34bac97?s=96&d=mm&r=g\",\"caption\":\"Tarcisio Oliveira\"},\"url\":\"https:\/\/www.pm.pb.gov.br\/portal\/author\/tarcisio\/\"}]}<\/script>\n<!-- \/ Yoast SEO plugin. -->","yoast_head_json":{"title":"Pol\u00edcia Militar prende homem com mais de 3 quilos de maconha e apreende muni\u00e7\u00f5es no Castelo Branco - Pol\u00edcia Militar da Para\u00edba","robots":{"index":"index","follow":"follow","max-snippet":"max-snippet:-1","max-image-preview":"max-image-preview:large","max-video-preview":"max-video-preview:-1"},"canonical":"https:\/\/www.pm.pb.gov.br\/portal\/2018\/06\/04\/policia-prende-homem-com-mais-de-3-quilos-de-maconha-e-apreende-municoes-no-castelo-branco\/","og_locale":"pt_BR","og_type":"article","og_title":"Pol\u00edcia Militar prende homem com mais de 3 quilos de maconha e apreende muni\u00e7\u00f5es no Castelo Branco - Pol\u00edcia Militar da Para\u00edba","og_description":"A Pol\u00edcia Militar prendeu um homem suspeito de tr\u00e1fico de drogas no bairro do Castelo Branco, na tarde desta segunda-feira","og_url":"https:\/\/www.pm.pb.gov.br\/portal\/2018\/06\/04\/policia-prende-homem-com-mais-de-3-quilos-de-maconha-e-apreende-municoes-no-castelo-branco\/","og_site_name":"Pol\u00edcia Militar da Para\u00edba","article_published_time":"2018-06-05T01:52:59+00:00","article_modified_time":"2018-06-05T01:59:16+00:00","og_image":[{"width":800,"height":445,"url":"https:\/\/www.pm.pb.gov.br\/portal\/wp-content\/uploads\/2018\/06\/Apresenta\u00e7\u00e3o1.jpg","type":"image\/jpeg"}],"author":"Tarcisio Oliveira","twitter_card":"summary_large_image","twitter_misc":{"Escrito por":"Tarcisio Oliveira","Est. tempo de leitura":"1 minuto"},"schema":{"@context":"https:\/\/schema.org","@graph":[{"@type":"Article","@id":"https:\/\/www.pm.pb.gov.br\/portal\/2018\/06\/04\/policia-prende-homem-com-mais-de-3-quilos-de-maconha-e-apreende-municoes-no-castelo-branco\/#article","isPartOf":{"@id":"https:\/\/www.pm.pb.gov.br\/portal\/2018\/06\/04\/policia-prende-homem-com-mais-de-3-quilos-de-maconha-e-apreende-municoes-no-castelo-branco\/"},"author":{"name":"Tarcisio Oliveira","@id":"https:\/\/www.pm.pb.gov.br\/portal\/#\/schema\/person\/f84f56dcc78ce4357054da888b8247fd"},"headline":"Pol\u00edcia Militar prende homem com mais de 3 quilos de maconha e apreende muni\u00e7\u00f5es no Castelo Branco","datePublished":"2018-06-05T01:52:59+00:00","dateModified":"2018-06-05T01:59:16+00:00","mainEntityOfPage":{"@id":"https:\/\/www.pm.pb.gov.br\/portal\/2018\/06\/04\/policia-prende-homem-com-mais-de-3-quilos-de-maconha-e-apreende-municoes-no-castelo-branco\/"},"wordCount":187,"publisher":{"@id":"https:\/\/www.pm.pb.gov.br\/portal\/#organization"},"articleSection":["A\u00e7\u00f5es Policiais"],"inLanguage":"pt-BR"},{"@type":"WebPage","@id":"https:\/\/www.pm.pb.gov.br\/portal\/2018\/06\/04\/policia-prende-homem-com-mais-de-3-quilos-de-maconha-e-apreende-municoes-no-castelo-branco\/","url":"https:\/\/www.pm.pb.gov.br\/portal\/2018\/06\/04\/policia-prende-homem-com-mais-de-3-quilos-de-maconha-e-apreende-municoes-no-castelo-branco\/","name":"Pol\u00edcia Militar prende homem com mais de 3 quilos de maconha e apreende muni\u00e7\u00f5es no Castelo Branco - Pol\u00edcia Militar da Para\u00edba","isPartOf":{"@id":"https:\/\/www.pm.pb.gov.br\/portal\/#website"},"datePublished":"2018-06-05T01:52:59+00:00","dateModified":"2018-06-05T01:59:16+00:00","breadcrumb":{"@id":"https:\/\/www.pm.pb.gov.br\/portal\/2018\/06\/04\/policia-prende-homem-com-mais-de-3-quilos-de-maconha-e-apreende-municoes-no-castelo-branco\/#breadcrumb"},"inLanguage":"pt-BR","potentialAction":[{"@type":"ReadAction","target":["https:\/\/www.pm.pb.gov.br\/portal\/2018\/06\/04\/policia-prende-homem-com-mais-de-3-quilos-de-maconha-e-apreende-municoes-no-castelo-branco\/"]}]},{"@type":"BreadcrumbList","@id":"https:\/\/www.pm.pb.gov.br\/portal\/2018\/06\/04\/policia-prende-homem-com-mais-de-3-quilos-de-maconha-e-apreende-municoes-no-castelo-branco\/#breadcrumb","itemListElement":[{"@type":"ListItem","position":1,"name":"In\u00edcio","item":"https:\/\/www.pm.pb.gov.br\/portal\/"},{"@type":"ListItem","position":2,"name":"Pol\u00edcia Militar prende homem com mais de 3 quilos de maconha e apreende muni\u00e7\u00f5es no Castelo Branco"}]},{"@type":"WebSite","@id":"https:\/\/www.pm.pb.gov.br\/portal\/#website","url":"https:\/\/www.pm.pb.gov.br\/portal\/","name":"Pol\u00edcia Militar da Para\u00edba","description":"","publisher":{"@id":"https:\/\/www.pm.pb.gov.br\/portal\/#organization"},"potentialAction":[{"@type":"SearchAction","target":{"@type":"EntryPoint","urlTemplate":"https:\/\/www.pm.pb.gov.br\/portal\/?s={search_term_string}"},"query-input":"required name=search_term_string"}],"inLanguage":"pt-BR"},{"@type":"Organization","@id":"https:\/\/www.pm.pb.gov.br\/portal\/#organization","name":"Pol\u00edcia Militar da Para\u00edba","url":"https:\/\/www.pm.pb.gov.br\/portal\/","logo":{"@type":"ImageObject","inLanguage":"pt-BR","@id":"https:\/\/www.pm.pb.gov.br\/portal\/#\/schema\/logo\/image\/","url":"https:\/\/www.pm.pb.gov.br\/portal\/wp-content\/uploads\/2025\/03\/cropped-logo-site-mag2-1.png","contentUrl":"https:\/\/www.pm.pb.gov.br\/portal\/wp-content\/uploads\/2025\/03\/cropped-logo-site-mag2-1.png","width":320,"height":90,"caption":"Pol\u00edcia Militar da Para\u00edba"},"image":{"@id":"https:\/\/www.pm.pb.gov.br\/portal\/#\/schema\/logo\/image\/"}},{"@type":"Person","@id":"https:\/\/www.pm.pb.gov.br\/portal\/#\/schema\/person\/f84f56dcc78ce4357054da888b8247fd","name":"Tarcisio Oliveira","image":{"@type":"ImageObject","inLanguage":"pt-BR","@id":"https:\/\/www.pm.pb.gov.br\/portal\/#\/schema\/person\/image\/","url":"https:\/\/secure.gravatar.com\/avatar\/72917b630b69d31cd0297507f34bac97?s=96&d=mm&r=g","contentUrl":"https:\/\/secure.gravatar.com\/avatar\/72917b630b69d31cd0297507f34bac97?s=96&d=mm&r=g","caption":"Tarcisio Oliveira"},"url":"https:\/\/www.pm.pb.gov.br\/portal\/author\/tarcisio\/"}]}},"_links":{"self":[{"href":"https:\/\/www.pm.pb.gov.br\/portal\/wp-json\/wp\/v2\/posts\/898119"}],"collection":[{"href":"https:\/\/www.pm.pb.gov.br\/portal\/wp-json\/wp\/v2\/posts"}],"about":[{"href":"https:\/\/www.pm.pb.gov.br\/portal\/wp-json\/wp\/v2\/types\/post"}],"author":[{"embeddable":true,"href":"https:\/\/www.pm.pb.gov.br\/portal\/wp-json\/wp\/v2\/users\/12"}],"replies":[{"embeddable":true,"href":"https:\/\/www.pm.pb.gov.br\/portal\/wp-json\/wp\/v2\/comments?post=898119"}],"version-history":[{"count":3,"href":"https:\/\/www.pm.pb.gov.br\/portal\/wp-json\/wp\/v2\/posts\/898119\/revisions"}],"predecessor-version":[{"id":898124,"href":"https:\/\/www.pm.pb.gov.br\/portal\/wp-json\/wp\/v2\/posts\/898119\/revisions\/898124"}],"wp:featuredmedia":[{"embeddable":true,"href":"https:\/\/www.pm.pb.gov.br\/portal\/wp-json\/wp\/v2\/media\/898120"}],"wp:attachment":[{"href":"https:\/\/www.pm.pb.gov.br\/portal\/wp-json\/wp\/v2\/media?parent=898119"}],"wp:term":[{"taxonomy":"category","embeddable":true,"href":"https:\/\/www.pm.pb.gov.br\/portal\/wp-json\/wp\/v2\/categories?post=898119"},{"taxonomy":"post_tag","embeddable":true,"href":"https:\/\/www.pm.pb.gov.br\/portal\/wp-json\/wp\/v2\/tags?post=898119"}],"curies":[{"name":"wp","href":"https:\/\/api.w.org\/{rel}","templated":true}]}}