{"id":898116,"date":"2018-06-04T15:27:57","date_gmt":"2018-06-04T18:27:57","guid":{"rendered":"http:\/\/www.pm.pb.gov.br\/portal\/?p=898116"},"modified":"2018-06-04T15:27:57","modified_gmt":"2018-06-04T18:27:57","slug":"policia-militar-desarticula-ponto-de-venda-de-municoes-armas-e-medicamentos-furtados-de-um-lote-do-ministerio-da-saude","status":"publish","type":"post","link":"https:\/\/www.pm.pb.gov.br\/portal\/2018\/06\/04\/policia-militar-desarticula-ponto-de-venda-de-municoes-armas-e-medicamentos-furtados-de-um-lote-do-ministerio-da-saude\/","title":{"rendered":"Pol\u00edcia Militar desarticula ponto de venda de muni\u00e7\u00f5es, armas e medicamentos furtados de um lote do Minist\u00e9rio da Sa\u00fade"},"content":{"rendered":"<p style=\"text-align: justify;\">A Pol\u00edcia Militar localizou uma casa, na manh\u00e3 desta segunda-feira (4), onde eram vendidas ilegalmente muni\u00e7\u00f5es, armas e frascos de hipoclorito de s\u00f3dio, que pertenciam a um lote do Minist\u00e9rio da Sa\u00fade. A For\u00e7a T\u00e1tica do 1\u00ba Batalh\u00e3o chegou at\u00e9 o local, que fica no bairro do Roger, em Jo\u00e3o Pessoa, depois de den\u00fancias an\u00f4nimas.<\/p>\n<p style=\"text-align: justify;\">Na resid\u00eancia, foi encontrado um rev\u00f3lver calibre 38, cerca de 60 muni\u00e7\u00f5es, balan\u00e7a de precis\u00e3o, 49 frascos de hipoclorito de s\u00f3dio com 50 ml, um caderno com contabilidade da pr\u00e1tica de agiotagem (empr\u00e9stimo de dinheiro fora do mercado de cr\u00e9dito leg\u00edtimo) e mais de R$ 16 mil.<\/p>\n<p style=\"text-align: justify;\">O suspeito de movimentar todo o com\u00e9rcio ilegal est\u00e1 foragido. Ele \u00e9 funcion\u00e1rio de um almoxarifado, do qual possivelmente eram retirados os produtos do lote do Governo Federal. O material apreendido foi entregue na Central de Flagrantes.<\/p>\n","protected":false},"excerpt":{"rendered":"<p>A Pol\u00edcia Militar localizou uma casa, na manh\u00e3 desta segunda-feira (4), onde eram vendidas ilegalmente muni\u00e7\u00f5es, armas e frascos de<\/p>\n","protected":false},"author":15,"featured_media":898117,"comment_status":"closed","ping_status":"closed","sticky":false,"template":"","format":"standard","meta":{"_exactmetrics_skip_tracking":false,"_exactmetrics_sitenote_active":false,"_exactmetrics_sitenote_note":"","_exactmetrics_sitenote_category":0,"footnotes":""},"categories":[4],"tags":[],"yoast_head":"<!-- This site is optimized with the Yoast SEO plugin v22.0 - https:\/\/yoast.com\/wordpress\/plugins\/seo\/ -->\n<title>Pol\u00edcia Militar desarticula ponto de venda de muni\u00e7\u00f5es, armas e medicamentos furtados de um lote do Minist\u00e9rio da Sa\u00fade - Pol\u00edcia Militar da Para\u00edba<\/title>\n<meta name=\"robots\" content=\"index, follow, max-snippet:-1, max-image-preview:large, max-video-preview:-1\" \/>\n<link rel=\"canonical\" href=\"https:\/\/www.pm.pb.gov.br\/portal\/2018\/06\/04\/policia-militar-desarticula-ponto-de-venda-de-municoes-armas-e-medicamentos-furtados-de-um-lote-do-ministerio-da-saude\/\" \/>\n<meta property=\"og:locale\" content=\"pt_BR\" \/>\n<meta property=\"og:type\" content=\"article\" \/>\n<meta property=\"og:title\" content=\"Pol\u00edcia Militar desarticula ponto de venda de muni\u00e7\u00f5es, armas e medicamentos furtados de um lote do Minist\u00e9rio da Sa\u00fade - Pol\u00edcia Militar da Para\u00edba\" \/>\n<meta property=\"og:description\" content=\"A Pol\u00edcia Militar localizou uma casa, na manh\u00e3 desta segunda-feira (4), onde eram vendidas ilegalmente muni\u00e7\u00f5es, armas e frascos de\" \/>\n<meta property=\"og:url\" content=\"https:\/\/www.pm.pb.gov.br\/portal\/2018\/06\/04\/policia-militar-desarticula-ponto-de-venda-de-municoes-armas-e-medicamentos-furtados-de-um-lote-do-ministerio-da-saude\/\" \/>\n<meta property=\"og:site_name\" content=\"Pol\u00edcia Militar da Para\u00edba\" \/>\n<meta property=\"article:published_time\" content=\"2018-06-04T18:27:57+00:00\" \/>\n<meta property=\"og:image\" content=\"https:\/\/www.pm.pb.gov.br\/portal\/wp-content\/uploads\/2018\/06\/pmpb.jpeg\" \/>\n\t<meta property=\"og:image:width\" content=\"800\" \/>\n\t<meta property=\"og:image:height\" content=\"450\" \/>\n\t<meta property=\"og:image:type\" content=\"image\/jpeg\" \/>\n<meta name=\"author\" content=\"Marcio Gomes dos Santos\" \/>\n<meta name=\"twitter:card\" content=\"summary_large_image\" \/>\n<meta name=\"twitter:label1\" content=\"Escrito por\" \/>\n\t<meta name=\"twitter:data1\" content=\"Marcio Gomes dos Santos\" \/>\n\t<meta name=\"twitter:label2\" content=\"Est. tempo de leitura\" \/>\n\t<meta name=\"twitter:data2\" content=\"1 minuto\" \/>\n<script type=\"application\/ld+json\" class=\"yoast-schema-graph\">{\"@context\":\"https:\/\/schema.org\",\"@graph\":[{\"@type\":\"Article\",\"@id\":\"https:\/\/www.pm.pb.gov.br\/portal\/2018\/06\/04\/policia-militar-desarticula-ponto-de-venda-de-municoes-armas-e-medicamentos-furtados-de-um-lote-do-ministerio-da-saude\/#article\",\"isPartOf\":{\"@id\":\"https:\/\/www.pm.pb.gov.br\/portal\/2018\/06\/04\/policia-militar-desarticula-ponto-de-venda-de-municoes-armas-e-medicamentos-furtados-de-um-lote-do-ministerio-da-saude\/\"},\"author\":{\"name\":\"Marcio Gomes dos Santos\",\"@id\":\"https:\/\/www.pm.pb.gov.br\/portal\/#\/schema\/person\/30d571652b38533c2211e4e89bf5a502\"},\"headline\":\"Pol\u00edcia Militar desarticula ponto de venda de muni\u00e7\u00f5es, armas e medicamentos furtados de um lote do Minist\u00e9rio da Sa\u00fade\",\"datePublished\":\"2018-06-04T18:27:57+00:00\",\"dateModified\":\"2018-06-04T18:27:57+00:00\",\"mainEntityOfPage\":{\"@id\":\"https:\/\/www.pm.pb.gov.br\/portal\/2018\/06\/04\/policia-militar-desarticula-ponto-de-venda-de-municoes-armas-e-medicamentos-furtados-de-um-lote-do-ministerio-da-saude\/\"},\"wordCount\":177,\"publisher\":{\"@id\":\"https:\/\/www.pm.pb.gov.br\/portal\/#organization\"},\"articleSection\":[\"A\u00e7\u00f5es Policiais\"],\"inLanguage\":\"pt-BR\"},{\"@type\":\"WebPage\",\"@id\":\"https:\/\/www.pm.pb.gov.br\/portal\/2018\/06\/04\/policia-militar-desarticula-ponto-de-venda-de-municoes-armas-e-medicamentos-furtados-de-um-lote-do-ministerio-da-saude\/\",\"url\":\"https:\/\/www.pm.pb.gov.br\/portal\/2018\/06\/04\/policia-militar-desarticula-ponto-de-venda-de-municoes-armas-e-medicamentos-furtados-de-um-lote-do-ministerio-da-saude\/\",\"name\":\"Pol\u00edcia Militar desarticula ponto de venda de muni\u00e7\u00f5es, armas e medicamentos furtados de um lote do Minist\u00e9rio da Sa\u00fade - Pol\u00edcia Militar da Para\u00edba\",\"isPartOf\":{\"@id\":\"https:\/\/www.pm.pb.gov.br\/portal\/#website\"},\"datePublished\":\"2018-06-04T18:27:57+00:00\",\"dateModified\":\"2018-06-04T18:27:57+00:00\",\"breadcrumb\":{\"@id\":\"https:\/\/www.pm.pb.gov.br\/portal\/2018\/06\/04\/policia-militar-desarticula-ponto-de-venda-de-municoes-armas-e-medicamentos-furtados-de-um-lote-do-ministerio-da-saude\/#breadcrumb\"},\"inLanguage\":\"pt-BR\",\"potentialAction\":[{\"@type\":\"ReadAction\",\"target\":[\"https:\/\/www.pm.pb.gov.br\/portal\/2018\/06\/04\/policia-militar-desarticula-ponto-de-venda-de-municoes-armas-e-medicamentos-furtados-de-um-lote-do-ministerio-da-saude\/\"]}]},{\"@type\":\"BreadcrumbList\",\"@id\":\"https:\/\/www.pm.pb.gov.br\/portal\/2018\/06\/04\/policia-militar-desarticula-ponto-de-venda-de-municoes-armas-e-medicamentos-furtados-de-um-lote-do-ministerio-da-saude\/#breadcrumb\",\"itemListElement\":[{\"@type\":\"ListItem\",\"position\":1,\"name\":\"In\u00edcio\",\"item\":\"https:\/\/www.pm.pb.gov.br\/portal\/\"},{\"@type\":\"ListItem\",\"position\":2,\"name\":\"Pol\u00edcia Militar desarticula ponto de venda de muni\u00e7\u00f5es, armas e medicamentos furtados de um lote do Minist\u00e9rio da Sa\u00fade\"}]},{\"@type\":\"WebSite\",\"@id\":\"https:\/\/www.pm.pb.gov.br\/portal\/#website\",\"url\":\"https:\/\/www.pm.pb.gov.br\/portal\/\",\"name\":\"Pol\u00edcia Militar da Para\u00edba\",\"description\":\"\",\"publisher\":{\"@id\":\"https:\/\/www.pm.pb.gov.br\/portal\/#organization\"},\"potentialAction\":[{\"@type\":\"SearchAction\",\"target\":{\"@type\":\"EntryPoint\",\"urlTemplate\":\"https:\/\/www.pm.pb.gov.br\/portal\/?s={search_term_string}\"},\"query-input\":\"required name=search_term_string\"}],\"inLanguage\":\"pt-BR\"},{\"@type\":\"Organization\",\"@id\":\"https:\/\/www.pm.pb.gov.br\/portal\/#organization\",\"name\":\"Pol\u00edcia Militar da Para\u00edba\",\"url\":\"https:\/\/www.pm.pb.gov.br\/portal\/\",\"logo\":{\"@type\":\"ImageObject\",\"inLanguage\":\"pt-BR\",\"@id\":\"https:\/\/www.pm.pb.gov.br\/portal\/#\/schema\/logo\/image\/\",\"url\":\"https:\/\/www.pm.pb.gov.br\/portal\/wp-content\/uploads\/2025\/03\/cropped-logo-site-mag2-1.png\",\"contentUrl\":\"https:\/\/www.pm.pb.gov.br\/portal\/wp-content\/uploads\/2025\/03\/cropped-logo-site-mag2-1.png\",\"width\":320,\"height\":90,\"caption\":\"Pol\u00edcia Militar da Para\u00edba\"},\"image\":{\"@id\":\"https:\/\/www.pm.pb.gov.br\/portal\/#\/schema\/logo\/image\/\"}},{\"@type\":\"Person\",\"@id\":\"https:\/\/www.pm.pb.gov.br\/portal\/#\/schema\/person\/30d571652b38533c2211e4e89bf5a502\",\"name\":\"Marcio Gomes dos Santos\",\"image\":{\"@type\":\"ImageObject\",\"inLanguage\":\"pt-BR\",\"@id\":\"https:\/\/www.pm.pb.gov.br\/portal\/#\/schema\/person\/image\/\",\"url\":\"https:\/\/secure.gravatar.com\/avatar\/cf4ec2cb690101e1581c7773aa350c19?s=96&d=mm&r=g\",\"contentUrl\":\"https:\/\/secure.gravatar.com\/avatar\/cf4ec2cb690101e1581c7773aa350c19?s=96&d=mm&r=g\",\"caption\":\"Marcio Gomes dos Santos\"},\"url\":\"https:\/\/www.pm.pb.gov.br\/portal\/author\/mgomes\/\"}]}<\/script>\n<!-- \/ Yoast SEO plugin. -->","yoast_head_json":{"title":"Pol\u00edcia Militar desarticula ponto de venda de muni\u00e7\u00f5es, armas e medicamentos furtados de um lote do Minist\u00e9rio da Sa\u00fade - Pol\u00edcia Militar da Para\u00edba","robots":{"index":"index","follow":"follow","max-snippet":"max-snippet:-1","max-image-preview":"max-image-preview:large","max-video-preview":"max-video-preview:-1"},"canonical":"https:\/\/www.pm.pb.gov.br\/portal\/2018\/06\/04\/policia-militar-desarticula-ponto-de-venda-de-municoes-armas-e-medicamentos-furtados-de-um-lote-do-ministerio-da-saude\/","og_locale":"pt_BR","og_type":"article","og_title":"Pol\u00edcia Militar desarticula ponto de venda de muni\u00e7\u00f5es, armas e medicamentos furtados de um lote do Minist\u00e9rio da Sa\u00fade - Pol\u00edcia Militar da Para\u00edba","og_description":"A Pol\u00edcia Militar localizou uma casa, na manh\u00e3 desta segunda-feira (4), onde eram vendidas ilegalmente muni\u00e7\u00f5es, armas e frascos de","og_url":"https:\/\/www.pm.pb.gov.br\/portal\/2018\/06\/04\/policia-militar-desarticula-ponto-de-venda-de-municoes-armas-e-medicamentos-furtados-de-um-lote-do-ministerio-da-saude\/","og_site_name":"Pol\u00edcia Militar da Para\u00edba","article_published_time":"2018-06-04T18:27:57+00:00","og_image":[{"width":800,"height":450,"url":"https:\/\/www.pm.pb.gov.br\/portal\/wp-content\/uploads\/2018\/06\/pmpb.jpeg","type":"image\/jpeg"}],"author":"Marcio Gomes dos Santos","twitter_card":"summary_large_image","twitter_misc":{"Escrito por":"Marcio Gomes dos Santos","Est. tempo de leitura":"1 minuto"},"schema":{"@context":"https:\/\/schema.org","@graph":[{"@type":"Article","@id":"https:\/\/www.pm.pb.gov.br\/portal\/2018\/06\/04\/policia-militar-desarticula-ponto-de-venda-de-municoes-armas-e-medicamentos-furtados-de-um-lote-do-ministerio-da-saude\/#article","isPartOf":{"@id":"https:\/\/www.pm.pb.gov.br\/portal\/2018\/06\/04\/policia-militar-desarticula-ponto-de-venda-de-municoes-armas-e-medicamentos-furtados-de-um-lote-do-ministerio-da-saude\/"},"author":{"name":"Marcio Gomes dos Santos","@id":"https:\/\/www.pm.pb.gov.br\/portal\/#\/schema\/person\/30d571652b38533c2211e4e89bf5a502"},"headline":"Pol\u00edcia Militar desarticula ponto de venda de muni\u00e7\u00f5es, armas e medicamentos furtados de um lote do Minist\u00e9rio da Sa\u00fade","datePublished":"2018-06-04T18:27:57+00:00","dateModified":"2018-06-04T18:27:57+00:00","mainEntityOfPage":{"@id":"https:\/\/www.pm.pb.gov.br\/portal\/2018\/06\/04\/policia-militar-desarticula-ponto-de-venda-de-municoes-armas-e-medicamentos-furtados-de-um-lote-do-ministerio-da-saude\/"},"wordCount":177,"publisher":{"@id":"https:\/\/www.pm.pb.gov.br\/portal\/#organization"},"articleSection":["A\u00e7\u00f5es Policiais"],"inLanguage":"pt-BR"},{"@type":"WebPage","@id":"https:\/\/www.pm.pb.gov.br\/portal\/2018\/06\/04\/policia-militar-desarticula-ponto-de-venda-de-municoes-armas-e-medicamentos-furtados-de-um-lote-do-ministerio-da-saude\/","url":"https:\/\/www.pm.pb.gov.br\/portal\/2018\/06\/04\/policia-militar-desarticula-ponto-de-venda-de-municoes-armas-e-medicamentos-furtados-de-um-lote-do-ministerio-da-saude\/","name":"Pol\u00edcia Militar desarticula ponto de venda de muni\u00e7\u00f5es, armas e medicamentos furtados de um lote do Minist\u00e9rio da Sa\u00fade - Pol\u00edcia Militar da Para\u00edba","isPartOf":{"@id":"https:\/\/www.pm.pb.gov.br\/portal\/#website"},"datePublished":"2018-06-04T18:27:57+00:00","dateModified":"2018-06-04T18:27:57+00:00","breadcrumb":{"@id":"https:\/\/www.pm.pb.gov.br\/portal\/2018\/06\/04\/policia-militar-desarticula-ponto-de-venda-de-municoes-armas-e-medicamentos-furtados-de-um-lote-do-ministerio-da-saude\/#breadcrumb"},"inLanguage":"pt-BR","potentialAction":[{"@type":"ReadAction","target":["https:\/\/www.pm.pb.gov.br\/portal\/2018\/06\/04\/policia-militar-desarticula-ponto-de-venda-de-municoes-armas-e-medicamentos-furtados-de-um-lote-do-ministerio-da-saude\/"]}]},{"@type":"BreadcrumbList","@id":"https:\/\/www.pm.pb.gov.br\/portal\/2018\/06\/04\/policia-militar-desarticula-ponto-de-venda-de-municoes-armas-e-medicamentos-furtados-de-um-lote-do-ministerio-da-saude\/#breadcrumb","itemListElement":[{"@type":"ListItem","position":1,"name":"In\u00edcio","item":"https:\/\/www.pm.pb.gov.br\/portal\/"},{"@type":"ListItem","position":2,"name":"Pol\u00edcia Militar desarticula ponto de venda de muni\u00e7\u00f5es, armas e medicamentos furtados de um lote do Minist\u00e9rio da Sa\u00fade"}]},{"@type":"WebSite","@id":"https:\/\/www.pm.pb.gov.br\/portal\/#website","url":"https:\/\/www.pm.pb.gov.br\/portal\/","name":"Pol\u00edcia Militar da Para\u00edba","description":"","publisher":{"@id":"https:\/\/www.pm.pb.gov.br\/portal\/#organization"},"potentialAction":[{"@type":"SearchAction","target":{"@type":"EntryPoint","urlTemplate":"https:\/\/www.pm.pb.gov.br\/portal\/?s={search_term_string}"},"query-input":"required name=search_term_string"}],"inLanguage":"pt-BR"},{"@type":"Organization","@id":"https:\/\/www.pm.pb.gov.br\/portal\/#organization","name":"Pol\u00edcia Militar da Para\u00edba","url":"https:\/\/www.pm.pb.gov.br\/portal\/","logo":{"@type":"ImageObject","inLanguage":"pt-BR","@id":"https:\/\/www.pm.pb.gov.br\/portal\/#\/schema\/logo\/image\/","url":"https:\/\/www.pm.pb.gov.br\/portal\/wp-content\/uploads\/2025\/03\/cropped-logo-site-mag2-1.png","contentUrl":"https:\/\/www.pm.pb.gov.br\/portal\/wp-content\/uploads\/2025\/03\/cropped-logo-site-mag2-1.png","width":320,"height":90,"caption":"Pol\u00edcia Militar da Para\u00edba"},"image":{"@id":"https:\/\/www.pm.pb.gov.br\/portal\/#\/schema\/logo\/image\/"}},{"@type":"Person","@id":"https:\/\/www.pm.pb.gov.br\/portal\/#\/schema\/person\/30d571652b38533c2211e4e89bf5a502","name":"Marcio Gomes dos Santos","image":{"@type":"ImageObject","inLanguage":"pt-BR","@id":"https:\/\/www.pm.pb.gov.br\/portal\/#\/schema\/person\/image\/","url":"https:\/\/secure.gravatar.com\/avatar\/cf4ec2cb690101e1581c7773aa350c19?s=96&d=mm&r=g","contentUrl":"https:\/\/secure.gravatar.com\/avatar\/cf4ec2cb690101e1581c7773aa350c19?s=96&d=mm&r=g","caption":"Marcio Gomes dos Santos"},"url":"https:\/\/www.pm.pb.gov.br\/portal\/author\/mgomes\/"}]}},"_links":{"self":[{"href":"https:\/\/www.pm.pb.gov.br\/portal\/wp-json\/wp\/v2\/posts\/898116"}],"collection":[{"href":"https:\/\/www.pm.pb.gov.br\/portal\/wp-json\/wp\/v2\/posts"}],"about":[{"href":"https:\/\/www.pm.pb.gov.br\/portal\/wp-json\/wp\/v2\/types\/post"}],"author":[{"embeddable":true,"href":"https:\/\/www.pm.pb.gov.br\/portal\/wp-json\/wp\/v2\/users\/15"}],"replies":[{"embeddable":true,"href":"https:\/\/www.pm.pb.gov.br\/portal\/wp-json\/wp\/v2\/comments?post=898116"}],"version-history":[{"count":1,"href":"https:\/\/www.pm.pb.gov.br\/portal\/wp-json\/wp\/v2\/posts\/898116\/revisions"}],"predecessor-version":[{"id":898118,"href":"https:\/\/www.pm.pb.gov.br\/portal\/wp-json\/wp\/v2\/posts\/898116\/revisions\/898118"}],"wp:featuredmedia":[{"embeddable":true,"href":"https:\/\/www.pm.pb.gov.br\/portal\/wp-json\/wp\/v2\/media\/898117"}],"wp:attachment":[{"href":"https:\/\/www.pm.pb.gov.br\/portal\/wp-json\/wp\/v2\/media?parent=898116"}],"wp:term":[{"taxonomy":"category","embeddable":true,"href":"https:\/\/www.pm.pb.gov.br\/portal\/wp-json\/wp\/v2\/categories?post=898116"},{"taxonomy":"post_tag","embeddable":true,"href":"https:\/\/www.pm.pb.gov.br\/portal\/wp-json\/wp\/v2\/tags?post=898116"}],"curies":[{"name":"wp","href":"https:\/\/api.w.org\/{rel}","templated":true}]}}