{"id":898067,"date":"2018-05-28T15:16:11","date_gmt":"2018-05-28T18:16:11","guid":{"rendered":"http:\/\/www.pm.pb.gov.br\/portal\/?p=898067"},"modified":"2018-06-12T08:36:19","modified_gmt":"2018-06-12T11:36:19","slug":"resultado-da-2a-etapa-do-concurso-da-policia-militar-e-corpo-de-bombeiros-e-antecipado","status":"publish","type":"post","link":"https:\/\/www.pm.pb.gov.br\/portal\/2018\/05\/28\/resultado-da-2a-etapa-do-concurso-da-policia-militar-e-corpo-de-bombeiros-e-antecipado\/","title":{"rendered":"Resultado da 2\u00aa etapa do concurso da Pol\u00edcia Militar e Corpo de Bombeiros \u00e9 antecipado"},"content":{"rendered":"<p style=\"text-align: justify;\"><strong>\u00a0\u00a0<\/strong>O resultado do exame psicot\u00e9cnico do concurso da Pol\u00edcia Militar e do Corpo de Bombeiros Militar foi antecipado e divulgado no fim da manh\u00e3 desta segunda-feira (28) na p\u00e1gina <a href=\"http:\/\/www.ibfc.org.br\/\">www.ibfc.org.br<\/a>. A previs\u00e3o inicial era que o resultado desta segunda etapa fosse divulgado daqui a duas semanas. Os candidatos que foram indicados para a pr\u00f3xima fase do certame devem aguardar a convoca\u00e7\u00e3o, que sair\u00e1 at\u00e9 o dia 11 de junho.<\/p>\n<p style=\"text-align: justify;\">No total, 28 concorrentes foram considerados contraindicados. Eles ter\u00e3o direito a passar por uma entrevista devolutiva, que ser\u00e1 realizada no pr\u00f3ximo dia 3, apenas para esclarecimento do motivo da inaptid\u00e3o, que tem como consequ\u00eancia a elimina\u00e7\u00e3o do concurso. Quem optar, pode levar um psic\u00f3logo no dia, desde que ele seja inscrito no Conselho Regional de Psicologia (CRP).<\/p>\n<p style=\"text-align: justify;\">A pr\u00f3xima etapa do concurso \u00e9 o exame de sa\u00fade e j\u00e1 tem data para acontecer: a partir de 18 de junho. Nesta fase, os candidatos v\u00e3o apresentar os 15 exames laboratoriais exigidos, que devem ter, obrigatoriamente, o nome e o n\u00famero de identidade do candidato no exame, e passar\u00e3o por uma inspe\u00e7\u00e3o para verificar a altura, capacidades visuais e auditivas, bem como a parte bucal e cl\u00ednica. A comiss\u00e3o recomenda que o candidato leia atentamente o edital do concurso e o aditivo 002, dispon\u00edveis no link <a href=\"http:\/\/www.pm.pb.gov.br\/portal\/informacoes\/concursos\/concursos-publicos\/\">http:\/\/www.pm.pb.gov.br\/portal\/informacoes\/concursos\/concursos-publicos\/<\/a><\/p>\n<p style=\"text-align: justify;\">O exame de aptid\u00e3o f\u00edsica acontecer\u00e1 no dia seguinte ao exame de sa\u00fade. Para o sexo masculino s\u00e3o cobradas cinco flex\u00f5es de bra\u00e7os na barra fixa (com duas tentativas); corrida de 100 metros (tem que fazer em at\u00e9 16 segundos, com duas tentativas); corrida longa de 2.400 metros, em 12 minutos (s\u00f3 admite uma tentativa); 35 abdominais em 1 minuto (com duas tentativas); e salto em altura de 1, 20 metros (com tr\u00eas tentativas).<\/p>\n<p style=\"text-align: justify;\">Para as candidatas do sexo feminino s\u00e3o cobradas suspens\u00e3o em barra fixa por 10 segundos (com direito a duas tentativas); corrida de 100 metros em 20 segundos (duas tentativas); corrida longa de 2.100 metros em 12 minutos (com apenas uma tentativa); 30 abdominais em 1 minuto (com duas tentativas); e salto em altura de 1,00 metro (com tr\u00eas tentativas).<\/p>\n<p style=\"text-align: justify;\">A previs\u00e3o \u00e9 que todas etapas sejam conclu\u00eddas at\u00e9 a primeira semana de julho.<\/p>\n","protected":false},"excerpt":{"rendered":"<p>\u00a0\u00a0O resultado do exame psicot\u00e9cnico do concurso da Pol\u00edcia Militar e do Corpo de Bombeiros Militar foi antecipado e divulgado<\/p>\n","protected":false},"author":15,"featured_media":897606,"comment_status":"closed","ping_status":"closed","sticky":false,"template":"","format":"standard","meta":{"_exactmetrics_skip_tracking":false,"_exactmetrics_sitenote_active":false,"_exactmetrics_sitenote_note":"","_exactmetrics_sitenote_category":0,"footnotes":""},"categories":[6],"tags":[],"yoast_head":"<!-- This site is optimized with the Yoast SEO plugin v22.0 - https:\/\/yoast.com\/wordpress\/plugins\/seo\/ -->\n<title>Resultado da 2\u00aa etapa do concurso da Pol\u00edcia Militar e Corpo de Bombeiros \u00e9 antecipado - Pol\u00edcia Militar da Para\u00edba<\/title>\n<meta name=\"robots\" content=\"index, follow, max-snippet:-1, max-image-preview:large, max-video-preview:-1\" \/>\n<link rel=\"canonical\" href=\"https:\/\/www.pm.pb.gov.br\/portal\/2018\/05\/28\/resultado-da-2a-etapa-do-concurso-da-policia-militar-e-corpo-de-bombeiros-e-antecipado\/\" \/>\n<meta property=\"og:locale\" content=\"pt_BR\" \/>\n<meta property=\"og:type\" content=\"article\" \/>\n<meta property=\"og:title\" content=\"Resultado da 2\u00aa etapa do concurso da Pol\u00edcia Militar e Corpo de Bombeiros \u00e9 antecipado - Pol\u00edcia Militar da Para\u00edba\" \/>\n<meta property=\"og:description\" content=\"\u00a0\u00a0O resultado do exame psicot\u00e9cnico do concurso da Pol\u00edcia Militar e do Corpo de Bombeiros Militar foi antecipado e divulgado\" \/>\n<meta property=\"og:url\" content=\"https:\/\/www.pm.pb.gov.br\/portal\/2018\/05\/28\/resultado-da-2a-etapa-do-concurso-da-policia-militar-e-corpo-de-bombeiros-e-antecipado\/\" \/>\n<meta property=\"og:site_name\" content=\"Pol\u00edcia Militar da Para\u00edba\" \/>\n<meta property=\"article:published_time\" content=\"2018-05-28T18:16:11+00:00\" \/>\n<meta property=\"article:modified_time\" content=\"2018-06-12T11:36:19+00:00\" \/>\n<meta property=\"og:image\" content=\"https:\/\/www.pm.pb.gov.br\/portal\/wp-content\/uploads\/2018\/04\/22046601_1621421957879569_5241345722002017456_n.jpg\" \/>\n\t<meta property=\"og:image:width\" content=\"800\" \/>\n\t<meta property=\"og:image:height\" content=\"450\" \/>\n\t<meta property=\"og:image:type\" content=\"image\/jpeg\" \/>\n<meta name=\"author\" content=\"Marcio Gomes dos Santos\" \/>\n<meta name=\"twitter:card\" content=\"summary_large_image\" \/>\n<meta name=\"twitter:label1\" content=\"Escrito por\" \/>\n\t<meta name=\"twitter:data1\" content=\"Marcio Gomes dos Santos\" \/>\n\t<meta name=\"twitter:label2\" content=\"Est. tempo de leitura\" \/>\n\t<meta name=\"twitter:data2\" content=\"2 minutos\" \/>\n<script type=\"application\/ld+json\" class=\"yoast-schema-graph\">{\"@context\":\"https:\/\/schema.org\",\"@graph\":[{\"@type\":\"Article\",\"@id\":\"https:\/\/www.pm.pb.gov.br\/portal\/2018\/05\/28\/resultado-da-2a-etapa-do-concurso-da-policia-militar-e-corpo-de-bombeiros-e-antecipado\/#article\",\"isPartOf\":{\"@id\":\"https:\/\/www.pm.pb.gov.br\/portal\/2018\/05\/28\/resultado-da-2a-etapa-do-concurso-da-policia-militar-e-corpo-de-bombeiros-e-antecipado\/\"},\"author\":{\"name\":\"Marcio Gomes dos Santos\",\"@id\":\"https:\/\/www.pm.pb.gov.br\/portal\/#\/schema\/person\/30d571652b38533c2211e4e89bf5a502\"},\"headline\":\"Resultado da 2\u00aa etapa do concurso da Pol\u00edcia Militar e Corpo de Bombeiros \u00e9 antecipado\",\"datePublished\":\"2018-05-28T18:16:11+00:00\",\"dateModified\":\"2018-06-12T11:36:19+00:00\",\"mainEntityOfPage\":{\"@id\":\"https:\/\/www.pm.pb.gov.br\/portal\/2018\/05\/28\/resultado-da-2a-etapa-do-concurso-da-policia-militar-e-corpo-de-bombeiros-e-antecipado\/\"},\"wordCount\":395,\"publisher\":{\"@id\":\"https:\/\/www.pm.pb.gov.br\/portal\/#organization\"},\"articleSection\":[\"Cursos\"],\"inLanguage\":\"pt-BR\"},{\"@type\":\"WebPage\",\"@id\":\"https:\/\/www.pm.pb.gov.br\/portal\/2018\/05\/28\/resultado-da-2a-etapa-do-concurso-da-policia-militar-e-corpo-de-bombeiros-e-antecipado\/\",\"url\":\"https:\/\/www.pm.pb.gov.br\/portal\/2018\/05\/28\/resultado-da-2a-etapa-do-concurso-da-policia-militar-e-corpo-de-bombeiros-e-antecipado\/\",\"name\":\"Resultado da 2\u00aa etapa do concurso da Pol\u00edcia Militar e Corpo de Bombeiros \u00e9 antecipado - Pol\u00edcia Militar da Para\u00edba\",\"isPartOf\":{\"@id\":\"https:\/\/www.pm.pb.gov.br\/portal\/#website\"},\"datePublished\":\"2018-05-28T18:16:11+00:00\",\"dateModified\":\"2018-06-12T11:36:19+00:00\",\"breadcrumb\":{\"@id\":\"https:\/\/www.pm.pb.gov.br\/portal\/2018\/05\/28\/resultado-da-2a-etapa-do-concurso-da-policia-militar-e-corpo-de-bombeiros-e-antecipado\/#breadcrumb\"},\"inLanguage\":\"pt-BR\",\"potentialAction\":[{\"@type\":\"ReadAction\",\"target\":[\"https:\/\/www.pm.pb.gov.br\/portal\/2018\/05\/28\/resultado-da-2a-etapa-do-concurso-da-policia-militar-e-corpo-de-bombeiros-e-antecipado\/\"]}]},{\"@type\":\"BreadcrumbList\",\"@id\":\"https:\/\/www.pm.pb.gov.br\/portal\/2018\/05\/28\/resultado-da-2a-etapa-do-concurso-da-policia-militar-e-corpo-de-bombeiros-e-antecipado\/#breadcrumb\",\"itemListElement\":[{\"@type\":\"ListItem\",\"position\":1,\"name\":\"In\u00edcio\",\"item\":\"https:\/\/www.pm.pb.gov.br\/portal\/\"},{\"@type\":\"ListItem\",\"position\":2,\"name\":\"Resultado da 2\u00aa etapa do concurso da Pol\u00edcia Militar e Corpo de Bombeiros \u00e9 antecipado\"}]},{\"@type\":\"WebSite\",\"@id\":\"https:\/\/www.pm.pb.gov.br\/portal\/#website\",\"url\":\"https:\/\/www.pm.pb.gov.br\/portal\/\",\"name\":\"Pol\u00edcia Militar da Para\u00edba\",\"description\":\"\",\"publisher\":{\"@id\":\"https:\/\/www.pm.pb.gov.br\/portal\/#organization\"},\"potentialAction\":[{\"@type\":\"SearchAction\",\"target\":{\"@type\":\"EntryPoint\",\"urlTemplate\":\"https:\/\/www.pm.pb.gov.br\/portal\/?s={search_term_string}\"},\"query-input\":\"required name=search_term_string\"}],\"inLanguage\":\"pt-BR\"},{\"@type\":\"Organization\",\"@id\":\"https:\/\/www.pm.pb.gov.br\/portal\/#organization\",\"name\":\"Pol\u00edcia Militar da Para\u00edba\",\"url\":\"https:\/\/www.pm.pb.gov.br\/portal\/\",\"logo\":{\"@type\":\"ImageObject\",\"inLanguage\":\"pt-BR\",\"@id\":\"https:\/\/www.pm.pb.gov.br\/portal\/#\/schema\/logo\/image\/\",\"url\":\"https:\/\/www.pm.pb.gov.br\/portal\/wp-content\/uploads\/2025\/03\/cropped-logo-site-mag2-1.png\",\"contentUrl\":\"https:\/\/www.pm.pb.gov.br\/portal\/wp-content\/uploads\/2025\/03\/cropped-logo-site-mag2-1.png\",\"width\":320,\"height\":90,\"caption\":\"Pol\u00edcia Militar da Para\u00edba\"},\"image\":{\"@id\":\"https:\/\/www.pm.pb.gov.br\/portal\/#\/schema\/logo\/image\/\"}},{\"@type\":\"Person\",\"@id\":\"https:\/\/www.pm.pb.gov.br\/portal\/#\/schema\/person\/30d571652b38533c2211e4e89bf5a502\",\"name\":\"Marcio Gomes dos Santos\",\"image\":{\"@type\":\"ImageObject\",\"inLanguage\":\"pt-BR\",\"@id\":\"https:\/\/www.pm.pb.gov.br\/portal\/#\/schema\/person\/image\/\",\"url\":\"https:\/\/secure.gravatar.com\/avatar\/cf4ec2cb690101e1581c7773aa350c19?s=96&d=mm&r=g\",\"contentUrl\":\"https:\/\/secure.gravatar.com\/avatar\/cf4ec2cb690101e1581c7773aa350c19?s=96&d=mm&r=g\",\"caption\":\"Marcio Gomes dos Santos\"},\"url\":\"https:\/\/www.pm.pb.gov.br\/portal\/author\/mgomes\/\"}]}<\/script>\n<!-- \/ Yoast SEO plugin. -->","yoast_head_json":{"title":"Resultado da 2\u00aa etapa do concurso da Pol\u00edcia Militar e Corpo de Bombeiros \u00e9 antecipado - Pol\u00edcia Militar da Para\u00edba","robots":{"index":"index","follow":"follow","max-snippet":"max-snippet:-1","max-image-preview":"max-image-preview:large","max-video-preview":"max-video-preview:-1"},"canonical":"https:\/\/www.pm.pb.gov.br\/portal\/2018\/05\/28\/resultado-da-2a-etapa-do-concurso-da-policia-militar-e-corpo-de-bombeiros-e-antecipado\/","og_locale":"pt_BR","og_type":"article","og_title":"Resultado da 2\u00aa etapa do concurso da Pol\u00edcia Militar e Corpo de Bombeiros \u00e9 antecipado - Pol\u00edcia Militar da Para\u00edba","og_description":"\u00a0\u00a0O resultado do exame psicot\u00e9cnico do concurso da Pol\u00edcia Militar e do Corpo de Bombeiros Militar foi antecipado e divulgado","og_url":"https:\/\/www.pm.pb.gov.br\/portal\/2018\/05\/28\/resultado-da-2a-etapa-do-concurso-da-policia-militar-e-corpo-de-bombeiros-e-antecipado\/","og_site_name":"Pol\u00edcia Militar da Para\u00edba","article_published_time":"2018-05-28T18:16:11+00:00","article_modified_time":"2018-06-12T11:36:19+00:00","og_image":[{"width":800,"height":450,"url":"https:\/\/www.pm.pb.gov.br\/portal\/wp-content\/uploads\/2018\/04\/22046601_1621421957879569_5241345722002017456_n.jpg","type":"image\/jpeg"}],"author":"Marcio Gomes dos Santos","twitter_card":"summary_large_image","twitter_misc":{"Escrito por":"Marcio Gomes dos Santos","Est. tempo de leitura":"2 minutos"},"schema":{"@context":"https:\/\/schema.org","@graph":[{"@type":"Article","@id":"https:\/\/www.pm.pb.gov.br\/portal\/2018\/05\/28\/resultado-da-2a-etapa-do-concurso-da-policia-militar-e-corpo-de-bombeiros-e-antecipado\/#article","isPartOf":{"@id":"https:\/\/www.pm.pb.gov.br\/portal\/2018\/05\/28\/resultado-da-2a-etapa-do-concurso-da-policia-militar-e-corpo-de-bombeiros-e-antecipado\/"},"author":{"name":"Marcio Gomes dos Santos","@id":"https:\/\/www.pm.pb.gov.br\/portal\/#\/schema\/person\/30d571652b38533c2211e4e89bf5a502"},"headline":"Resultado da 2\u00aa etapa do concurso da Pol\u00edcia Militar e Corpo de Bombeiros \u00e9 antecipado","datePublished":"2018-05-28T18:16:11+00:00","dateModified":"2018-06-12T11:36:19+00:00","mainEntityOfPage":{"@id":"https:\/\/www.pm.pb.gov.br\/portal\/2018\/05\/28\/resultado-da-2a-etapa-do-concurso-da-policia-militar-e-corpo-de-bombeiros-e-antecipado\/"},"wordCount":395,"publisher":{"@id":"https:\/\/www.pm.pb.gov.br\/portal\/#organization"},"articleSection":["Cursos"],"inLanguage":"pt-BR"},{"@type":"WebPage","@id":"https:\/\/www.pm.pb.gov.br\/portal\/2018\/05\/28\/resultado-da-2a-etapa-do-concurso-da-policia-militar-e-corpo-de-bombeiros-e-antecipado\/","url":"https:\/\/www.pm.pb.gov.br\/portal\/2018\/05\/28\/resultado-da-2a-etapa-do-concurso-da-policia-militar-e-corpo-de-bombeiros-e-antecipado\/","name":"Resultado da 2\u00aa etapa do concurso da Pol\u00edcia Militar e Corpo de Bombeiros \u00e9 antecipado - Pol\u00edcia Militar da Para\u00edba","isPartOf":{"@id":"https:\/\/www.pm.pb.gov.br\/portal\/#website"},"datePublished":"2018-05-28T18:16:11+00:00","dateModified":"2018-06-12T11:36:19+00:00","breadcrumb":{"@id":"https:\/\/www.pm.pb.gov.br\/portal\/2018\/05\/28\/resultado-da-2a-etapa-do-concurso-da-policia-militar-e-corpo-de-bombeiros-e-antecipado\/#breadcrumb"},"inLanguage":"pt-BR","potentialAction":[{"@type":"ReadAction","target":["https:\/\/www.pm.pb.gov.br\/portal\/2018\/05\/28\/resultado-da-2a-etapa-do-concurso-da-policia-militar-e-corpo-de-bombeiros-e-antecipado\/"]}]},{"@type":"BreadcrumbList","@id":"https:\/\/www.pm.pb.gov.br\/portal\/2018\/05\/28\/resultado-da-2a-etapa-do-concurso-da-policia-militar-e-corpo-de-bombeiros-e-antecipado\/#breadcrumb","itemListElement":[{"@type":"ListItem","position":1,"name":"In\u00edcio","item":"https:\/\/www.pm.pb.gov.br\/portal\/"},{"@type":"ListItem","position":2,"name":"Resultado da 2\u00aa etapa do concurso da Pol\u00edcia Militar e Corpo de Bombeiros \u00e9 antecipado"}]},{"@type":"WebSite","@id":"https:\/\/www.pm.pb.gov.br\/portal\/#website","url":"https:\/\/www.pm.pb.gov.br\/portal\/","name":"Pol\u00edcia Militar da Para\u00edba","description":"","publisher":{"@id":"https:\/\/www.pm.pb.gov.br\/portal\/#organization"},"potentialAction":[{"@type":"SearchAction","target":{"@type":"EntryPoint","urlTemplate":"https:\/\/www.pm.pb.gov.br\/portal\/?s={search_term_string}"},"query-input":"required name=search_term_string"}],"inLanguage":"pt-BR"},{"@type":"Organization","@id":"https:\/\/www.pm.pb.gov.br\/portal\/#organization","name":"Pol\u00edcia Militar da Para\u00edba","url":"https:\/\/www.pm.pb.gov.br\/portal\/","logo":{"@type":"ImageObject","inLanguage":"pt-BR","@id":"https:\/\/www.pm.pb.gov.br\/portal\/#\/schema\/logo\/image\/","url":"https:\/\/www.pm.pb.gov.br\/portal\/wp-content\/uploads\/2025\/03\/cropped-logo-site-mag2-1.png","contentUrl":"https:\/\/www.pm.pb.gov.br\/portal\/wp-content\/uploads\/2025\/03\/cropped-logo-site-mag2-1.png","width":320,"height":90,"caption":"Pol\u00edcia Militar da Para\u00edba"},"image":{"@id":"https:\/\/www.pm.pb.gov.br\/portal\/#\/schema\/logo\/image\/"}},{"@type":"Person","@id":"https:\/\/www.pm.pb.gov.br\/portal\/#\/schema\/person\/30d571652b38533c2211e4e89bf5a502","name":"Marcio Gomes dos Santos","image":{"@type":"ImageObject","inLanguage":"pt-BR","@id":"https:\/\/www.pm.pb.gov.br\/portal\/#\/schema\/person\/image\/","url":"https:\/\/secure.gravatar.com\/avatar\/cf4ec2cb690101e1581c7773aa350c19?s=96&d=mm&r=g","contentUrl":"https:\/\/secure.gravatar.com\/avatar\/cf4ec2cb690101e1581c7773aa350c19?s=96&d=mm&r=g","caption":"Marcio Gomes dos Santos"},"url":"https:\/\/www.pm.pb.gov.br\/portal\/author\/mgomes\/"}]}},"_links":{"self":[{"href":"https:\/\/www.pm.pb.gov.br\/portal\/wp-json\/wp\/v2\/posts\/898067"}],"collection":[{"href":"https:\/\/www.pm.pb.gov.br\/portal\/wp-json\/wp\/v2\/posts"}],"about":[{"href":"https:\/\/www.pm.pb.gov.br\/portal\/wp-json\/wp\/v2\/types\/post"}],"author":[{"embeddable":true,"href":"https:\/\/www.pm.pb.gov.br\/portal\/wp-json\/wp\/v2\/users\/15"}],"replies":[{"embeddable":true,"href":"https:\/\/www.pm.pb.gov.br\/portal\/wp-json\/wp\/v2\/comments?post=898067"}],"version-history":[{"count":3,"href":"https:\/\/www.pm.pb.gov.br\/portal\/wp-json\/wp\/v2\/posts\/898067\/revisions"}],"predecessor-version":[{"id":898070,"href":"https:\/\/www.pm.pb.gov.br\/portal\/wp-json\/wp\/v2\/posts\/898067\/revisions\/898070"}],"wp:featuredmedia":[{"embeddable":true,"href":"https:\/\/www.pm.pb.gov.br\/portal\/wp-json\/wp\/v2\/media\/897606"}],"wp:attachment":[{"href":"https:\/\/www.pm.pb.gov.br\/portal\/wp-json\/wp\/v2\/media?parent=898067"}],"wp:term":[{"taxonomy":"category","embeddable":true,"href":"https:\/\/www.pm.pb.gov.br\/portal\/wp-json\/wp\/v2\/categories?post=898067"},{"taxonomy":"post_tag","embeddable":true,"href":"https:\/\/www.pm.pb.gov.br\/portal\/wp-json\/wp\/v2\/tags?post=898067"}],"curies":[{"name":"wp","href":"https:\/\/api.w.org\/{rel}","templated":true}]}}