{"id":897992,"date":"2018-05-22T10:02:34","date_gmt":"2018-05-22T13:02:34","guid":{"rendered":"http:\/\/www.pm.pb.gov.br\/portal\/?p=897992"},"modified":"2018-05-22T10:02:34","modified_gmt":"2018-05-22T13:02:34","slug":"resultado-da-segunda-etapa-do-concurso-da-policia-militar-e-corpo-de-bombeiros-deve-sair-em-tres-semanas","status":"publish","type":"post","link":"https:\/\/www.pm.pb.gov.br\/portal\/2018\/05\/22\/resultado-da-segunda-etapa-do-concurso-da-policia-militar-e-corpo-de-bombeiros-deve-sair-em-tres-semanas\/","title":{"rendered":"Resultado da segunda etapa do concurso da Pol\u00edcia Militar e Corpo de Bombeiros deve sair em tr\u00eas semanas"},"content":{"rendered":"<p style=\"text-align: justify;\">A segunda etapa do concurso para soldado da Pol\u00edcia Militar e Corpo de Bombeiros Militar foi conclu\u00edda nesse fim de semana, com o registro de 76 elimina\u00e7\u00f5es por falta de documenta\u00e7\u00e3o, atraso ou mesmo aus\u00eancia ao local de prova. O resultado do exame psicot\u00e9cnico deve sair at\u00e9 o dia 11 de junho. A comiss\u00e3o do certame informou que foram 47 faltas no s\u00e1bado (19) e 29 no domingo (20). Os testes foram aplicados no Liceu Paraibano, no Centro da Capital.<\/p>\n<p style=\"text-align: justify;\">Passar\u00e3o para a terceira etapa os candidatos considerados indicados no exame psicot\u00e9cnico, que, entre outras coisas, teve o objetivo de verificar a compatibilidade dos concorrentes a uma das vagas com o cargo de militar estadual. A pr\u00f3xima fase do concurso \u00e9 o exame de sa\u00fade, previsto para ser realizado a partir do dia 18 de junho, no Centro de Educa\u00e7\u00e3o da PM, em Jo\u00e3o Pessoa. A convoca\u00e7\u00e3o com hor\u00e1rios e outros detalhes, sair\u00e1 na data da divulga\u00e7\u00e3o do resultado do exame psicot\u00e9cnico.<\/p>\n<p style=\"text-align: justify;\">Os candidatos devem observar atentamente o item 9 do edital do concurso para saber os exames exigidos e tamb\u00e9m o aditivo N\u00ba 002, referente a modifica\u00e7\u00f5es no exame. Os dois documentos est\u00e3o dispon\u00edveis no link <a href=\"http:\/\/www.pm.pb.gov.br\/portal\/informacoes\/concursos\/concursos-publicos\/\">http:\/\/www.pm.pb.gov.br\/portal\/informacoes\/concursos\/concursos-publicos\/<\/a><\/p>\n<p style=\"text-align: justify;\">Na etapa de sa\u00fade, os candidatos v\u00e3o apresentar os 15 exames laboratoriais exigidos, que devem ter, obrigatoriamente, o nome e o n\u00famero de identidade do candidato no exame, e passar\u00e3o por uma inspe\u00e7\u00e3o para verificar a altura, capacidades visuais e auditivas, bem como a parte bucal e cl\u00ednica.<\/p>\n<p style=\"text-align: justify;\"><strong>Foco no exame de aptid\u00e3o f\u00edsica<\/strong> \u2013 A prepara\u00e7\u00e3o para o teste de aptid\u00e3o f\u00edsica entrou na reta final para os candidatos. \u00c9 que falta menos de um m\u00eas para o teste, que ser\u00e1 realizado a partir do dia 20 de junho. S\u00e3o cinco provas cobradas.<\/p>\n<p style=\"text-align: justify;\">Para os candidatos do sexo masculino, s\u00e3o cobradas cinco flex\u00f5es de bra\u00e7os na barra fixa (com duas tentativas); corrida de 100 metros (tem que fazer em at\u00e9 16 segundos, com duas tentativas); corrida longa de 2.400 metros, em 12 minutos (s\u00f3 admite uma tentativa); 35 abdominais em 1 minuto (com duas tentativas); e salto em altura de 1, 20 metros (com tr\u00eas tentativas).<\/p>\n<p style=\"text-align: justify;\">Para as candidatas do sexo feminino, s\u00e3o cobradas suspens\u00e3o em barra fixa por 10 segundos (com direito a duas tentativas); corrida de 100 metros em 20 segundos (duas tentativas); corrida longa de 2.100 metros em 12 minutos (com apenas uma tentativa); 30 abdominais em 1 minuto (com duas tentativas); e salto em altura de 1,00 metro (com tr\u00eas tentativas).<\/p>\n<p style=\"text-align: justify;\">\n","protected":false},"excerpt":{"rendered":"<p>A segunda etapa do concurso para soldado da Pol\u00edcia Militar e Corpo de Bombeiros Militar foi conclu\u00edda nesse fim de<\/p>\n","protected":false},"author":15,"featured_media":897993,"comment_status":"closed","ping_status":"closed","sticky":false,"template":"","format":"standard","meta":{"_exactmetrics_skip_tracking":false,"_exactmetrics_sitenote_active":false,"_exactmetrics_sitenote_note":"","_exactmetrics_sitenote_category":0,"footnotes":""},"categories":[6],"tags":[],"yoast_head":"<!-- This site is optimized with the Yoast SEO plugin v22.0 - https:\/\/yoast.com\/wordpress\/plugins\/seo\/ -->\n<title>Resultado da segunda etapa do concurso da Pol\u00edcia Militar e Corpo de Bombeiros deve sair em tr\u00eas semanas - Pol\u00edcia Militar da Para\u00edba<\/title>\n<meta name=\"robots\" content=\"index, follow, max-snippet:-1, max-image-preview:large, max-video-preview:-1\" \/>\n<link rel=\"canonical\" href=\"https:\/\/www.pm.pb.gov.br\/portal\/2018\/05\/22\/resultado-da-segunda-etapa-do-concurso-da-policia-militar-e-corpo-de-bombeiros-deve-sair-em-tres-semanas\/\" \/>\n<meta property=\"og:locale\" content=\"pt_BR\" \/>\n<meta property=\"og:type\" content=\"article\" \/>\n<meta property=\"og:title\" content=\"Resultado da segunda etapa do concurso da Pol\u00edcia Militar e Corpo de Bombeiros deve sair em tr\u00eas semanas - Pol\u00edcia Militar da Para\u00edba\" \/>\n<meta property=\"og:description\" content=\"A segunda etapa do concurso para soldado da Pol\u00edcia Militar e Corpo de Bombeiros Militar foi conclu\u00edda nesse fim de\" \/>\n<meta property=\"og:url\" content=\"https:\/\/www.pm.pb.gov.br\/portal\/2018\/05\/22\/resultado-da-segunda-etapa-do-concurso-da-policia-militar-e-corpo-de-bombeiros-deve-sair-em-tres-semanas\/\" \/>\n<meta property=\"og:site_name\" content=\"Pol\u00edcia Militar da Para\u00edba\" \/>\n<meta property=\"article:published_time\" content=\"2018-05-22T13:02:34+00:00\" \/>\n<meta property=\"og:image\" content=\"https:\/\/www.pm.pb.gov.br\/portal\/wp-content\/uploads\/2018\/05\/cfsd3.jpg\" \/>\n\t<meta property=\"og:image:width\" content=\"800\" \/>\n\t<meta property=\"og:image:height\" content=\"450\" \/>\n\t<meta property=\"og:image:type\" content=\"image\/jpeg\" \/>\n<meta name=\"author\" content=\"Marcio Gomes dos Santos\" \/>\n<meta name=\"twitter:card\" content=\"summary_large_image\" \/>\n<meta name=\"twitter:label1\" content=\"Escrito por\" \/>\n\t<meta name=\"twitter:data1\" content=\"Marcio Gomes dos Santos\" \/>\n\t<meta name=\"twitter:label2\" content=\"Est. tempo de leitura\" \/>\n\t<meta name=\"twitter:data2\" content=\"2 minutos\" \/>\n<script type=\"application\/ld+json\" class=\"yoast-schema-graph\">{\"@context\":\"https:\/\/schema.org\",\"@graph\":[{\"@type\":\"Article\",\"@id\":\"https:\/\/www.pm.pb.gov.br\/portal\/2018\/05\/22\/resultado-da-segunda-etapa-do-concurso-da-policia-militar-e-corpo-de-bombeiros-deve-sair-em-tres-semanas\/#article\",\"isPartOf\":{\"@id\":\"https:\/\/www.pm.pb.gov.br\/portal\/2018\/05\/22\/resultado-da-segunda-etapa-do-concurso-da-policia-militar-e-corpo-de-bombeiros-deve-sair-em-tres-semanas\/\"},\"author\":{\"name\":\"Marcio Gomes dos Santos\",\"@id\":\"https:\/\/www.pm.pb.gov.br\/portal\/#\/schema\/person\/30d571652b38533c2211e4e89bf5a502\"},\"headline\":\"Resultado da segunda etapa do concurso da Pol\u00edcia Militar e Corpo de Bombeiros deve sair em tr\u00eas semanas\",\"datePublished\":\"2018-05-22T13:02:34+00:00\",\"dateModified\":\"2018-05-22T13:02:34+00:00\",\"mainEntityOfPage\":{\"@id\":\"https:\/\/www.pm.pb.gov.br\/portal\/2018\/05\/22\/resultado-da-segunda-etapa-do-concurso-da-policia-militar-e-corpo-de-bombeiros-deve-sair-em-tres-semanas\/\"},\"wordCount\":455,\"publisher\":{\"@id\":\"https:\/\/www.pm.pb.gov.br\/portal\/#organization\"},\"articleSection\":[\"Cursos\"],\"inLanguage\":\"pt-BR\"},{\"@type\":\"WebPage\",\"@id\":\"https:\/\/www.pm.pb.gov.br\/portal\/2018\/05\/22\/resultado-da-segunda-etapa-do-concurso-da-policia-militar-e-corpo-de-bombeiros-deve-sair-em-tres-semanas\/\",\"url\":\"https:\/\/www.pm.pb.gov.br\/portal\/2018\/05\/22\/resultado-da-segunda-etapa-do-concurso-da-policia-militar-e-corpo-de-bombeiros-deve-sair-em-tres-semanas\/\",\"name\":\"Resultado da segunda etapa do concurso da Pol\u00edcia Militar e Corpo de Bombeiros deve sair em tr\u00eas semanas - Pol\u00edcia Militar da Para\u00edba\",\"isPartOf\":{\"@id\":\"https:\/\/www.pm.pb.gov.br\/portal\/#website\"},\"datePublished\":\"2018-05-22T13:02:34+00:00\",\"dateModified\":\"2018-05-22T13:02:34+00:00\",\"breadcrumb\":{\"@id\":\"https:\/\/www.pm.pb.gov.br\/portal\/2018\/05\/22\/resultado-da-segunda-etapa-do-concurso-da-policia-militar-e-corpo-de-bombeiros-deve-sair-em-tres-semanas\/#breadcrumb\"},\"inLanguage\":\"pt-BR\",\"potentialAction\":[{\"@type\":\"ReadAction\",\"target\":[\"https:\/\/www.pm.pb.gov.br\/portal\/2018\/05\/22\/resultado-da-segunda-etapa-do-concurso-da-policia-militar-e-corpo-de-bombeiros-deve-sair-em-tres-semanas\/\"]}]},{\"@type\":\"BreadcrumbList\",\"@id\":\"https:\/\/www.pm.pb.gov.br\/portal\/2018\/05\/22\/resultado-da-segunda-etapa-do-concurso-da-policia-militar-e-corpo-de-bombeiros-deve-sair-em-tres-semanas\/#breadcrumb\",\"itemListElement\":[{\"@type\":\"ListItem\",\"position\":1,\"name\":\"In\u00edcio\",\"item\":\"https:\/\/www.pm.pb.gov.br\/portal\/\"},{\"@type\":\"ListItem\",\"position\":2,\"name\":\"Resultado da segunda etapa do concurso da Pol\u00edcia Militar e Corpo de Bombeiros deve sair em tr\u00eas semanas\"}]},{\"@type\":\"WebSite\",\"@id\":\"https:\/\/www.pm.pb.gov.br\/portal\/#website\",\"url\":\"https:\/\/www.pm.pb.gov.br\/portal\/\",\"name\":\"Pol\u00edcia Militar da Para\u00edba\",\"description\":\"\",\"publisher\":{\"@id\":\"https:\/\/www.pm.pb.gov.br\/portal\/#organization\"},\"potentialAction\":[{\"@type\":\"SearchAction\",\"target\":{\"@type\":\"EntryPoint\",\"urlTemplate\":\"https:\/\/www.pm.pb.gov.br\/portal\/?s={search_term_string}\"},\"query-input\":\"required name=search_term_string\"}],\"inLanguage\":\"pt-BR\"},{\"@type\":\"Organization\",\"@id\":\"https:\/\/www.pm.pb.gov.br\/portal\/#organization\",\"name\":\"Pol\u00edcia Militar da Para\u00edba\",\"url\":\"https:\/\/www.pm.pb.gov.br\/portal\/\",\"logo\":{\"@type\":\"ImageObject\",\"inLanguage\":\"pt-BR\",\"@id\":\"https:\/\/www.pm.pb.gov.br\/portal\/#\/schema\/logo\/image\/\",\"url\":\"https:\/\/www.pm.pb.gov.br\/portal\/wp-content\/uploads\/2025\/03\/cropped-logo-site-mag2-1.png\",\"contentUrl\":\"https:\/\/www.pm.pb.gov.br\/portal\/wp-content\/uploads\/2025\/03\/cropped-logo-site-mag2-1.png\",\"width\":320,\"height\":90,\"caption\":\"Pol\u00edcia Militar da Para\u00edba\"},\"image\":{\"@id\":\"https:\/\/www.pm.pb.gov.br\/portal\/#\/schema\/logo\/image\/\"}},{\"@type\":\"Person\",\"@id\":\"https:\/\/www.pm.pb.gov.br\/portal\/#\/schema\/person\/30d571652b38533c2211e4e89bf5a502\",\"name\":\"Marcio Gomes dos Santos\",\"image\":{\"@type\":\"ImageObject\",\"inLanguage\":\"pt-BR\",\"@id\":\"https:\/\/www.pm.pb.gov.br\/portal\/#\/schema\/person\/image\/\",\"url\":\"https:\/\/secure.gravatar.com\/avatar\/cf4ec2cb690101e1581c7773aa350c19?s=96&d=mm&r=g\",\"contentUrl\":\"https:\/\/secure.gravatar.com\/avatar\/cf4ec2cb690101e1581c7773aa350c19?s=96&d=mm&r=g\",\"caption\":\"Marcio Gomes dos Santos\"},\"url\":\"https:\/\/www.pm.pb.gov.br\/portal\/author\/mgomes\/\"}]}<\/script>\n<!-- \/ Yoast SEO plugin. -->","yoast_head_json":{"title":"Resultado da segunda etapa do concurso da Pol\u00edcia Militar e Corpo de Bombeiros deve sair em tr\u00eas semanas - Pol\u00edcia Militar da Para\u00edba","robots":{"index":"index","follow":"follow","max-snippet":"max-snippet:-1","max-image-preview":"max-image-preview:large","max-video-preview":"max-video-preview:-1"},"canonical":"https:\/\/www.pm.pb.gov.br\/portal\/2018\/05\/22\/resultado-da-segunda-etapa-do-concurso-da-policia-militar-e-corpo-de-bombeiros-deve-sair-em-tres-semanas\/","og_locale":"pt_BR","og_type":"article","og_title":"Resultado da segunda etapa do concurso da Pol\u00edcia Militar e Corpo de Bombeiros deve sair em tr\u00eas semanas - Pol\u00edcia Militar da Para\u00edba","og_description":"A segunda etapa do concurso para soldado da Pol\u00edcia Militar e Corpo de Bombeiros Militar foi conclu\u00edda nesse fim de","og_url":"https:\/\/www.pm.pb.gov.br\/portal\/2018\/05\/22\/resultado-da-segunda-etapa-do-concurso-da-policia-militar-e-corpo-de-bombeiros-deve-sair-em-tres-semanas\/","og_site_name":"Pol\u00edcia Militar da Para\u00edba","article_published_time":"2018-05-22T13:02:34+00:00","og_image":[{"width":800,"height":450,"url":"https:\/\/www.pm.pb.gov.br\/portal\/wp-content\/uploads\/2018\/05\/cfsd3.jpg","type":"image\/jpeg"}],"author":"Marcio Gomes dos Santos","twitter_card":"summary_large_image","twitter_misc":{"Escrito por":"Marcio Gomes dos Santos","Est. tempo de leitura":"2 minutos"},"schema":{"@context":"https:\/\/schema.org","@graph":[{"@type":"Article","@id":"https:\/\/www.pm.pb.gov.br\/portal\/2018\/05\/22\/resultado-da-segunda-etapa-do-concurso-da-policia-militar-e-corpo-de-bombeiros-deve-sair-em-tres-semanas\/#article","isPartOf":{"@id":"https:\/\/www.pm.pb.gov.br\/portal\/2018\/05\/22\/resultado-da-segunda-etapa-do-concurso-da-policia-militar-e-corpo-de-bombeiros-deve-sair-em-tres-semanas\/"},"author":{"name":"Marcio Gomes dos Santos","@id":"https:\/\/www.pm.pb.gov.br\/portal\/#\/schema\/person\/30d571652b38533c2211e4e89bf5a502"},"headline":"Resultado da segunda etapa do concurso da Pol\u00edcia Militar e Corpo de Bombeiros deve sair em tr\u00eas semanas","datePublished":"2018-05-22T13:02:34+00:00","dateModified":"2018-05-22T13:02:34+00:00","mainEntityOfPage":{"@id":"https:\/\/www.pm.pb.gov.br\/portal\/2018\/05\/22\/resultado-da-segunda-etapa-do-concurso-da-policia-militar-e-corpo-de-bombeiros-deve-sair-em-tres-semanas\/"},"wordCount":455,"publisher":{"@id":"https:\/\/www.pm.pb.gov.br\/portal\/#organization"},"articleSection":["Cursos"],"inLanguage":"pt-BR"},{"@type":"WebPage","@id":"https:\/\/www.pm.pb.gov.br\/portal\/2018\/05\/22\/resultado-da-segunda-etapa-do-concurso-da-policia-militar-e-corpo-de-bombeiros-deve-sair-em-tres-semanas\/","url":"https:\/\/www.pm.pb.gov.br\/portal\/2018\/05\/22\/resultado-da-segunda-etapa-do-concurso-da-policia-militar-e-corpo-de-bombeiros-deve-sair-em-tres-semanas\/","name":"Resultado da segunda etapa do concurso da Pol\u00edcia Militar e Corpo de Bombeiros deve sair em tr\u00eas semanas - Pol\u00edcia Militar da Para\u00edba","isPartOf":{"@id":"https:\/\/www.pm.pb.gov.br\/portal\/#website"},"datePublished":"2018-05-22T13:02:34+00:00","dateModified":"2018-05-22T13:02:34+00:00","breadcrumb":{"@id":"https:\/\/www.pm.pb.gov.br\/portal\/2018\/05\/22\/resultado-da-segunda-etapa-do-concurso-da-policia-militar-e-corpo-de-bombeiros-deve-sair-em-tres-semanas\/#breadcrumb"},"inLanguage":"pt-BR","potentialAction":[{"@type":"ReadAction","target":["https:\/\/www.pm.pb.gov.br\/portal\/2018\/05\/22\/resultado-da-segunda-etapa-do-concurso-da-policia-militar-e-corpo-de-bombeiros-deve-sair-em-tres-semanas\/"]}]},{"@type":"BreadcrumbList","@id":"https:\/\/www.pm.pb.gov.br\/portal\/2018\/05\/22\/resultado-da-segunda-etapa-do-concurso-da-policia-militar-e-corpo-de-bombeiros-deve-sair-em-tres-semanas\/#breadcrumb","itemListElement":[{"@type":"ListItem","position":1,"name":"In\u00edcio","item":"https:\/\/www.pm.pb.gov.br\/portal\/"},{"@type":"ListItem","position":2,"name":"Resultado da segunda etapa do concurso da Pol\u00edcia Militar e Corpo de Bombeiros deve sair em tr\u00eas semanas"}]},{"@type":"WebSite","@id":"https:\/\/www.pm.pb.gov.br\/portal\/#website","url":"https:\/\/www.pm.pb.gov.br\/portal\/","name":"Pol\u00edcia Militar da Para\u00edba","description":"","publisher":{"@id":"https:\/\/www.pm.pb.gov.br\/portal\/#organization"},"potentialAction":[{"@type":"SearchAction","target":{"@type":"EntryPoint","urlTemplate":"https:\/\/www.pm.pb.gov.br\/portal\/?s={search_term_string}"},"query-input":"required name=search_term_string"}],"inLanguage":"pt-BR"},{"@type":"Organization","@id":"https:\/\/www.pm.pb.gov.br\/portal\/#organization","name":"Pol\u00edcia Militar da Para\u00edba","url":"https:\/\/www.pm.pb.gov.br\/portal\/","logo":{"@type":"ImageObject","inLanguage":"pt-BR","@id":"https:\/\/www.pm.pb.gov.br\/portal\/#\/schema\/logo\/image\/","url":"https:\/\/www.pm.pb.gov.br\/portal\/wp-content\/uploads\/2025\/03\/cropped-logo-site-mag2-1.png","contentUrl":"https:\/\/www.pm.pb.gov.br\/portal\/wp-content\/uploads\/2025\/03\/cropped-logo-site-mag2-1.png","width":320,"height":90,"caption":"Pol\u00edcia Militar da Para\u00edba"},"image":{"@id":"https:\/\/www.pm.pb.gov.br\/portal\/#\/schema\/logo\/image\/"}},{"@type":"Person","@id":"https:\/\/www.pm.pb.gov.br\/portal\/#\/schema\/person\/30d571652b38533c2211e4e89bf5a502","name":"Marcio Gomes dos Santos","image":{"@type":"ImageObject","inLanguage":"pt-BR","@id":"https:\/\/www.pm.pb.gov.br\/portal\/#\/schema\/person\/image\/","url":"https:\/\/secure.gravatar.com\/avatar\/cf4ec2cb690101e1581c7773aa350c19?s=96&d=mm&r=g","contentUrl":"https:\/\/secure.gravatar.com\/avatar\/cf4ec2cb690101e1581c7773aa350c19?s=96&d=mm&r=g","caption":"Marcio Gomes dos Santos"},"url":"https:\/\/www.pm.pb.gov.br\/portal\/author\/mgomes\/"}]}},"_links":{"self":[{"href":"https:\/\/www.pm.pb.gov.br\/portal\/wp-json\/wp\/v2\/posts\/897992"}],"collection":[{"href":"https:\/\/www.pm.pb.gov.br\/portal\/wp-json\/wp\/v2\/posts"}],"about":[{"href":"https:\/\/www.pm.pb.gov.br\/portal\/wp-json\/wp\/v2\/types\/post"}],"author":[{"embeddable":true,"href":"https:\/\/www.pm.pb.gov.br\/portal\/wp-json\/wp\/v2\/users\/15"}],"replies":[{"embeddable":true,"href":"https:\/\/www.pm.pb.gov.br\/portal\/wp-json\/wp\/v2\/comments?post=897992"}],"version-history":[{"count":2,"href":"https:\/\/www.pm.pb.gov.br\/portal\/wp-json\/wp\/v2\/posts\/897992\/revisions"}],"predecessor-version":[{"id":898819,"href":"https:\/\/www.pm.pb.gov.br\/portal\/wp-json\/wp\/v2\/posts\/897992\/revisions\/898819"}],"wp:featuredmedia":[{"embeddable":true,"href":"https:\/\/www.pm.pb.gov.br\/portal\/wp-json\/wp\/v2\/media\/897993"}],"wp:attachment":[{"href":"https:\/\/www.pm.pb.gov.br\/portal\/wp-json\/wp\/v2\/media?parent=897992"}],"wp:term":[{"taxonomy":"category","embeddable":true,"href":"https:\/\/www.pm.pb.gov.br\/portal\/wp-json\/wp\/v2\/categories?post=897992"},{"taxonomy":"post_tag","embeddable":true,"href":"https:\/\/www.pm.pb.gov.br\/portal\/wp-json\/wp\/v2\/tags?post=897992"}],"curies":[{"name":"wp","href":"https:\/\/api.w.org\/{rel}","templated":true}]}}