{"id":897989,"date":"2018-05-20T10:10:11","date_gmt":"2018-05-20T13:10:11","guid":{"rendered":"http:\/\/www.pm.pb.gov.br\/portal\/?p=897989"},"modified":"2018-05-20T17:15:04","modified_gmt":"2018-05-20T20:15:04","slug":"policia-militar-apreende-mais-de-100-kg-de-drogas-durante-operacao-de-combate-ao-trafico-em-comunidade-da-capital","status":"publish","type":"post","link":"https:\/\/www.pm.pb.gov.br\/portal\/2018\/05\/20\/policia-militar-apreende-mais-de-100-kg-de-drogas-durante-operacao-de-combate-ao-trafico-em-comunidade-da-capital\/","title":{"rendered":"Pol\u00edcia Militar apreende mais de 100 kg de drogas durante opera\u00e7\u00e3o de combate ao tr\u00e1fico em comunidade da Capital"},"content":{"rendered":"<p style=\"text-align: justify;\">A Pol\u00edcia Militar apreendeu mais de 100 kg de maconha que estavam armazenados em dois apartamentos da comunidade Vale das Palmeiras, na noite desse s\u00e1bado (19), no bairro do Cristo Redentor, na Capital. Os policiais militares chegaram at\u00e9 o local por meio de um trabalho integrado com a Pol\u00edcia Federal, que foi fundamental para desarticular o \u2018dep\u00f3sito do tr\u00e1fico\u2019 instalado na comunidade.<\/p>\n<p style=\"text-align: justify;\">Um suspeito de 21 anos foi preso em flagrante no local. A apreens\u00e3o foi realizada por equipes da For\u00e7a T\u00e1tica e Rotam do 1\u00ba Batalh\u00e3o, que estavam atuando na opera\u00e7\u00e3o N\u00f4made e cercaram o ponto onde estava sendo usado pelo tr\u00e1fico de drogas.<\/p>\n<p style=\"text-align: justify;\">Al\u00e9m das drogas, ainda foram apreendidas na opera\u00e7\u00e3o uma balan\u00e7a de precis\u00e3o e uma moto que seria usada no transporte de entorpecentes. Todo o material apreendido e o preso foram levados para a sede da Pol\u00edcia Federal, em Cabedelo.<\/p>\n","protected":false},"excerpt":{"rendered":"<p>A Pol\u00edcia Militar apreendeu mais de 100 kg de maconha que estavam armazenados em dois apartamentos da comunidade Vale das<\/p>\n","protected":false},"author":15,"featured_media":897990,"comment_status":"closed","ping_status":"closed","sticky":false,"template":"","format":"standard","meta":{"_exactmetrics_skip_tracking":false,"_exactmetrics_sitenote_active":false,"_exactmetrics_sitenote_note":"","_exactmetrics_sitenote_category":0,"footnotes":""},"categories":[4],"tags":[],"yoast_head":"<!-- This site is optimized with the Yoast SEO plugin v22.0 - https:\/\/yoast.com\/wordpress\/plugins\/seo\/ -->\n<title>Pol\u00edcia Militar apreende mais de 100 kg de drogas durante opera\u00e7\u00e3o de combate ao tr\u00e1fico em comunidade da Capital - Pol\u00edcia Militar da Para\u00edba<\/title>\n<meta name=\"robots\" content=\"index, follow, max-snippet:-1, max-image-preview:large, max-video-preview:-1\" \/>\n<link rel=\"canonical\" href=\"https:\/\/www.pm.pb.gov.br\/portal\/2018\/05\/20\/policia-militar-apreende-mais-de-100-kg-de-drogas-durante-operacao-de-combate-ao-trafico-em-comunidade-da-capital\/\" \/>\n<meta property=\"og:locale\" content=\"pt_BR\" \/>\n<meta property=\"og:type\" content=\"article\" \/>\n<meta property=\"og:title\" content=\"Pol\u00edcia Militar apreende mais de 100 kg de drogas durante opera\u00e7\u00e3o de combate ao tr\u00e1fico em comunidade da Capital - Pol\u00edcia Militar da Para\u00edba\" \/>\n<meta property=\"og:description\" content=\"A Pol\u00edcia Militar apreendeu mais de 100 kg de maconha que estavam armazenados em dois apartamentos da comunidade Vale das\" \/>\n<meta property=\"og:url\" content=\"https:\/\/www.pm.pb.gov.br\/portal\/2018\/05\/20\/policia-militar-apreende-mais-de-100-kg-de-drogas-durante-operacao-de-combate-ao-trafico-em-comunidade-da-capital\/\" \/>\n<meta property=\"og:site_name\" content=\"Pol\u00edcia Militar da Para\u00edba\" \/>\n<meta property=\"article:published_time\" content=\"2018-05-20T13:10:11+00:00\" \/>\n<meta property=\"article:modified_time\" content=\"2018-05-20T20:15:04+00:00\" \/>\n<meta property=\"og:image\" content=\"https:\/\/www.pm.pb.gov.br\/portal\/wp-content\/uploads\/2018\/05\/drogas-1.jpg\" \/>\n\t<meta property=\"og:image:width\" content=\"800\" \/>\n\t<meta property=\"og:image:height\" content=\"445\" \/>\n\t<meta property=\"og:image:type\" content=\"image\/jpeg\" \/>\n<meta name=\"author\" content=\"Marcio Gomes dos Santos\" \/>\n<meta name=\"twitter:card\" content=\"summary_large_image\" \/>\n<meta name=\"twitter:label1\" content=\"Escrito por\" \/>\n\t<meta name=\"twitter:data1\" content=\"Marcio Gomes dos Santos\" \/>\n\t<meta name=\"twitter:label2\" content=\"Est. tempo de leitura\" \/>\n\t<meta name=\"twitter:data2\" content=\"1 minuto\" \/>\n<script type=\"application\/ld+json\" class=\"yoast-schema-graph\">{\"@context\":\"https:\/\/schema.org\",\"@graph\":[{\"@type\":\"Article\",\"@id\":\"https:\/\/www.pm.pb.gov.br\/portal\/2018\/05\/20\/policia-militar-apreende-mais-de-100-kg-de-drogas-durante-operacao-de-combate-ao-trafico-em-comunidade-da-capital\/#article\",\"isPartOf\":{\"@id\":\"https:\/\/www.pm.pb.gov.br\/portal\/2018\/05\/20\/policia-militar-apreende-mais-de-100-kg-de-drogas-durante-operacao-de-combate-ao-trafico-em-comunidade-da-capital\/\"},\"author\":{\"name\":\"Marcio Gomes dos Santos\",\"@id\":\"https:\/\/www.pm.pb.gov.br\/portal\/#\/schema\/person\/30d571652b38533c2211e4e89bf5a502\"},\"headline\":\"Pol\u00edcia Militar apreende mais de 100 kg de drogas durante opera\u00e7\u00e3o de combate ao tr\u00e1fico em comunidade da Capital\",\"datePublished\":\"2018-05-20T13:10:11+00:00\",\"dateModified\":\"2018-05-20T20:15:04+00:00\",\"mainEntityOfPage\":{\"@id\":\"https:\/\/www.pm.pb.gov.br\/portal\/2018\/05\/20\/policia-militar-apreende-mais-de-100-kg-de-drogas-durante-operacao-de-combate-ao-trafico-em-comunidade-da-capital\/\"},\"wordCount\":178,\"publisher\":{\"@id\":\"https:\/\/www.pm.pb.gov.br\/portal\/#organization\"},\"articleSection\":[\"A\u00e7\u00f5es Policiais\"],\"inLanguage\":\"pt-BR\"},{\"@type\":\"WebPage\",\"@id\":\"https:\/\/www.pm.pb.gov.br\/portal\/2018\/05\/20\/policia-militar-apreende-mais-de-100-kg-de-drogas-durante-operacao-de-combate-ao-trafico-em-comunidade-da-capital\/\",\"url\":\"https:\/\/www.pm.pb.gov.br\/portal\/2018\/05\/20\/policia-militar-apreende-mais-de-100-kg-de-drogas-durante-operacao-de-combate-ao-trafico-em-comunidade-da-capital\/\",\"name\":\"Pol\u00edcia Militar apreende mais de 100 kg de drogas durante opera\u00e7\u00e3o de combate ao tr\u00e1fico em comunidade da Capital - Pol\u00edcia Militar da Para\u00edba\",\"isPartOf\":{\"@id\":\"https:\/\/www.pm.pb.gov.br\/portal\/#website\"},\"datePublished\":\"2018-05-20T13:10:11+00:00\",\"dateModified\":\"2018-05-20T20:15:04+00:00\",\"breadcrumb\":{\"@id\":\"https:\/\/www.pm.pb.gov.br\/portal\/2018\/05\/20\/policia-militar-apreende-mais-de-100-kg-de-drogas-durante-operacao-de-combate-ao-trafico-em-comunidade-da-capital\/#breadcrumb\"},\"inLanguage\":\"pt-BR\",\"potentialAction\":[{\"@type\":\"ReadAction\",\"target\":[\"https:\/\/www.pm.pb.gov.br\/portal\/2018\/05\/20\/policia-militar-apreende-mais-de-100-kg-de-drogas-durante-operacao-de-combate-ao-trafico-em-comunidade-da-capital\/\"]}]},{\"@type\":\"BreadcrumbList\",\"@id\":\"https:\/\/www.pm.pb.gov.br\/portal\/2018\/05\/20\/policia-militar-apreende-mais-de-100-kg-de-drogas-durante-operacao-de-combate-ao-trafico-em-comunidade-da-capital\/#breadcrumb\",\"itemListElement\":[{\"@type\":\"ListItem\",\"position\":1,\"name\":\"In\u00edcio\",\"item\":\"https:\/\/www.pm.pb.gov.br\/portal\/\"},{\"@type\":\"ListItem\",\"position\":2,\"name\":\"Pol\u00edcia Militar apreende mais de 100 kg de drogas durante opera\u00e7\u00e3o de combate ao tr\u00e1fico em comunidade da Capital\"}]},{\"@type\":\"WebSite\",\"@id\":\"https:\/\/www.pm.pb.gov.br\/portal\/#website\",\"url\":\"https:\/\/www.pm.pb.gov.br\/portal\/\",\"name\":\"Pol\u00edcia Militar da Para\u00edba\",\"description\":\"\",\"publisher\":{\"@id\":\"https:\/\/www.pm.pb.gov.br\/portal\/#organization\"},\"potentialAction\":[{\"@type\":\"SearchAction\",\"target\":{\"@type\":\"EntryPoint\",\"urlTemplate\":\"https:\/\/www.pm.pb.gov.br\/portal\/?s={search_term_string}\"},\"query-input\":\"required name=search_term_string\"}],\"inLanguage\":\"pt-BR\"},{\"@type\":\"Organization\",\"@id\":\"https:\/\/www.pm.pb.gov.br\/portal\/#organization\",\"name\":\"Pol\u00edcia Militar da Para\u00edba\",\"url\":\"https:\/\/www.pm.pb.gov.br\/portal\/\",\"logo\":{\"@type\":\"ImageObject\",\"inLanguage\":\"pt-BR\",\"@id\":\"https:\/\/www.pm.pb.gov.br\/portal\/#\/schema\/logo\/image\/\",\"url\":\"https:\/\/www.pm.pb.gov.br\/portal\/wp-content\/uploads\/2025\/03\/cropped-logo-site-mag2-1.png\",\"contentUrl\":\"https:\/\/www.pm.pb.gov.br\/portal\/wp-content\/uploads\/2025\/03\/cropped-logo-site-mag2-1.png\",\"width\":320,\"height\":90,\"caption\":\"Pol\u00edcia Militar da Para\u00edba\"},\"image\":{\"@id\":\"https:\/\/www.pm.pb.gov.br\/portal\/#\/schema\/logo\/image\/\"}},{\"@type\":\"Person\",\"@id\":\"https:\/\/www.pm.pb.gov.br\/portal\/#\/schema\/person\/30d571652b38533c2211e4e89bf5a502\",\"name\":\"Marcio Gomes dos Santos\",\"image\":{\"@type\":\"ImageObject\",\"inLanguage\":\"pt-BR\",\"@id\":\"https:\/\/www.pm.pb.gov.br\/portal\/#\/schema\/person\/image\/\",\"url\":\"https:\/\/secure.gravatar.com\/avatar\/cf4ec2cb690101e1581c7773aa350c19?s=96&d=mm&r=g\",\"contentUrl\":\"https:\/\/secure.gravatar.com\/avatar\/cf4ec2cb690101e1581c7773aa350c19?s=96&d=mm&r=g\",\"caption\":\"Marcio Gomes dos Santos\"},\"url\":\"https:\/\/www.pm.pb.gov.br\/portal\/author\/mgomes\/\"}]}<\/script>\n<!-- \/ Yoast SEO plugin. -->","yoast_head_json":{"title":"Pol\u00edcia Militar apreende mais de 100 kg de drogas durante opera\u00e7\u00e3o de combate ao tr\u00e1fico em comunidade da Capital - Pol\u00edcia Militar da Para\u00edba","robots":{"index":"index","follow":"follow","max-snippet":"max-snippet:-1","max-image-preview":"max-image-preview:large","max-video-preview":"max-video-preview:-1"},"canonical":"https:\/\/www.pm.pb.gov.br\/portal\/2018\/05\/20\/policia-militar-apreende-mais-de-100-kg-de-drogas-durante-operacao-de-combate-ao-trafico-em-comunidade-da-capital\/","og_locale":"pt_BR","og_type":"article","og_title":"Pol\u00edcia Militar apreende mais de 100 kg de drogas durante opera\u00e7\u00e3o de combate ao tr\u00e1fico em comunidade da Capital - Pol\u00edcia Militar da Para\u00edba","og_description":"A Pol\u00edcia Militar apreendeu mais de 100 kg de maconha que estavam armazenados em dois apartamentos da comunidade Vale das","og_url":"https:\/\/www.pm.pb.gov.br\/portal\/2018\/05\/20\/policia-militar-apreende-mais-de-100-kg-de-drogas-durante-operacao-de-combate-ao-trafico-em-comunidade-da-capital\/","og_site_name":"Pol\u00edcia Militar da Para\u00edba","article_published_time":"2018-05-20T13:10:11+00:00","article_modified_time":"2018-05-20T20:15:04+00:00","og_image":[{"width":800,"height":445,"url":"https:\/\/www.pm.pb.gov.br\/portal\/wp-content\/uploads\/2018\/05\/drogas-1.jpg","type":"image\/jpeg"}],"author":"Marcio Gomes dos Santos","twitter_card":"summary_large_image","twitter_misc":{"Escrito por":"Marcio Gomes dos Santos","Est. tempo de leitura":"1 minuto"},"schema":{"@context":"https:\/\/schema.org","@graph":[{"@type":"Article","@id":"https:\/\/www.pm.pb.gov.br\/portal\/2018\/05\/20\/policia-militar-apreende-mais-de-100-kg-de-drogas-durante-operacao-de-combate-ao-trafico-em-comunidade-da-capital\/#article","isPartOf":{"@id":"https:\/\/www.pm.pb.gov.br\/portal\/2018\/05\/20\/policia-militar-apreende-mais-de-100-kg-de-drogas-durante-operacao-de-combate-ao-trafico-em-comunidade-da-capital\/"},"author":{"name":"Marcio Gomes dos Santos","@id":"https:\/\/www.pm.pb.gov.br\/portal\/#\/schema\/person\/30d571652b38533c2211e4e89bf5a502"},"headline":"Pol\u00edcia Militar apreende mais de 100 kg de drogas durante opera\u00e7\u00e3o de combate ao tr\u00e1fico em comunidade da Capital","datePublished":"2018-05-20T13:10:11+00:00","dateModified":"2018-05-20T20:15:04+00:00","mainEntityOfPage":{"@id":"https:\/\/www.pm.pb.gov.br\/portal\/2018\/05\/20\/policia-militar-apreende-mais-de-100-kg-de-drogas-durante-operacao-de-combate-ao-trafico-em-comunidade-da-capital\/"},"wordCount":178,"publisher":{"@id":"https:\/\/www.pm.pb.gov.br\/portal\/#organization"},"articleSection":["A\u00e7\u00f5es Policiais"],"inLanguage":"pt-BR"},{"@type":"WebPage","@id":"https:\/\/www.pm.pb.gov.br\/portal\/2018\/05\/20\/policia-militar-apreende-mais-de-100-kg-de-drogas-durante-operacao-de-combate-ao-trafico-em-comunidade-da-capital\/","url":"https:\/\/www.pm.pb.gov.br\/portal\/2018\/05\/20\/policia-militar-apreende-mais-de-100-kg-de-drogas-durante-operacao-de-combate-ao-trafico-em-comunidade-da-capital\/","name":"Pol\u00edcia Militar apreende mais de 100 kg de drogas durante opera\u00e7\u00e3o de combate ao tr\u00e1fico em comunidade da Capital - Pol\u00edcia Militar da Para\u00edba","isPartOf":{"@id":"https:\/\/www.pm.pb.gov.br\/portal\/#website"},"datePublished":"2018-05-20T13:10:11+00:00","dateModified":"2018-05-20T20:15:04+00:00","breadcrumb":{"@id":"https:\/\/www.pm.pb.gov.br\/portal\/2018\/05\/20\/policia-militar-apreende-mais-de-100-kg-de-drogas-durante-operacao-de-combate-ao-trafico-em-comunidade-da-capital\/#breadcrumb"},"inLanguage":"pt-BR","potentialAction":[{"@type":"ReadAction","target":["https:\/\/www.pm.pb.gov.br\/portal\/2018\/05\/20\/policia-militar-apreende-mais-de-100-kg-de-drogas-durante-operacao-de-combate-ao-trafico-em-comunidade-da-capital\/"]}]},{"@type":"BreadcrumbList","@id":"https:\/\/www.pm.pb.gov.br\/portal\/2018\/05\/20\/policia-militar-apreende-mais-de-100-kg-de-drogas-durante-operacao-de-combate-ao-trafico-em-comunidade-da-capital\/#breadcrumb","itemListElement":[{"@type":"ListItem","position":1,"name":"In\u00edcio","item":"https:\/\/www.pm.pb.gov.br\/portal\/"},{"@type":"ListItem","position":2,"name":"Pol\u00edcia Militar apreende mais de 100 kg de drogas durante opera\u00e7\u00e3o de combate ao tr\u00e1fico em comunidade da Capital"}]},{"@type":"WebSite","@id":"https:\/\/www.pm.pb.gov.br\/portal\/#website","url":"https:\/\/www.pm.pb.gov.br\/portal\/","name":"Pol\u00edcia Militar da Para\u00edba","description":"","publisher":{"@id":"https:\/\/www.pm.pb.gov.br\/portal\/#organization"},"potentialAction":[{"@type":"SearchAction","target":{"@type":"EntryPoint","urlTemplate":"https:\/\/www.pm.pb.gov.br\/portal\/?s={search_term_string}"},"query-input":"required name=search_term_string"}],"inLanguage":"pt-BR"},{"@type":"Organization","@id":"https:\/\/www.pm.pb.gov.br\/portal\/#organization","name":"Pol\u00edcia Militar da Para\u00edba","url":"https:\/\/www.pm.pb.gov.br\/portal\/","logo":{"@type":"ImageObject","inLanguage":"pt-BR","@id":"https:\/\/www.pm.pb.gov.br\/portal\/#\/schema\/logo\/image\/","url":"https:\/\/www.pm.pb.gov.br\/portal\/wp-content\/uploads\/2025\/03\/cropped-logo-site-mag2-1.png","contentUrl":"https:\/\/www.pm.pb.gov.br\/portal\/wp-content\/uploads\/2025\/03\/cropped-logo-site-mag2-1.png","width":320,"height":90,"caption":"Pol\u00edcia Militar da Para\u00edba"},"image":{"@id":"https:\/\/www.pm.pb.gov.br\/portal\/#\/schema\/logo\/image\/"}},{"@type":"Person","@id":"https:\/\/www.pm.pb.gov.br\/portal\/#\/schema\/person\/30d571652b38533c2211e4e89bf5a502","name":"Marcio Gomes dos Santos","image":{"@type":"ImageObject","inLanguage":"pt-BR","@id":"https:\/\/www.pm.pb.gov.br\/portal\/#\/schema\/person\/image\/","url":"https:\/\/secure.gravatar.com\/avatar\/cf4ec2cb690101e1581c7773aa350c19?s=96&d=mm&r=g","contentUrl":"https:\/\/secure.gravatar.com\/avatar\/cf4ec2cb690101e1581c7773aa350c19?s=96&d=mm&r=g","caption":"Marcio Gomes dos Santos"},"url":"https:\/\/www.pm.pb.gov.br\/portal\/author\/mgomes\/"}]}},"_links":{"self":[{"href":"https:\/\/www.pm.pb.gov.br\/portal\/wp-json\/wp\/v2\/posts\/897989"}],"collection":[{"href":"https:\/\/www.pm.pb.gov.br\/portal\/wp-json\/wp\/v2\/posts"}],"about":[{"href":"https:\/\/www.pm.pb.gov.br\/portal\/wp-json\/wp\/v2\/types\/post"}],"author":[{"embeddable":true,"href":"https:\/\/www.pm.pb.gov.br\/portal\/wp-json\/wp\/v2\/users\/15"}],"replies":[{"embeddable":true,"href":"https:\/\/www.pm.pb.gov.br\/portal\/wp-json\/wp\/v2\/comments?post=897989"}],"version-history":[{"count":1,"href":"https:\/\/www.pm.pb.gov.br\/portal\/wp-json\/wp\/v2\/posts\/897989\/revisions"}],"predecessor-version":[{"id":897991,"href":"https:\/\/www.pm.pb.gov.br\/portal\/wp-json\/wp\/v2\/posts\/897989\/revisions\/897991"}],"wp:featuredmedia":[{"embeddable":true,"href":"https:\/\/www.pm.pb.gov.br\/portal\/wp-json\/wp\/v2\/media\/897990"}],"wp:attachment":[{"href":"https:\/\/www.pm.pb.gov.br\/portal\/wp-json\/wp\/v2\/media?parent=897989"}],"wp:term":[{"taxonomy":"category","embeddable":true,"href":"https:\/\/www.pm.pb.gov.br\/portal\/wp-json\/wp\/v2\/categories?post=897989"},{"taxonomy":"post_tag","embeddable":true,"href":"https:\/\/www.pm.pb.gov.br\/portal\/wp-json\/wp\/v2\/tags?post=897989"}],"curies":[{"name":"wp","href":"https:\/\/api.w.org\/{rel}","templated":true}]}}