{"id":897975,"date":"2018-05-18T11:16:37","date_gmt":"2018-05-18T14:16:37","guid":{"rendered":"http:\/\/www.pm.pb.gov.br\/portal\/?p=897975"},"modified":"2018-05-18T11:22:07","modified_gmt":"2018-05-18T14:22:07","slug":"segunda-etapa-do-concurso-da-policia-militar-e-do-corpo-de-bombeiros-acontece-neste-fim-de-semana-em-joao-pessoa","status":"publish","type":"post","link":"https:\/\/www.pm.pb.gov.br\/portal\/2018\/05\/18\/segunda-etapa-do-concurso-da-policia-militar-e-do-corpo-de-bombeiros-acontece-neste-fim-de-semana-em-joao-pessoa\/","title":{"rendered":"Segunda etapa do concurso da Pol\u00edcia Militar e do Corpo de Bombeiros acontece neste fim de semana em Jo\u00e3o Pessoa"},"content":{"rendered":"<p style=\"text-align: justify;\">Os candidatos que passaram para a segunda etapa do concurso da Pol\u00edcia Militar e do Corpo de Bombeiros Militar da Para\u00edba realizam o exame psicot\u00e9cnico, neste fim de semana, no col\u00e9gio Liceu Paraibano, no Centro de Jo\u00e3o Pessoa. Foram convocados 2 mil candidatos para esta fase, que equivale ao dobro de n\u00famero de vagas oferecidas no concurso.<\/p>\n<p style=\"text-align: justify;\">O exame ser\u00e1 aplicado em dois dias, sendo no s\u00e1bado (19) \u00e0s 14h30 e no domingo (20), \u00e0s 8h30. A comiss\u00e3o do concurso alerta para o hor\u00e1rio de abertura e fechamento dos port\u00f5es. No s\u00e1bado, os port\u00f5es ser\u00e3o abertos \u00e0s 13h e fecham, impreterivelmente, \u00e0s 14h. No domingo, a abertura ser\u00e1 feita \u00e0s 7h e quem chegar ap\u00f3s \u00e0s 8h em ponto, estar\u00e1 automaticamente eliminado do concurso.<\/p>\n<p style=\"text-align: justify;\">Os candidatos devem levar um documento oficial de identidade com foto, caneta azul ou preta fabricada em material transparente e dois l\u00e1pis pretos n\u00ba 2B. Esta etapa tem o objetivo de avaliar a compatibilidade dos interessados em uma das vagas com a fun\u00e7\u00e3o de militar estadual.<\/p>\n<p style=\"text-align: justify;\">Dicas &#8211; Para fazer um bom teste, a comiss\u00e3o do concurso orienta que os candidatos tenham uma boa noite de sono, fa\u00e7am ingest\u00e3o de comidas leves e saud\u00e1veis nas horas que antecedem os testes e, principalmente, evitem o uso de bebidas alco\u00f3licas, pois pode interferir no desempenho do exame.<\/p>\n<p style=\"text-align: justify;\">Novidade nos exames de sa\u00fade \u2013 Os candidatos considerados indicados no exame psicot\u00e9cnico ser\u00e3o convocados para o exame de sa\u00fade, que est\u00e1 previsto para acontecer no dia 18 de junho. Nesta sexta-feira (18), a comiss\u00e3o do concurso trouxe algumas modifica\u00e7\u00f5es das exig\u00eancias do exame de sa\u00fade. S\u00e3o informa\u00e7\u00f5es sobre o exame de radiografia de t\u00f3rax, avalia\u00e7\u00e3o dos dentes, aparelho osteo-mio-articular, condi\u00e7\u00f5es ginecol\u00f3gicas e \u00edndices cardiovasculares.<\/p>\n<p style=\"text-align: justify;\">A novidade \u00e9 a listagem de subst\u00e2ncias que ser\u00e3o pesquisadas no exame toxicol\u00f3gico, que \u00e9 a maconha, coca\u00edna e derivados (crack, merla e outros), anfetamina, metanfetamina; MDMA, ecstasy, hero\u00edna e morfina, com janela de detec\u00e7\u00e3o de 90 dias.<\/p>\n","protected":false},"excerpt":{"rendered":"<p>Os candidatos que passaram para a segunda etapa do concurso da Pol\u00edcia Militar e do Corpo de Bombeiros Militar da<\/p>\n","protected":false},"author":15,"featured_media":895708,"comment_status":"closed","ping_status":"closed","sticky":false,"template":"","format":"standard","meta":{"_exactmetrics_skip_tracking":false,"_exactmetrics_sitenote_active":false,"_exactmetrics_sitenote_note":"","_exactmetrics_sitenote_category":0,"footnotes":""},"categories":[6],"tags":[],"yoast_head":"<!-- This site is optimized with the Yoast SEO plugin v22.0 - https:\/\/yoast.com\/wordpress\/plugins\/seo\/ -->\n<title>Segunda etapa do concurso da Pol\u00edcia Militar e do Corpo de Bombeiros acontece neste fim de semana em Jo\u00e3o Pessoa - Pol\u00edcia Militar da Para\u00edba<\/title>\n<meta name=\"robots\" content=\"index, follow, max-snippet:-1, max-image-preview:large, max-video-preview:-1\" \/>\n<link rel=\"canonical\" href=\"https:\/\/www.pm.pb.gov.br\/portal\/2018\/05\/18\/segunda-etapa-do-concurso-da-policia-militar-e-do-corpo-de-bombeiros-acontece-neste-fim-de-semana-em-joao-pessoa\/\" \/>\n<meta property=\"og:locale\" content=\"pt_BR\" \/>\n<meta property=\"og:type\" content=\"article\" \/>\n<meta property=\"og:title\" content=\"Segunda etapa do concurso da Pol\u00edcia Militar e do Corpo de Bombeiros acontece neste fim de semana em Jo\u00e3o Pessoa - Pol\u00edcia Militar da Para\u00edba\" \/>\n<meta property=\"og:description\" content=\"Os candidatos que passaram para a segunda etapa do concurso da Pol\u00edcia Militar e do Corpo de Bombeiros Militar da\" \/>\n<meta property=\"og:url\" content=\"https:\/\/www.pm.pb.gov.br\/portal\/2018\/05\/18\/segunda-etapa-do-concurso-da-policia-militar-e-do-corpo-de-bombeiros-acontece-neste-fim-de-semana-em-joao-pessoa\/\" \/>\n<meta property=\"og:site_name\" content=\"Pol\u00edcia Militar da Para\u00edba\" \/>\n<meta property=\"article:published_time\" content=\"2018-05-18T14:16:37+00:00\" \/>\n<meta property=\"article:modified_time\" content=\"2018-05-18T14:22:07+00:00\" \/>\n<meta property=\"og:image\" content=\"https:\/\/www.pm.pb.gov.br\/portal\/wp-content\/uploads\/2017\/10\/Imagems-Ilustrativa-Site-Novo.jpg\" \/>\n\t<meta property=\"og:image:width\" content=\"800\" \/>\n\t<meta property=\"og:image:height\" content=\"445\" \/>\n\t<meta property=\"og:image:type\" content=\"image\/jpeg\" \/>\n<meta name=\"author\" content=\"Marcio Gomes dos Santos\" \/>\n<meta name=\"twitter:card\" content=\"summary_large_image\" \/>\n<meta name=\"twitter:label1\" content=\"Escrito por\" \/>\n\t<meta name=\"twitter:data1\" content=\"Marcio Gomes dos Santos\" \/>\n\t<meta name=\"twitter:label2\" content=\"Est. tempo de leitura\" \/>\n\t<meta name=\"twitter:data2\" content=\"2 minutos\" \/>\n<script type=\"application\/ld+json\" class=\"yoast-schema-graph\">{\"@context\":\"https:\/\/schema.org\",\"@graph\":[{\"@type\":\"Article\",\"@id\":\"https:\/\/www.pm.pb.gov.br\/portal\/2018\/05\/18\/segunda-etapa-do-concurso-da-policia-militar-e-do-corpo-de-bombeiros-acontece-neste-fim-de-semana-em-joao-pessoa\/#article\",\"isPartOf\":{\"@id\":\"https:\/\/www.pm.pb.gov.br\/portal\/2018\/05\/18\/segunda-etapa-do-concurso-da-policia-militar-e-do-corpo-de-bombeiros-acontece-neste-fim-de-semana-em-joao-pessoa\/\"},\"author\":{\"name\":\"Marcio Gomes dos Santos\",\"@id\":\"https:\/\/www.pm.pb.gov.br\/portal\/#\/schema\/person\/30d571652b38533c2211e4e89bf5a502\"},\"headline\":\"Segunda etapa do concurso da Pol\u00edcia Militar e do Corpo de Bombeiros acontece neste fim de semana em Jo\u00e3o Pessoa\",\"datePublished\":\"2018-05-18T14:16:37+00:00\",\"dateModified\":\"2018-05-18T14:22:07+00:00\",\"mainEntityOfPage\":{\"@id\":\"https:\/\/www.pm.pb.gov.br\/portal\/2018\/05\/18\/segunda-etapa-do-concurso-da-policia-militar-e-do-corpo-de-bombeiros-acontece-neste-fim-de-semana-em-joao-pessoa\/\"},\"wordCount\":376,\"publisher\":{\"@id\":\"https:\/\/www.pm.pb.gov.br\/portal\/#organization\"},\"articleSection\":[\"Cursos\"],\"inLanguage\":\"pt-BR\"},{\"@type\":\"WebPage\",\"@id\":\"https:\/\/www.pm.pb.gov.br\/portal\/2018\/05\/18\/segunda-etapa-do-concurso-da-policia-militar-e-do-corpo-de-bombeiros-acontece-neste-fim-de-semana-em-joao-pessoa\/\",\"url\":\"https:\/\/www.pm.pb.gov.br\/portal\/2018\/05\/18\/segunda-etapa-do-concurso-da-policia-militar-e-do-corpo-de-bombeiros-acontece-neste-fim-de-semana-em-joao-pessoa\/\",\"name\":\"Segunda etapa do concurso da Pol\u00edcia Militar e do Corpo de Bombeiros acontece neste fim de semana em Jo\u00e3o Pessoa - Pol\u00edcia Militar da Para\u00edba\",\"isPartOf\":{\"@id\":\"https:\/\/www.pm.pb.gov.br\/portal\/#website\"},\"datePublished\":\"2018-05-18T14:16:37+00:00\",\"dateModified\":\"2018-05-18T14:22:07+00:00\",\"breadcrumb\":{\"@id\":\"https:\/\/www.pm.pb.gov.br\/portal\/2018\/05\/18\/segunda-etapa-do-concurso-da-policia-militar-e-do-corpo-de-bombeiros-acontece-neste-fim-de-semana-em-joao-pessoa\/#breadcrumb\"},\"inLanguage\":\"pt-BR\",\"potentialAction\":[{\"@type\":\"ReadAction\",\"target\":[\"https:\/\/www.pm.pb.gov.br\/portal\/2018\/05\/18\/segunda-etapa-do-concurso-da-policia-militar-e-do-corpo-de-bombeiros-acontece-neste-fim-de-semana-em-joao-pessoa\/\"]}]},{\"@type\":\"BreadcrumbList\",\"@id\":\"https:\/\/www.pm.pb.gov.br\/portal\/2018\/05\/18\/segunda-etapa-do-concurso-da-policia-militar-e-do-corpo-de-bombeiros-acontece-neste-fim-de-semana-em-joao-pessoa\/#breadcrumb\",\"itemListElement\":[{\"@type\":\"ListItem\",\"position\":1,\"name\":\"In\u00edcio\",\"item\":\"https:\/\/www.pm.pb.gov.br\/portal\/\"},{\"@type\":\"ListItem\",\"position\":2,\"name\":\"Segunda etapa do concurso da Pol\u00edcia Militar e do Corpo de Bombeiros acontece neste fim de semana em Jo\u00e3o Pessoa\"}]},{\"@type\":\"WebSite\",\"@id\":\"https:\/\/www.pm.pb.gov.br\/portal\/#website\",\"url\":\"https:\/\/www.pm.pb.gov.br\/portal\/\",\"name\":\"Pol\u00edcia Militar da Para\u00edba\",\"description\":\"\",\"publisher\":{\"@id\":\"https:\/\/www.pm.pb.gov.br\/portal\/#organization\"},\"potentialAction\":[{\"@type\":\"SearchAction\",\"target\":{\"@type\":\"EntryPoint\",\"urlTemplate\":\"https:\/\/www.pm.pb.gov.br\/portal\/?s={search_term_string}\"},\"query-input\":\"required name=search_term_string\"}],\"inLanguage\":\"pt-BR\"},{\"@type\":\"Organization\",\"@id\":\"https:\/\/www.pm.pb.gov.br\/portal\/#organization\",\"name\":\"Pol\u00edcia Militar da Para\u00edba\",\"url\":\"https:\/\/www.pm.pb.gov.br\/portal\/\",\"logo\":{\"@type\":\"ImageObject\",\"inLanguage\":\"pt-BR\",\"@id\":\"https:\/\/www.pm.pb.gov.br\/portal\/#\/schema\/logo\/image\/\",\"url\":\"https:\/\/www.pm.pb.gov.br\/portal\/wp-content\/uploads\/2025\/03\/cropped-logo-site-mag2-1.png\",\"contentUrl\":\"https:\/\/www.pm.pb.gov.br\/portal\/wp-content\/uploads\/2025\/03\/cropped-logo-site-mag2-1.png\",\"width\":320,\"height\":90,\"caption\":\"Pol\u00edcia Militar da Para\u00edba\"},\"image\":{\"@id\":\"https:\/\/www.pm.pb.gov.br\/portal\/#\/schema\/logo\/image\/\"}},{\"@type\":\"Person\",\"@id\":\"https:\/\/www.pm.pb.gov.br\/portal\/#\/schema\/person\/30d571652b38533c2211e4e89bf5a502\",\"name\":\"Marcio Gomes dos Santos\",\"image\":{\"@type\":\"ImageObject\",\"inLanguage\":\"pt-BR\",\"@id\":\"https:\/\/www.pm.pb.gov.br\/portal\/#\/schema\/person\/image\/\",\"url\":\"https:\/\/secure.gravatar.com\/avatar\/cf4ec2cb690101e1581c7773aa350c19?s=96&d=mm&r=g\",\"contentUrl\":\"https:\/\/secure.gravatar.com\/avatar\/cf4ec2cb690101e1581c7773aa350c19?s=96&d=mm&r=g\",\"caption\":\"Marcio Gomes dos Santos\"},\"url\":\"https:\/\/www.pm.pb.gov.br\/portal\/author\/mgomes\/\"}]}<\/script>\n<!-- \/ Yoast SEO plugin. -->","yoast_head_json":{"title":"Segunda etapa do concurso da Pol\u00edcia Militar e do Corpo de Bombeiros acontece neste fim de semana em Jo\u00e3o Pessoa - Pol\u00edcia Militar da Para\u00edba","robots":{"index":"index","follow":"follow","max-snippet":"max-snippet:-1","max-image-preview":"max-image-preview:large","max-video-preview":"max-video-preview:-1"},"canonical":"https:\/\/www.pm.pb.gov.br\/portal\/2018\/05\/18\/segunda-etapa-do-concurso-da-policia-militar-e-do-corpo-de-bombeiros-acontece-neste-fim-de-semana-em-joao-pessoa\/","og_locale":"pt_BR","og_type":"article","og_title":"Segunda etapa do concurso da Pol\u00edcia Militar e do Corpo de Bombeiros acontece neste fim de semana em Jo\u00e3o Pessoa - Pol\u00edcia Militar da Para\u00edba","og_description":"Os candidatos que passaram para a segunda etapa do concurso da Pol\u00edcia Militar e do Corpo de Bombeiros Militar da","og_url":"https:\/\/www.pm.pb.gov.br\/portal\/2018\/05\/18\/segunda-etapa-do-concurso-da-policia-militar-e-do-corpo-de-bombeiros-acontece-neste-fim-de-semana-em-joao-pessoa\/","og_site_name":"Pol\u00edcia Militar da Para\u00edba","article_published_time":"2018-05-18T14:16:37+00:00","article_modified_time":"2018-05-18T14:22:07+00:00","og_image":[{"width":800,"height":445,"url":"https:\/\/www.pm.pb.gov.br\/portal\/wp-content\/uploads\/2017\/10\/Imagems-Ilustrativa-Site-Novo.jpg","type":"image\/jpeg"}],"author":"Marcio Gomes dos Santos","twitter_card":"summary_large_image","twitter_misc":{"Escrito por":"Marcio Gomes dos Santos","Est. tempo de leitura":"2 minutos"},"schema":{"@context":"https:\/\/schema.org","@graph":[{"@type":"Article","@id":"https:\/\/www.pm.pb.gov.br\/portal\/2018\/05\/18\/segunda-etapa-do-concurso-da-policia-militar-e-do-corpo-de-bombeiros-acontece-neste-fim-de-semana-em-joao-pessoa\/#article","isPartOf":{"@id":"https:\/\/www.pm.pb.gov.br\/portal\/2018\/05\/18\/segunda-etapa-do-concurso-da-policia-militar-e-do-corpo-de-bombeiros-acontece-neste-fim-de-semana-em-joao-pessoa\/"},"author":{"name":"Marcio Gomes dos Santos","@id":"https:\/\/www.pm.pb.gov.br\/portal\/#\/schema\/person\/30d571652b38533c2211e4e89bf5a502"},"headline":"Segunda etapa do concurso da Pol\u00edcia Militar e do Corpo de Bombeiros acontece neste fim de semana em Jo\u00e3o Pessoa","datePublished":"2018-05-18T14:16:37+00:00","dateModified":"2018-05-18T14:22:07+00:00","mainEntityOfPage":{"@id":"https:\/\/www.pm.pb.gov.br\/portal\/2018\/05\/18\/segunda-etapa-do-concurso-da-policia-militar-e-do-corpo-de-bombeiros-acontece-neste-fim-de-semana-em-joao-pessoa\/"},"wordCount":376,"publisher":{"@id":"https:\/\/www.pm.pb.gov.br\/portal\/#organization"},"articleSection":["Cursos"],"inLanguage":"pt-BR"},{"@type":"WebPage","@id":"https:\/\/www.pm.pb.gov.br\/portal\/2018\/05\/18\/segunda-etapa-do-concurso-da-policia-militar-e-do-corpo-de-bombeiros-acontece-neste-fim-de-semana-em-joao-pessoa\/","url":"https:\/\/www.pm.pb.gov.br\/portal\/2018\/05\/18\/segunda-etapa-do-concurso-da-policia-militar-e-do-corpo-de-bombeiros-acontece-neste-fim-de-semana-em-joao-pessoa\/","name":"Segunda etapa do concurso da Pol\u00edcia Militar e do Corpo de Bombeiros acontece neste fim de semana em Jo\u00e3o Pessoa - Pol\u00edcia Militar da Para\u00edba","isPartOf":{"@id":"https:\/\/www.pm.pb.gov.br\/portal\/#website"},"datePublished":"2018-05-18T14:16:37+00:00","dateModified":"2018-05-18T14:22:07+00:00","breadcrumb":{"@id":"https:\/\/www.pm.pb.gov.br\/portal\/2018\/05\/18\/segunda-etapa-do-concurso-da-policia-militar-e-do-corpo-de-bombeiros-acontece-neste-fim-de-semana-em-joao-pessoa\/#breadcrumb"},"inLanguage":"pt-BR","potentialAction":[{"@type":"ReadAction","target":["https:\/\/www.pm.pb.gov.br\/portal\/2018\/05\/18\/segunda-etapa-do-concurso-da-policia-militar-e-do-corpo-de-bombeiros-acontece-neste-fim-de-semana-em-joao-pessoa\/"]}]},{"@type":"BreadcrumbList","@id":"https:\/\/www.pm.pb.gov.br\/portal\/2018\/05\/18\/segunda-etapa-do-concurso-da-policia-militar-e-do-corpo-de-bombeiros-acontece-neste-fim-de-semana-em-joao-pessoa\/#breadcrumb","itemListElement":[{"@type":"ListItem","position":1,"name":"In\u00edcio","item":"https:\/\/www.pm.pb.gov.br\/portal\/"},{"@type":"ListItem","position":2,"name":"Segunda etapa do concurso da Pol\u00edcia Militar e do Corpo de Bombeiros acontece neste fim de semana em Jo\u00e3o Pessoa"}]},{"@type":"WebSite","@id":"https:\/\/www.pm.pb.gov.br\/portal\/#website","url":"https:\/\/www.pm.pb.gov.br\/portal\/","name":"Pol\u00edcia Militar da Para\u00edba","description":"","publisher":{"@id":"https:\/\/www.pm.pb.gov.br\/portal\/#organization"},"potentialAction":[{"@type":"SearchAction","target":{"@type":"EntryPoint","urlTemplate":"https:\/\/www.pm.pb.gov.br\/portal\/?s={search_term_string}"},"query-input":"required name=search_term_string"}],"inLanguage":"pt-BR"},{"@type":"Organization","@id":"https:\/\/www.pm.pb.gov.br\/portal\/#organization","name":"Pol\u00edcia Militar da Para\u00edba","url":"https:\/\/www.pm.pb.gov.br\/portal\/","logo":{"@type":"ImageObject","inLanguage":"pt-BR","@id":"https:\/\/www.pm.pb.gov.br\/portal\/#\/schema\/logo\/image\/","url":"https:\/\/www.pm.pb.gov.br\/portal\/wp-content\/uploads\/2025\/03\/cropped-logo-site-mag2-1.png","contentUrl":"https:\/\/www.pm.pb.gov.br\/portal\/wp-content\/uploads\/2025\/03\/cropped-logo-site-mag2-1.png","width":320,"height":90,"caption":"Pol\u00edcia Militar da Para\u00edba"},"image":{"@id":"https:\/\/www.pm.pb.gov.br\/portal\/#\/schema\/logo\/image\/"}},{"@type":"Person","@id":"https:\/\/www.pm.pb.gov.br\/portal\/#\/schema\/person\/30d571652b38533c2211e4e89bf5a502","name":"Marcio Gomes dos Santos","image":{"@type":"ImageObject","inLanguage":"pt-BR","@id":"https:\/\/www.pm.pb.gov.br\/portal\/#\/schema\/person\/image\/","url":"https:\/\/secure.gravatar.com\/avatar\/cf4ec2cb690101e1581c7773aa350c19?s=96&d=mm&r=g","contentUrl":"https:\/\/secure.gravatar.com\/avatar\/cf4ec2cb690101e1581c7773aa350c19?s=96&d=mm&r=g","caption":"Marcio Gomes dos Santos"},"url":"https:\/\/www.pm.pb.gov.br\/portal\/author\/mgomes\/"}]}},"_links":{"self":[{"href":"https:\/\/www.pm.pb.gov.br\/portal\/wp-json\/wp\/v2\/posts\/897975"}],"collection":[{"href":"https:\/\/www.pm.pb.gov.br\/portal\/wp-json\/wp\/v2\/posts"}],"about":[{"href":"https:\/\/www.pm.pb.gov.br\/portal\/wp-json\/wp\/v2\/types\/post"}],"author":[{"embeddable":true,"href":"https:\/\/www.pm.pb.gov.br\/portal\/wp-json\/wp\/v2\/users\/15"}],"replies":[{"embeddable":true,"href":"https:\/\/www.pm.pb.gov.br\/portal\/wp-json\/wp\/v2\/comments?post=897975"}],"version-history":[{"count":1,"href":"https:\/\/www.pm.pb.gov.br\/portal\/wp-json\/wp\/v2\/posts\/897975\/revisions"}],"predecessor-version":[{"id":897976,"href":"https:\/\/www.pm.pb.gov.br\/portal\/wp-json\/wp\/v2\/posts\/897975\/revisions\/897976"}],"wp:featuredmedia":[{"embeddable":true,"href":"https:\/\/www.pm.pb.gov.br\/portal\/wp-json\/wp\/v2\/media\/895708"}],"wp:attachment":[{"href":"https:\/\/www.pm.pb.gov.br\/portal\/wp-json\/wp\/v2\/media?parent=897975"}],"wp:term":[{"taxonomy":"category","embeddable":true,"href":"https:\/\/www.pm.pb.gov.br\/portal\/wp-json\/wp\/v2\/categories?post=897975"},{"taxonomy":"post_tag","embeddable":true,"href":"https:\/\/www.pm.pb.gov.br\/portal\/wp-json\/wp\/v2\/tags?post=897975"}],"curies":[{"name":"wp","href":"https:\/\/api.w.org\/{rel}","templated":true}]}}