{"id":897971,"date":"2018-05-18T11:06:57","date_gmt":"2018-05-18T14:06:57","guid":{"rendered":"http:\/\/www.pm.pb.gov.br\/portal\/?p=897971"},"modified":"2018-05-18T11:06:57","modified_gmt":"2018-05-18T14:06:57","slug":"policia-militar-prende-suspeito-de-trafico-de-drogas-na-capital","status":"publish","type":"post","link":"https:\/\/www.pm.pb.gov.br\/portal\/2018\/05\/18\/policia-militar-prende-suspeito-de-trafico-de-drogas-na-capital\/","title":{"rendered":"Pol\u00edcia Militar prende suspeito de tr\u00e1fico de drogas na Capital"},"content":{"rendered":"<p style=\"text-align: justify;\">A For\u00e7a Regional da Pol\u00edcia Militar da Para\u00edba prendeu um suspeito de 36 anos, na noite dessa quinta-feira (17), com meio quilo de maconha, 150 gramas de coca\u00edna e um colete \u00e0 prova de balas, no Loteamento Cidade Maravilhosa, no bairro do Valentina, zona sul da Capital. O material estava escondido em um terreno baldio.<\/p>\n<p style=\"text-align: justify;\">A equipe da PM realizava rondas pelo local quando desconfiou do suspeito, que estava em frente ao terreno. Ao ser abordado, ele foi encontrado com uma parte das drogas. O homem foi apresentado com todo o material na Central de Flagrantes.<\/p>\n<p style=\"text-align: justify;\"><strong><img loading=\"lazy\" decoding=\"async\" class=\"wp-image-897973 alignright\" src=\"http:\/\/www.pm.pb.gov.br\/portal\/wp-content\/uploads\/2018\/05\/WhatsApp-Image-2018-05-18-at-09.02.36-792x445.jpeg\" alt=\"\" width=\"320\" height=\"180\" srcset=\"https:\/\/www.pm.pb.gov.br\/portal\/wp-content\/uploads\/2018\/05\/WhatsApp-Image-2018-05-18-at-09.02.36-792x445.jpeg 792w, https:\/\/www.pm.pb.gov.br\/portal\/wp-content\/uploads\/2018\/05\/WhatsApp-Image-2018-05-18-at-09.02.36-768x431.jpeg 768w, https:\/\/www.pm.pb.gov.br\/portal\/wp-content\/uploads\/2018\/05\/WhatsApp-Image-2018-05-18-at-09.02.36-1015x570.jpeg 1015w, https:\/\/www.pm.pb.gov.br\/portal\/wp-content\/uploads\/2018\/05\/WhatsApp-Image-2018-05-18-at-09.02.36.jpeg 1040w\" sizes=\"(max-width: 320px) 100vw, 320px\" \/>Em Bayeux<\/strong> \u2013 Um suspeito de 32 anos foi preso com 175 pedras de crack, 35 trouxas de maconha e tr\u00eas papelotes de coca\u00edna, no fim da tarde, na comunidade do Viveiro, no bairro Comercial Norte. Segundo os policiais, o homem detido j\u00e1 tinha passagem pela pol\u00edcia pelo mesmo crime de tr\u00e1fico de drogas. Ainda na cidade, durante a manh\u00e3, um homem de 30 anos foi flagrado com 99 papelotes de maconha, uma balan\u00e7a de precis\u00e3o, 19 pedras de crack e um simulacro de espingarda, no bairro da Imaculada.<\/p>\n","protected":false},"excerpt":{"rendered":"<p>A For\u00e7a Regional da Pol\u00edcia Militar da Para\u00edba prendeu um suspeito de 36 anos, na noite dessa quinta-feira (17), com<\/p>\n","protected":false},"author":15,"featured_media":897972,"comment_status":"closed","ping_status":"closed","sticky":false,"template":"","format":"standard","meta":{"_exactmetrics_skip_tracking":false,"_exactmetrics_sitenote_active":false,"_exactmetrics_sitenote_note":"","_exactmetrics_sitenote_category":0,"footnotes":""},"categories":[4],"tags":[],"yoast_head":"<!-- This site is optimized with the Yoast SEO plugin v22.0 - https:\/\/yoast.com\/wordpress\/plugins\/seo\/ -->\n<title>Pol\u00edcia Militar prende suspeito de tr\u00e1fico de drogas na Capital - Pol\u00edcia Militar da Para\u00edba<\/title>\n<meta name=\"robots\" content=\"index, follow, max-snippet:-1, max-image-preview:large, max-video-preview:-1\" \/>\n<link rel=\"canonical\" href=\"https:\/\/www.pm.pb.gov.br\/portal\/2018\/05\/18\/policia-militar-prende-suspeito-de-trafico-de-drogas-na-capital\/\" \/>\n<meta property=\"og:locale\" content=\"pt_BR\" \/>\n<meta property=\"og:type\" content=\"article\" \/>\n<meta property=\"og:title\" content=\"Pol\u00edcia Militar prende suspeito de tr\u00e1fico de drogas na Capital - Pol\u00edcia Militar da Para\u00edba\" \/>\n<meta property=\"og:description\" content=\"A For\u00e7a Regional da Pol\u00edcia Militar da Para\u00edba prendeu um suspeito de 36 anos, na noite dessa quinta-feira (17), com\" \/>\n<meta property=\"og:url\" content=\"https:\/\/www.pm.pb.gov.br\/portal\/2018\/05\/18\/policia-militar-prende-suspeito-de-trafico-de-drogas-na-capital\/\" \/>\n<meta property=\"og:site_name\" content=\"Pol\u00edcia Militar da Para\u00edba\" \/>\n<meta property=\"article:published_time\" content=\"2018-05-18T14:06:57+00:00\" \/>\n<meta property=\"og:image\" content=\"https:\/\/www.pm.pb.gov.br\/portal\/wp-content\/uploads\/2018\/05\/drogas.jpg\" \/>\n\t<meta property=\"og:image:width\" content=\"800\" \/>\n\t<meta property=\"og:image:height\" content=\"450\" \/>\n\t<meta property=\"og:image:type\" content=\"image\/jpeg\" \/>\n<meta name=\"author\" content=\"Marcio Gomes dos Santos\" \/>\n<meta name=\"twitter:card\" content=\"summary_large_image\" \/>\n<meta name=\"twitter:label1\" content=\"Escrito por\" \/>\n\t<meta name=\"twitter:data1\" content=\"Marcio Gomes dos Santos\" \/>\n\t<meta name=\"twitter:label2\" content=\"Est. tempo de leitura\" \/>\n\t<meta name=\"twitter:data2\" content=\"1 minuto\" \/>\n<script type=\"application\/ld+json\" class=\"yoast-schema-graph\">{\"@context\":\"https:\/\/schema.org\",\"@graph\":[{\"@type\":\"Article\",\"@id\":\"https:\/\/www.pm.pb.gov.br\/portal\/2018\/05\/18\/policia-militar-prende-suspeito-de-trafico-de-drogas-na-capital\/#article\",\"isPartOf\":{\"@id\":\"https:\/\/www.pm.pb.gov.br\/portal\/2018\/05\/18\/policia-militar-prende-suspeito-de-trafico-de-drogas-na-capital\/\"},\"author\":{\"name\":\"Marcio Gomes dos Santos\",\"@id\":\"https:\/\/www.pm.pb.gov.br\/portal\/#\/schema\/person\/30d571652b38533c2211e4e89bf5a502\"},\"headline\":\"Pol\u00edcia Militar prende suspeito de tr\u00e1fico de drogas na Capital\",\"datePublished\":\"2018-05-18T14:06:57+00:00\",\"dateModified\":\"2018-05-18T14:06:57+00:00\",\"mainEntityOfPage\":{\"@id\":\"https:\/\/www.pm.pb.gov.br\/portal\/2018\/05\/18\/policia-militar-prende-suspeito-de-trafico-de-drogas-na-capital\/\"},\"wordCount\":196,\"publisher\":{\"@id\":\"https:\/\/www.pm.pb.gov.br\/portal\/#organization\"},\"articleSection\":[\"A\u00e7\u00f5es Policiais\"],\"inLanguage\":\"pt-BR\"},{\"@type\":\"WebPage\",\"@id\":\"https:\/\/www.pm.pb.gov.br\/portal\/2018\/05\/18\/policia-militar-prende-suspeito-de-trafico-de-drogas-na-capital\/\",\"url\":\"https:\/\/www.pm.pb.gov.br\/portal\/2018\/05\/18\/policia-militar-prende-suspeito-de-trafico-de-drogas-na-capital\/\",\"name\":\"Pol\u00edcia Militar prende suspeito de tr\u00e1fico de drogas na Capital - Pol\u00edcia Militar da Para\u00edba\",\"isPartOf\":{\"@id\":\"https:\/\/www.pm.pb.gov.br\/portal\/#website\"},\"datePublished\":\"2018-05-18T14:06:57+00:00\",\"dateModified\":\"2018-05-18T14:06:57+00:00\",\"breadcrumb\":{\"@id\":\"https:\/\/www.pm.pb.gov.br\/portal\/2018\/05\/18\/policia-militar-prende-suspeito-de-trafico-de-drogas-na-capital\/#breadcrumb\"},\"inLanguage\":\"pt-BR\",\"potentialAction\":[{\"@type\":\"ReadAction\",\"target\":[\"https:\/\/www.pm.pb.gov.br\/portal\/2018\/05\/18\/policia-militar-prende-suspeito-de-trafico-de-drogas-na-capital\/\"]}]},{\"@type\":\"BreadcrumbList\",\"@id\":\"https:\/\/www.pm.pb.gov.br\/portal\/2018\/05\/18\/policia-militar-prende-suspeito-de-trafico-de-drogas-na-capital\/#breadcrumb\",\"itemListElement\":[{\"@type\":\"ListItem\",\"position\":1,\"name\":\"In\u00edcio\",\"item\":\"https:\/\/www.pm.pb.gov.br\/portal\/\"},{\"@type\":\"ListItem\",\"position\":2,\"name\":\"Pol\u00edcia Militar prende suspeito de tr\u00e1fico de drogas na Capital\"}]},{\"@type\":\"WebSite\",\"@id\":\"https:\/\/www.pm.pb.gov.br\/portal\/#website\",\"url\":\"https:\/\/www.pm.pb.gov.br\/portal\/\",\"name\":\"Pol\u00edcia Militar da Para\u00edba\",\"description\":\"\",\"publisher\":{\"@id\":\"https:\/\/www.pm.pb.gov.br\/portal\/#organization\"},\"potentialAction\":[{\"@type\":\"SearchAction\",\"target\":{\"@type\":\"EntryPoint\",\"urlTemplate\":\"https:\/\/www.pm.pb.gov.br\/portal\/?s={search_term_string}\"},\"query-input\":\"required name=search_term_string\"}],\"inLanguage\":\"pt-BR\"},{\"@type\":\"Organization\",\"@id\":\"https:\/\/www.pm.pb.gov.br\/portal\/#organization\",\"name\":\"Pol\u00edcia Militar da Para\u00edba\",\"url\":\"https:\/\/www.pm.pb.gov.br\/portal\/\",\"logo\":{\"@type\":\"ImageObject\",\"inLanguage\":\"pt-BR\",\"@id\":\"https:\/\/www.pm.pb.gov.br\/portal\/#\/schema\/logo\/image\/\",\"url\":\"https:\/\/www.pm.pb.gov.br\/portal\/wp-content\/uploads\/2025\/03\/cropped-logo-site-mag2-1.png\",\"contentUrl\":\"https:\/\/www.pm.pb.gov.br\/portal\/wp-content\/uploads\/2025\/03\/cropped-logo-site-mag2-1.png\",\"width\":320,\"height\":90,\"caption\":\"Pol\u00edcia Militar da Para\u00edba\"},\"image\":{\"@id\":\"https:\/\/www.pm.pb.gov.br\/portal\/#\/schema\/logo\/image\/\"}},{\"@type\":\"Person\",\"@id\":\"https:\/\/www.pm.pb.gov.br\/portal\/#\/schema\/person\/30d571652b38533c2211e4e89bf5a502\",\"name\":\"Marcio Gomes dos Santos\",\"image\":{\"@type\":\"ImageObject\",\"inLanguage\":\"pt-BR\",\"@id\":\"https:\/\/www.pm.pb.gov.br\/portal\/#\/schema\/person\/image\/\",\"url\":\"https:\/\/secure.gravatar.com\/avatar\/cf4ec2cb690101e1581c7773aa350c19?s=96&d=mm&r=g\",\"contentUrl\":\"https:\/\/secure.gravatar.com\/avatar\/cf4ec2cb690101e1581c7773aa350c19?s=96&d=mm&r=g\",\"caption\":\"Marcio Gomes dos Santos\"},\"url\":\"https:\/\/www.pm.pb.gov.br\/portal\/author\/mgomes\/\"}]}<\/script>\n<!-- \/ Yoast SEO plugin. -->","yoast_head_json":{"title":"Pol\u00edcia Militar prende suspeito de tr\u00e1fico de drogas na Capital - Pol\u00edcia Militar da Para\u00edba","robots":{"index":"index","follow":"follow","max-snippet":"max-snippet:-1","max-image-preview":"max-image-preview:large","max-video-preview":"max-video-preview:-1"},"canonical":"https:\/\/www.pm.pb.gov.br\/portal\/2018\/05\/18\/policia-militar-prende-suspeito-de-trafico-de-drogas-na-capital\/","og_locale":"pt_BR","og_type":"article","og_title":"Pol\u00edcia Militar prende suspeito de tr\u00e1fico de drogas na Capital - Pol\u00edcia Militar da Para\u00edba","og_description":"A For\u00e7a Regional da Pol\u00edcia Militar da Para\u00edba prendeu um suspeito de 36 anos, na noite dessa quinta-feira (17), com","og_url":"https:\/\/www.pm.pb.gov.br\/portal\/2018\/05\/18\/policia-militar-prende-suspeito-de-trafico-de-drogas-na-capital\/","og_site_name":"Pol\u00edcia Militar da Para\u00edba","article_published_time":"2018-05-18T14:06:57+00:00","og_image":[{"width":800,"height":450,"url":"https:\/\/www.pm.pb.gov.br\/portal\/wp-content\/uploads\/2018\/05\/drogas.jpg","type":"image\/jpeg"}],"author":"Marcio Gomes dos Santos","twitter_card":"summary_large_image","twitter_misc":{"Escrito por":"Marcio Gomes dos Santos","Est. tempo de leitura":"1 minuto"},"schema":{"@context":"https:\/\/schema.org","@graph":[{"@type":"Article","@id":"https:\/\/www.pm.pb.gov.br\/portal\/2018\/05\/18\/policia-militar-prende-suspeito-de-trafico-de-drogas-na-capital\/#article","isPartOf":{"@id":"https:\/\/www.pm.pb.gov.br\/portal\/2018\/05\/18\/policia-militar-prende-suspeito-de-trafico-de-drogas-na-capital\/"},"author":{"name":"Marcio Gomes dos Santos","@id":"https:\/\/www.pm.pb.gov.br\/portal\/#\/schema\/person\/30d571652b38533c2211e4e89bf5a502"},"headline":"Pol\u00edcia Militar prende suspeito de tr\u00e1fico de drogas na Capital","datePublished":"2018-05-18T14:06:57+00:00","dateModified":"2018-05-18T14:06:57+00:00","mainEntityOfPage":{"@id":"https:\/\/www.pm.pb.gov.br\/portal\/2018\/05\/18\/policia-militar-prende-suspeito-de-trafico-de-drogas-na-capital\/"},"wordCount":196,"publisher":{"@id":"https:\/\/www.pm.pb.gov.br\/portal\/#organization"},"articleSection":["A\u00e7\u00f5es Policiais"],"inLanguage":"pt-BR"},{"@type":"WebPage","@id":"https:\/\/www.pm.pb.gov.br\/portal\/2018\/05\/18\/policia-militar-prende-suspeito-de-trafico-de-drogas-na-capital\/","url":"https:\/\/www.pm.pb.gov.br\/portal\/2018\/05\/18\/policia-militar-prende-suspeito-de-trafico-de-drogas-na-capital\/","name":"Pol\u00edcia Militar prende suspeito de tr\u00e1fico de drogas na Capital - Pol\u00edcia Militar da Para\u00edba","isPartOf":{"@id":"https:\/\/www.pm.pb.gov.br\/portal\/#website"},"datePublished":"2018-05-18T14:06:57+00:00","dateModified":"2018-05-18T14:06:57+00:00","breadcrumb":{"@id":"https:\/\/www.pm.pb.gov.br\/portal\/2018\/05\/18\/policia-militar-prende-suspeito-de-trafico-de-drogas-na-capital\/#breadcrumb"},"inLanguage":"pt-BR","potentialAction":[{"@type":"ReadAction","target":["https:\/\/www.pm.pb.gov.br\/portal\/2018\/05\/18\/policia-militar-prende-suspeito-de-trafico-de-drogas-na-capital\/"]}]},{"@type":"BreadcrumbList","@id":"https:\/\/www.pm.pb.gov.br\/portal\/2018\/05\/18\/policia-militar-prende-suspeito-de-trafico-de-drogas-na-capital\/#breadcrumb","itemListElement":[{"@type":"ListItem","position":1,"name":"In\u00edcio","item":"https:\/\/www.pm.pb.gov.br\/portal\/"},{"@type":"ListItem","position":2,"name":"Pol\u00edcia Militar prende suspeito de tr\u00e1fico de drogas na Capital"}]},{"@type":"WebSite","@id":"https:\/\/www.pm.pb.gov.br\/portal\/#website","url":"https:\/\/www.pm.pb.gov.br\/portal\/","name":"Pol\u00edcia Militar da Para\u00edba","description":"","publisher":{"@id":"https:\/\/www.pm.pb.gov.br\/portal\/#organization"},"potentialAction":[{"@type":"SearchAction","target":{"@type":"EntryPoint","urlTemplate":"https:\/\/www.pm.pb.gov.br\/portal\/?s={search_term_string}"},"query-input":"required name=search_term_string"}],"inLanguage":"pt-BR"},{"@type":"Organization","@id":"https:\/\/www.pm.pb.gov.br\/portal\/#organization","name":"Pol\u00edcia Militar da Para\u00edba","url":"https:\/\/www.pm.pb.gov.br\/portal\/","logo":{"@type":"ImageObject","inLanguage":"pt-BR","@id":"https:\/\/www.pm.pb.gov.br\/portal\/#\/schema\/logo\/image\/","url":"https:\/\/www.pm.pb.gov.br\/portal\/wp-content\/uploads\/2025\/03\/cropped-logo-site-mag2-1.png","contentUrl":"https:\/\/www.pm.pb.gov.br\/portal\/wp-content\/uploads\/2025\/03\/cropped-logo-site-mag2-1.png","width":320,"height":90,"caption":"Pol\u00edcia Militar da Para\u00edba"},"image":{"@id":"https:\/\/www.pm.pb.gov.br\/portal\/#\/schema\/logo\/image\/"}},{"@type":"Person","@id":"https:\/\/www.pm.pb.gov.br\/portal\/#\/schema\/person\/30d571652b38533c2211e4e89bf5a502","name":"Marcio Gomes dos Santos","image":{"@type":"ImageObject","inLanguage":"pt-BR","@id":"https:\/\/www.pm.pb.gov.br\/portal\/#\/schema\/person\/image\/","url":"https:\/\/secure.gravatar.com\/avatar\/cf4ec2cb690101e1581c7773aa350c19?s=96&d=mm&r=g","contentUrl":"https:\/\/secure.gravatar.com\/avatar\/cf4ec2cb690101e1581c7773aa350c19?s=96&d=mm&r=g","caption":"Marcio Gomes dos Santos"},"url":"https:\/\/www.pm.pb.gov.br\/portal\/author\/mgomes\/"}]}},"_links":{"self":[{"href":"https:\/\/www.pm.pb.gov.br\/portal\/wp-json\/wp\/v2\/posts\/897971"}],"collection":[{"href":"https:\/\/www.pm.pb.gov.br\/portal\/wp-json\/wp\/v2\/posts"}],"about":[{"href":"https:\/\/www.pm.pb.gov.br\/portal\/wp-json\/wp\/v2\/types\/post"}],"author":[{"embeddable":true,"href":"https:\/\/www.pm.pb.gov.br\/portal\/wp-json\/wp\/v2\/users\/15"}],"replies":[{"embeddable":true,"href":"https:\/\/www.pm.pb.gov.br\/portal\/wp-json\/wp\/v2\/comments?post=897971"}],"version-history":[{"count":1,"href":"https:\/\/www.pm.pb.gov.br\/portal\/wp-json\/wp\/v2\/posts\/897971\/revisions"}],"predecessor-version":[{"id":897974,"href":"https:\/\/www.pm.pb.gov.br\/portal\/wp-json\/wp\/v2\/posts\/897971\/revisions\/897974"}],"wp:featuredmedia":[{"embeddable":true,"href":"https:\/\/www.pm.pb.gov.br\/portal\/wp-json\/wp\/v2\/media\/897972"}],"wp:attachment":[{"href":"https:\/\/www.pm.pb.gov.br\/portal\/wp-json\/wp\/v2\/media?parent=897971"}],"wp:term":[{"taxonomy":"category","embeddable":true,"href":"https:\/\/www.pm.pb.gov.br\/portal\/wp-json\/wp\/v2\/categories?post=897971"},{"taxonomy":"post_tag","embeddable":true,"href":"https:\/\/www.pm.pb.gov.br\/portal\/wp-json\/wp\/v2\/tags?post=897971"}],"curies":[{"name":"wp","href":"https:\/\/api.w.org\/{rel}","templated":true}]}}