{"id":897968,"date":"2018-05-17T16:22:49","date_gmt":"2018-05-17T19:22:49","guid":{"rendered":"http:\/\/www.pm.pb.gov.br\/portal\/?p=897968"},"modified":"2018-05-17T16:22:49","modified_gmt":"2018-05-17T19:22:49","slug":"policlinica-da-pm-realiza-diversos-atendimentos-a-policiais-militares-e-familiares","status":"publish","type":"post","link":"https:\/\/www.pm.pb.gov.br\/portal\/2018\/05\/17\/policlinica-da-pm-realiza-diversos-atendimentos-a-policiais-militares-e-familiares\/","title":{"rendered":"Policl\u00ednica da PM realiza diversos atendimentos a Policiais Militares e familiares"},"content":{"rendered":"<p style=\"text-align: justify;\">Os atendimentos da Policl\u00ednica da Pol\u00edcia Militar seguem acontecendo nos turnos da manh\u00e3s e tarde, em Jo\u00e3o Pessoa. Ao todo, s\u00e3o 13 especialidades que a Policl\u00ednica conta para atender os militares estaduais da atividade, conjugues e companheiros (a), ascendentes e descendentes de 1\u00ba grau (pais, filhos ou enteados).<\/p>\n<p style=\"text-align: justify;\">Em abril 388 atendimentos foram realizados em diversas especialidades, dentre elas cl\u00ednica geral, ginecologia, dermatologia, ortopedia, oftalmologia, psiquiatria, dentre outras.<\/p>\n<p style=\"text-align: justify;\">Servi\u00e7o \u2013 O agendamento do servi\u00e7o da Policl\u00ednica pode ser feito pessoalmente ou atrav\u00e9s do telefone 3218-5660, quinzenalmente, sempre na segunda e na \u00faltima quinta-feira de cada m\u00eas.<\/p>\n<p style=\"text-align: justify;\">Viver Bem &#8211; J\u00e1 para cuidar da sa\u00fade biopsicossocial do policial militar, a corpora\u00e7\u00e3o conta o com o Espa\u00e7o Viver Bem. Al\u00e9m de atendimentos voltados para a sa\u00fade do corpo, como nutri\u00e7\u00e3o e fonoaudiologia, o Espa\u00e7o tamb\u00e9m congrega atendimentos nas \u00e1reas de psicologia adulta e infantil, psiquiatria e psicopedagogia.<\/p>\n<p style=\"text-align: justify;\">O Espa\u00e7o Viver Bem \u00e9 voltado para o atendimento \u00e0 policiais militares de todo o estado, que est\u00e3o em atividade ou inatividade, e tamb\u00e9m \u00e0 seus dependentes em primeiro grau. A sede est\u00e1 localizada no bairro de Tambauzinho, em Jo\u00e3o Pessoa.<\/p>\n","protected":false},"excerpt":{"rendered":"<p>Os atendimentos da Policl\u00ednica da Pol\u00edcia Militar seguem acontecendo nos turnos da manh\u00e3s e tarde, em Jo\u00e3o Pessoa. Ao todo,<\/p>\n","protected":false},"author":15,"featured_media":897969,"comment_status":"closed","ping_status":"closed","sticky":false,"template":"","format":"standard","meta":{"_exactmetrics_skip_tracking":false,"_exactmetrics_sitenote_active":false,"_exactmetrics_sitenote_note":"","_exactmetrics_sitenote_category":0,"footnotes":""},"categories":[15],"tags":[],"yoast_head":"<!-- This site is optimized with the Yoast SEO plugin v22.0 - https:\/\/yoast.com\/wordpress\/plugins\/seo\/ -->\n<title>Policl\u00ednica da PM realiza diversos atendimentos a Policiais Militares e familiares - Pol\u00edcia Militar da Para\u00edba<\/title>\n<meta name=\"robots\" content=\"index, follow, max-snippet:-1, max-image-preview:large, max-video-preview:-1\" \/>\n<link rel=\"canonical\" href=\"https:\/\/www.pm.pb.gov.br\/portal\/2018\/05\/17\/policlinica-da-pm-realiza-diversos-atendimentos-a-policiais-militares-e-familiares\/\" \/>\n<meta property=\"og:locale\" content=\"pt_BR\" \/>\n<meta property=\"og:type\" content=\"article\" \/>\n<meta property=\"og:title\" content=\"Policl\u00ednica da PM realiza diversos atendimentos a Policiais Militares e familiares - Pol\u00edcia Militar da Para\u00edba\" \/>\n<meta property=\"og:description\" content=\"Os atendimentos da Policl\u00ednica da Pol\u00edcia Militar seguem acontecendo nos turnos da manh\u00e3s e tarde, em Jo\u00e3o Pessoa. Ao todo,\" \/>\n<meta property=\"og:url\" content=\"https:\/\/www.pm.pb.gov.br\/portal\/2018\/05\/17\/policlinica-da-pm-realiza-diversos-atendimentos-a-policiais-militares-e-familiares\/\" \/>\n<meta property=\"og:site_name\" content=\"Pol\u00edcia Militar da Para\u00edba\" \/>\n<meta property=\"article:published_time\" content=\"2018-05-17T19:22:49+00:00\" \/>\n<meta property=\"og:image\" content=\"https:\/\/www.pm.pb.gov.br\/portal\/wp-content\/uploads\/2018\/05\/atendimento.jpg\" \/>\n\t<meta property=\"og:image:width\" content=\"800\" \/>\n\t<meta property=\"og:image:height\" content=\"445\" \/>\n\t<meta property=\"og:image:type\" content=\"image\/jpeg\" \/>\n<meta name=\"author\" content=\"Marcio Gomes dos Santos\" \/>\n<meta name=\"twitter:card\" content=\"summary_large_image\" \/>\n<meta name=\"twitter:label1\" content=\"Escrito por\" \/>\n\t<meta name=\"twitter:data1\" content=\"Marcio Gomes dos Santos\" \/>\n\t<meta name=\"twitter:label2\" content=\"Est. tempo de leitura\" \/>\n\t<meta name=\"twitter:data2\" content=\"1 minuto\" \/>\n<script type=\"application\/ld+json\" class=\"yoast-schema-graph\">{\"@context\":\"https:\/\/schema.org\",\"@graph\":[{\"@type\":\"Article\",\"@id\":\"https:\/\/www.pm.pb.gov.br\/portal\/2018\/05\/17\/policlinica-da-pm-realiza-diversos-atendimentos-a-policiais-militares-e-familiares\/#article\",\"isPartOf\":{\"@id\":\"https:\/\/www.pm.pb.gov.br\/portal\/2018\/05\/17\/policlinica-da-pm-realiza-diversos-atendimentos-a-policiais-militares-e-familiares\/\"},\"author\":{\"name\":\"Marcio Gomes dos Santos\",\"@id\":\"https:\/\/www.pm.pb.gov.br\/portal\/#\/schema\/person\/30d571652b38533c2211e4e89bf5a502\"},\"headline\":\"Policl\u00ednica da PM realiza diversos atendimentos a Policiais Militares e familiares\",\"datePublished\":\"2018-05-17T19:22:49+00:00\",\"dateModified\":\"2018-05-17T19:22:49+00:00\",\"mainEntityOfPage\":{\"@id\":\"https:\/\/www.pm.pb.gov.br\/portal\/2018\/05\/17\/policlinica-da-pm-realiza-diversos-atendimentos-a-policiais-militares-e-familiares\/\"},\"wordCount\":215,\"publisher\":{\"@id\":\"https:\/\/www.pm.pb.gov.br\/portal\/#organization\"},\"articleSection\":[\"Informativo\"],\"inLanguage\":\"pt-BR\"},{\"@type\":\"WebPage\",\"@id\":\"https:\/\/www.pm.pb.gov.br\/portal\/2018\/05\/17\/policlinica-da-pm-realiza-diversos-atendimentos-a-policiais-militares-e-familiares\/\",\"url\":\"https:\/\/www.pm.pb.gov.br\/portal\/2018\/05\/17\/policlinica-da-pm-realiza-diversos-atendimentos-a-policiais-militares-e-familiares\/\",\"name\":\"Policl\u00ednica da PM realiza diversos atendimentos a Policiais Militares e familiares - Pol\u00edcia Militar da Para\u00edba\",\"isPartOf\":{\"@id\":\"https:\/\/www.pm.pb.gov.br\/portal\/#website\"},\"datePublished\":\"2018-05-17T19:22:49+00:00\",\"dateModified\":\"2018-05-17T19:22:49+00:00\",\"breadcrumb\":{\"@id\":\"https:\/\/www.pm.pb.gov.br\/portal\/2018\/05\/17\/policlinica-da-pm-realiza-diversos-atendimentos-a-policiais-militares-e-familiares\/#breadcrumb\"},\"inLanguage\":\"pt-BR\",\"potentialAction\":[{\"@type\":\"ReadAction\",\"target\":[\"https:\/\/www.pm.pb.gov.br\/portal\/2018\/05\/17\/policlinica-da-pm-realiza-diversos-atendimentos-a-policiais-militares-e-familiares\/\"]}]},{\"@type\":\"BreadcrumbList\",\"@id\":\"https:\/\/www.pm.pb.gov.br\/portal\/2018\/05\/17\/policlinica-da-pm-realiza-diversos-atendimentos-a-policiais-militares-e-familiares\/#breadcrumb\",\"itemListElement\":[{\"@type\":\"ListItem\",\"position\":1,\"name\":\"In\u00edcio\",\"item\":\"https:\/\/www.pm.pb.gov.br\/portal\/\"},{\"@type\":\"ListItem\",\"position\":2,\"name\":\"Policl\u00ednica da PM realiza diversos atendimentos a Policiais Militares e familiares\"}]},{\"@type\":\"WebSite\",\"@id\":\"https:\/\/www.pm.pb.gov.br\/portal\/#website\",\"url\":\"https:\/\/www.pm.pb.gov.br\/portal\/\",\"name\":\"Pol\u00edcia Militar da Para\u00edba\",\"description\":\"\",\"publisher\":{\"@id\":\"https:\/\/www.pm.pb.gov.br\/portal\/#organization\"},\"potentialAction\":[{\"@type\":\"SearchAction\",\"target\":{\"@type\":\"EntryPoint\",\"urlTemplate\":\"https:\/\/www.pm.pb.gov.br\/portal\/?s={search_term_string}\"},\"query-input\":\"required name=search_term_string\"}],\"inLanguage\":\"pt-BR\"},{\"@type\":\"Organization\",\"@id\":\"https:\/\/www.pm.pb.gov.br\/portal\/#organization\",\"name\":\"Pol\u00edcia Militar da Para\u00edba\",\"url\":\"https:\/\/www.pm.pb.gov.br\/portal\/\",\"logo\":{\"@type\":\"ImageObject\",\"inLanguage\":\"pt-BR\",\"@id\":\"https:\/\/www.pm.pb.gov.br\/portal\/#\/schema\/logo\/image\/\",\"url\":\"https:\/\/www.pm.pb.gov.br\/portal\/wp-content\/uploads\/2025\/03\/cropped-logo-site-mag2-1.png\",\"contentUrl\":\"https:\/\/www.pm.pb.gov.br\/portal\/wp-content\/uploads\/2025\/03\/cropped-logo-site-mag2-1.png\",\"width\":320,\"height\":90,\"caption\":\"Pol\u00edcia Militar da Para\u00edba\"},\"image\":{\"@id\":\"https:\/\/www.pm.pb.gov.br\/portal\/#\/schema\/logo\/image\/\"}},{\"@type\":\"Person\",\"@id\":\"https:\/\/www.pm.pb.gov.br\/portal\/#\/schema\/person\/30d571652b38533c2211e4e89bf5a502\",\"name\":\"Marcio Gomes dos Santos\",\"image\":{\"@type\":\"ImageObject\",\"inLanguage\":\"pt-BR\",\"@id\":\"https:\/\/www.pm.pb.gov.br\/portal\/#\/schema\/person\/image\/\",\"url\":\"https:\/\/secure.gravatar.com\/avatar\/cf4ec2cb690101e1581c7773aa350c19?s=96&d=mm&r=g\",\"contentUrl\":\"https:\/\/secure.gravatar.com\/avatar\/cf4ec2cb690101e1581c7773aa350c19?s=96&d=mm&r=g\",\"caption\":\"Marcio Gomes dos Santos\"},\"url\":\"https:\/\/www.pm.pb.gov.br\/portal\/author\/mgomes\/\"}]}<\/script>\n<!-- \/ Yoast SEO plugin. -->","yoast_head_json":{"title":"Policl\u00ednica da PM realiza diversos atendimentos a Policiais Militares e familiares - Pol\u00edcia Militar da Para\u00edba","robots":{"index":"index","follow":"follow","max-snippet":"max-snippet:-1","max-image-preview":"max-image-preview:large","max-video-preview":"max-video-preview:-1"},"canonical":"https:\/\/www.pm.pb.gov.br\/portal\/2018\/05\/17\/policlinica-da-pm-realiza-diversos-atendimentos-a-policiais-militares-e-familiares\/","og_locale":"pt_BR","og_type":"article","og_title":"Policl\u00ednica da PM realiza diversos atendimentos a Policiais Militares e familiares - Pol\u00edcia Militar da Para\u00edba","og_description":"Os atendimentos da Policl\u00ednica da Pol\u00edcia Militar seguem acontecendo nos turnos da manh\u00e3s e tarde, em Jo\u00e3o Pessoa. Ao todo,","og_url":"https:\/\/www.pm.pb.gov.br\/portal\/2018\/05\/17\/policlinica-da-pm-realiza-diversos-atendimentos-a-policiais-militares-e-familiares\/","og_site_name":"Pol\u00edcia Militar da Para\u00edba","article_published_time":"2018-05-17T19:22:49+00:00","og_image":[{"width":800,"height":445,"url":"https:\/\/www.pm.pb.gov.br\/portal\/wp-content\/uploads\/2018\/05\/atendimento.jpg","type":"image\/jpeg"}],"author":"Marcio Gomes dos Santos","twitter_card":"summary_large_image","twitter_misc":{"Escrito por":"Marcio Gomes dos Santos","Est. tempo de leitura":"1 minuto"},"schema":{"@context":"https:\/\/schema.org","@graph":[{"@type":"Article","@id":"https:\/\/www.pm.pb.gov.br\/portal\/2018\/05\/17\/policlinica-da-pm-realiza-diversos-atendimentos-a-policiais-militares-e-familiares\/#article","isPartOf":{"@id":"https:\/\/www.pm.pb.gov.br\/portal\/2018\/05\/17\/policlinica-da-pm-realiza-diversos-atendimentos-a-policiais-militares-e-familiares\/"},"author":{"name":"Marcio Gomes dos Santos","@id":"https:\/\/www.pm.pb.gov.br\/portal\/#\/schema\/person\/30d571652b38533c2211e4e89bf5a502"},"headline":"Policl\u00ednica da PM realiza diversos atendimentos a Policiais Militares e familiares","datePublished":"2018-05-17T19:22:49+00:00","dateModified":"2018-05-17T19:22:49+00:00","mainEntityOfPage":{"@id":"https:\/\/www.pm.pb.gov.br\/portal\/2018\/05\/17\/policlinica-da-pm-realiza-diversos-atendimentos-a-policiais-militares-e-familiares\/"},"wordCount":215,"publisher":{"@id":"https:\/\/www.pm.pb.gov.br\/portal\/#organization"},"articleSection":["Informativo"],"inLanguage":"pt-BR"},{"@type":"WebPage","@id":"https:\/\/www.pm.pb.gov.br\/portal\/2018\/05\/17\/policlinica-da-pm-realiza-diversos-atendimentos-a-policiais-militares-e-familiares\/","url":"https:\/\/www.pm.pb.gov.br\/portal\/2018\/05\/17\/policlinica-da-pm-realiza-diversos-atendimentos-a-policiais-militares-e-familiares\/","name":"Policl\u00ednica da PM realiza diversos atendimentos a Policiais Militares e familiares - Pol\u00edcia Militar da Para\u00edba","isPartOf":{"@id":"https:\/\/www.pm.pb.gov.br\/portal\/#website"},"datePublished":"2018-05-17T19:22:49+00:00","dateModified":"2018-05-17T19:22:49+00:00","breadcrumb":{"@id":"https:\/\/www.pm.pb.gov.br\/portal\/2018\/05\/17\/policlinica-da-pm-realiza-diversos-atendimentos-a-policiais-militares-e-familiares\/#breadcrumb"},"inLanguage":"pt-BR","potentialAction":[{"@type":"ReadAction","target":["https:\/\/www.pm.pb.gov.br\/portal\/2018\/05\/17\/policlinica-da-pm-realiza-diversos-atendimentos-a-policiais-militares-e-familiares\/"]}]},{"@type":"BreadcrumbList","@id":"https:\/\/www.pm.pb.gov.br\/portal\/2018\/05\/17\/policlinica-da-pm-realiza-diversos-atendimentos-a-policiais-militares-e-familiares\/#breadcrumb","itemListElement":[{"@type":"ListItem","position":1,"name":"In\u00edcio","item":"https:\/\/www.pm.pb.gov.br\/portal\/"},{"@type":"ListItem","position":2,"name":"Policl\u00ednica da PM realiza diversos atendimentos a Policiais Militares e familiares"}]},{"@type":"WebSite","@id":"https:\/\/www.pm.pb.gov.br\/portal\/#website","url":"https:\/\/www.pm.pb.gov.br\/portal\/","name":"Pol\u00edcia Militar da Para\u00edba","description":"","publisher":{"@id":"https:\/\/www.pm.pb.gov.br\/portal\/#organization"},"potentialAction":[{"@type":"SearchAction","target":{"@type":"EntryPoint","urlTemplate":"https:\/\/www.pm.pb.gov.br\/portal\/?s={search_term_string}"},"query-input":"required name=search_term_string"}],"inLanguage":"pt-BR"},{"@type":"Organization","@id":"https:\/\/www.pm.pb.gov.br\/portal\/#organization","name":"Pol\u00edcia Militar da Para\u00edba","url":"https:\/\/www.pm.pb.gov.br\/portal\/","logo":{"@type":"ImageObject","inLanguage":"pt-BR","@id":"https:\/\/www.pm.pb.gov.br\/portal\/#\/schema\/logo\/image\/","url":"https:\/\/www.pm.pb.gov.br\/portal\/wp-content\/uploads\/2025\/03\/cropped-logo-site-mag2-1.png","contentUrl":"https:\/\/www.pm.pb.gov.br\/portal\/wp-content\/uploads\/2025\/03\/cropped-logo-site-mag2-1.png","width":320,"height":90,"caption":"Pol\u00edcia Militar da Para\u00edba"},"image":{"@id":"https:\/\/www.pm.pb.gov.br\/portal\/#\/schema\/logo\/image\/"}},{"@type":"Person","@id":"https:\/\/www.pm.pb.gov.br\/portal\/#\/schema\/person\/30d571652b38533c2211e4e89bf5a502","name":"Marcio Gomes dos Santos","image":{"@type":"ImageObject","inLanguage":"pt-BR","@id":"https:\/\/www.pm.pb.gov.br\/portal\/#\/schema\/person\/image\/","url":"https:\/\/secure.gravatar.com\/avatar\/cf4ec2cb690101e1581c7773aa350c19?s=96&d=mm&r=g","contentUrl":"https:\/\/secure.gravatar.com\/avatar\/cf4ec2cb690101e1581c7773aa350c19?s=96&d=mm&r=g","caption":"Marcio Gomes dos Santos"},"url":"https:\/\/www.pm.pb.gov.br\/portal\/author\/mgomes\/"}]}},"_links":{"self":[{"href":"https:\/\/www.pm.pb.gov.br\/portal\/wp-json\/wp\/v2\/posts\/897968"}],"collection":[{"href":"https:\/\/www.pm.pb.gov.br\/portal\/wp-json\/wp\/v2\/posts"}],"about":[{"href":"https:\/\/www.pm.pb.gov.br\/portal\/wp-json\/wp\/v2\/types\/post"}],"author":[{"embeddable":true,"href":"https:\/\/www.pm.pb.gov.br\/portal\/wp-json\/wp\/v2\/users\/15"}],"replies":[{"embeddable":true,"href":"https:\/\/www.pm.pb.gov.br\/portal\/wp-json\/wp\/v2\/comments?post=897968"}],"version-history":[{"count":1,"href":"https:\/\/www.pm.pb.gov.br\/portal\/wp-json\/wp\/v2\/posts\/897968\/revisions"}],"predecessor-version":[{"id":897970,"href":"https:\/\/www.pm.pb.gov.br\/portal\/wp-json\/wp\/v2\/posts\/897968\/revisions\/897970"}],"wp:featuredmedia":[{"embeddable":true,"href":"https:\/\/www.pm.pb.gov.br\/portal\/wp-json\/wp\/v2\/media\/897969"}],"wp:attachment":[{"href":"https:\/\/www.pm.pb.gov.br\/portal\/wp-json\/wp\/v2\/media?parent=897968"}],"wp:term":[{"taxonomy":"category","embeddable":true,"href":"https:\/\/www.pm.pb.gov.br\/portal\/wp-json\/wp\/v2\/categories?post=897968"},{"taxonomy":"post_tag","embeddable":true,"href":"https:\/\/www.pm.pb.gov.br\/portal\/wp-json\/wp\/v2\/tags?post=897968"}],"curies":[{"name":"wp","href":"https:\/\/api.w.org\/{rel}","templated":true}]}}