{"id":897943,"date":"2018-05-14T17:31:56","date_gmt":"2018-05-14T20:31:56","guid":{"rendered":"http:\/\/www.pm.pb.gov.br\/portal\/?p=897943"},"modified":"2018-05-14T17:31:56","modified_gmt":"2018-05-14T20:31:56","slug":"reuniao-discute-planejamento-do-esquema-de-seguranca-para-as-eleicoes-2018-na-paraiba","status":"publish","type":"post","link":"https:\/\/www.pm.pb.gov.br\/portal\/2018\/05\/14\/reuniao-discute-planejamento-do-esquema-de-seguranca-para-as-eleicoes-2018-na-paraiba\/","title":{"rendered":"Reuni\u00e3o discute planejamento do esquema de seguran\u00e7a para as elei\u00e7\u00f5es 2018 na Para\u00edba"},"content":{"rendered":"<p style=\"text-align: justify;\">O planejamento da seguran\u00e7a para as elei\u00e7\u00f5es 2018 j\u00e1 come\u00e7ou. O presidente do Tribunal Regional Eleitoral, desembargador Romero Marcelo da Fonseca Oliveira, teve uma reuni\u00e3o com toda a c\u00fapula da Pol\u00edcia Militar, na manh\u00e3 desta segunda-feira (14), onde tratou sobre os preparativos para este ano. Entre as novidades, estar\u00e1 o combate ao \u201cFake News\u201d, que s\u00e3o as not\u00edcias falsas e boatos que s\u00e3o propagados na internet.<\/p>\n<p style=\"text-align: justify;\">O comandante-geral da Pol\u00edcia Militar, coronel Euller Chaves, disse que a corpora\u00e7\u00e3o vai desenvolver canais de den\u00fancia para que a popula\u00e7\u00e3o colabore com informa\u00e7\u00f5es que possam chegar aos autores. \u201cTemos experi\u00eancias bem sucedidas da seguran\u00e7a nas elei\u00e7\u00f5es de 2012, 2014 e 2016, com a opera\u00e7\u00e3o Voto Seguro, que ser\u00e1 aprimorada para este ano, com aumento da capacidade log\u00edstica e a chegada de novos efetivos. Atuaremos tamb\u00e9m em conjunto com o TRE para monitorar e identificar pessoas respons\u00e1veis por gerar \u2018fake news\u2019 ou qualquer outra pr\u00e1tica que atente contra a tranquilidade das elei\u00e7\u00f5es\u201d, disse.<\/p>\n<p style=\"text-align: justify;\">O presidente do Tribunal Regional Eleitoral, desembargado<img loading=\"lazy\" decoding=\"async\" class=\" wp-image-897945 alignright\" style=\"text-align: justify;\" src=\"http:\/\/www.pm.pb.gov.br\/portal\/wp-content\/uploads\/2018\/05\/Reuni\u00e3o-Seguran\u00e7a-nas-Elei\u00e7\u00f5es-2018_PM_TRE_Foto_Wagner-Varela_SECOM_PB-3-1-667x445.jpg\" alt=\"\" width=\"291\" height=\"194\" srcset=\"https:\/\/www.pm.pb.gov.br\/portal\/wp-content\/uploads\/2018\/05\/Reuni\u00e3o-Seguran\u00e7a-nas-Elei\u00e7\u00f5es-2018_PM_TRE_Foto_Wagner-Varela_SECOM_PB-3-1-667x445.jpg 667w, https:\/\/www.pm.pb.gov.br\/portal\/wp-content\/uploads\/2018\/05\/Reuni\u00e3o-Seguran\u00e7a-nas-Elei\u00e7\u00f5es-2018_PM_TRE_Foto_Wagner-Varela_SECOM_PB-3-1-768x513.jpg 768w, https:\/\/www.pm.pb.gov.br\/portal\/wp-content\/uploads\/2018\/05\/Reuni\u00e3o-Seguran\u00e7a-nas-Elei\u00e7\u00f5es-2018_PM_TRE_Foto_Wagner-Varela_SECOM_PB-3-1-854x570.jpg 854w, https:\/\/www.pm.pb.gov.br\/portal\/wp-content\/uploads\/2018\/05\/Reuni\u00e3o-Seguran\u00e7a-nas-Elei\u00e7\u00f5es-2018_PM_TRE_Foto_Wagner-Varela_SECOM_PB-3-1-272x182.jpg 272w, https:\/\/www.pm.pb.gov.br\/portal\/wp-content\/uploads\/2018\/05\/Reuni\u00e3o-Seguran\u00e7a-nas-Elei\u00e7\u00f5es-2018_PM_TRE_Foto_Wagner-Varela_SECOM_PB-3-1.jpg 2000w\" sizes=\"(max-width: 291px) 100vw, 291px\" \/><span style=\"text-align: justify;\">r Romero Marcelo da Fonseca Oliveira, falou<\/span><span style=\"text-align: justify;\">\u00a0que a reuni\u00e3o foi o primeiro passo para iniciar o planejamento da seguran\u00e7a. \u201cApresentamos nossas recomenda\u00e7\u00f5es e ponto de vista sobre o tema seguran\u00e7a nas elei\u00e7\u00f5es, tivemos a oportunidade de dialogar com todos os comandantes de unidades da Pol\u00edcia Militar no Estado e agora vamos continuar esse planejamento de forma conjunta, para termos no dia da elei\u00e7\u00e3o uma verdadeira festa da democracia, marcada pela tranquilidade\u201d, falou.<\/span><\/p>\n<p style=\"text-align: justify;\"><strong>Combate ao Fake News<\/strong> \u2013 A Coordenadoria de Tecnologia da Informa\u00e7\u00e3o da PM, em parceria com a Coordenadoria de Intelig\u00eancia, vai desenvolver uma ferramenta para que a popula\u00e7\u00e3o denuncie os propagadores de not\u00edcias falsas ou boatos na internet. Ser\u00e1 disponibilizado um canal de den\u00fancia, onde as pessoas v\u00e3o poder indicar n\u00fameros de telefone que est\u00e3o com essa pr\u00e1tica em grupos de mensagens instant\u00e2neas, bem como os perfis suspeitos das redes sociais. O combate ser\u00e1 feito de forma conjunta com o Tribunal Regional Eleitoral.<\/p>\n","protected":false},"excerpt":{"rendered":"<p>O planejamento da seguran\u00e7a para as elei\u00e7\u00f5es 2018 j\u00e1 come\u00e7ou. O presidente do Tribunal Regional Eleitoral, desembargador Romero Marcelo da<\/p>\n","protected":false},"author":15,"featured_media":897944,"comment_status":"closed","ping_status":"closed","sticky":false,"template":"","format":"standard","meta":{"_exactmetrics_skip_tracking":false,"_exactmetrics_sitenote_active":false,"_exactmetrics_sitenote_note":"","_exactmetrics_sitenote_category":0,"footnotes":""},"categories":[13],"tags":[],"yoast_head":"<!-- This site is optimized with the Yoast SEO plugin v22.0 - https:\/\/yoast.com\/wordpress\/plugins\/seo\/ -->\n<title>Reuni\u00e3o discute planejamento do esquema de seguran\u00e7a para as elei\u00e7\u00f5es 2018 na Para\u00edba - Pol\u00edcia Militar da Para\u00edba<\/title>\n<meta name=\"robots\" content=\"index, follow, max-snippet:-1, max-image-preview:large, max-video-preview:-1\" \/>\n<link rel=\"canonical\" href=\"https:\/\/www.pm.pb.gov.br\/portal\/2018\/05\/14\/reuniao-discute-planejamento-do-esquema-de-seguranca-para-as-eleicoes-2018-na-paraiba\/\" \/>\n<meta property=\"og:locale\" content=\"pt_BR\" \/>\n<meta property=\"og:type\" content=\"article\" \/>\n<meta property=\"og:title\" content=\"Reuni\u00e3o discute planejamento do esquema de seguran\u00e7a para as elei\u00e7\u00f5es 2018 na Para\u00edba - Pol\u00edcia Militar da Para\u00edba\" \/>\n<meta property=\"og:description\" content=\"O planejamento da seguran\u00e7a para as elei\u00e7\u00f5es 2018 j\u00e1 come\u00e7ou. O presidente do Tribunal Regional Eleitoral, desembargador Romero Marcelo da\" \/>\n<meta property=\"og:url\" content=\"https:\/\/www.pm.pb.gov.br\/portal\/2018\/05\/14\/reuniao-discute-planejamento-do-esquema-de-seguranca-para-as-eleicoes-2018-na-paraiba\/\" \/>\n<meta property=\"og:site_name\" content=\"Pol\u00edcia Militar da Para\u00edba\" \/>\n<meta property=\"article:published_time\" content=\"2018-05-14T20:31:56+00:00\" \/>\n<meta property=\"og:image\" content=\"https:\/\/www.pm.pb.gov.br\/portal\/wp-content\/uploads\/2018\/05\/Reuni\u00e3o-Seguran\u00e7a-nas-Elei\u00e7\u00f5es-2018_PM_TRE_Foto_Wagner-Varela_SECOM_PB-4.jpg\" \/>\n\t<meta property=\"og:image:width\" content=\"800\" \/>\n\t<meta property=\"og:image:height\" content=\"445\" \/>\n\t<meta property=\"og:image:type\" content=\"image\/jpeg\" \/>\n<meta name=\"author\" content=\"Marcio Gomes dos Santos\" \/>\n<meta name=\"twitter:card\" content=\"summary_large_image\" \/>\n<meta name=\"twitter:label1\" content=\"Escrito por\" \/>\n\t<meta name=\"twitter:data1\" content=\"Marcio Gomes dos Santos\" \/>\n\t<meta name=\"twitter:label2\" content=\"Est. tempo de leitura\" \/>\n\t<meta name=\"twitter:data2\" content=\"2 minutos\" \/>\n<script type=\"application\/ld+json\" class=\"yoast-schema-graph\">{\"@context\":\"https:\/\/schema.org\",\"@graph\":[{\"@type\":\"Article\",\"@id\":\"https:\/\/www.pm.pb.gov.br\/portal\/2018\/05\/14\/reuniao-discute-planejamento-do-esquema-de-seguranca-para-as-eleicoes-2018-na-paraiba\/#article\",\"isPartOf\":{\"@id\":\"https:\/\/www.pm.pb.gov.br\/portal\/2018\/05\/14\/reuniao-discute-planejamento-do-esquema-de-seguranca-para-as-eleicoes-2018-na-paraiba\/\"},\"author\":{\"name\":\"Marcio Gomes dos Santos\",\"@id\":\"https:\/\/www.pm.pb.gov.br\/portal\/#\/schema\/person\/30d571652b38533c2211e4e89bf5a502\"},\"headline\":\"Reuni\u00e3o discute planejamento do esquema de seguran\u00e7a para as elei\u00e7\u00f5es 2018 na Para\u00edba\",\"datePublished\":\"2018-05-14T20:31:56+00:00\",\"dateModified\":\"2018-05-14T20:31:56+00:00\",\"mainEntityOfPage\":{\"@id\":\"https:\/\/www.pm.pb.gov.br\/portal\/2018\/05\/14\/reuniao-discute-planejamento-do-esquema-de-seguranca-para-as-eleicoes-2018-na-paraiba\/\"},\"wordCount\":372,\"publisher\":{\"@id\":\"https:\/\/www.pm.pb.gov.br\/portal\/#organization\"},\"articleSection\":[\"Visitas Especiais\"],\"inLanguage\":\"pt-BR\"},{\"@type\":\"WebPage\",\"@id\":\"https:\/\/www.pm.pb.gov.br\/portal\/2018\/05\/14\/reuniao-discute-planejamento-do-esquema-de-seguranca-para-as-eleicoes-2018-na-paraiba\/\",\"url\":\"https:\/\/www.pm.pb.gov.br\/portal\/2018\/05\/14\/reuniao-discute-planejamento-do-esquema-de-seguranca-para-as-eleicoes-2018-na-paraiba\/\",\"name\":\"Reuni\u00e3o discute planejamento do esquema de seguran\u00e7a para as elei\u00e7\u00f5es 2018 na Para\u00edba - Pol\u00edcia Militar da Para\u00edba\",\"isPartOf\":{\"@id\":\"https:\/\/www.pm.pb.gov.br\/portal\/#website\"},\"datePublished\":\"2018-05-14T20:31:56+00:00\",\"dateModified\":\"2018-05-14T20:31:56+00:00\",\"breadcrumb\":{\"@id\":\"https:\/\/www.pm.pb.gov.br\/portal\/2018\/05\/14\/reuniao-discute-planejamento-do-esquema-de-seguranca-para-as-eleicoes-2018-na-paraiba\/#breadcrumb\"},\"inLanguage\":\"pt-BR\",\"potentialAction\":[{\"@type\":\"ReadAction\",\"target\":[\"https:\/\/www.pm.pb.gov.br\/portal\/2018\/05\/14\/reuniao-discute-planejamento-do-esquema-de-seguranca-para-as-eleicoes-2018-na-paraiba\/\"]}]},{\"@type\":\"BreadcrumbList\",\"@id\":\"https:\/\/www.pm.pb.gov.br\/portal\/2018\/05\/14\/reuniao-discute-planejamento-do-esquema-de-seguranca-para-as-eleicoes-2018-na-paraiba\/#breadcrumb\",\"itemListElement\":[{\"@type\":\"ListItem\",\"position\":1,\"name\":\"In\u00edcio\",\"item\":\"https:\/\/www.pm.pb.gov.br\/portal\/\"},{\"@type\":\"ListItem\",\"position\":2,\"name\":\"Reuni\u00e3o discute planejamento do esquema de seguran\u00e7a para as elei\u00e7\u00f5es 2018 na Para\u00edba\"}]},{\"@type\":\"WebSite\",\"@id\":\"https:\/\/www.pm.pb.gov.br\/portal\/#website\",\"url\":\"https:\/\/www.pm.pb.gov.br\/portal\/\",\"name\":\"Pol\u00edcia Militar da Para\u00edba\",\"description\":\"\",\"publisher\":{\"@id\":\"https:\/\/www.pm.pb.gov.br\/portal\/#organization\"},\"potentialAction\":[{\"@type\":\"SearchAction\",\"target\":{\"@type\":\"EntryPoint\",\"urlTemplate\":\"https:\/\/www.pm.pb.gov.br\/portal\/?s={search_term_string}\"},\"query-input\":\"required name=search_term_string\"}],\"inLanguage\":\"pt-BR\"},{\"@type\":\"Organization\",\"@id\":\"https:\/\/www.pm.pb.gov.br\/portal\/#organization\",\"name\":\"Pol\u00edcia Militar da Para\u00edba\",\"url\":\"https:\/\/www.pm.pb.gov.br\/portal\/\",\"logo\":{\"@type\":\"ImageObject\",\"inLanguage\":\"pt-BR\",\"@id\":\"https:\/\/www.pm.pb.gov.br\/portal\/#\/schema\/logo\/image\/\",\"url\":\"https:\/\/www.pm.pb.gov.br\/portal\/wp-content\/uploads\/2025\/03\/cropped-logo-site-mag2-1.png\",\"contentUrl\":\"https:\/\/www.pm.pb.gov.br\/portal\/wp-content\/uploads\/2025\/03\/cropped-logo-site-mag2-1.png\",\"width\":320,\"height\":90,\"caption\":\"Pol\u00edcia Militar da Para\u00edba\"},\"image\":{\"@id\":\"https:\/\/www.pm.pb.gov.br\/portal\/#\/schema\/logo\/image\/\"}},{\"@type\":\"Person\",\"@id\":\"https:\/\/www.pm.pb.gov.br\/portal\/#\/schema\/person\/30d571652b38533c2211e4e89bf5a502\",\"name\":\"Marcio Gomes dos Santos\",\"image\":{\"@type\":\"ImageObject\",\"inLanguage\":\"pt-BR\",\"@id\":\"https:\/\/www.pm.pb.gov.br\/portal\/#\/schema\/person\/image\/\",\"url\":\"https:\/\/secure.gravatar.com\/avatar\/cf4ec2cb690101e1581c7773aa350c19?s=96&d=mm&r=g\",\"contentUrl\":\"https:\/\/secure.gravatar.com\/avatar\/cf4ec2cb690101e1581c7773aa350c19?s=96&d=mm&r=g\",\"caption\":\"Marcio Gomes dos Santos\"},\"url\":\"https:\/\/www.pm.pb.gov.br\/portal\/author\/mgomes\/\"}]}<\/script>\n<!-- \/ Yoast SEO plugin. -->","yoast_head_json":{"title":"Reuni\u00e3o discute planejamento do esquema de seguran\u00e7a para as elei\u00e7\u00f5es 2018 na Para\u00edba - Pol\u00edcia Militar da Para\u00edba","robots":{"index":"index","follow":"follow","max-snippet":"max-snippet:-1","max-image-preview":"max-image-preview:large","max-video-preview":"max-video-preview:-1"},"canonical":"https:\/\/www.pm.pb.gov.br\/portal\/2018\/05\/14\/reuniao-discute-planejamento-do-esquema-de-seguranca-para-as-eleicoes-2018-na-paraiba\/","og_locale":"pt_BR","og_type":"article","og_title":"Reuni\u00e3o discute planejamento do esquema de seguran\u00e7a para as elei\u00e7\u00f5es 2018 na Para\u00edba - Pol\u00edcia Militar da Para\u00edba","og_description":"O planejamento da seguran\u00e7a para as elei\u00e7\u00f5es 2018 j\u00e1 come\u00e7ou. O presidente do Tribunal Regional Eleitoral, desembargador Romero Marcelo da","og_url":"https:\/\/www.pm.pb.gov.br\/portal\/2018\/05\/14\/reuniao-discute-planejamento-do-esquema-de-seguranca-para-as-eleicoes-2018-na-paraiba\/","og_site_name":"Pol\u00edcia Militar da Para\u00edba","article_published_time":"2018-05-14T20:31:56+00:00","og_image":[{"width":800,"height":445,"url":"https:\/\/www.pm.pb.gov.br\/portal\/wp-content\/uploads\/2018\/05\/Reuni\u00e3o-Seguran\u00e7a-nas-Elei\u00e7\u00f5es-2018_PM_TRE_Foto_Wagner-Varela_SECOM_PB-4.jpg","type":"image\/jpeg"}],"author":"Marcio Gomes dos Santos","twitter_card":"summary_large_image","twitter_misc":{"Escrito por":"Marcio Gomes dos Santos","Est. tempo de leitura":"2 minutos"},"schema":{"@context":"https:\/\/schema.org","@graph":[{"@type":"Article","@id":"https:\/\/www.pm.pb.gov.br\/portal\/2018\/05\/14\/reuniao-discute-planejamento-do-esquema-de-seguranca-para-as-eleicoes-2018-na-paraiba\/#article","isPartOf":{"@id":"https:\/\/www.pm.pb.gov.br\/portal\/2018\/05\/14\/reuniao-discute-planejamento-do-esquema-de-seguranca-para-as-eleicoes-2018-na-paraiba\/"},"author":{"name":"Marcio Gomes dos Santos","@id":"https:\/\/www.pm.pb.gov.br\/portal\/#\/schema\/person\/30d571652b38533c2211e4e89bf5a502"},"headline":"Reuni\u00e3o discute planejamento do esquema de seguran\u00e7a para as elei\u00e7\u00f5es 2018 na Para\u00edba","datePublished":"2018-05-14T20:31:56+00:00","dateModified":"2018-05-14T20:31:56+00:00","mainEntityOfPage":{"@id":"https:\/\/www.pm.pb.gov.br\/portal\/2018\/05\/14\/reuniao-discute-planejamento-do-esquema-de-seguranca-para-as-eleicoes-2018-na-paraiba\/"},"wordCount":372,"publisher":{"@id":"https:\/\/www.pm.pb.gov.br\/portal\/#organization"},"articleSection":["Visitas Especiais"],"inLanguage":"pt-BR"},{"@type":"WebPage","@id":"https:\/\/www.pm.pb.gov.br\/portal\/2018\/05\/14\/reuniao-discute-planejamento-do-esquema-de-seguranca-para-as-eleicoes-2018-na-paraiba\/","url":"https:\/\/www.pm.pb.gov.br\/portal\/2018\/05\/14\/reuniao-discute-planejamento-do-esquema-de-seguranca-para-as-eleicoes-2018-na-paraiba\/","name":"Reuni\u00e3o discute planejamento do esquema de seguran\u00e7a para as elei\u00e7\u00f5es 2018 na Para\u00edba - Pol\u00edcia Militar da Para\u00edba","isPartOf":{"@id":"https:\/\/www.pm.pb.gov.br\/portal\/#website"},"datePublished":"2018-05-14T20:31:56+00:00","dateModified":"2018-05-14T20:31:56+00:00","breadcrumb":{"@id":"https:\/\/www.pm.pb.gov.br\/portal\/2018\/05\/14\/reuniao-discute-planejamento-do-esquema-de-seguranca-para-as-eleicoes-2018-na-paraiba\/#breadcrumb"},"inLanguage":"pt-BR","potentialAction":[{"@type":"ReadAction","target":["https:\/\/www.pm.pb.gov.br\/portal\/2018\/05\/14\/reuniao-discute-planejamento-do-esquema-de-seguranca-para-as-eleicoes-2018-na-paraiba\/"]}]},{"@type":"BreadcrumbList","@id":"https:\/\/www.pm.pb.gov.br\/portal\/2018\/05\/14\/reuniao-discute-planejamento-do-esquema-de-seguranca-para-as-eleicoes-2018-na-paraiba\/#breadcrumb","itemListElement":[{"@type":"ListItem","position":1,"name":"In\u00edcio","item":"https:\/\/www.pm.pb.gov.br\/portal\/"},{"@type":"ListItem","position":2,"name":"Reuni\u00e3o discute planejamento do esquema de seguran\u00e7a para as elei\u00e7\u00f5es 2018 na Para\u00edba"}]},{"@type":"WebSite","@id":"https:\/\/www.pm.pb.gov.br\/portal\/#website","url":"https:\/\/www.pm.pb.gov.br\/portal\/","name":"Pol\u00edcia Militar da Para\u00edba","description":"","publisher":{"@id":"https:\/\/www.pm.pb.gov.br\/portal\/#organization"},"potentialAction":[{"@type":"SearchAction","target":{"@type":"EntryPoint","urlTemplate":"https:\/\/www.pm.pb.gov.br\/portal\/?s={search_term_string}"},"query-input":"required name=search_term_string"}],"inLanguage":"pt-BR"},{"@type":"Organization","@id":"https:\/\/www.pm.pb.gov.br\/portal\/#organization","name":"Pol\u00edcia Militar da Para\u00edba","url":"https:\/\/www.pm.pb.gov.br\/portal\/","logo":{"@type":"ImageObject","inLanguage":"pt-BR","@id":"https:\/\/www.pm.pb.gov.br\/portal\/#\/schema\/logo\/image\/","url":"https:\/\/www.pm.pb.gov.br\/portal\/wp-content\/uploads\/2025\/03\/cropped-logo-site-mag2-1.png","contentUrl":"https:\/\/www.pm.pb.gov.br\/portal\/wp-content\/uploads\/2025\/03\/cropped-logo-site-mag2-1.png","width":320,"height":90,"caption":"Pol\u00edcia Militar da Para\u00edba"},"image":{"@id":"https:\/\/www.pm.pb.gov.br\/portal\/#\/schema\/logo\/image\/"}},{"@type":"Person","@id":"https:\/\/www.pm.pb.gov.br\/portal\/#\/schema\/person\/30d571652b38533c2211e4e89bf5a502","name":"Marcio Gomes dos Santos","image":{"@type":"ImageObject","inLanguage":"pt-BR","@id":"https:\/\/www.pm.pb.gov.br\/portal\/#\/schema\/person\/image\/","url":"https:\/\/secure.gravatar.com\/avatar\/cf4ec2cb690101e1581c7773aa350c19?s=96&d=mm&r=g","contentUrl":"https:\/\/secure.gravatar.com\/avatar\/cf4ec2cb690101e1581c7773aa350c19?s=96&d=mm&r=g","caption":"Marcio Gomes dos Santos"},"url":"https:\/\/www.pm.pb.gov.br\/portal\/author\/mgomes\/"}]}},"_links":{"self":[{"href":"https:\/\/www.pm.pb.gov.br\/portal\/wp-json\/wp\/v2\/posts\/897943"}],"collection":[{"href":"https:\/\/www.pm.pb.gov.br\/portal\/wp-json\/wp\/v2\/posts"}],"about":[{"href":"https:\/\/www.pm.pb.gov.br\/portal\/wp-json\/wp\/v2\/types\/post"}],"author":[{"embeddable":true,"href":"https:\/\/www.pm.pb.gov.br\/portal\/wp-json\/wp\/v2\/users\/15"}],"replies":[{"embeddable":true,"href":"https:\/\/www.pm.pb.gov.br\/portal\/wp-json\/wp\/v2\/comments?post=897943"}],"version-history":[{"count":1,"href":"https:\/\/www.pm.pb.gov.br\/portal\/wp-json\/wp\/v2\/posts\/897943\/revisions"}],"predecessor-version":[{"id":897946,"href":"https:\/\/www.pm.pb.gov.br\/portal\/wp-json\/wp\/v2\/posts\/897943\/revisions\/897946"}],"wp:featuredmedia":[{"embeddable":true,"href":"https:\/\/www.pm.pb.gov.br\/portal\/wp-json\/wp\/v2\/media\/897944"}],"wp:attachment":[{"href":"https:\/\/www.pm.pb.gov.br\/portal\/wp-json\/wp\/v2\/media?parent=897943"}],"wp:term":[{"taxonomy":"category","embeddable":true,"href":"https:\/\/www.pm.pb.gov.br\/portal\/wp-json\/wp\/v2\/categories?post=897943"},{"taxonomy":"post_tag","embeddable":true,"href":"https:\/\/www.pm.pb.gov.br\/portal\/wp-json\/wp\/v2\/tags?post=897943"}],"curies":[{"name":"wp","href":"https:\/\/api.w.org\/{rel}","templated":true}]}}