{"id":897909,"date":"2018-05-12T10:13:23","date_gmt":"2018-05-12T13:13:23","guid":{"rendered":"http:\/\/www.pm.pb.gov.br\/portal\/?p=897909"},"modified":"2018-05-12T10:13:23","modified_gmt":"2018-05-12T13:13:23","slug":"operacao-tiradentes-ii-cumpre-mandados-de-prisao-contra-tres-maiores-e-apreende-menor-na-capital","status":"publish","type":"post","link":"https:\/\/www.pm.pb.gov.br\/portal\/2018\/05\/12\/operacao-tiradentes-ii-cumpre-mandados-de-prisao-contra-tres-maiores-e-apreende-menor-na-capital\/","title":{"rendered":"Opera\u00e7\u00e3o Tiradentes II cumpre mandados de pris\u00e3o contra tr\u00eas maiores e apreende menor na Capital"},"content":{"rendered":"<p style=\"font-weight: 400; text-align: justify;\">Tr\u00eas pessoas foram presas para cumprimento de mandados de pris\u00e3o e um menor foi apreendido durante as primeiras horas da Opera\u00e7\u00e3o Tiradentes II, realizada pela Pol\u00edcia Militar, nesta sexta-feira (11). A Opera\u00e7\u00e3o, que acontece simultaneamente em todo pa\u00eds com as Pol\u00edcias Militares e Corpos de Bombeiros Militares, acontece at\u00e9 \u00e0s 16h desse s\u00e1bado, intensificando as a\u00e7\u00f5es de seguran\u00e7a p\u00fablica em todos os estados.<\/p>\n<p style=\"font-weight: 400; text-align: justify;\">Tr\u00eas mandados de pris\u00e3o e um de apreens\u00e3o foram cumpridos na regi\u00e3o metropolitana de Jo\u00e3o Pessoa. Na pris\u00e3o mais recente, por volta das 19h30 no Varadouro, um homem que estava com mandado em aberto pelo crime de roubo foi abordado pelos policiais e, segundo eles, o suspeito j\u00e1 respondia pelos crimes de forma\u00e7\u00e3o de quadrilha e porte ilegal. O suspeito foi conduzido para Central de Flagrantes.<\/p>\n<p style=\"font-weight: 400; text-align: justify;\">Em Bayeux, um homem que estava com mandado em aberto pelo crime de roubo majorado, foi localizado pelos policiais que receberam informa\u00e7\u00f5es da Coordenadoria de Intelig\u00eancia (COInt) da PM. O foragido foi preso no bairro Jardim Aeroporto, por volta das 17h. Um mandado de apreens\u00e3o foi cumprido contra um menor que estava na comunidade Gauchinha, zona sul da Capital. O adolescente foi encaminhado para a Delegacia do Menor.<\/p>\n<p style=\"font-weight: 400; text-align: justify;\">Ainda na zona sul, no bairro do Ernani S\u00e1tiro, um homem de 26 anos estava com mandado em aberto pelo crime de roubo. Ele foi localizado em sua casa e conduzido para Central de Flagrantes.<\/p>\n<p style=\"font-weight: 400; text-align: justify;\"><strong>Tiradentes &#8211;<\/strong>\u00a0As Pol\u00edcias Militares e Corpos de Bombeiros Militares de todo o pa\u00eds deflagram, na tarde desta sexta-feira (11), a Opera\u00e7\u00e3o Tiradentes II, com v\u00e1rias a\u00e7\u00f5es que ser\u00e3o realizadas at\u00e9 a tarde de s\u00e1bado (12). Na Para\u00edba, a opera\u00e7\u00e3o contou na noite de sexta-feira (11) com efetivo dos quadrantes de policiamento preventivo, tropa especializada, drones, refor\u00e7ando as a\u00e7\u00f5es de seguran\u00e7a p\u00fablica no estado. O objetivo da Opera\u00e7\u00e3o, que \u00e9 desencadeada a n\u00edvel nacional, \u00e9 apreender armas, drogas, ve\u00edculos com queixas de roubos ou furtos, efetuar pris\u00f5es, cumprir mandados, e refor\u00e7ar o policiamento preventivo.<\/p>\n<p style=\"font-weight: 400; text-align: justify;\">A Opera\u00e7\u00e3o Tiradentes II \u00e9 coordenada nacionalmente pelo Conselho Nacional de Comandantes-Gerais das Pol\u00edcias Militares e Corpos de Bombeiros Militares do Brasil (CNCG-PM\/CBM). Na Para\u00edba, a Opera\u00e7\u00e3o foi coordenada pelo pr\u00f3prio comandante-geral da PM, coronel Euller Chaves, que \u00e9 o atual 2\u00ba vice-presidente do CNCG. Todas as a\u00e7\u00f5es no estado estar\u00e3o sendo monitoradas em tempo real pelo alto Comando da PM, atrav\u00e9s do Centro de Comando e Controle (C3), instalado especificamente para a Opera\u00e7\u00e3o. As sedes regionais da PM, em Campina Grande e em Patos tamb\u00e9m contar\u00e3o com C3. O nome da opera\u00e7\u00e3o \u00e9 uma homenagem ao patrono das pol\u00edcias militares do Brasil: Tiradentes.<\/p>\n","protected":false},"excerpt":{"rendered":"<p>Tr\u00eas pessoas foram presas para cumprimento de mandados de pris\u00e3o e um menor foi apreendido durante as primeiras horas da<\/p>\n","protected":false},"author":11,"featured_media":897914,"comment_status":"closed","ping_status":"closed","sticky":false,"template":"","format":"standard","meta":{"_exactmetrics_skip_tracking":false,"_exactmetrics_sitenote_active":false,"_exactmetrics_sitenote_note":"","_exactmetrics_sitenote_category":0,"footnotes":""},"categories":[4],"tags":[],"yoast_head":"<!-- This site is optimized with the Yoast SEO plugin v22.0 - https:\/\/yoast.com\/wordpress\/plugins\/seo\/ -->\n<title>Opera\u00e7\u00e3o Tiradentes II cumpre mandados de pris\u00e3o contra tr\u00eas maiores e apreende menor na Capital - Pol\u00edcia Militar da Para\u00edba<\/title>\n<meta name=\"robots\" content=\"index, follow, max-snippet:-1, max-image-preview:large, max-video-preview:-1\" \/>\n<link rel=\"canonical\" href=\"https:\/\/www.pm.pb.gov.br\/portal\/2018\/05\/12\/operacao-tiradentes-ii-cumpre-mandados-de-prisao-contra-tres-maiores-e-apreende-menor-na-capital\/\" \/>\n<meta property=\"og:locale\" content=\"pt_BR\" \/>\n<meta property=\"og:type\" content=\"article\" \/>\n<meta property=\"og:title\" content=\"Opera\u00e7\u00e3o Tiradentes II cumpre mandados de pris\u00e3o contra tr\u00eas maiores e apreende menor na Capital - Pol\u00edcia Militar da Para\u00edba\" \/>\n<meta property=\"og:description\" content=\"Tr\u00eas pessoas foram presas para cumprimento de mandados de pris\u00e3o e um menor foi apreendido durante as primeiras horas da\" \/>\n<meta property=\"og:url\" content=\"https:\/\/www.pm.pb.gov.br\/portal\/2018\/05\/12\/operacao-tiradentes-ii-cumpre-mandados-de-prisao-contra-tres-maiores-e-apreende-menor-na-capital\/\" \/>\n<meta property=\"og:site_name\" content=\"Pol\u00edcia Militar da Para\u00edba\" \/>\n<meta property=\"article:published_time\" content=\"2018-05-12T13:13:23+00:00\" \/>\n<meta property=\"og:image\" content=\"https:\/\/www.pm.pb.gov.br\/portal\/wp-content\/uploads\/2018\/05\/5.jpg\" \/>\n\t<meta property=\"og:image:width\" content=\"620\" \/>\n\t<meta property=\"og:image:height\" content=\"345\" \/>\n\t<meta property=\"og:image:type\" content=\"image\/jpeg\" \/>\n<meta name=\"author\" content=\"Hermerson Pedro\" \/>\n<meta name=\"twitter:card\" content=\"summary_large_image\" \/>\n<meta name=\"twitter:label1\" content=\"Escrito por\" \/>\n\t<meta name=\"twitter:data1\" content=\"Hermerson Pedro\" \/>\n\t<meta name=\"twitter:label2\" content=\"Est. tempo de leitura\" \/>\n\t<meta name=\"twitter:data2\" content=\"2 minutos\" \/>\n<script type=\"application\/ld+json\" class=\"yoast-schema-graph\">{\"@context\":\"https:\/\/schema.org\",\"@graph\":[{\"@type\":\"Article\",\"@id\":\"https:\/\/www.pm.pb.gov.br\/portal\/2018\/05\/12\/operacao-tiradentes-ii-cumpre-mandados-de-prisao-contra-tres-maiores-e-apreende-menor-na-capital\/#article\",\"isPartOf\":{\"@id\":\"https:\/\/www.pm.pb.gov.br\/portal\/2018\/05\/12\/operacao-tiradentes-ii-cumpre-mandados-de-prisao-contra-tres-maiores-e-apreende-menor-na-capital\/\"},\"author\":{\"name\":\"Hermerson Pedro\",\"@id\":\"https:\/\/www.pm.pb.gov.br\/portal\/#\/schema\/person\/d14ec57cfec6ba094c033291a557dc3b\"},\"headline\":\"Opera\u00e7\u00e3o Tiradentes II cumpre mandados de pris\u00e3o contra tr\u00eas maiores e apreende menor na Capital\",\"datePublished\":\"2018-05-12T13:13:23+00:00\",\"dateModified\":\"2018-05-12T13:13:23+00:00\",\"mainEntityOfPage\":{\"@id\":\"https:\/\/www.pm.pb.gov.br\/portal\/2018\/05\/12\/operacao-tiradentes-ii-cumpre-mandados-de-prisao-contra-tres-maiores-e-apreende-menor-na-capital\/\"},\"wordCount\":491,\"publisher\":{\"@id\":\"https:\/\/www.pm.pb.gov.br\/portal\/#organization\"},\"articleSection\":[\"A\u00e7\u00f5es Policiais\"],\"inLanguage\":\"pt-BR\"},{\"@type\":\"WebPage\",\"@id\":\"https:\/\/www.pm.pb.gov.br\/portal\/2018\/05\/12\/operacao-tiradentes-ii-cumpre-mandados-de-prisao-contra-tres-maiores-e-apreende-menor-na-capital\/\",\"url\":\"https:\/\/www.pm.pb.gov.br\/portal\/2018\/05\/12\/operacao-tiradentes-ii-cumpre-mandados-de-prisao-contra-tres-maiores-e-apreende-menor-na-capital\/\",\"name\":\"Opera\u00e7\u00e3o Tiradentes II cumpre mandados de pris\u00e3o contra tr\u00eas maiores e apreende menor na Capital - Pol\u00edcia Militar da Para\u00edba\",\"isPartOf\":{\"@id\":\"https:\/\/www.pm.pb.gov.br\/portal\/#website\"},\"datePublished\":\"2018-05-12T13:13:23+00:00\",\"dateModified\":\"2018-05-12T13:13:23+00:00\",\"breadcrumb\":{\"@id\":\"https:\/\/www.pm.pb.gov.br\/portal\/2018\/05\/12\/operacao-tiradentes-ii-cumpre-mandados-de-prisao-contra-tres-maiores-e-apreende-menor-na-capital\/#breadcrumb\"},\"inLanguage\":\"pt-BR\",\"potentialAction\":[{\"@type\":\"ReadAction\",\"target\":[\"https:\/\/www.pm.pb.gov.br\/portal\/2018\/05\/12\/operacao-tiradentes-ii-cumpre-mandados-de-prisao-contra-tres-maiores-e-apreende-menor-na-capital\/\"]}]},{\"@type\":\"BreadcrumbList\",\"@id\":\"https:\/\/www.pm.pb.gov.br\/portal\/2018\/05\/12\/operacao-tiradentes-ii-cumpre-mandados-de-prisao-contra-tres-maiores-e-apreende-menor-na-capital\/#breadcrumb\",\"itemListElement\":[{\"@type\":\"ListItem\",\"position\":1,\"name\":\"In\u00edcio\",\"item\":\"https:\/\/www.pm.pb.gov.br\/portal\/\"},{\"@type\":\"ListItem\",\"position\":2,\"name\":\"Opera\u00e7\u00e3o Tiradentes II cumpre mandados de pris\u00e3o contra tr\u00eas maiores e apreende menor na Capital\"}]},{\"@type\":\"WebSite\",\"@id\":\"https:\/\/www.pm.pb.gov.br\/portal\/#website\",\"url\":\"https:\/\/www.pm.pb.gov.br\/portal\/\",\"name\":\"Pol\u00edcia Militar da Para\u00edba\",\"description\":\"\",\"publisher\":{\"@id\":\"https:\/\/www.pm.pb.gov.br\/portal\/#organization\"},\"potentialAction\":[{\"@type\":\"SearchAction\",\"target\":{\"@type\":\"EntryPoint\",\"urlTemplate\":\"https:\/\/www.pm.pb.gov.br\/portal\/?s={search_term_string}\"},\"query-input\":\"required name=search_term_string\"}],\"inLanguage\":\"pt-BR\"},{\"@type\":\"Organization\",\"@id\":\"https:\/\/www.pm.pb.gov.br\/portal\/#organization\",\"name\":\"Pol\u00edcia Militar da Para\u00edba\",\"url\":\"https:\/\/www.pm.pb.gov.br\/portal\/\",\"logo\":{\"@type\":\"ImageObject\",\"inLanguage\":\"pt-BR\",\"@id\":\"https:\/\/www.pm.pb.gov.br\/portal\/#\/schema\/logo\/image\/\",\"url\":\"https:\/\/www.pm.pb.gov.br\/portal\/wp-content\/uploads\/2025\/03\/cropped-logo-site-mag2-1.png\",\"contentUrl\":\"https:\/\/www.pm.pb.gov.br\/portal\/wp-content\/uploads\/2025\/03\/cropped-logo-site-mag2-1.png\",\"width\":320,\"height\":90,\"caption\":\"Pol\u00edcia Militar da Para\u00edba\"},\"image\":{\"@id\":\"https:\/\/www.pm.pb.gov.br\/portal\/#\/schema\/logo\/image\/\"}},{\"@type\":\"Person\",\"@id\":\"https:\/\/www.pm.pb.gov.br\/portal\/#\/schema\/person\/d14ec57cfec6ba094c033291a557dc3b\",\"name\":\"Hermerson Pedro\",\"image\":{\"@type\":\"ImageObject\",\"inLanguage\":\"pt-BR\",\"@id\":\"https:\/\/www.pm.pb.gov.br\/portal\/#\/schema\/person\/image\/\",\"url\":\"https:\/\/secure.gravatar.com\/avatar\/179290e0ec2caf97139df534dc3e55df?s=96&d=mm&r=g\",\"contentUrl\":\"https:\/\/secure.gravatar.com\/avatar\/179290e0ec2caf97139df534dc3e55df?s=96&d=mm&r=g\",\"caption\":\"Hermerson Pedro\"},\"url\":\"https:\/\/www.pm.pb.gov.br\/portal\/author\/hermerson\/\"}]}<\/script>\n<!-- \/ Yoast SEO plugin. -->","yoast_head_json":{"title":"Opera\u00e7\u00e3o Tiradentes II cumpre mandados de pris\u00e3o contra tr\u00eas maiores e apreende menor na Capital - Pol\u00edcia Militar da Para\u00edba","robots":{"index":"index","follow":"follow","max-snippet":"max-snippet:-1","max-image-preview":"max-image-preview:large","max-video-preview":"max-video-preview:-1"},"canonical":"https:\/\/www.pm.pb.gov.br\/portal\/2018\/05\/12\/operacao-tiradentes-ii-cumpre-mandados-de-prisao-contra-tres-maiores-e-apreende-menor-na-capital\/","og_locale":"pt_BR","og_type":"article","og_title":"Opera\u00e7\u00e3o Tiradentes II cumpre mandados de pris\u00e3o contra tr\u00eas maiores e apreende menor na Capital - Pol\u00edcia Militar da Para\u00edba","og_description":"Tr\u00eas pessoas foram presas para cumprimento de mandados de pris\u00e3o e um menor foi apreendido durante as primeiras horas da","og_url":"https:\/\/www.pm.pb.gov.br\/portal\/2018\/05\/12\/operacao-tiradentes-ii-cumpre-mandados-de-prisao-contra-tres-maiores-e-apreende-menor-na-capital\/","og_site_name":"Pol\u00edcia Militar da Para\u00edba","article_published_time":"2018-05-12T13:13:23+00:00","og_image":[{"width":620,"height":345,"url":"https:\/\/www.pm.pb.gov.br\/portal\/wp-content\/uploads\/2018\/05\/5.jpg","type":"image\/jpeg"}],"author":"Hermerson Pedro","twitter_card":"summary_large_image","twitter_misc":{"Escrito por":"Hermerson Pedro","Est. tempo de leitura":"2 minutos"},"schema":{"@context":"https:\/\/schema.org","@graph":[{"@type":"Article","@id":"https:\/\/www.pm.pb.gov.br\/portal\/2018\/05\/12\/operacao-tiradentes-ii-cumpre-mandados-de-prisao-contra-tres-maiores-e-apreende-menor-na-capital\/#article","isPartOf":{"@id":"https:\/\/www.pm.pb.gov.br\/portal\/2018\/05\/12\/operacao-tiradentes-ii-cumpre-mandados-de-prisao-contra-tres-maiores-e-apreende-menor-na-capital\/"},"author":{"name":"Hermerson Pedro","@id":"https:\/\/www.pm.pb.gov.br\/portal\/#\/schema\/person\/d14ec57cfec6ba094c033291a557dc3b"},"headline":"Opera\u00e7\u00e3o Tiradentes II cumpre mandados de pris\u00e3o contra tr\u00eas maiores e apreende menor na Capital","datePublished":"2018-05-12T13:13:23+00:00","dateModified":"2018-05-12T13:13:23+00:00","mainEntityOfPage":{"@id":"https:\/\/www.pm.pb.gov.br\/portal\/2018\/05\/12\/operacao-tiradentes-ii-cumpre-mandados-de-prisao-contra-tres-maiores-e-apreende-menor-na-capital\/"},"wordCount":491,"publisher":{"@id":"https:\/\/www.pm.pb.gov.br\/portal\/#organization"},"articleSection":["A\u00e7\u00f5es Policiais"],"inLanguage":"pt-BR"},{"@type":"WebPage","@id":"https:\/\/www.pm.pb.gov.br\/portal\/2018\/05\/12\/operacao-tiradentes-ii-cumpre-mandados-de-prisao-contra-tres-maiores-e-apreende-menor-na-capital\/","url":"https:\/\/www.pm.pb.gov.br\/portal\/2018\/05\/12\/operacao-tiradentes-ii-cumpre-mandados-de-prisao-contra-tres-maiores-e-apreende-menor-na-capital\/","name":"Opera\u00e7\u00e3o Tiradentes II cumpre mandados de pris\u00e3o contra tr\u00eas maiores e apreende menor na Capital - Pol\u00edcia Militar da Para\u00edba","isPartOf":{"@id":"https:\/\/www.pm.pb.gov.br\/portal\/#website"},"datePublished":"2018-05-12T13:13:23+00:00","dateModified":"2018-05-12T13:13:23+00:00","breadcrumb":{"@id":"https:\/\/www.pm.pb.gov.br\/portal\/2018\/05\/12\/operacao-tiradentes-ii-cumpre-mandados-de-prisao-contra-tres-maiores-e-apreende-menor-na-capital\/#breadcrumb"},"inLanguage":"pt-BR","potentialAction":[{"@type":"ReadAction","target":["https:\/\/www.pm.pb.gov.br\/portal\/2018\/05\/12\/operacao-tiradentes-ii-cumpre-mandados-de-prisao-contra-tres-maiores-e-apreende-menor-na-capital\/"]}]},{"@type":"BreadcrumbList","@id":"https:\/\/www.pm.pb.gov.br\/portal\/2018\/05\/12\/operacao-tiradentes-ii-cumpre-mandados-de-prisao-contra-tres-maiores-e-apreende-menor-na-capital\/#breadcrumb","itemListElement":[{"@type":"ListItem","position":1,"name":"In\u00edcio","item":"https:\/\/www.pm.pb.gov.br\/portal\/"},{"@type":"ListItem","position":2,"name":"Opera\u00e7\u00e3o Tiradentes II cumpre mandados de pris\u00e3o contra tr\u00eas maiores e apreende menor na Capital"}]},{"@type":"WebSite","@id":"https:\/\/www.pm.pb.gov.br\/portal\/#website","url":"https:\/\/www.pm.pb.gov.br\/portal\/","name":"Pol\u00edcia Militar da Para\u00edba","description":"","publisher":{"@id":"https:\/\/www.pm.pb.gov.br\/portal\/#organization"},"potentialAction":[{"@type":"SearchAction","target":{"@type":"EntryPoint","urlTemplate":"https:\/\/www.pm.pb.gov.br\/portal\/?s={search_term_string}"},"query-input":"required name=search_term_string"}],"inLanguage":"pt-BR"},{"@type":"Organization","@id":"https:\/\/www.pm.pb.gov.br\/portal\/#organization","name":"Pol\u00edcia Militar da Para\u00edba","url":"https:\/\/www.pm.pb.gov.br\/portal\/","logo":{"@type":"ImageObject","inLanguage":"pt-BR","@id":"https:\/\/www.pm.pb.gov.br\/portal\/#\/schema\/logo\/image\/","url":"https:\/\/www.pm.pb.gov.br\/portal\/wp-content\/uploads\/2025\/03\/cropped-logo-site-mag2-1.png","contentUrl":"https:\/\/www.pm.pb.gov.br\/portal\/wp-content\/uploads\/2025\/03\/cropped-logo-site-mag2-1.png","width":320,"height":90,"caption":"Pol\u00edcia Militar da Para\u00edba"},"image":{"@id":"https:\/\/www.pm.pb.gov.br\/portal\/#\/schema\/logo\/image\/"}},{"@type":"Person","@id":"https:\/\/www.pm.pb.gov.br\/portal\/#\/schema\/person\/d14ec57cfec6ba094c033291a557dc3b","name":"Hermerson Pedro","image":{"@type":"ImageObject","inLanguage":"pt-BR","@id":"https:\/\/www.pm.pb.gov.br\/portal\/#\/schema\/person\/image\/","url":"https:\/\/secure.gravatar.com\/avatar\/179290e0ec2caf97139df534dc3e55df?s=96&d=mm&r=g","contentUrl":"https:\/\/secure.gravatar.com\/avatar\/179290e0ec2caf97139df534dc3e55df?s=96&d=mm&r=g","caption":"Hermerson Pedro"},"url":"https:\/\/www.pm.pb.gov.br\/portal\/author\/hermerson\/"}]}},"_links":{"self":[{"href":"https:\/\/www.pm.pb.gov.br\/portal\/wp-json\/wp\/v2\/posts\/897909"}],"collection":[{"href":"https:\/\/www.pm.pb.gov.br\/portal\/wp-json\/wp\/v2\/posts"}],"about":[{"href":"https:\/\/www.pm.pb.gov.br\/portal\/wp-json\/wp\/v2\/types\/post"}],"author":[{"embeddable":true,"href":"https:\/\/www.pm.pb.gov.br\/portal\/wp-json\/wp\/v2\/users\/11"}],"replies":[{"embeddable":true,"href":"https:\/\/www.pm.pb.gov.br\/portal\/wp-json\/wp\/v2\/comments?post=897909"}],"version-history":[{"count":1,"href":"https:\/\/www.pm.pb.gov.br\/portal\/wp-json\/wp\/v2\/posts\/897909\/revisions"}],"predecessor-version":[{"id":897915,"href":"https:\/\/www.pm.pb.gov.br\/portal\/wp-json\/wp\/v2\/posts\/897909\/revisions\/897915"}],"wp:featuredmedia":[{"embeddable":true,"href":"https:\/\/www.pm.pb.gov.br\/portal\/wp-json\/wp\/v2\/media\/897914"}],"wp:attachment":[{"href":"https:\/\/www.pm.pb.gov.br\/portal\/wp-json\/wp\/v2\/media?parent=897909"}],"wp:term":[{"taxonomy":"category","embeddable":true,"href":"https:\/\/www.pm.pb.gov.br\/portal\/wp-json\/wp\/v2\/categories?post=897909"},{"taxonomy":"post_tag","embeddable":true,"href":"https:\/\/www.pm.pb.gov.br\/portal\/wp-json\/wp\/v2\/tags?post=897909"}],"curies":[{"name":"wp","href":"https:\/\/api.w.org\/{rel}","templated":true}]}}