{"id":897881,"date":"2018-05-10T17:04:31","date_gmt":"2018-05-10T20:04:31","guid":{"rendered":"http:\/\/www.pm.pb.gov.br\/portal\/?p=897881"},"modified":"2018-05-10T17:08:09","modified_gmt":"2018-05-10T20:08:09","slug":"profissionais-de-seguranca-publica-da-pb-podem-participar-de-cursos-a-distancia","status":"publish","type":"post","link":"https:\/\/www.pm.pb.gov.br\/portal\/2018\/05\/10\/profissionais-de-seguranca-publica-da-pb-podem-participar-de-cursos-a-distancia\/","title":{"rendered":"Profissionais de seguran\u00e7a p\u00fablica da PB podem participar de cursos \u00e0 dist\u00e2ncia"},"content":{"rendered":"<p style=\"text-align: justify;\">Estar\u00e3o abertas a partir desta sexta-feira (11) at\u00e9 o dia 23 de maio as inscri\u00e7\u00f5es para 43 cursos via internet, especialmente criados para capacitar profissionais de seguran\u00e7a p\u00fablica. As capacita\u00e7\u00f5es s\u00e3o gratuitas e exclusivas para integrantes das pol\u00edcias Civis, Militares, Corpos de Bombeiros Militares, \u00f3rg\u00e3os de Per\u00edcia Criminal, Guardas Municipais de todo o pa\u00eds e ainda podem participar Policiais Rodovi\u00e1rios Federais e Agentes Penitenci\u00e1rios Federais e Estaduais. A iniciativa \u00e9 do Minist\u00e9rio da Seguran\u00e7a P\u00fablica, por meio da Rede Nacional de Educa\u00e7\u00e3o a Dist\u00e2ncia da Secretaria Nacional de Seguran\u00e7a P\u00fablica &#8211; Rede EAD Senasp.<\/p>\n<p style=\"text-align: justify;\">As aulas deste 43\u00ba ciclo de capacita\u00e7\u00e3o da Rede EAD Senasp ocorrer\u00e3o no per\u00edodo de 19 de junho a 24 de julho de 2018 para as capacita\u00e7\u00f5es com carga hor\u00e1ria de 40 horas. Os cursos com 60 horas v\u00e3o come\u00e7ar na mesma data, mas terminam no dia 7 de agosto.<\/p>\n<p style=\"text-align: justify;\">As matr\u00edculas ser\u00e3o homologadas ap\u00f3s comprova\u00e7\u00e3o do v\u00ednculo funcional junto \u00e0s institui\u00e7\u00f5es dos profissionais, sendo que cada aluno pode se inscrever em at\u00e9 dois cursos por ciclo. A ficha de inscri\u00e7\u00e3o ficar\u00e1 dispon\u00edvel somente a partir de amanh\u00e3 no endere\u00e7o eletr\u00f4nico: <a href=\"http:\/\/portal.ead.senasp.gov.br\">http:\/\/portal.ead.senasp.gov.br<\/a> . Para tirar d\u00favidas o candidato pode entrar em contato com o Tutor Master atrav\u00e9s dos telefones (83) 98158-3103\/ 3612-8600.<\/p>\n","protected":false},"excerpt":{"rendered":"<p>Estar\u00e3o abertas a partir desta sexta-feira (11) at\u00e9 o dia 23 de maio as inscri\u00e7\u00f5es para 43 cursos via internet,<\/p>\n","protected":false},"author":12,"featured_media":897895,"comment_status":"closed","ping_status":"closed","sticky":false,"template":"","format":"standard","meta":{"_exactmetrics_skip_tracking":false,"_exactmetrics_sitenote_active":false,"_exactmetrics_sitenote_note":"","_exactmetrics_sitenote_category":0,"footnotes":""},"categories":[6],"tags":[],"yoast_head":"<!-- This site is optimized with the Yoast SEO plugin v22.0 - https:\/\/yoast.com\/wordpress\/plugins\/seo\/ -->\n<title>Profissionais de seguran\u00e7a p\u00fablica da PB podem participar de cursos \u00e0 dist\u00e2ncia - Pol\u00edcia Militar da Para\u00edba<\/title>\n<meta name=\"robots\" content=\"index, follow, max-snippet:-1, max-image-preview:large, max-video-preview:-1\" \/>\n<link rel=\"canonical\" href=\"https:\/\/www.pm.pb.gov.br\/portal\/2018\/05\/10\/profissionais-de-seguranca-publica-da-pb-podem-participar-de-cursos-a-distancia\/\" \/>\n<meta property=\"og:locale\" content=\"pt_BR\" \/>\n<meta property=\"og:type\" content=\"article\" \/>\n<meta property=\"og:title\" content=\"Profissionais de seguran\u00e7a p\u00fablica da PB podem participar de cursos \u00e0 dist\u00e2ncia - Pol\u00edcia Militar da Para\u00edba\" \/>\n<meta property=\"og:description\" content=\"Estar\u00e3o abertas a partir desta sexta-feira (11) at\u00e9 o dia 23 de maio as inscri\u00e7\u00f5es para 43 cursos via internet,\" \/>\n<meta property=\"og:url\" content=\"https:\/\/www.pm.pb.gov.br\/portal\/2018\/05\/10\/profissionais-de-seguranca-publica-da-pb-podem-participar-de-cursos-a-distancia\/\" \/>\n<meta property=\"og:site_name\" content=\"Pol\u00edcia Militar da Para\u00edba\" \/>\n<meta property=\"article:published_time\" content=\"2018-05-10T20:04:31+00:00\" \/>\n<meta property=\"article:modified_time\" content=\"2018-05-10T20:08:09+00:00\" \/>\n<meta property=\"og:image\" content=\"https:\/\/www.pm.pb.gov.br\/portal\/wp-content\/uploads\/2018\/05\/senasp.jpg\" \/>\n\t<meta property=\"og:image:width\" content=\"800\" \/>\n\t<meta property=\"og:image:height\" content=\"450\" \/>\n\t<meta property=\"og:image:type\" content=\"image\/jpeg\" \/>\n<meta name=\"author\" content=\"Tarcisio Oliveira\" \/>\n<meta name=\"twitter:card\" content=\"summary_large_image\" \/>\n<meta name=\"twitter:label1\" content=\"Escrito por\" \/>\n\t<meta name=\"twitter:data1\" content=\"Tarcisio Oliveira\" \/>\n\t<meta name=\"twitter:label2\" content=\"Est. tempo de leitura\" \/>\n\t<meta name=\"twitter:data2\" content=\"1 minuto\" \/>\n<script type=\"application\/ld+json\" class=\"yoast-schema-graph\">{\"@context\":\"https:\/\/schema.org\",\"@graph\":[{\"@type\":\"Article\",\"@id\":\"https:\/\/www.pm.pb.gov.br\/portal\/2018\/05\/10\/profissionais-de-seguranca-publica-da-pb-podem-participar-de-cursos-a-distancia\/#article\",\"isPartOf\":{\"@id\":\"https:\/\/www.pm.pb.gov.br\/portal\/2018\/05\/10\/profissionais-de-seguranca-publica-da-pb-podem-participar-de-cursos-a-distancia\/\"},\"author\":{\"name\":\"Tarcisio Oliveira\",\"@id\":\"https:\/\/www.pm.pb.gov.br\/portal\/#\/schema\/person\/f84f56dcc78ce4357054da888b8247fd\"},\"headline\":\"Profissionais de seguran\u00e7a p\u00fablica da PB podem participar de cursos \u00e0 dist\u00e2ncia\",\"datePublished\":\"2018-05-10T20:04:31+00:00\",\"dateModified\":\"2018-05-10T20:08:09+00:00\",\"mainEntityOfPage\":{\"@id\":\"https:\/\/www.pm.pb.gov.br\/portal\/2018\/05\/10\/profissionais-de-seguranca-publica-da-pb-podem-participar-de-cursos-a-distancia\/\"},\"wordCount\":250,\"publisher\":{\"@id\":\"https:\/\/www.pm.pb.gov.br\/portal\/#organization\"},\"articleSection\":[\"Cursos\"],\"inLanguage\":\"pt-BR\"},{\"@type\":\"WebPage\",\"@id\":\"https:\/\/www.pm.pb.gov.br\/portal\/2018\/05\/10\/profissionais-de-seguranca-publica-da-pb-podem-participar-de-cursos-a-distancia\/\",\"url\":\"https:\/\/www.pm.pb.gov.br\/portal\/2018\/05\/10\/profissionais-de-seguranca-publica-da-pb-podem-participar-de-cursos-a-distancia\/\",\"name\":\"Profissionais de seguran\u00e7a p\u00fablica da PB podem participar de cursos \u00e0 dist\u00e2ncia - Pol\u00edcia Militar da Para\u00edba\",\"isPartOf\":{\"@id\":\"https:\/\/www.pm.pb.gov.br\/portal\/#website\"},\"datePublished\":\"2018-05-10T20:04:31+00:00\",\"dateModified\":\"2018-05-10T20:08:09+00:00\",\"breadcrumb\":{\"@id\":\"https:\/\/www.pm.pb.gov.br\/portal\/2018\/05\/10\/profissionais-de-seguranca-publica-da-pb-podem-participar-de-cursos-a-distancia\/#breadcrumb\"},\"inLanguage\":\"pt-BR\",\"potentialAction\":[{\"@type\":\"ReadAction\",\"target\":[\"https:\/\/www.pm.pb.gov.br\/portal\/2018\/05\/10\/profissionais-de-seguranca-publica-da-pb-podem-participar-de-cursos-a-distancia\/\"]}]},{\"@type\":\"BreadcrumbList\",\"@id\":\"https:\/\/www.pm.pb.gov.br\/portal\/2018\/05\/10\/profissionais-de-seguranca-publica-da-pb-podem-participar-de-cursos-a-distancia\/#breadcrumb\",\"itemListElement\":[{\"@type\":\"ListItem\",\"position\":1,\"name\":\"In\u00edcio\",\"item\":\"https:\/\/www.pm.pb.gov.br\/portal\/\"},{\"@type\":\"ListItem\",\"position\":2,\"name\":\"Profissionais de seguran\u00e7a p\u00fablica da PB podem participar de cursos \u00e0 dist\u00e2ncia\"}]},{\"@type\":\"WebSite\",\"@id\":\"https:\/\/www.pm.pb.gov.br\/portal\/#website\",\"url\":\"https:\/\/www.pm.pb.gov.br\/portal\/\",\"name\":\"Pol\u00edcia Militar da Para\u00edba\",\"description\":\"\",\"publisher\":{\"@id\":\"https:\/\/www.pm.pb.gov.br\/portal\/#organization\"},\"potentialAction\":[{\"@type\":\"SearchAction\",\"target\":{\"@type\":\"EntryPoint\",\"urlTemplate\":\"https:\/\/www.pm.pb.gov.br\/portal\/?s={search_term_string}\"},\"query-input\":\"required name=search_term_string\"}],\"inLanguage\":\"pt-BR\"},{\"@type\":\"Organization\",\"@id\":\"https:\/\/www.pm.pb.gov.br\/portal\/#organization\",\"name\":\"Pol\u00edcia Militar da Para\u00edba\",\"url\":\"https:\/\/www.pm.pb.gov.br\/portal\/\",\"logo\":{\"@type\":\"ImageObject\",\"inLanguage\":\"pt-BR\",\"@id\":\"https:\/\/www.pm.pb.gov.br\/portal\/#\/schema\/logo\/image\/\",\"url\":\"https:\/\/www.pm.pb.gov.br\/portal\/wp-content\/uploads\/2025\/03\/cropped-logo-site-mag2-1.png\",\"contentUrl\":\"https:\/\/www.pm.pb.gov.br\/portal\/wp-content\/uploads\/2025\/03\/cropped-logo-site-mag2-1.png\",\"width\":320,\"height\":90,\"caption\":\"Pol\u00edcia Militar da Para\u00edba\"},\"image\":{\"@id\":\"https:\/\/www.pm.pb.gov.br\/portal\/#\/schema\/logo\/image\/\"}},{\"@type\":\"Person\",\"@id\":\"https:\/\/www.pm.pb.gov.br\/portal\/#\/schema\/person\/f84f56dcc78ce4357054da888b8247fd\",\"name\":\"Tarcisio Oliveira\",\"image\":{\"@type\":\"ImageObject\",\"inLanguage\":\"pt-BR\",\"@id\":\"https:\/\/www.pm.pb.gov.br\/portal\/#\/schema\/person\/image\/\",\"url\":\"https:\/\/secure.gravatar.com\/avatar\/72917b630b69d31cd0297507f34bac97?s=96&d=mm&r=g\",\"contentUrl\":\"https:\/\/secure.gravatar.com\/avatar\/72917b630b69d31cd0297507f34bac97?s=96&d=mm&r=g\",\"caption\":\"Tarcisio Oliveira\"},\"url\":\"https:\/\/www.pm.pb.gov.br\/portal\/author\/tarcisio\/\"}]}<\/script>\n<!-- \/ Yoast SEO plugin. -->","yoast_head_json":{"title":"Profissionais de seguran\u00e7a p\u00fablica da PB podem participar de cursos \u00e0 dist\u00e2ncia - Pol\u00edcia Militar da Para\u00edba","robots":{"index":"index","follow":"follow","max-snippet":"max-snippet:-1","max-image-preview":"max-image-preview:large","max-video-preview":"max-video-preview:-1"},"canonical":"https:\/\/www.pm.pb.gov.br\/portal\/2018\/05\/10\/profissionais-de-seguranca-publica-da-pb-podem-participar-de-cursos-a-distancia\/","og_locale":"pt_BR","og_type":"article","og_title":"Profissionais de seguran\u00e7a p\u00fablica da PB podem participar de cursos \u00e0 dist\u00e2ncia - Pol\u00edcia Militar da Para\u00edba","og_description":"Estar\u00e3o abertas a partir desta sexta-feira (11) at\u00e9 o dia 23 de maio as inscri\u00e7\u00f5es para 43 cursos via internet,","og_url":"https:\/\/www.pm.pb.gov.br\/portal\/2018\/05\/10\/profissionais-de-seguranca-publica-da-pb-podem-participar-de-cursos-a-distancia\/","og_site_name":"Pol\u00edcia Militar da Para\u00edba","article_published_time":"2018-05-10T20:04:31+00:00","article_modified_time":"2018-05-10T20:08:09+00:00","og_image":[{"width":800,"height":450,"url":"https:\/\/www.pm.pb.gov.br\/portal\/wp-content\/uploads\/2018\/05\/senasp.jpg","type":"image\/jpeg"}],"author":"Tarcisio Oliveira","twitter_card":"summary_large_image","twitter_misc":{"Escrito por":"Tarcisio Oliveira","Est. tempo de leitura":"1 minuto"},"schema":{"@context":"https:\/\/schema.org","@graph":[{"@type":"Article","@id":"https:\/\/www.pm.pb.gov.br\/portal\/2018\/05\/10\/profissionais-de-seguranca-publica-da-pb-podem-participar-de-cursos-a-distancia\/#article","isPartOf":{"@id":"https:\/\/www.pm.pb.gov.br\/portal\/2018\/05\/10\/profissionais-de-seguranca-publica-da-pb-podem-participar-de-cursos-a-distancia\/"},"author":{"name":"Tarcisio Oliveira","@id":"https:\/\/www.pm.pb.gov.br\/portal\/#\/schema\/person\/f84f56dcc78ce4357054da888b8247fd"},"headline":"Profissionais de seguran\u00e7a p\u00fablica da PB podem participar de cursos \u00e0 dist\u00e2ncia","datePublished":"2018-05-10T20:04:31+00:00","dateModified":"2018-05-10T20:08:09+00:00","mainEntityOfPage":{"@id":"https:\/\/www.pm.pb.gov.br\/portal\/2018\/05\/10\/profissionais-de-seguranca-publica-da-pb-podem-participar-de-cursos-a-distancia\/"},"wordCount":250,"publisher":{"@id":"https:\/\/www.pm.pb.gov.br\/portal\/#organization"},"articleSection":["Cursos"],"inLanguage":"pt-BR"},{"@type":"WebPage","@id":"https:\/\/www.pm.pb.gov.br\/portal\/2018\/05\/10\/profissionais-de-seguranca-publica-da-pb-podem-participar-de-cursos-a-distancia\/","url":"https:\/\/www.pm.pb.gov.br\/portal\/2018\/05\/10\/profissionais-de-seguranca-publica-da-pb-podem-participar-de-cursos-a-distancia\/","name":"Profissionais de seguran\u00e7a p\u00fablica da PB podem participar de cursos \u00e0 dist\u00e2ncia - Pol\u00edcia Militar da Para\u00edba","isPartOf":{"@id":"https:\/\/www.pm.pb.gov.br\/portal\/#website"},"datePublished":"2018-05-10T20:04:31+00:00","dateModified":"2018-05-10T20:08:09+00:00","breadcrumb":{"@id":"https:\/\/www.pm.pb.gov.br\/portal\/2018\/05\/10\/profissionais-de-seguranca-publica-da-pb-podem-participar-de-cursos-a-distancia\/#breadcrumb"},"inLanguage":"pt-BR","potentialAction":[{"@type":"ReadAction","target":["https:\/\/www.pm.pb.gov.br\/portal\/2018\/05\/10\/profissionais-de-seguranca-publica-da-pb-podem-participar-de-cursos-a-distancia\/"]}]},{"@type":"BreadcrumbList","@id":"https:\/\/www.pm.pb.gov.br\/portal\/2018\/05\/10\/profissionais-de-seguranca-publica-da-pb-podem-participar-de-cursos-a-distancia\/#breadcrumb","itemListElement":[{"@type":"ListItem","position":1,"name":"In\u00edcio","item":"https:\/\/www.pm.pb.gov.br\/portal\/"},{"@type":"ListItem","position":2,"name":"Profissionais de seguran\u00e7a p\u00fablica da PB podem participar de cursos \u00e0 dist\u00e2ncia"}]},{"@type":"WebSite","@id":"https:\/\/www.pm.pb.gov.br\/portal\/#website","url":"https:\/\/www.pm.pb.gov.br\/portal\/","name":"Pol\u00edcia Militar da Para\u00edba","description":"","publisher":{"@id":"https:\/\/www.pm.pb.gov.br\/portal\/#organization"},"potentialAction":[{"@type":"SearchAction","target":{"@type":"EntryPoint","urlTemplate":"https:\/\/www.pm.pb.gov.br\/portal\/?s={search_term_string}"},"query-input":"required name=search_term_string"}],"inLanguage":"pt-BR"},{"@type":"Organization","@id":"https:\/\/www.pm.pb.gov.br\/portal\/#organization","name":"Pol\u00edcia Militar da Para\u00edba","url":"https:\/\/www.pm.pb.gov.br\/portal\/","logo":{"@type":"ImageObject","inLanguage":"pt-BR","@id":"https:\/\/www.pm.pb.gov.br\/portal\/#\/schema\/logo\/image\/","url":"https:\/\/www.pm.pb.gov.br\/portal\/wp-content\/uploads\/2025\/03\/cropped-logo-site-mag2-1.png","contentUrl":"https:\/\/www.pm.pb.gov.br\/portal\/wp-content\/uploads\/2025\/03\/cropped-logo-site-mag2-1.png","width":320,"height":90,"caption":"Pol\u00edcia Militar da Para\u00edba"},"image":{"@id":"https:\/\/www.pm.pb.gov.br\/portal\/#\/schema\/logo\/image\/"}},{"@type":"Person","@id":"https:\/\/www.pm.pb.gov.br\/portal\/#\/schema\/person\/f84f56dcc78ce4357054da888b8247fd","name":"Tarcisio Oliveira","image":{"@type":"ImageObject","inLanguage":"pt-BR","@id":"https:\/\/www.pm.pb.gov.br\/portal\/#\/schema\/person\/image\/","url":"https:\/\/secure.gravatar.com\/avatar\/72917b630b69d31cd0297507f34bac97?s=96&d=mm&r=g","contentUrl":"https:\/\/secure.gravatar.com\/avatar\/72917b630b69d31cd0297507f34bac97?s=96&d=mm&r=g","caption":"Tarcisio Oliveira"},"url":"https:\/\/www.pm.pb.gov.br\/portal\/author\/tarcisio\/"}]}},"_links":{"self":[{"href":"https:\/\/www.pm.pb.gov.br\/portal\/wp-json\/wp\/v2\/posts\/897881"}],"collection":[{"href":"https:\/\/www.pm.pb.gov.br\/portal\/wp-json\/wp\/v2\/posts"}],"about":[{"href":"https:\/\/www.pm.pb.gov.br\/portal\/wp-json\/wp\/v2\/types\/post"}],"author":[{"embeddable":true,"href":"https:\/\/www.pm.pb.gov.br\/portal\/wp-json\/wp\/v2\/users\/12"}],"replies":[{"embeddable":true,"href":"https:\/\/www.pm.pb.gov.br\/portal\/wp-json\/wp\/v2\/comments?post=897881"}],"version-history":[{"count":3,"href":"https:\/\/www.pm.pb.gov.br\/portal\/wp-json\/wp\/v2\/posts\/897881\/revisions"}],"predecessor-version":[{"id":897894,"href":"https:\/\/www.pm.pb.gov.br\/portal\/wp-json\/wp\/v2\/posts\/897881\/revisions\/897894"}],"wp:featuredmedia":[{"embeddable":true,"href":"https:\/\/www.pm.pb.gov.br\/portal\/wp-json\/wp\/v2\/media\/897895"}],"wp:attachment":[{"href":"https:\/\/www.pm.pb.gov.br\/portal\/wp-json\/wp\/v2\/media?parent=897881"}],"wp:term":[{"taxonomy":"category","embeddable":true,"href":"https:\/\/www.pm.pb.gov.br\/portal\/wp-json\/wp\/v2\/categories?post=897881"},{"taxonomy":"post_tag","embeddable":true,"href":"https:\/\/www.pm.pb.gov.br\/portal\/wp-json\/wp\/v2\/tags?post=897881"}],"curies":[{"name":"wp","href":"https:\/\/api.w.org\/{rel}","templated":true}]}}