{"id":897875,"date":"2018-05-10T09:12:45","date_gmt":"2018-05-10T12:12:45","guid":{"rendered":"http:\/\/www.pm.pb.gov.br\/portal\/?p=897875"},"modified":"2018-05-10T09:12:45","modified_gmt":"2018-05-10T12:12:45","slug":"policia-militar-prende-tres-suspeitos-recaptura-foragido-apreende-arma-de-fogo-e-drogas-em-bayeux","status":"publish","type":"post","link":"https:\/\/www.pm.pb.gov.br\/portal\/2018\/05\/10\/policia-militar-prende-tres-suspeitos-recaptura-foragido-apreende-arma-de-fogo-e-drogas-em-bayeux\/","title":{"rendered":"Pol\u00edcia Militar prende tr\u00eas suspeitos, recaptura foragido, apreende arma de fogo e drogas em Bayeux"},"content":{"rendered":"<p style=\"text-align: justify;\">A Pol\u00edcia Militar prendeu quatro suspeitos em uma s\u00e9rie de a\u00e7\u00f5es realizadas na tarde dessa quarta-feira (09) no munic\u00edpio de Bayeux, regi\u00e3o metropolitana de Jo\u00e3o Pessoa. Foram apreendidas drogas, arma de fogo e dinheiro. Tr\u00eas adultos e um adolescente foram encaminhados para as delegacias, sendo um desses foragido da cadeia da cidade de Pianc\u00f3.<\/p>\n<p style=\"text-align: justify;\">Na pris\u00e3o mais recente, por volta das 17h, policiais da For\u00e7a T\u00e1tica da 4\u00aa Companhia Independente, orientados pela Coordenadoria de Intelig\u00eancia da PM (COInt), prenderam um suspeito de 25 anos, que estava com uma arma de fogo no bairro do Rio do Meio. A segunda pris\u00e3o aconteceu \u00e0s 15h50, aproximadamente, no bairro do Sesi, quando a PM foi informada que um homem estaria tentando sacar dinheiro em um banco com documentos de origem duvidosa. Durante a abordagem, os policiais confirmaram a den\u00fancia, e que o documento apresentado pelo suspeito tinha ainda o nome de outra pessoa.<\/p>\n<figure id=\"attachment_897867\" aria-describedby=\"caption-attachment-897867\" style=\"width: 386px\" class=\"wp-caption alignright\"><img loading=\"lazy\" decoding=\"async\" class=\"wp-image-897867\" src=\"http:\/\/www.pm.pb.gov.br\/portal\/wp-content\/uploads\/2018\/05\/WhatsApp-Image-2018-05-09-at-14.41.49-593x445.jpeg\" alt=\"\" width=\"386\" height=\"290\" srcset=\"https:\/\/www.pm.pb.gov.br\/portal\/wp-content\/uploads\/2018\/05\/WhatsApp-Image-2018-05-09-at-14.41.49-593x445.jpeg 593w, https:\/\/www.pm.pb.gov.br\/portal\/wp-content\/uploads\/2018\/05\/WhatsApp-Image-2018-05-09-at-14.41.49-768x576.jpeg 768w, https:\/\/www.pm.pb.gov.br\/portal\/wp-content\/uploads\/2018\/05\/WhatsApp-Image-2018-05-09-at-14.41.49-760x570.jpeg 760w, https:\/\/www.pm.pb.gov.br\/portal\/wp-content\/uploads\/2018\/05\/WhatsApp-Image-2018-05-09-at-14.41.49.jpeg 1040w\" sizes=\"(max-width: 386px) 100vw, 386px\" \/><figcaption id=\"caption-attachment-897867\" class=\"wp-caption-text\"><span style=\"font-size: 10pt;\">Droga estava com menor apreendido<\/span><\/figcaption><\/figure>\n<p style=\"text-align: justify;\"><strong>Drogas &#8211;<\/strong> Por volta das 14h, policias da For\u00e7a T\u00e1tica abordaram um adolescente de 17 anos, em atitude suspeita, que estava saindo de um beco, no bairro de S\u00e3o Bento. Com ele, os policiais encontraram dinheiro, e pequenas quantidades de subst\u00e2ncia semelhante \u00e0 maconha. Continuando as buscas no local onde ele havia sa\u00eddo, os policiais encontraram outras quantidades de drogas, totalizando 22 papelotes. Ele foi conduzido para a 5\u00aa Delegacia Distrital, para os procedimentos cab\u00edveis.<\/p>\n<p style=\"text-align: justify;\"><strong>Foragido &#8211;<\/strong> Mais cedo, aproximadamente \u00e0s 12h30, durante o patrulhamento no bairro Mario Andreazza, policiais identificaram e abordaram um homem de 27 anos, suspeito de praticar diversos delitos, e que era foragido do sistema prisional. Ele cumpria pena na cadeia de Pianc\u00f3 pelo crime de furto. O foragido foi encaminhado para a 5\u00aa DD.<\/p>\n","protected":false},"excerpt":{"rendered":"<p>A Pol\u00edcia Militar prendeu quatro suspeitos em uma s\u00e9rie de a\u00e7\u00f5es realizadas na tarde dessa quarta-feira (09) no munic\u00edpio de<\/p>\n","protected":false},"author":12,"featured_media":897874,"comment_status":"closed","ping_status":"closed","sticky":false,"template":"","format":"standard","meta":{"_exactmetrics_skip_tracking":false,"_exactmetrics_sitenote_active":false,"_exactmetrics_sitenote_note":"","_exactmetrics_sitenote_category":0,"footnotes":""},"categories":[4],"tags":[],"yoast_head":"<!-- This site is optimized with the Yoast SEO plugin v22.0 - https:\/\/yoast.com\/wordpress\/plugins\/seo\/ -->\n<title>Pol\u00edcia Militar prende tr\u00eas suspeitos, recaptura foragido, apreende arma de fogo e drogas em Bayeux - Pol\u00edcia Militar da Para\u00edba<\/title>\n<meta name=\"robots\" content=\"index, follow, max-snippet:-1, max-image-preview:large, max-video-preview:-1\" \/>\n<link rel=\"canonical\" href=\"https:\/\/www.pm.pb.gov.br\/portal\/2018\/05\/10\/policia-militar-prende-tres-suspeitos-recaptura-foragido-apreende-arma-de-fogo-e-drogas-em-bayeux\/\" \/>\n<meta property=\"og:locale\" content=\"pt_BR\" \/>\n<meta property=\"og:type\" content=\"article\" \/>\n<meta property=\"og:title\" content=\"Pol\u00edcia Militar prende tr\u00eas suspeitos, recaptura foragido, apreende arma de fogo e drogas em Bayeux - Pol\u00edcia Militar da Para\u00edba\" \/>\n<meta property=\"og:description\" content=\"A Pol\u00edcia Militar prendeu quatro suspeitos em uma s\u00e9rie de a\u00e7\u00f5es realizadas na tarde dessa quarta-feira (09) no munic\u00edpio de\" \/>\n<meta property=\"og:url\" content=\"https:\/\/www.pm.pb.gov.br\/portal\/2018\/05\/10\/policia-militar-prende-tres-suspeitos-recaptura-foragido-apreende-arma-de-fogo-e-drogas-em-bayeux\/\" \/>\n<meta property=\"og:site_name\" content=\"Pol\u00edcia Militar da Para\u00edba\" \/>\n<meta property=\"article:published_time\" content=\"2018-05-10T12:12:45+00:00\" \/>\n<meta property=\"og:image\" content=\"https:\/\/www.pm.pb.gov.br\/portal\/wp-content\/uploads\/2018\/05\/byx1.jpg\" \/>\n\t<meta property=\"og:image:width\" content=\"800\" \/>\n\t<meta property=\"og:image:height\" content=\"445\" \/>\n\t<meta property=\"og:image:type\" content=\"image\/jpeg\" \/>\n<meta name=\"author\" content=\"Tarcisio Oliveira\" \/>\n<meta name=\"twitter:card\" content=\"summary_large_image\" \/>\n<meta name=\"twitter:label1\" content=\"Escrito por\" \/>\n\t<meta name=\"twitter:data1\" content=\"Tarcisio Oliveira\" \/>\n\t<meta name=\"twitter:label2\" content=\"Est. tempo de leitura\" \/>\n\t<meta name=\"twitter:data2\" content=\"2 minutos\" \/>\n<script type=\"application\/ld+json\" class=\"yoast-schema-graph\">{\"@context\":\"https:\/\/schema.org\",\"@graph\":[{\"@type\":\"Article\",\"@id\":\"https:\/\/www.pm.pb.gov.br\/portal\/2018\/05\/10\/policia-militar-prende-tres-suspeitos-recaptura-foragido-apreende-arma-de-fogo-e-drogas-em-bayeux\/#article\",\"isPartOf\":{\"@id\":\"https:\/\/www.pm.pb.gov.br\/portal\/2018\/05\/10\/policia-militar-prende-tres-suspeitos-recaptura-foragido-apreende-arma-de-fogo-e-drogas-em-bayeux\/\"},\"author\":{\"name\":\"Tarcisio Oliveira\",\"@id\":\"https:\/\/www.pm.pb.gov.br\/portal\/#\/schema\/person\/f84f56dcc78ce4357054da888b8247fd\"},\"headline\":\"Pol\u00edcia Militar prende tr\u00eas suspeitos, recaptura foragido, apreende arma de fogo e drogas em Bayeux\",\"datePublished\":\"2018-05-10T12:12:45+00:00\",\"dateModified\":\"2018-05-10T12:12:45+00:00\",\"mainEntityOfPage\":{\"@id\":\"https:\/\/www.pm.pb.gov.br\/portal\/2018\/05\/10\/policia-militar-prende-tres-suspeitos-recaptura-foragido-apreende-arma-de-fogo-e-drogas-em-bayeux\/\"},\"wordCount\":318,\"publisher\":{\"@id\":\"https:\/\/www.pm.pb.gov.br\/portal\/#organization\"},\"articleSection\":[\"A\u00e7\u00f5es Policiais\"],\"inLanguage\":\"pt-BR\"},{\"@type\":\"WebPage\",\"@id\":\"https:\/\/www.pm.pb.gov.br\/portal\/2018\/05\/10\/policia-militar-prende-tres-suspeitos-recaptura-foragido-apreende-arma-de-fogo-e-drogas-em-bayeux\/\",\"url\":\"https:\/\/www.pm.pb.gov.br\/portal\/2018\/05\/10\/policia-militar-prende-tres-suspeitos-recaptura-foragido-apreende-arma-de-fogo-e-drogas-em-bayeux\/\",\"name\":\"Pol\u00edcia Militar prende tr\u00eas suspeitos, recaptura foragido, apreende arma de fogo e drogas em Bayeux - Pol\u00edcia Militar da Para\u00edba\",\"isPartOf\":{\"@id\":\"https:\/\/www.pm.pb.gov.br\/portal\/#website\"},\"datePublished\":\"2018-05-10T12:12:45+00:00\",\"dateModified\":\"2018-05-10T12:12:45+00:00\",\"breadcrumb\":{\"@id\":\"https:\/\/www.pm.pb.gov.br\/portal\/2018\/05\/10\/policia-militar-prende-tres-suspeitos-recaptura-foragido-apreende-arma-de-fogo-e-drogas-em-bayeux\/#breadcrumb\"},\"inLanguage\":\"pt-BR\",\"potentialAction\":[{\"@type\":\"ReadAction\",\"target\":[\"https:\/\/www.pm.pb.gov.br\/portal\/2018\/05\/10\/policia-militar-prende-tres-suspeitos-recaptura-foragido-apreende-arma-de-fogo-e-drogas-em-bayeux\/\"]}]},{\"@type\":\"BreadcrumbList\",\"@id\":\"https:\/\/www.pm.pb.gov.br\/portal\/2018\/05\/10\/policia-militar-prende-tres-suspeitos-recaptura-foragido-apreende-arma-de-fogo-e-drogas-em-bayeux\/#breadcrumb\",\"itemListElement\":[{\"@type\":\"ListItem\",\"position\":1,\"name\":\"In\u00edcio\",\"item\":\"https:\/\/www.pm.pb.gov.br\/portal\/\"},{\"@type\":\"ListItem\",\"position\":2,\"name\":\"Pol\u00edcia Militar prende tr\u00eas suspeitos, recaptura foragido, apreende arma de fogo e drogas em Bayeux\"}]},{\"@type\":\"WebSite\",\"@id\":\"https:\/\/www.pm.pb.gov.br\/portal\/#website\",\"url\":\"https:\/\/www.pm.pb.gov.br\/portal\/\",\"name\":\"Pol\u00edcia Militar da Para\u00edba\",\"description\":\"\",\"publisher\":{\"@id\":\"https:\/\/www.pm.pb.gov.br\/portal\/#organization\"},\"potentialAction\":[{\"@type\":\"SearchAction\",\"target\":{\"@type\":\"EntryPoint\",\"urlTemplate\":\"https:\/\/www.pm.pb.gov.br\/portal\/?s={search_term_string}\"},\"query-input\":\"required name=search_term_string\"}],\"inLanguage\":\"pt-BR\"},{\"@type\":\"Organization\",\"@id\":\"https:\/\/www.pm.pb.gov.br\/portal\/#organization\",\"name\":\"Pol\u00edcia Militar da Para\u00edba\",\"url\":\"https:\/\/www.pm.pb.gov.br\/portal\/\",\"logo\":{\"@type\":\"ImageObject\",\"inLanguage\":\"pt-BR\",\"@id\":\"https:\/\/www.pm.pb.gov.br\/portal\/#\/schema\/logo\/image\/\",\"url\":\"https:\/\/www.pm.pb.gov.br\/portal\/wp-content\/uploads\/2025\/03\/cropped-logo-site-mag2-1.png\",\"contentUrl\":\"https:\/\/www.pm.pb.gov.br\/portal\/wp-content\/uploads\/2025\/03\/cropped-logo-site-mag2-1.png\",\"width\":320,\"height\":90,\"caption\":\"Pol\u00edcia Militar da Para\u00edba\"},\"image\":{\"@id\":\"https:\/\/www.pm.pb.gov.br\/portal\/#\/schema\/logo\/image\/\"}},{\"@type\":\"Person\",\"@id\":\"https:\/\/www.pm.pb.gov.br\/portal\/#\/schema\/person\/f84f56dcc78ce4357054da888b8247fd\",\"name\":\"Tarcisio Oliveira\",\"image\":{\"@type\":\"ImageObject\",\"inLanguage\":\"pt-BR\",\"@id\":\"https:\/\/www.pm.pb.gov.br\/portal\/#\/schema\/person\/image\/\",\"url\":\"https:\/\/secure.gravatar.com\/avatar\/72917b630b69d31cd0297507f34bac97?s=96&d=mm&r=g\",\"contentUrl\":\"https:\/\/secure.gravatar.com\/avatar\/72917b630b69d31cd0297507f34bac97?s=96&d=mm&r=g\",\"caption\":\"Tarcisio Oliveira\"},\"url\":\"https:\/\/www.pm.pb.gov.br\/portal\/author\/tarcisio\/\"}]}<\/script>\n<!-- \/ Yoast SEO plugin. -->","yoast_head_json":{"title":"Pol\u00edcia Militar prende tr\u00eas suspeitos, recaptura foragido, apreende arma de fogo e drogas em Bayeux - Pol\u00edcia Militar da Para\u00edba","robots":{"index":"index","follow":"follow","max-snippet":"max-snippet:-1","max-image-preview":"max-image-preview:large","max-video-preview":"max-video-preview:-1"},"canonical":"https:\/\/www.pm.pb.gov.br\/portal\/2018\/05\/10\/policia-militar-prende-tres-suspeitos-recaptura-foragido-apreende-arma-de-fogo-e-drogas-em-bayeux\/","og_locale":"pt_BR","og_type":"article","og_title":"Pol\u00edcia Militar prende tr\u00eas suspeitos, recaptura foragido, apreende arma de fogo e drogas em Bayeux - Pol\u00edcia Militar da Para\u00edba","og_description":"A Pol\u00edcia Militar prendeu quatro suspeitos em uma s\u00e9rie de a\u00e7\u00f5es realizadas na tarde dessa quarta-feira (09) no munic\u00edpio de","og_url":"https:\/\/www.pm.pb.gov.br\/portal\/2018\/05\/10\/policia-militar-prende-tres-suspeitos-recaptura-foragido-apreende-arma-de-fogo-e-drogas-em-bayeux\/","og_site_name":"Pol\u00edcia Militar da Para\u00edba","article_published_time":"2018-05-10T12:12:45+00:00","og_image":[{"width":800,"height":445,"url":"https:\/\/www.pm.pb.gov.br\/portal\/wp-content\/uploads\/2018\/05\/byx1.jpg","type":"image\/jpeg"}],"author":"Tarcisio Oliveira","twitter_card":"summary_large_image","twitter_misc":{"Escrito por":"Tarcisio Oliveira","Est. tempo de leitura":"2 minutos"},"schema":{"@context":"https:\/\/schema.org","@graph":[{"@type":"Article","@id":"https:\/\/www.pm.pb.gov.br\/portal\/2018\/05\/10\/policia-militar-prende-tres-suspeitos-recaptura-foragido-apreende-arma-de-fogo-e-drogas-em-bayeux\/#article","isPartOf":{"@id":"https:\/\/www.pm.pb.gov.br\/portal\/2018\/05\/10\/policia-militar-prende-tres-suspeitos-recaptura-foragido-apreende-arma-de-fogo-e-drogas-em-bayeux\/"},"author":{"name":"Tarcisio Oliveira","@id":"https:\/\/www.pm.pb.gov.br\/portal\/#\/schema\/person\/f84f56dcc78ce4357054da888b8247fd"},"headline":"Pol\u00edcia Militar prende tr\u00eas suspeitos, recaptura foragido, apreende arma de fogo e drogas em Bayeux","datePublished":"2018-05-10T12:12:45+00:00","dateModified":"2018-05-10T12:12:45+00:00","mainEntityOfPage":{"@id":"https:\/\/www.pm.pb.gov.br\/portal\/2018\/05\/10\/policia-militar-prende-tres-suspeitos-recaptura-foragido-apreende-arma-de-fogo-e-drogas-em-bayeux\/"},"wordCount":318,"publisher":{"@id":"https:\/\/www.pm.pb.gov.br\/portal\/#organization"},"articleSection":["A\u00e7\u00f5es Policiais"],"inLanguage":"pt-BR"},{"@type":"WebPage","@id":"https:\/\/www.pm.pb.gov.br\/portal\/2018\/05\/10\/policia-militar-prende-tres-suspeitos-recaptura-foragido-apreende-arma-de-fogo-e-drogas-em-bayeux\/","url":"https:\/\/www.pm.pb.gov.br\/portal\/2018\/05\/10\/policia-militar-prende-tres-suspeitos-recaptura-foragido-apreende-arma-de-fogo-e-drogas-em-bayeux\/","name":"Pol\u00edcia Militar prende tr\u00eas suspeitos, recaptura foragido, apreende arma de fogo e drogas em Bayeux - Pol\u00edcia Militar da Para\u00edba","isPartOf":{"@id":"https:\/\/www.pm.pb.gov.br\/portal\/#website"},"datePublished":"2018-05-10T12:12:45+00:00","dateModified":"2018-05-10T12:12:45+00:00","breadcrumb":{"@id":"https:\/\/www.pm.pb.gov.br\/portal\/2018\/05\/10\/policia-militar-prende-tres-suspeitos-recaptura-foragido-apreende-arma-de-fogo-e-drogas-em-bayeux\/#breadcrumb"},"inLanguage":"pt-BR","potentialAction":[{"@type":"ReadAction","target":["https:\/\/www.pm.pb.gov.br\/portal\/2018\/05\/10\/policia-militar-prende-tres-suspeitos-recaptura-foragido-apreende-arma-de-fogo-e-drogas-em-bayeux\/"]}]},{"@type":"BreadcrumbList","@id":"https:\/\/www.pm.pb.gov.br\/portal\/2018\/05\/10\/policia-militar-prende-tres-suspeitos-recaptura-foragido-apreende-arma-de-fogo-e-drogas-em-bayeux\/#breadcrumb","itemListElement":[{"@type":"ListItem","position":1,"name":"In\u00edcio","item":"https:\/\/www.pm.pb.gov.br\/portal\/"},{"@type":"ListItem","position":2,"name":"Pol\u00edcia Militar prende tr\u00eas suspeitos, recaptura foragido, apreende arma de fogo e drogas em Bayeux"}]},{"@type":"WebSite","@id":"https:\/\/www.pm.pb.gov.br\/portal\/#website","url":"https:\/\/www.pm.pb.gov.br\/portal\/","name":"Pol\u00edcia Militar da Para\u00edba","description":"","publisher":{"@id":"https:\/\/www.pm.pb.gov.br\/portal\/#organization"},"potentialAction":[{"@type":"SearchAction","target":{"@type":"EntryPoint","urlTemplate":"https:\/\/www.pm.pb.gov.br\/portal\/?s={search_term_string}"},"query-input":"required name=search_term_string"}],"inLanguage":"pt-BR"},{"@type":"Organization","@id":"https:\/\/www.pm.pb.gov.br\/portal\/#organization","name":"Pol\u00edcia Militar da Para\u00edba","url":"https:\/\/www.pm.pb.gov.br\/portal\/","logo":{"@type":"ImageObject","inLanguage":"pt-BR","@id":"https:\/\/www.pm.pb.gov.br\/portal\/#\/schema\/logo\/image\/","url":"https:\/\/www.pm.pb.gov.br\/portal\/wp-content\/uploads\/2025\/03\/cropped-logo-site-mag2-1.png","contentUrl":"https:\/\/www.pm.pb.gov.br\/portal\/wp-content\/uploads\/2025\/03\/cropped-logo-site-mag2-1.png","width":320,"height":90,"caption":"Pol\u00edcia Militar da Para\u00edba"},"image":{"@id":"https:\/\/www.pm.pb.gov.br\/portal\/#\/schema\/logo\/image\/"}},{"@type":"Person","@id":"https:\/\/www.pm.pb.gov.br\/portal\/#\/schema\/person\/f84f56dcc78ce4357054da888b8247fd","name":"Tarcisio Oliveira","image":{"@type":"ImageObject","inLanguage":"pt-BR","@id":"https:\/\/www.pm.pb.gov.br\/portal\/#\/schema\/person\/image\/","url":"https:\/\/secure.gravatar.com\/avatar\/72917b630b69d31cd0297507f34bac97?s=96&d=mm&r=g","contentUrl":"https:\/\/secure.gravatar.com\/avatar\/72917b630b69d31cd0297507f34bac97?s=96&d=mm&r=g","caption":"Tarcisio Oliveira"},"url":"https:\/\/www.pm.pb.gov.br\/portal\/author\/tarcisio\/"}]}},"_links":{"self":[{"href":"https:\/\/www.pm.pb.gov.br\/portal\/wp-json\/wp\/v2\/posts\/897875"}],"collection":[{"href":"https:\/\/www.pm.pb.gov.br\/portal\/wp-json\/wp\/v2\/posts"}],"about":[{"href":"https:\/\/www.pm.pb.gov.br\/portal\/wp-json\/wp\/v2\/types\/post"}],"author":[{"embeddable":true,"href":"https:\/\/www.pm.pb.gov.br\/portal\/wp-json\/wp\/v2\/users\/12"}],"replies":[{"embeddable":true,"href":"https:\/\/www.pm.pb.gov.br\/portal\/wp-json\/wp\/v2\/comments?post=897875"}],"version-history":[{"count":1,"href":"https:\/\/www.pm.pb.gov.br\/portal\/wp-json\/wp\/v2\/posts\/897875\/revisions"}],"predecessor-version":[{"id":897876,"href":"https:\/\/www.pm.pb.gov.br\/portal\/wp-json\/wp\/v2\/posts\/897875\/revisions\/897876"}],"wp:featuredmedia":[{"embeddable":true,"href":"https:\/\/www.pm.pb.gov.br\/portal\/wp-json\/wp\/v2\/media\/897874"}],"wp:attachment":[{"href":"https:\/\/www.pm.pb.gov.br\/portal\/wp-json\/wp\/v2\/media?parent=897875"}],"wp:term":[{"taxonomy":"category","embeddable":true,"href":"https:\/\/www.pm.pb.gov.br\/portal\/wp-json\/wp\/v2\/categories?post=897875"},{"taxonomy":"post_tag","embeddable":true,"href":"https:\/\/www.pm.pb.gov.br\/portal\/wp-json\/wp\/v2\/tags?post=897875"}],"curies":[{"name":"wp","href":"https:\/\/api.w.org\/{rel}","templated":true}]}}