{"id":897869,"date":"2018-05-10T09:07:28","date_gmt":"2018-05-10T12:07:28","guid":{"rendered":"http:\/\/www.pm.pb.gov.br\/portal\/?p=897869"},"modified":"2018-05-10T09:07:28","modified_gmt":"2018-05-10T12:07:28","slug":"policia-militar-apreende-armas-de-fogo-recupera-objetos-roubados-e-localiza-carro-que-pode-ter-sido-usado-em-diversos-roubos-na-capital","status":"publish","type":"post","link":"https:\/\/www.pm.pb.gov.br\/portal\/2018\/05\/10\/policia-militar-apreende-armas-de-fogo-recupera-objetos-roubados-e-localiza-carro-que-pode-ter-sido-usado-em-diversos-roubos-na-capital\/","title":{"rendered":"Pol\u00edcia Militar apreende armas de fogo, recupera objetos roubados e localiza carro que pode ter sido usado em diversos roubos na Capital"},"content":{"rendered":"<p style=\"text-align: justify;\">Na tarde dessa quarta-feira (9), a Pol\u00edcia Militar prendeu uma mulher e apreendeu uma adolescente com duas armas de fogo, recuperou v\u00e1rios objetos roubados, dentre eles um colete bal\u00edstico, e um carro que pode ter sido usado para a realiza\u00e7\u00e3o de diversos assaltos em Jo\u00e3o Pessoa, inclusive em um restaurante no bairro de Mana\u00edra, na noite de ter\u00e7a-feira (8). O material recuperado foi localizado na comunidade Rabo da Gata, no Renascer, na cidade de Cabedelo, regi\u00e3o metropolitana da Capital.<\/p>\n<p style=\"text-align: justify;\">Policiais da For\u00e7a T\u00e1tica da 6\u00aa Companhia Independente estavam realizando rondas no bairro do Renascer, no in\u00edcio da tarde, quando avistaram um ve\u00edculo com as mesmas caracter\u00edsticas de um carro que, na noite anterior, teria se envolvido em uma ocorr\u00eancia de tr\u00e2nsito na qual houve disparos de arma de fogo, ap\u00f3s um roubo, no bairro do Bessa. O carro estava parado em frente a uma casa e os policias tentaram localizar o propriet\u00e1rio do ve\u00edculo, mas o dono n\u00e3o foi encontrado.<\/p>\n<p style=\"text-align: justify;\">Uma mulher de 27 anos estava no local e foi informada pelos policiais que o ve\u00edculo estava sendo usado para pr\u00e1tica de crimes. Na resid\u00eancia, os policiais conseguiram encontrar v\u00e1rios objetos roubados, dentre eles tr\u00eas TVs, um v\u00eddeo game, sete capacetes, um monitor de computador e duas facas. A mulher, que era companheira do dono do carro, foi detida.<\/p>\n<figure id=\"attachment_897870\" aria-describedby=\"caption-attachment-897870\" style=\"width: 459px\" class=\"wp-caption aligncenter\"><img loading=\"lazy\" decoding=\"async\" class=\"wp-image-897870\" src=\"http:\/\/www.pm.pb.gov.br\/portal\/wp-content\/uploads\/2018\/05\/fotos-3-593x445.jpeg\" alt=\"\" width=\"459\" height=\"346\" \/><figcaption id=\"caption-attachment-897870\" class=\"wp-caption-text\"><span style=\"font-size: 10pt;\">Televis\u00f5es e video-game foram recuperados<\/span><\/figcaption><\/figure>\n<p style=\"text-align: justify;\">Os policiais realizaram ainda dilig\u00eancias e averigua\u00e7\u00f5es em toda a regi\u00e3o. Na casa vizinha foram encontrados dois rev\u00f3lveres, um de calibre 38 e um de calibre 32, 14 muni\u00e7\u00f5es, 400 gramas de maconha, rel\u00f3gios e o colete bal\u00edstico. O material estava dentro de uma mochila, escondida perto de um colch\u00e3o. Uma adolescente de 13 anos que estava no local foi apreendida.<\/p>\n<p style=\"text-align: justify;\">As duas e os objetos apreendidos foram levados para a 7\u00aa Delegacia Distrital em Cabedelo, para os procedimentos cab\u00edveis. Segundos os policiais que realizaram a pris\u00e3o e apreens\u00e3o, algumas das v\u00edtimas se apresentaram e reconheceram os objetos que foram recuperados, inclusive o dono do restaurante roubado na noite de ter\u00e7a no bairro de Mana\u00edra.<\/p>\n<p style=\"text-align: justify;\">A confirma\u00e7\u00e3o da participa\u00e7\u00e3o do ve\u00edculo e das mulheres nos crimes dever\u00e1 ser investigada. A suspeita foi autuada por recepta\u00e7\u00e3o e o grupo autor dos delitos segue sendo procurado.<\/p>\n","protected":false},"excerpt":{"rendered":"<p>Na tarde dessa quarta-feira (9), a Pol\u00edcia Militar prendeu uma mulher e apreendeu uma adolescente com duas armas de fogo,<\/p>\n","protected":false},"author":12,"featured_media":897871,"comment_status":"closed","ping_status":"closed","sticky":false,"template":"","format":"standard","meta":{"_exactmetrics_skip_tracking":false,"_exactmetrics_sitenote_active":false,"_exactmetrics_sitenote_note":"","_exactmetrics_sitenote_category":0,"footnotes":""},"categories":[4],"tags":[],"yoast_head":"<!-- This site is optimized with the Yoast SEO plugin v22.0 - https:\/\/yoast.com\/wordpress\/plugins\/seo\/ -->\n<title>Pol\u00edcia Militar apreende armas de fogo, recupera objetos roubados e localiza carro que pode ter sido usado em diversos roubos na Capital - Pol\u00edcia Militar da Para\u00edba<\/title>\n<meta name=\"robots\" content=\"index, follow, max-snippet:-1, max-image-preview:large, max-video-preview:-1\" \/>\n<link rel=\"canonical\" href=\"https:\/\/www.pm.pb.gov.br\/portal\/2018\/05\/10\/policia-militar-apreende-armas-de-fogo-recupera-objetos-roubados-e-localiza-carro-que-pode-ter-sido-usado-em-diversos-roubos-na-capital\/\" \/>\n<meta property=\"og:locale\" content=\"pt_BR\" \/>\n<meta property=\"og:type\" content=\"article\" \/>\n<meta property=\"og:title\" content=\"Pol\u00edcia Militar apreende armas de fogo, recupera objetos roubados e localiza carro que pode ter sido usado em diversos roubos na Capital - Pol\u00edcia Militar da Para\u00edba\" \/>\n<meta property=\"og:description\" content=\"Na tarde dessa quarta-feira (9), a Pol\u00edcia Militar prendeu uma mulher e apreendeu uma adolescente com duas armas de fogo,\" \/>\n<meta property=\"og:url\" content=\"https:\/\/www.pm.pb.gov.br\/portal\/2018\/05\/10\/policia-militar-apreende-armas-de-fogo-recupera-objetos-roubados-e-localiza-carro-que-pode-ter-sido-usado-em-diversos-roubos-na-capital\/\" \/>\n<meta property=\"og:site_name\" content=\"Pol\u00edcia Militar da Para\u00edba\" \/>\n<meta property=\"article:published_time\" content=\"2018-05-10T12:07:28+00:00\" \/>\n<meta property=\"og:image\" content=\"https:\/\/www.pm.pb.gov.br\/portal\/wp-content\/uploads\/2018\/05\/principal.jpeg\" \/>\n\t<meta property=\"og:image:width\" content=\"800\" \/>\n\t<meta property=\"og:image:height\" content=\"445\" \/>\n\t<meta property=\"og:image:type\" content=\"image\/jpeg\" \/>\n<meta name=\"author\" content=\"Tarcisio Oliveira\" \/>\n<meta name=\"twitter:card\" content=\"summary_large_image\" \/>\n<meta name=\"twitter:label1\" content=\"Escrito por\" \/>\n\t<meta name=\"twitter:data1\" content=\"Tarcisio Oliveira\" \/>\n\t<meta name=\"twitter:label2\" content=\"Est. tempo de leitura\" \/>\n\t<meta name=\"twitter:data2\" content=\"2 minutos\" \/>\n<script type=\"application\/ld+json\" class=\"yoast-schema-graph\">{\"@context\":\"https:\/\/schema.org\",\"@graph\":[{\"@type\":\"Article\",\"@id\":\"https:\/\/www.pm.pb.gov.br\/portal\/2018\/05\/10\/policia-militar-apreende-armas-de-fogo-recupera-objetos-roubados-e-localiza-carro-que-pode-ter-sido-usado-em-diversos-roubos-na-capital\/#article\",\"isPartOf\":{\"@id\":\"https:\/\/www.pm.pb.gov.br\/portal\/2018\/05\/10\/policia-militar-apreende-armas-de-fogo-recupera-objetos-roubados-e-localiza-carro-que-pode-ter-sido-usado-em-diversos-roubos-na-capital\/\"},\"author\":{\"name\":\"Tarcisio Oliveira\",\"@id\":\"https:\/\/www.pm.pb.gov.br\/portal\/#\/schema\/person\/f84f56dcc78ce4357054da888b8247fd\"},\"headline\":\"Pol\u00edcia Militar apreende armas de fogo, recupera objetos roubados e localiza carro que pode ter sido usado em diversos roubos na Capital\",\"datePublished\":\"2018-05-10T12:07:28+00:00\",\"dateModified\":\"2018-05-10T12:07:28+00:00\",\"mainEntityOfPage\":{\"@id\":\"https:\/\/www.pm.pb.gov.br\/portal\/2018\/05\/10\/policia-militar-apreende-armas-de-fogo-recupera-objetos-roubados-e-localiza-carro-que-pode-ter-sido-usado-em-diversos-roubos-na-capital\/\"},\"wordCount\":432,\"publisher\":{\"@id\":\"https:\/\/www.pm.pb.gov.br\/portal\/#organization\"},\"articleSection\":[\"A\u00e7\u00f5es Policiais\"],\"inLanguage\":\"pt-BR\"},{\"@type\":\"WebPage\",\"@id\":\"https:\/\/www.pm.pb.gov.br\/portal\/2018\/05\/10\/policia-militar-apreende-armas-de-fogo-recupera-objetos-roubados-e-localiza-carro-que-pode-ter-sido-usado-em-diversos-roubos-na-capital\/\",\"url\":\"https:\/\/www.pm.pb.gov.br\/portal\/2018\/05\/10\/policia-militar-apreende-armas-de-fogo-recupera-objetos-roubados-e-localiza-carro-que-pode-ter-sido-usado-em-diversos-roubos-na-capital\/\",\"name\":\"Pol\u00edcia Militar apreende armas de fogo, recupera objetos roubados e localiza carro que pode ter sido usado em diversos roubos na Capital - Pol\u00edcia Militar da Para\u00edba\",\"isPartOf\":{\"@id\":\"https:\/\/www.pm.pb.gov.br\/portal\/#website\"},\"datePublished\":\"2018-05-10T12:07:28+00:00\",\"dateModified\":\"2018-05-10T12:07:28+00:00\",\"breadcrumb\":{\"@id\":\"https:\/\/www.pm.pb.gov.br\/portal\/2018\/05\/10\/policia-militar-apreende-armas-de-fogo-recupera-objetos-roubados-e-localiza-carro-que-pode-ter-sido-usado-em-diversos-roubos-na-capital\/#breadcrumb\"},\"inLanguage\":\"pt-BR\",\"potentialAction\":[{\"@type\":\"ReadAction\",\"target\":[\"https:\/\/www.pm.pb.gov.br\/portal\/2018\/05\/10\/policia-militar-apreende-armas-de-fogo-recupera-objetos-roubados-e-localiza-carro-que-pode-ter-sido-usado-em-diversos-roubos-na-capital\/\"]}]},{\"@type\":\"BreadcrumbList\",\"@id\":\"https:\/\/www.pm.pb.gov.br\/portal\/2018\/05\/10\/policia-militar-apreende-armas-de-fogo-recupera-objetos-roubados-e-localiza-carro-que-pode-ter-sido-usado-em-diversos-roubos-na-capital\/#breadcrumb\",\"itemListElement\":[{\"@type\":\"ListItem\",\"position\":1,\"name\":\"In\u00edcio\",\"item\":\"https:\/\/www.pm.pb.gov.br\/portal\/\"},{\"@type\":\"ListItem\",\"position\":2,\"name\":\"Pol\u00edcia Militar apreende armas de fogo, recupera objetos roubados e localiza carro que pode ter sido usado em diversos roubos na Capital\"}]},{\"@type\":\"WebSite\",\"@id\":\"https:\/\/www.pm.pb.gov.br\/portal\/#website\",\"url\":\"https:\/\/www.pm.pb.gov.br\/portal\/\",\"name\":\"Pol\u00edcia Militar da Para\u00edba\",\"description\":\"\",\"publisher\":{\"@id\":\"https:\/\/www.pm.pb.gov.br\/portal\/#organization\"},\"potentialAction\":[{\"@type\":\"SearchAction\",\"target\":{\"@type\":\"EntryPoint\",\"urlTemplate\":\"https:\/\/www.pm.pb.gov.br\/portal\/?s={search_term_string}\"},\"query-input\":\"required name=search_term_string\"}],\"inLanguage\":\"pt-BR\"},{\"@type\":\"Organization\",\"@id\":\"https:\/\/www.pm.pb.gov.br\/portal\/#organization\",\"name\":\"Pol\u00edcia Militar da Para\u00edba\",\"url\":\"https:\/\/www.pm.pb.gov.br\/portal\/\",\"logo\":{\"@type\":\"ImageObject\",\"inLanguage\":\"pt-BR\",\"@id\":\"https:\/\/www.pm.pb.gov.br\/portal\/#\/schema\/logo\/image\/\",\"url\":\"https:\/\/www.pm.pb.gov.br\/portal\/wp-content\/uploads\/2025\/03\/cropped-logo-site-mag2-1.png\",\"contentUrl\":\"https:\/\/www.pm.pb.gov.br\/portal\/wp-content\/uploads\/2025\/03\/cropped-logo-site-mag2-1.png\",\"width\":320,\"height\":90,\"caption\":\"Pol\u00edcia Militar da Para\u00edba\"},\"image\":{\"@id\":\"https:\/\/www.pm.pb.gov.br\/portal\/#\/schema\/logo\/image\/\"}},{\"@type\":\"Person\",\"@id\":\"https:\/\/www.pm.pb.gov.br\/portal\/#\/schema\/person\/f84f56dcc78ce4357054da888b8247fd\",\"name\":\"Tarcisio Oliveira\",\"image\":{\"@type\":\"ImageObject\",\"inLanguage\":\"pt-BR\",\"@id\":\"https:\/\/www.pm.pb.gov.br\/portal\/#\/schema\/person\/image\/\",\"url\":\"https:\/\/secure.gravatar.com\/avatar\/72917b630b69d31cd0297507f34bac97?s=96&d=mm&r=g\",\"contentUrl\":\"https:\/\/secure.gravatar.com\/avatar\/72917b630b69d31cd0297507f34bac97?s=96&d=mm&r=g\",\"caption\":\"Tarcisio Oliveira\"},\"url\":\"https:\/\/www.pm.pb.gov.br\/portal\/author\/tarcisio\/\"}]}<\/script>\n<!-- \/ Yoast SEO plugin. -->","yoast_head_json":{"title":"Pol\u00edcia Militar apreende armas de fogo, recupera objetos roubados e localiza carro que pode ter sido usado em diversos roubos na Capital - Pol\u00edcia Militar da Para\u00edba","robots":{"index":"index","follow":"follow","max-snippet":"max-snippet:-1","max-image-preview":"max-image-preview:large","max-video-preview":"max-video-preview:-1"},"canonical":"https:\/\/www.pm.pb.gov.br\/portal\/2018\/05\/10\/policia-militar-apreende-armas-de-fogo-recupera-objetos-roubados-e-localiza-carro-que-pode-ter-sido-usado-em-diversos-roubos-na-capital\/","og_locale":"pt_BR","og_type":"article","og_title":"Pol\u00edcia Militar apreende armas de fogo, recupera objetos roubados e localiza carro que pode ter sido usado em diversos roubos na Capital - Pol\u00edcia Militar da Para\u00edba","og_description":"Na tarde dessa quarta-feira (9), a Pol\u00edcia Militar prendeu uma mulher e apreendeu uma adolescente com duas armas de fogo,","og_url":"https:\/\/www.pm.pb.gov.br\/portal\/2018\/05\/10\/policia-militar-apreende-armas-de-fogo-recupera-objetos-roubados-e-localiza-carro-que-pode-ter-sido-usado-em-diversos-roubos-na-capital\/","og_site_name":"Pol\u00edcia Militar da Para\u00edba","article_published_time":"2018-05-10T12:07:28+00:00","og_image":[{"width":800,"height":445,"url":"https:\/\/www.pm.pb.gov.br\/portal\/wp-content\/uploads\/2018\/05\/principal.jpeg","type":"image\/jpeg"}],"author":"Tarcisio Oliveira","twitter_card":"summary_large_image","twitter_misc":{"Escrito por":"Tarcisio Oliveira","Est. tempo de leitura":"2 minutos"},"schema":{"@context":"https:\/\/schema.org","@graph":[{"@type":"Article","@id":"https:\/\/www.pm.pb.gov.br\/portal\/2018\/05\/10\/policia-militar-apreende-armas-de-fogo-recupera-objetos-roubados-e-localiza-carro-que-pode-ter-sido-usado-em-diversos-roubos-na-capital\/#article","isPartOf":{"@id":"https:\/\/www.pm.pb.gov.br\/portal\/2018\/05\/10\/policia-militar-apreende-armas-de-fogo-recupera-objetos-roubados-e-localiza-carro-que-pode-ter-sido-usado-em-diversos-roubos-na-capital\/"},"author":{"name":"Tarcisio Oliveira","@id":"https:\/\/www.pm.pb.gov.br\/portal\/#\/schema\/person\/f84f56dcc78ce4357054da888b8247fd"},"headline":"Pol\u00edcia Militar apreende armas de fogo, recupera objetos roubados e localiza carro que pode ter sido usado em diversos roubos na Capital","datePublished":"2018-05-10T12:07:28+00:00","dateModified":"2018-05-10T12:07:28+00:00","mainEntityOfPage":{"@id":"https:\/\/www.pm.pb.gov.br\/portal\/2018\/05\/10\/policia-militar-apreende-armas-de-fogo-recupera-objetos-roubados-e-localiza-carro-que-pode-ter-sido-usado-em-diversos-roubos-na-capital\/"},"wordCount":432,"publisher":{"@id":"https:\/\/www.pm.pb.gov.br\/portal\/#organization"},"articleSection":["A\u00e7\u00f5es Policiais"],"inLanguage":"pt-BR"},{"@type":"WebPage","@id":"https:\/\/www.pm.pb.gov.br\/portal\/2018\/05\/10\/policia-militar-apreende-armas-de-fogo-recupera-objetos-roubados-e-localiza-carro-que-pode-ter-sido-usado-em-diversos-roubos-na-capital\/","url":"https:\/\/www.pm.pb.gov.br\/portal\/2018\/05\/10\/policia-militar-apreende-armas-de-fogo-recupera-objetos-roubados-e-localiza-carro-que-pode-ter-sido-usado-em-diversos-roubos-na-capital\/","name":"Pol\u00edcia Militar apreende armas de fogo, recupera objetos roubados e localiza carro que pode ter sido usado em diversos roubos na Capital - Pol\u00edcia Militar da Para\u00edba","isPartOf":{"@id":"https:\/\/www.pm.pb.gov.br\/portal\/#website"},"datePublished":"2018-05-10T12:07:28+00:00","dateModified":"2018-05-10T12:07:28+00:00","breadcrumb":{"@id":"https:\/\/www.pm.pb.gov.br\/portal\/2018\/05\/10\/policia-militar-apreende-armas-de-fogo-recupera-objetos-roubados-e-localiza-carro-que-pode-ter-sido-usado-em-diversos-roubos-na-capital\/#breadcrumb"},"inLanguage":"pt-BR","potentialAction":[{"@type":"ReadAction","target":["https:\/\/www.pm.pb.gov.br\/portal\/2018\/05\/10\/policia-militar-apreende-armas-de-fogo-recupera-objetos-roubados-e-localiza-carro-que-pode-ter-sido-usado-em-diversos-roubos-na-capital\/"]}]},{"@type":"BreadcrumbList","@id":"https:\/\/www.pm.pb.gov.br\/portal\/2018\/05\/10\/policia-militar-apreende-armas-de-fogo-recupera-objetos-roubados-e-localiza-carro-que-pode-ter-sido-usado-em-diversos-roubos-na-capital\/#breadcrumb","itemListElement":[{"@type":"ListItem","position":1,"name":"In\u00edcio","item":"https:\/\/www.pm.pb.gov.br\/portal\/"},{"@type":"ListItem","position":2,"name":"Pol\u00edcia Militar apreende armas de fogo, recupera objetos roubados e localiza carro que pode ter sido usado em diversos roubos na Capital"}]},{"@type":"WebSite","@id":"https:\/\/www.pm.pb.gov.br\/portal\/#website","url":"https:\/\/www.pm.pb.gov.br\/portal\/","name":"Pol\u00edcia Militar da Para\u00edba","description":"","publisher":{"@id":"https:\/\/www.pm.pb.gov.br\/portal\/#organization"},"potentialAction":[{"@type":"SearchAction","target":{"@type":"EntryPoint","urlTemplate":"https:\/\/www.pm.pb.gov.br\/portal\/?s={search_term_string}"},"query-input":"required name=search_term_string"}],"inLanguage":"pt-BR"},{"@type":"Organization","@id":"https:\/\/www.pm.pb.gov.br\/portal\/#organization","name":"Pol\u00edcia Militar da Para\u00edba","url":"https:\/\/www.pm.pb.gov.br\/portal\/","logo":{"@type":"ImageObject","inLanguage":"pt-BR","@id":"https:\/\/www.pm.pb.gov.br\/portal\/#\/schema\/logo\/image\/","url":"https:\/\/www.pm.pb.gov.br\/portal\/wp-content\/uploads\/2025\/03\/cropped-logo-site-mag2-1.png","contentUrl":"https:\/\/www.pm.pb.gov.br\/portal\/wp-content\/uploads\/2025\/03\/cropped-logo-site-mag2-1.png","width":320,"height":90,"caption":"Pol\u00edcia Militar da Para\u00edba"},"image":{"@id":"https:\/\/www.pm.pb.gov.br\/portal\/#\/schema\/logo\/image\/"}},{"@type":"Person","@id":"https:\/\/www.pm.pb.gov.br\/portal\/#\/schema\/person\/f84f56dcc78ce4357054da888b8247fd","name":"Tarcisio Oliveira","image":{"@type":"ImageObject","inLanguage":"pt-BR","@id":"https:\/\/www.pm.pb.gov.br\/portal\/#\/schema\/person\/image\/","url":"https:\/\/secure.gravatar.com\/avatar\/72917b630b69d31cd0297507f34bac97?s=96&d=mm&r=g","contentUrl":"https:\/\/secure.gravatar.com\/avatar\/72917b630b69d31cd0297507f34bac97?s=96&d=mm&r=g","caption":"Tarcisio Oliveira"},"url":"https:\/\/www.pm.pb.gov.br\/portal\/author\/tarcisio\/"}]}},"_links":{"self":[{"href":"https:\/\/www.pm.pb.gov.br\/portal\/wp-json\/wp\/v2\/posts\/897869"}],"collection":[{"href":"https:\/\/www.pm.pb.gov.br\/portal\/wp-json\/wp\/v2\/posts"}],"about":[{"href":"https:\/\/www.pm.pb.gov.br\/portal\/wp-json\/wp\/v2\/types\/post"}],"author":[{"embeddable":true,"href":"https:\/\/www.pm.pb.gov.br\/portal\/wp-json\/wp\/v2\/users\/12"}],"replies":[{"embeddable":true,"href":"https:\/\/www.pm.pb.gov.br\/portal\/wp-json\/wp\/v2\/comments?post=897869"}],"version-history":[{"count":1,"href":"https:\/\/www.pm.pb.gov.br\/portal\/wp-json\/wp\/v2\/posts\/897869\/revisions"}],"predecessor-version":[{"id":897872,"href":"https:\/\/www.pm.pb.gov.br\/portal\/wp-json\/wp\/v2\/posts\/897869\/revisions\/897872"}],"wp:featuredmedia":[{"embeddable":true,"href":"https:\/\/www.pm.pb.gov.br\/portal\/wp-json\/wp\/v2\/media\/897871"}],"wp:attachment":[{"href":"https:\/\/www.pm.pb.gov.br\/portal\/wp-json\/wp\/v2\/media?parent=897869"}],"wp:term":[{"taxonomy":"category","embeddable":true,"href":"https:\/\/www.pm.pb.gov.br\/portal\/wp-json\/wp\/v2\/categories?post=897869"},{"taxonomy":"post_tag","embeddable":true,"href":"https:\/\/www.pm.pb.gov.br\/portal\/wp-json\/wp\/v2\/tags?post=897869"}],"curies":[{"name":"wp","href":"https:\/\/api.w.org\/{rel}","templated":true}]}}