{"id":897858,"date":"2018-05-09T09:20:28","date_gmt":"2018-05-09T12:20:28","guid":{"rendered":"http:\/\/www.pm.pb.gov.br\/portal\/?p=897858"},"modified":"2018-05-09T16:33:33","modified_gmt":"2018-05-09T19:33:33","slug":"policia-militar-prende-suspeitos-de-homicidio-ocorrido-no-rn","status":"publish","type":"post","link":"https:\/\/www.pm.pb.gov.br\/portal\/2018\/05\/09\/policia-militar-prende-suspeitos-de-homicidio-ocorrido-no-rn\/","title":{"rendered":"Pol\u00edcia Militar prende suspeitos de homic\u00eddio ocorrido no RN"},"content":{"rendered":"<p style=\"text-align: justify;\">A Pol\u00edcia Militar prendeu dois suspeitos de cometerem um homic\u00eddio no estado do Rio Grande do Norte, nessa ter\u00e7a-feira (8). Na a\u00e7\u00e3o, foi recuperado um carro roubado. Tr\u00eas aparelhos celulares, o dinheiro de uma das v\u00edtimas e uma arma de fogo, que possivelmente foi utilizada na a\u00e7\u00e3o criminosa, tamb\u00e9m foram apreendidos.<\/p>\n<p style=\"text-align: justify;\">Por volta do meio-dia, policiais militares da 2\u00aa Companhia Independente foram informados do homic\u00eddio ocorrido em Baia Formosa (RN), onde um homem de 78 anos morreu ap\u00f3s receber um tiro de arma de fogo. \u201cSegundo informa\u00e7\u00f5es, dois suspeitos teriam fugido para a Para\u00edba em um ve\u00edculo Prisma. Imediatamente os policiais iniciaram dilig\u00eancias e localizaram uma dupla suspeita em um ve\u00edculo Cerato\u201d, explicou o major Alberto Filho, comandante da 2\u00aa CIPM.<\/p>\n<p style=\"text-align: justify;\"><img loading=\"lazy\" decoding=\"async\" class=\"wp-image-897860 alignright\" src=\"http:\/\/www.pm.pb.gov.br\/portal\/wp-content\/uploads\/2018\/05\/WhatsApp-Image-2018-05-09-at-14.06.28-593x445.jpeg\" alt=\"\" width=\"284\" height=\"213\" srcset=\"https:\/\/www.pm.pb.gov.br\/portal\/wp-content\/uploads\/2018\/05\/WhatsApp-Image-2018-05-09-at-14.06.28-593x445.jpeg 593w, https:\/\/www.pm.pb.gov.br\/portal\/wp-content\/uploads\/2018\/05\/WhatsApp-Image-2018-05-09-at-14.06.28-768x576.jpeg 768w, https:\/\/www.pm.pb.gov.br\/portal\/wp-content\/uploads\/2018\/05\/WhatsApp-Image-2018-05-09-at-14.06.28-760x570.jpeg 760w, https:\/\/www.pm.pb.gov.br\/portal\/wp-content\/uploads\/2018\/05\/WhatsApp-Image-2018-05-09-at-14.06.28.jpeg 1280w\" sizes=\"(max-width: 284px) 100vw, 284px\" \/>Foi realizada persegui\u00e7\u00e3o ao carro suspeito, cujo condutor tentou fugir pelo canavial nas proximidades da Cidade Nova, regi\u00e3o de Mamanguape, em uma estrada vicinal. O ve\u00edculo foi abandonado e alguns pertences pessoais da v\u00edtima dona do carro foram encontrados. A equipe policial que foi para Jacara\u00fa encontrou o Prisma queimado, e a v\u00edtima que teve o Cerato e dinheiro levado pelos suspeitos tamb\u00e9m foi localizada.<\/p>\n<p style=\"text-align: justify;\">Ainda no in\u00edcio da noite, os suspeitos foram detidos pela Pol\u00edcia Militar na estrada que liga Mamanguape a Itapororoca. A dupla e os materiais apreendidos foram entregues na Delegacia de Mamanguape. Os suspeitos foram autuados por homic\u00eddio, roubo e porte ilegal de arma de fogo. Um deles, de 21 anos, era apenado do regime semiaberto.<\/p>\n","protected":false},"excerpt":{"rendered":"<p>A Pol\u00edcia Militar prendeu dois suspeitos de cometerem um homic\u00eddio no estado do Rio Grande do Norte, nessa ter\u00e7a-feira (8).<\/p>\n","protected":false},"author":15,"featured_media":897862,"comment_status":"closed","ping_status":"closed","sticky":false,"template":"","format":"standard","meta":{"_exactmetrics_skip_tracking":false,"_exactmetrics_sitenote_active":false,"_exactmetrics_sitenote_note":"","_exactmetrics_sitenote_category":0,"footnotes":""},"categories":[4],"tags":[],"yoast_head":"<!-- This site is optimized with the Yoast SEO plugin v22.0 - https:\/\/yoast.com\/wordpress\/plugins\/seo\/ -->\n<title>Pol\u00edcia Militar prende suspeitos de homic\u00eddio ocorrido no RN - Pol\u00edcia Militar da Para\u00edba<\/title>\n<meta name=\"robots\" content=\"index, follow, max-snippet:-1, max-image-preview:large, max-video-preview:-1\" \/>\n<link rel=\"canonical\" href=\"https:\/\/www.pm.pb.gov.br\/portal\/2018\/05\/09\/policia-militar-prende-suspeitos-de-homicidio-ocorrido-no-rn\/\" \/>\n<meta property=\"og:locale\" content=\"pt_BR\" \/>\n<meta property=\"og:type\" content=\"article\" \/>\n<meta property=\"og:title\" content=\"Pol\u00edcia Militar prende suspeitos de homic\u00eddio ocorrido no RN - Pol\u00edcia Militar da Para\u00edba\" \/>\n<meta property=\"og:description\" content=\"A Pol\u00edcia Militar prendeu dois suspeitos de cometerem um homic\u00eddio no estado do Rio Grande do Norte, nessa ter\u00e7a-feira (8).\" \/>\n<meta property=\"og:url\" content=\"https:\/\/www.pm.pb.gov.br\/portal\/2018\/05\/09\/policia-militar-prende-suspeitos-de-homicidio-ocorrido-no-rn\/\" \/>\n<meta property=\"og:site_name\" content=\"Pol\u00edcia Militar da Para\u00edba\" \/>\n<meta property=\"article:published_time\" content=\"2018-05-09T12:20:28+00:00\" \/>\n<meta property=\"article:modified_time\" content=\"2018-05-09T19:33:33+00:00\" \/>\n<meta property=\"og:image\" content=\"https:\/\/www.pm.pb.gov.br\/portal\/wp-content\/uploads\/2018\/05\/WhatsApp-Image-2018-05-09-at-14.06.28-1.jpeg\" \/>\n\t<meta property=\"og:image:width\" content=\"800\" \/>\n\t<meta property=\"og:image:height\" content=\"450\" \/>\n\t<meta property=\"og:image:type\" content=\"image\/jpeg\" \/>\n<meta name=\"author\" content=\"Marcio Gomes dos Santos\" \/>\n<meta name=\"twitter:card\" content=\"summary_large_image\" \/>\n<meta name=\"twitter:label1\" content=\"Escrito por\" \/>\n\t<meta name=\"twitter:data1\" content=\"Marcio Gomes dos Santos\" \/>\n\t<meta name=\"twitter:label2\" content=\"Est. tempo de leitura\" \/>\n\t<meta name=\"twitter:data2\" content=\"1 minuto\" \/>\n<script type=\"application\/ld+json\" class=\"yoast-schema-graph\">{\"@context\":\"https:\/\/schema.org\",\"@graph\":[{\"@type\":\"Article\",\"@id\":\"https:\/\/www.pm.pb.gov.br\/portal\/2018\/05\/09\/policia-militar-prende-suspeitos-de-homicidio-ocorrido-no-rn\/#article\",\"isPartOf\":{\"@id\":\"https:\/\/www.pm.pb.gov.br\/portal\/2018\/05\/09\/policia-militar-prende-suspeitos-de-homicidio-ocorrido-no-rn\/\"},\"author\":{\"name\":\"Marcio Gomes dos Santos\",\"@id\":\"https:\/\/www.pm.pb.gov.br\/portal\/#\/schema\/person\/30d571652b38533c2211e4e89bf5a502\"},\"headline\":\"Pol\u00edcia Militar prende suspeitos de homic\u00eddio ocorrido no RN\",\"datePublished\":\"2018-05-09T12:20:28+00:00\",\"dateModified\":\"2018-05-09T19:33:33+00:00\",\"mainEntityOfPage\":{\"@id\":\"https:\/\/www.pm.pb.gov.br\/portal\/2018\/05\/09\/policia-militar-prende-suspeitos-de-homicidio-ocorrido-no-rn\/\"},\"wordCount\":271,\"publisher\":{\"@id\":\"https:\/\/www.pm.pb.gov.br\/portal\/#organization\"},\"articleSection\":[\"A\u00e7\u00f5es Policiais\"],\"inLanguage\":\"pt-BR\"},{\"@type\":\"WebPage\",\"@id\":\"https:\/\/www.pm.pb.gov.br\/portal\/2018\/05\/09\/policia-militar-prende-suspeitos-de-homicidio-ocorrido-no-rn\/\",\"url\":\"https:\/\/www.pm.pb.gov.br\/portal\/2018\/05\/09\/policia-militar-prende-suspeitos-de-homicidio-ocorrido-no-rn\/\",\"name\":\"Pol\u00edcia Militar prende suspeitos de homic\u00eddio ocorrido no RN - Pol\u00edcia Militar da Para\u00edba\",\"isPartOf\":{\"@id\":\"https:\/\/www.pm.pb.gov.br\/portal\/#website\"},\"datePublished\":\"2018-05-09T12:20:28+00:00\",\"dateModified\":\"2018-05-09T19:33:33+00:00\",\"breadcrumb\":{\"@id\":\"https:\/\/www.pm.pb.gov.br\/portal\/2018\/05\/09\/policia-militar-prende-suspeitos-de-homicidio-ocorrido-no-rn\/#breadcrumb\"},\"inLanguage\":\"pt-BR\",\"potentialAction\":[{\"@type\":\"ReadAction\",\"target\":[\"https:\/\/www.pm.pb.gov.br\/portal\/2018\/05\/09\/policia-militar-prende-suspeitos-de-homicidio-ocorrido-no-rn\/\"]}]},{\"@type\":\"BreadcrumbList\",\"@id\":\"https:\/\/www.pm.pb.gov.br\/portal\/2018\/05\/09\/policia-militar-prende-suspeitos-de-homicidio-ocorrido-no-rn\/#breadcrumb\",\"itemListElement\":[{\"@type\":\"ListItem\",\"position\":1,\"name\":\"In\u00edcio\",\"item\":\"https:\/\/www.pm.pb.gov.br\/portal\/\"},{\"@type\":\"ListItem\",\"position\":2,\"name\":\"Pol\u00edcia Militar prende suspeitos de homic\u00eddio ocorrido no RN\"}]},{\"@type\":\"WebSite\",\"@id\":\"https:\/\/www.pm.pb.gov.br\/portal\/#website\",\"url\":\"https:\/\/www.pm.pb.gov.br\/portal\/\",\"name\":\"Pol\u00edcia Militar da Para\u00edba\",\"description\":\"\",\"publisher\":{\"@id\":\"https:\/\/www.pm.pb.gov.br\/portal\/#organization\"},\"potentialAction\":[{\"@type\":\"SearchAction\",\"target\":{\"@type\":\"EntryPoint\",\"urlTemplate\":\"https:\/\/www.pm.pb.gov.br\/portal\/?s={search_term_string}\"},\"query-input\":\"required name=search_term_string\"}],\"inLanguage\":\"pt-BR\"},{\"@type\":\"Organization\",\"@id\":\"https:\/\/www.pm.pb.gov.br\/portal\/#organization\",\"name\":\"Pol\u00edcia Militar da Para\u00edba\",\"url\":\"https:\/\/www.pm.pb.gov.br\/portal\/\",\"logo\":{\"@type\":\"ImageObject\",\"inLanguage\":\"pt-BR\",\"@id\":\"https:\/\/www.pm.pb.gov.br\/portal\/#\/schema\/logo\/image\/\",\"url\":\"https:\/\/www.pm.pb.gov.br\/portal\/wp-content\/uploads\/2025\/03\/cropped-logo-site-mag2-1.png\",\"contentUrl\":\"https:\/\/www.pm.pb.gov.br\/portal\/wp-content\/uploads\/2025\/03\/cropped-logo-site-mag2-1.png\",\"width\":320,\"height\":90,\"caption\":\"Pol\u00edcia Militar da Para\u00edba\"},\"image\":{\"@id\":\"https:\/\/www.pm.pb.gov.br\/portal\/#\/schema\/logo\/image\/\"}},{\"@type\":\"Person\",\"@id\":\"https:\/\/www.pm.pb.gov.br\/portal\/#\/schema\/person\/30d571652b38533c2211e4e89bf5a502\",\"name\":\"Marcio Gomes dos Santos\",\"image\":{\"@type\":\"ImageObject\",\"inLanguage\":\"pt-BR\",\"@id\":\"https:\/\/www.pm.pb.gov.br\/portal\/#\/schema\/person\/image\/\",\"url\":\"https:\/\/secure.gravatar.com\/avatar\/cf4ec2cb690101e1581c7773aa350c19?s=96&d=mm&r=g\",\"contentUrl\":\"https:\/\/secure.gravatar.com\/avatar\/cf4ec2cb690101e1581c7773aa350c19?s=96&d=mm&r=g\",\"caption\":\"Marcio Gomes dos Santos\"},\"url\":\"https:\/\/www.pm.pb.gov.br\/portal\/author\/mgomes\/\"}]}<\/script>\n<!-- \/ Yoast SEO plugin. -->","yoast_head_json":{"title":"Pol\u00edcia Militar prende suspeitos de homic\u00eddio ocorrido no RN - Pol\u00edcia Militar da Para\u00edba","robots":{"index":"index","follow":"follow","max-snippet":"max-snippet:-1","max-image-preview":"max-image-preview:large","max-video-preview":"max-video-preview:-1"},"canonical":"https:\/\/www.pm.pb.gov.br\/portal\/2018\/05\/09\/policia-militar-prende-suspeitos-de-homicidio-ocorrido-no-rn\/","og_locale":"pt_BR","og_type":"article","og_title":"Pol\u00edcia Militar prende suspeitos de homic\u00eddio ocorrido no RN - Pol\u00edcia Militar da Para\u00edba","og_description":"A Pol\u00edcia Militar prendeu dois suspeitos de cometerem um homic\u00eddio no estado do Rio Grande do Norte, nessa ter\u00e7a-feira (8).","og_url":"https:\/\/www.pm.pb.gov.br\/portal\/2018\/05\/09\/policia-militar-prende-suspeitos-de-homicidio-ocorrido-no-rn\/","og_site_name":"Pol\u00edcia Militar da Para\u00edba","article_published_time":"2018-05-09T12:20:28+00:00","article_modified_time":"2018-05-09T19:33:33+00:00","og_image":[{"width":800,"height":450,"url":"https:\/\/www.pm.pb.gov.br\/portal\/wp-content\/uploads\/2018\/05\/WhatsApp-Image-2018-05-09-at-14.06.28-1.jpeg","type":"image\/jpeg"}],"author":"Marcio Gomes dos Santos","twitter_card":"summary_large_image","twitter_misc":{"Escrito por":"Marcio Gomes dos Santos","Est. tempo de leitura":"1 minuto"},"schema":{"@context":"https:\/\/schema.org","@graph":[{"@type":"Article","@id":"https:\/\/www.pm.pb.gov.br\/portal\/2018\/05\/09\/policia-militar-prende-suspeitos-de-homicidio-ocorrido-no-rn\/#article","isPartOf":{"@id":"https:\/\/www.pm.pb.gov.br\/portal\/2018\/05\/09\/policia-militar-prende-suspeitos-de-homicidio-ocorrido-no-rn\/"},"author":{"name":"Marcio Gomes dos Santos","@id":"https:\/\/www.pm.pb.gov.br\/portal\/#\/schema\/person\/30d571652b38533c2211e4e89bf5a502"},"headline":"Pol\u00edcia Militar prende suspeitos de homic\u00eddio ocorrido no RN","datePublished":"2018-05-09T12:20:28+00:00","dateModified":"2018-05-09T19:33:33+00:00","mainEntityOfPage":{"@id":"https:\/\/www.pm.pb.gov.br\/portal\/2018\/05\/09\/policia-militar-prende-suspeitos-de-homicidio-ocorrido-no-rn\/"},"wordCount":271,"publisher":{"@id":"https:\/\/www.pm.pb.gov.br\/portal\/#organization"},"articleSection":["A\u00e7\u00f5es Policiais"],"inLanguage":"pt-BR"},{"@type":"WebPage","@id":"https:\/\/www.pm.pb.gov.br\/portal\/2018\/05\/09\/policia-militar-prende-suspeitos-de-homicidio-ocorrido-no-rn\/","url":"https:\/\/www.pm.pb.gov.br\/portal\/2018\/05\/09\/policia-militar-prende-suspeitos-de-homicidio-ocorrido-no-rn\/","name":"Pol\u00edcia Militar prende suspeitos de homic\u00eddio ocorrido no RN - Pol\u00edcia Militar da Para\u00edba","isPartOf":{"@id":"https:\/\/www.pm.pb.gov.br\/portal\/#website"},"datePublished":"2018-05-09T12:20:28+00:00","dateModified":"2018-05-09T19:33:33+00:00","breadcrumb":{"@id":"https:\/\/www.pm.pb.gov.br\/portal\/2018\/05\/09\/policia-militar-prende-suspeitos-de-homicidio-ocorrido-no-rn\/#breadcrumb"},"inLanguage":"pt-BR","potentialAction":[{"@type":"ReadAction","target":["https:\/\/www.pm.pb.gov.br\/portal\/2018\/05\/09\/policia-militar-prende-suspeitos-de-homicidio-ocorrido-no-rn\/"]}]},{"@type":"BreadcrumbList","@id":"https:\/\/www.pm.pb.gov.br\/portal\/2018\/05\/09\/policia-militar-prende-suspeitos-de-homicidio-ocorrido-no-rn\/#breadcrumb","itemListElement":[{"@type":"ListItem","position":1,"name":"In\u00edcio","item":"https:\/\/www.pm.pb.gov.br\/portal\/"},{"@type":"ListItem","position":2,"name":"Pol\u00edcia Militar prende suspeitos de homic\u00eddio ocorrido no RN"}]},{"@type":"WebSite","@id":"https:\/\/www.pm.pb.gov.br\/portal\/#website","url":"https:\/\/www.pm.pb.gov.br\/portal\/","name":"Pol\u00edcia Militar da Para\u00edba","description":"","publisher":{"@id":"https:\/\/www.pm.pb.gov.br\/portal\/#organization"},"potentialAction":[{"@type":"SearchAction","target":{"@type":"EntryPoint","urlTemplate":"https:\/\/www.pm.pb.gov.br\/portal\/?s={search_term_string}"},"query-input":"required name=search_term_string"}],"inLanguage":"pt-BR"},{"@type":"Organization","@id":"https:\/\/www.pm.pb.gov.br\/portal\/#organization","name":"Pol\u00edcia Militar da Para\u00edba","url":"https:\/\/www.pm.pb.gov.br\/portal\/","logo":{"@type":"ImageObject","inLanguage":"pt-BR","@id":"https:\/\/www.pm.pb.gov.br\/portal\/#\/schema\/logo\/image\/","url":"https:\/\/www.pm.pb.gov.br\/portal\/wp-content\/uploads\/2025\/03\/cropped-logo-site-mag2-1.png","contentUrl":"https:\/\/www.pm.pb.gov.br\/portal\/wp-content\/uploads\/2025\/03\/cropped-logo-site-mag2-1.png","width":320,"height":90,"caption":"Pol\u00edcia Militar da Para\u00edba"},"image":{"@id":"https:\/\/www.pm.pb.gov.br\/portal\/#\/schema\/logo\/image\/"}},{"@type":"Person","@id":"https:\/\/www.pm.pb.gov.br\/portal\/#\/schema\/person\/30d571652b38533c2211e4e89bf5a502","name":"Marcio Gomes dos Santos","image":{"@type":"ImageObject","inLanguage":"pt-BR","@id":"https:\/\/www.pm.pb.gov.br\/portal\/#\/schema\/person\/image\/","url":"https:\/\/secure.gravatar.com\/avatar\/cf4ec2cb690101e1581c7773aa350c19?s=96&d=mm&r=g","contentUrl":"https:\/\/secure.gravatar.com\/avatar\/cf4ec2cb690101e1581c7773aa350c19?s=96&d=mm&r=g","caption":"Marcio Gomes dos Santos"},"url":"https:\/\/www.pm.pb.gov.br\/portal\/author\/mgomes\/"}]}},"_links":{"self":[{"href":"https:\/\/www.pm.pb.gov.br\/portal\/wp-json\/wp\/v2\/posts\/897858"}],"collection":[{"href":"https:\/\/www.pm.pb.gov.br\/portal\/wp-json\/wp\/v2\/posts"}],"about":[{"href":"https:\/\/www.pm.pb.gov.br\/portal\/wp-json\/wp\/v2\/types\/post"}],"author":[{"embeddable":true,"href":"https:\/\/www.pm.pb.gov.br\/portal\/wp-json\/wp\/v2\/users\/15"}],"replies":[{"embeddable":true,"href":"https:\/\/www.pm.pb.gov.br\/portal\/wp-json\/wp\/v2\/comments?post=897858"}],"version-history":[{"count":1,"href":"https:\/\/www.pm.pb.gov.br\/portal\/wp-json\/wp\/v2\/posts\/897858\/revisions"}],"predecessor-version":[{"id":897861,"href":"https:\/\/www.pm.pb.gov.br\/portal\/wp-json\/wp\/v2\/posts\/897858\/revisions\/897861"}],"wp:featuredmedia":[{"embeddable":true,"href":"https:\/\/www.pm.pb.gov.br\/portal\/wp-json\/wp\/v2\/media\/897862"}],"wp:attachment":[{"href":"https:\/\/www.pm.pb.gov.br\/portal\/wp-json\/wp\/v2\/media?parent=897858"}],"wp:term":[{"taxonomy":"category","embeddable":true,"href":"https:\/\/www.pm.pb.gov.br\/portal\/wp-json\/wp\/v2\/categories?post=897858"},{"taxonomy":"post_tag","embeddable":true,"href":"https:\/\/www.pm.pb.gov.br\/portal\/wp-json\/wp\/v2\/tags?post=897858"}],"curies":[{"name":"wp","href":"https:\/\/api.w.org\/{rel}","templated":true}]}}