{"id":897851,"date":"2018-05-08T17:52:37","date_gmt":"2018-05-08T20:52:37","guid":{"rendered":"http:\/\/www.pm.pb.gov.br\/portal\/?p=897851"},"modified":"2018-05-08T17:52:37","modified_gmt":"2018-05-08T20:52:37","slug":"divulgada-lista-com-candidatos-habilitados-para-a-proxima-fase-do-concurso-cfsd-2018","status":"publish","type":"post","link":"https:\/\/www.pm.pb.gov.br\/portal\/2018\/05\/08\/divulgada-lista-com-candidatos-habilitados-para-a-proxima-fase-do-concurso-cfsd-2018\/","title":{"rendered":"Divulgada lista com candidatos habilitados para a pr\u00f3xima fase do Concurso CFSd 2018"},"content":{"rendered":"<p style=\"text-align: justify;\">Divulgado a lista com o nome dos candidatos habilitados para a pr\u00f3xima fase do Concurso da Pol\u00edcia Militar e Corpo de Bombeiros Militar da Para\u00edba. Foram quase 80 mil candidatos inscritos para uma das mil vagas disponibilizadas pelas institui\u00e7\u00f5es. Na lista dos habilitados, que foi disponibilizada nesta ter\u00e7a-feira (08), ser\u00e3o convocados 2 mil candidatos, ou seja, duas vezes o n\u00famero de vagas, para o exame psicot\u00e9cnico, que est\u00e1 previsto para acontecer nos dias 19 e 20 de maio.<\/p>\n<p style=\"text-align: justify;\">A lista com o nome dos candidatos est\u00e1 dispon\u00edvel no site do Ibfc (<a href=\"https:\/\/www.ibfc.org.br\/concurso\/concurso_selecionado\/323\">https:\/\/www.ibfc.org.br\/concurso\/concurso_selecionado\/323<\/a>). Ainda conforme o edital, as demais etapas do processo de sele\u00e7\u00e3o est\u00e3o previstas para acontecerem nos dias 18 de junho (exame de sa\u00fade), e 19 e 20 de junho (teste de aptid\u00e3o f\u00edsica), todos de car\u00e1ter eliminat\u00f3rio.<\/p>\n<p style=\"text-align: justify;\">Para os exames de sa\u00fade, o candidato deve providenciar todos os exames laboratoriais solicitados no item 9.3.3 do edital, que dever\u00e1 conter ainda o nome completo e o n\u00famero de identidade do candidato, grafados nos mesmos padr\u00f5es.<\/p>\n","protected":false},"excerpt":{"rendered":"<p>Divulgado a lista com o nome dos candidatos habilitados para a pr\u00f3xima fase do Concurso da Pol\u00edcia Militar e Corpo<\/p>\n","protected":false},"author":15,"featured_media":897358,"comment_status":"closed","ping_status":"closed","sticky":false,"template":"","format":"standard","meta":{"_exactmetrics_skip_tracking":false,"_exactmetrics_sitenote_active":false,"_exactmetrics_sitenote_note":"","_exactmetrics_sitenote_category":0,"footnotes":""},"categories":[6],"tags":[],"yoast_head":"<!-- This site is optimized with the Yoast SEO plugin v22.0 - https:\/\/yoast.com\/wordpress\/plugins\/seo\/ -->\n<title>Divulgada lista com candidatos habilitados para a pr\u00f3xima fase do Concurso CFSd 2018 - Pol\u00edcia Militar da Para\u00edba<\/title>\n<meta name=\"robots\" content=\"index, follow, max-snippet:-1, max-image-preview:large, max-video-preview:-1\" \/>\n<link rel=\"canonical\" href=\"https:\/\/www.pm.pb.gov.br\/portal\/2018\/05\/08\/divulgada-lista-com-candidatos-habilitados-para-a-proxima-fase-do-concurso-cfsd-2018\/\" \/>\n<meta property=\"og:locale\" content=\"pt_BR\" \/>\n<meta property=\"og:type\" content=\"article\" \/>\n<meta property=\"og:title\" content=\"Divulgada lista com candidatos habilitados para a pr\u00f3xima fase do Concurso CFSd 2018 - Pol\u00edcia Militar da Para\u00edba\" \/>\n<meta property=\"og:description\" content=\"Divulgado a lista com o nome dos candidatos habilitados para a pr\u00f3xima fase do Concurso da Pol\u00edcia Militar e Corpo\" \/>\n<meta property=\"og:url\" content=\"https:\/\/www.pm.pb.gov.br\/portal\/2018\/05\/08\/divulgada-lista-com-candidatos-habilitados-para-a-proxima-fase-do-concurso-cfsd-2018\/\" \/>\n<meta property=\"og:site_name\" content=\"Pol\u00edcia Militar da Para\u00edba\" \/>\n<meta property=\"article:published_time\" content=\"2018-05-08T20:52:37+00:00\" \/>\n<meta property=\"og:image\" content=\"https:\/\/www.pm.pb.gov.br\/portal\/wp-content\/uploads\/2018\/03\/cfsd.jpg\" \/>\n\t<meta property=\"og:image:width\" content=\"800\" \/>\n\t<meta property=\"og:image:height\" content=\"445\" \/>\n\t<meta property=\"og:image:type\" content=\"image\/jpeg\" \/>\n<meta name=\"author\" content=\"Marcio Gomes dos Santos\" \/>\n<meta name=\"twitter:card\" content=\"summary_large_image\" \/>\n<meta name=\"twitter:label1\" content=\"Escrito por\" \/>\n\t<meta name=\"twitter:data1\" content=\"Marcio Gomes dos Santos\" \/>\n\t<meta name=\"twitter:label2\" content=\"Est. tempo de leitura\" \/>\n\t<meta name=\"twitter:data2\" content=\"1 minuto\" \/>\n<script type=\"application\/ld+json\" class=\"yoast-schema-graph\">{\"@context\":\"https:\/\/schema.org\",\"@graph\":[{\"@type\":\"Article\",\"@id\":\"https:\/\/www.pm.pb.gov.br\/portal\/2018\/05\/08\/divulgada-lista-com-candidatos-habilitados-para-a-proxima-fase-do-concurso-cfsd-2018\/#article\",\"isPartOf\":{\"@id\":\"https:\/\/www.pm.pb.gov.br\/portal\/2018\/05\/08\/divulgada-lista-com-candidatos-habilitados-para-a-proxima-fase-do-concurso-cfsd-2018\/\"},\"author\":{\"name\":\"Marcio Gomes dos Santos\",\"@id\":\"https:\/\/www.pm.pb.gov.br\/portal\/#\/schema\/person\/30d571652b38533c2211e4e89bf5a502\"},\"headline\":\"Divulgada lista com candidatos habilitados para a pr\u00f3xima fase do Concurso CFSd 2018\",\"datePublished\":\"2018-05-08T20:52:37+00:00\",\"dateModified\":\"2018-05-08T20:52:37+00:00\",\"mainEntityOfPage\":{\"@id\":\"https:\/\/www.pm.pb.gov.br\/portal\/2018\/05\/08\/divulgada-lista-com-candidatos-habilitados-para-a-proxima-fase-do-concurso-cfsd-2018\/\"},\"wordCount\":196,\"publisher\":{\"@id\":\"https:\/\/www.pm.pb.gov.br\/portal\/#organization\"},\"articleSection\":[\"Cursos\"],\"inLanguage\":\"pt-BR\"},{\"@type\":\"WebPage\",\"@id\":\"https:\/\/www.pm.pb.gov.br\/portal\/2018\/05\/08\/divulgada-lista-com-candidatos-habilitados-para-a-proxima-fase-do-concurso-cfsd-2018\/\",\"url\":\"https:\/\/www.pm.pb.gov.br\/portal\/2018\/05\/08\/divulgada-lista-com-candidatos-habilitados-para-a-proxima-fase-do-concurso-cfsd-2018\/\",\"name\":\"Divulgada lista com candidatos habilitados para a pr\u00f3xima fase do Concurso CFSd 2018 - Pol\u00edcia Militar da Para\u00edba\",\"isPartOf\":{\"@id\":\"https:\/\/www.pm.pb.gov.br\/portal\/#website\"},\"datePublished\":\"2018-05-08T20:52:37+00:00\",\"dateModified\":\"2018-05-08T20:52:37+00:00\",\"breadcrumb\":{\"@id\":\"https:\/\/www.pm.pb.gov.br\/portal\/2018\/05\/08\/divulgada-lista-com-candidatos-habilitados-para-a-proxima-fase-do-concurso-cfsd-2018\/#breadcrumb\"},\"inLanguage\":\"pt-BR\",\"potentialAction\":[{\"@type\":\"ReadAction\",\"target\":[\"https:\/\/www.pm.pb.gov.br\/portal\/2018\/05\/08\/divulgada-lista-com-candidatos-habilitados-para-a-proxima-fase-do-concurso-cfsd-2018\/\"]}]},{\"@type\":\"BreadcrumbList\",\"@id\":\"https:\/\/www.pm.pb.gov.br\/portal\/2018\/05\/08\/divulgada-lista-com-candidatos-habilitados-para-a-proxima-fase-do-concurso-cfsd-2018\/#breadcrumb\",\"itemListElement\":[{\"@type\":\"ListItem\",\"position\":1,\"name\":\"In\u00edcio\",\"item\":\"https:\/\/www.pm.pb.gov.br\/portal\/\"},{\"@type\":\"ListItem\",\"position\":2,\"name\":\"Divulgada lista com candidatos habilitados para a pr\u00f3xima fase do Concurso CFSd 2018\"}]},{\"@type\":\"WebSite\",\"@id\":\"https:\/\/www.pm.pb.gov.br\/portal\/#website\",\"url\":\"https:\/\/www.pm.pb.gov.br\/portal\/\",\"name\":\"Pol\u00edcia Militar da Para\u00edba\",\"description\":\"\",\"publisher\":{\"@id\":\"https:\/\/www.pm.pb.gov.br\/portal\/#organization\"},\"potentialAction\":[{\"@type\":\"SearchAction\",\"target\":{\"@type\":\"EntryPoint\",\"urlTemplate\":\"https:\/\/www.pm.pb.gov.br\/portal\/?s={search_term_string}\"},\"query-input\":\"required name=search_term_string\"}],\"inLanguage\":\"pt-BR\"},{\"@type\":\"Organization\",\"@id\":\"https:\/\/www.pm.pb.gov.br\/portal\/#organization\",\"name\":\"Pol\u00edcia Militar da Para\u00edba\",\"url\":\"https:\/\/www.pm.pb.gov.br\/portal\/\",\"logo\":{\"@type\":\"ImageObject\",\"inLanguage\":\"pt-BR\",\"@id\":\"https:\/\/www.pm.pb.gov.br\/portal\/#\/schema\/logo\/image\/\",\"url\":\"https:\/\/www.pm.pb.gov.br\/portal\/wp-content\/uploads\/2025\/03\/cropped-logo-site-mag2-1.png\",\"contentUrl\":\"https:\/\/www.pm.pb.gov.br\/portal\/wp-content\/uploads\/2025\/03\/cropped-logo-site-mag2-1.png\",\"width\":320,\"height\":90,\"caption\":\"Pol\u00edcia Militar da Para\u00edba\"},\"image\":{\"@id\":\"https:\/\/www.pm.pb.gov.br\/portal\/#\/schema\/logo\/image\/\"}},{\"@type\":\"Person\",\"@id\":\"https:\/\/www.pm.pb.gov.br\/portal\/#\/schema\/person\/30d571652b38533c2211e4e89bf5a502\",\"name\":\"Marcio Gomes dos Santos\",\"image\":{\"@type\":\"ImageObject\",\"inLanguage\":\"pt-BR\",\"@id\":\"https:\/\/www.pm.pb.gov.br\/portal\/#\/schema\/person\/image\/\",\"url\":\"https:\/\/secure.gravatar.com\/avatar\/cf4ec2cb690101e1581c7773aa350c19?s=96&d=mm&r=g\",\"contentUrl\":\"https:\/\/secure.gravatar.com\/avatar\/cf4ec2cb690101e1581c7773aa350c19?s=96&d=mm&r=g\",\"caption\":\"Marcio Gomes dos Santos\"},\"url\":\"https:\/\/www.pm.pb.gov.br\/portal\/author\/mgomes\/\"}]}<\/script>\n<!-- \/ Yoast SEO plugin. -->","yoast_head_json":{"title":"Divulgada lista com candidatos habilitados para a pr\u00f3xima fase do Concurso CFSd 2018 - Pol\u00edcia Militar da Para\u00edba","robots":{"index":"index","follow":"follow","max-snippet":"max-snippet:-1","max-image-preview":"max-image-preview:large","max-video-preview":"max-video-preview:-1"},"canonical":"https:\/\/www.pm.pb.gov.br\/portal\/2018\/05\/08\/divulgada-lista-com-candidatos-habilitados-para-a-proxima-fase-do-concurso-cfsd-2018\/","og_locale":"pt_BR","og_type":"article","og_title":"Divulgada lista com candidatos habilitados para a pr\u00f3xima fase do Concurso CFSd 2018 - Pol\u00edcia Militar da Para\u00edba","og_description":"Divulgado a lista com o nome dos candidatos habilitados para a pr\u00f3xima fase do Concurso da Pol\u00edcia Militar e Corpo","og_url":"https:\/\/www.pm.pb.gov.br\/portal\/2018\/05\/08\/divulgada-lista-com-candidatos-habilitados-para-a-proxima-fase-do-concurso-cfsd-2018\/","og_site_name":"Pol\u00edcia Militar da Para\u00edba","article_published_time":"2018-05-08T20:52:37+00:00","og_image":[{"width":800,"height":445,"url":"https:\/\/www.pm.pb.gov.br\/portal\/wp-content\/uploads\/2018\/03\/cfsd.jpg","type":"image\/jpeg"}],"author":"Marcio Gomes dos Santos","twitter_card":"summary_large_image","twitter_misc":{"Escrito por":"Marcio Gomes dos Santos","Est. tempo de leitura":"1 minuto"},"schema":{"@context":"https:\/\/schema.org","@graph":[{"@type":"Article","@id":"https:\/\/www.pm.pb.gov.br\/portal\/2018\/05\/08\/divulgada-lista-com-candidatos-habilitados-para-a-proxima-fase-do-concurso-cfsd-2018\/#article","isPartOf":{"@id":"https:\/\/www.pm.pb.gov.br\/portal\/2018\/05\/08\/divulgada-lista-com-candidatos-habilitados-para-a-proxima-fase-do-concurso-cfsd-2018\/"},"author":{"name":"Marcio Gomes dos Santos","@id":"https:\/\/www.pm.pb.gov.br\/portal\/#\/schema\/person\/30d571652b38533c2211e4e89bf5a502"},"headline":"Divulgada lista com candidatos habilitados para a pr\u00f3xima fase do Concurso CFSd 2018","datePublished":"2018-05-08T20:52:37+00:00","dateModified":"2018-05-08T20:52:37+00:00","mainEntityOfPage":{"@id":"https:\/\/www.pm.pb.gov.br\/portal\/2018\/05\/08\/divulgada-lista-com-candidatos-habilitados-para-a-proxima-fase-do-concurso-cfsd-2018\/"},"wordCount":196,"publisher":{"@id":"https:\/\/www.pm.pb.gov.br\/portal\/#organization"},"articleSection":["Cursos"],"inLanguage":"pt-BR"},{"@type":"WebPage","@id":"https:\/\/www.pm.pb.gov.br\/portal\/2018\/05\/08\/divulgada-lista-com-candidatos-habilitados-para-a-proxima-fase-do-concurso-cfsd-2018\/","url":"https:\/\/www.pm.pb.gov.br\/portal\/2018\/05\/08\/divulgada-lista-com-candidatos-habilitados-para-a-proxima-fase-do-concurso-cfsd-2018\/","name":"Divulgada lista com candidatos habilitados para a pr\u00f3xima fase do Concurso CFSd 2018 - Pol\u00edcia Militar da Para\u00edba","isPartOf":{"@id":"https:\/\/www.pm.pb.gov.br\/portal\/#website"},"datePublished":"2018-05-08T20:52:37+00:00","dateModified":"2018-05-08T20:52:37+00:00","breadcrumb":{"@id":"https:\/\/www.pm.pb.gov.br\/portal\/2018\/05\/08\/divulgada-lista-com-candidatos-habilitados-para-a-proxima-fase-do-concurso-cfsd-2018\/#breadcrumb"},"inLanguage":"pt-BR","potentialAction":[{"@type":"ReadAction","target":["https:\/\/www.pm.pb.gov.br\/portal\/2018\/05\/08\/divulgada-lista-com-candidatos-habilitados-para-a-proxima-fase-do-concurso-cfsd-2018\/"]}]},{"@type":"BreadcrumbList","@id":"https:\/\/www.pm.pb.gov.br\/portal\/2018\/05\/08\/divulgada-lista-com-candidatos-habilitados-para-a-proxima-fase-do-concurso-cfsd-2018\/#breadcrumb","itemListElement":[{"@type":"ListItem","position":1,"name":"In\u00edcio","item":"https:\/\/www.pm.pb.gov.br\/portal\/"},{"@type":"ListItem","position":2,"name":"Divulgada lista com candidatos habilitados para a pr\u00f3xima fase do Concurso CFSd 2018"}]},{"@type":"WebSite","@id":"https:\/\/www.pm.pb.gov.br\/portal\/#website","url":"https:\/\/www.pm.pb.gov.br\/portal\/","name":"Pol\u00edcia Militar da Para\u00edba","description":"","publisher":{"@id":"https:\/\/www.pm.pb.gov.br\/portal\/#organization"},"potentialAction":[{"@type":"SearchAction","target":{"@type":"EntryPoint","urlTemplate":"https:\/\/www.pm.pb.gov.br\/portal\/?s={search_term_string}"},"query-input":"required name=search_term_string"}],"inLanguage":"pt-BR"},{"@type":"Organization","@id":"https:\/\/www.pm.pb.gov.br\/portal\/#organization","name":"Pol\u00edcia Militar da Para\u00edba","url":"https:\/\/www.pm.pb.gov.br\/portal\/","logo":{"@type":"ImageObject","inLanguage":"pt-BR","@id":"https:\/\/www.pm.pb.gov.br\/portal\/#\/schema\/logo\/image\/","url":"https:\/\/www.pm.pb.gov.br\/portal\/wp-content\/uploads\/2025\/03\/cropped-logo-site-mag2-1.png","contentUrl":"https:\/\/www.pm.pb.gov.br\/portal\/wp-content\/uploads\/2025\/03\/cropped-logo-site-mag2-1.png","width":320,"height":90,"caption":"Pol\u00edcia Militar da Para\u00edba"},"image":{"@id":"https:\/\/www.pm.pb.gov.br\/portal\/#\/schema\/logo\/image\/"}},{"@type":"Person","@id":"https:\/\/www.pm.pb.gov.br\/portal\/#\/schema\/person\/30d571652b38533c2211e4e89bf5a502","name":"Marcio Gomes dos Santos","image":{"@type":"ImageObject","inLanguage":"pt-BR","@id":"https:\/\/www.pm.pb.gov.br\/portal\/#\/schema\/person\/image\/","url":"https:\/\/secure.gravatar.com\/avatar\/cf4ec2cb690101e1581c7773aa350c19?s=96&d=mm&r=g","contentUrl":"https:\/\/secure.gravatar.com\/avatar\/cf4ec2cb690101e1581c7773aa350c19?s=96&d=mm&r=g","caption":"Marcio Gomes dos Santos"},"url":"https:\/\/www.pm.pb.gov.br\/portal\/author\/mgomes\/"}]}},"_links":{"self":[{"href":"https:\/\/www.pm.pb.gov.br\/portal\/wp-json\/wp\/v2\/posts\/897851"}],"collection":[{"href":"https:\/\/www.pm.pb.gov.br\/portal\/wp-json\/wp\/v2\/posts"}],"about":[{"href":"https:\/\/www.pm.pb.gov.br\/portal\/wp-json\/wp\/v2\/types\/post"}],"author":[{"embeddable":true,"href":"https:\/\/www.pm.pb.gov.br\/portal\/wp-json\/wp\/v2\/users\/15"}],"replies":[{"embeddable":true,"href":"https:\/\/www.pm.pb.gov.br\/portal\/wp-json\/wp\/v2\/comments?post=897851"}],"version-history":[{"count":1,"href":"https:\/\/www.pm.pb.gov.br\/portal\/wp-json\/wp\/v2\/posts\/897851\/revisions"}],"predecessor-version":[{"id":897852,"href":"https:\/\/www.pm.pb.gov.br\/portal\/wp-json\/wp\/v2\/posts\/897851\/revisions\/897852"}],"wp:featuredmedia":[{"embeddable":true,"href":"https:\/\/www.pm.pb.gov.br\/portal\/wp-json\/wp\/v2\/media\/897358"}],"wp:attachment":[{"href":"https:\/\/www.pm.pb.gov.br\/portal\/wp-json\/wp\/v2\/media?parent=897851"}],"wp:term":[{"taxonomy":"category","embeddable":true,"href":"https:\/\/www.pm.pb.gov.br\/portal\/wp-json\/wp\/v2\/categories?post=897851"},{"taxonomy":"post_tag","embeddable":true,"href":"https:\/\/www.pm.pb.gov.br\/portal\/wp-json\/wp\/v2\/tags?post=897851"}],"curies":[{"name":"wp","href":"https:\/\/api.w.org\/{rel}","templated":true}]}}