{"id":897848,"date":"2018-05-08T15:00:23","date_gmt":"2018-05-08T18:00:23","guid":{"rendered":"http:\/\/www.pm.pb.gov.br\/portal\/?p=897848"},"modified":"2018-05-08T16:46:10","modified_gmt":"2018-05-08T19:46:10","slug":"policia-militar-prende-trio-suspeito-de-assaltos-na-cidade-de-pilar","status":"publish","type":"post","link":"https:\/\/www.pm.pb.gov.br\/portal\/2018\/05\/08\/policia-militar-prende-trio-suspeito-de-assaltos-na-cidade-de-pilar\/","title":{"rendered":"Pol\u00edcia Militar prende trio suspeito de assaltos na cidade de Pilar"},"content":{"rendered":"<p style=\"text-align: justify;\">A Pol\u00edcia Militar prendeu em flagrante \u00a0tr\u00eas homens suspeitos de praticarem assaltos na noite dessa segunda-feira (7), na cidade de Pilar. Os objetos roubados foram recuperados.<\/p>\n<p style=\"text-align: justify;\">Policiais militares do 8\u00ba Batalh\u00e3o foram acionados por volta das 20h pelo Centro de Opera\u00e7\u00f5es da Pol\u00edcia Militar (Copom), para atender uma ocorr\u00eancia de roubo, cujo solicitante informou que tr\u00eas homens em um ve\u00edculo azul estavam praticando assaltos no s\u00edtio S\u00e3o Gon\u00e7alo, em Pilar.<\/p>\n<p style=\"text-align: justify;\">De imediato, o policiamento do destacamento foi acionado para tentar localizar os suspeitos, e no percurso se depararam com um ve\u00edculo com as mesmas caracter\u00edsticas repassadas pelo Copom. Foi iniciada uma persegui\u00e7\u00e3o ao carro, e os suspeitos tentaram se desfazer dos objetos roubados pela janela do ve\u00edculo, sendo o trio alcan\u00e7ado na entrada da cidade de Juripiranga.<\/p>\n<p style=\"text-align: justify;\">Os policiais conseguiram prender em flagrante os tr\u00eas homens, sendo dois de 20 anos de idade e um de 21, ambos moradores de Itabaiana. A PM recuperou os aparelhos celulares roubados, mas a arma utilizada na a\u00e7\u00e3o criminosa ainda n\u00e3o foi localizada. O ve\u00edculo usado na a\u00e7\u00e3o tamb\u00e9m foi apreendido.<\/p>\n<p style=\"text-align: justify;\">Os suspeitos, o ve\u00edculo e os celulares recuperados foram conduzidos para a Delegacia da cidade de Itabaiana.<\/p>\n","protected":false},"excerpt":{"rendered":"<p>A Pol\u00edcia Militar prendeu em flagrante \u00a0tr\u00eas homens suspeitos de praticarem assaltos na noite dessa segunda-feira (7), na cidade de<\/p>\n","protected":false},"author":15,"featured_media":897849,"comment_status":"closed","ping_status":"closed","sticky":false,"template":"","format":"standard","meta":{"_exactmetrics_skip_tracking":false,"_exactmetrics_sitenote_active":false,"_exactmetrics_sitenote_note":"","_exactmetrics_sitenote_category":0,"footnotes":""},"categories":[4],"tags":[],"yoast_head":"<!-- This site is optimized with the Yoast SEO plugin v22.0 - https:\/\/yoast.com\/wordpress\/plugins\/seo\/ -->\n<title>Pol\u00edcia Militar prende trio suspeito de assaltos na cidade de Pilar - Pol\u00edcia Militar da Para\u00edba<\/title>\n<meta name=\"robots\" content=\"index, follow, max-snippet:-1, max-image-preview:large, max-video-preview:-1\" \/>\n<link rel=\"canonical\" href=\"https:\/\/www.pm.pb.gov.br\/portal\/2018\/05\/08\/policia-militar-prende-trio-suspeito-de-assaltos-na-cidade-de-pilar\/\" \/>\n<meta property=\"og:locale\" content=\"pt_BR\" \/>\n<meta property=\"og:type\" content=\"article\" \/>\n<meta property=\"og:title\" content=\"Pol\u00edcia Militar prende trio suspeito de assaltos na cidade de Pilar - Pol\u00edcia Militar da Para\u00edba\" \/>\n<meta property=\"og:description\" content=\"A Pol\u00edcia Militar prendeu em flagrante \u00a0tr\u00eas homens suspeitos de praticarem assaltos na noite dessa segunda-feira (7), na cidade de\" \/>\n<meta property=\"og:url\" content=\"https:\/\/www.pm.pb.gov.br\/portal\/2018\/05\/08\/policia-militar-prende-trio-suspeito-de-assaltos-na-cidade-de-pilar\/\" \/>\n<meta property=\"og:site_name\" content=\"Pol\u00edcia Militar da Para\u00edba\" \/>\n<meta property=\"article:published_time\" content=\"2018-05-08T18:00:23+00:00\" \/>\n<meta property=\"article:modified_time\" content=\"2018-05-08T19:46:10+00:00\" \/>\n<meta property=\"og:image\" content=\"https:\/\/www.pm.pb.gov.br\/portal\/wp-content\/uploads\/2018\/05\/objetos.jpg\" \/>\n\t<meta property=\"og:image:width\" content=\"800\" \/>\n\t<meta property=\"og:image:height\" content=\"450\" \/>\n\t<meta property=\"og:image:type\" content=\"image\/jpeg\" \/>\n<meta name=\"author\" content=\"Marcio Gomes dos Santos\" \/>\n<meta name=\"twitter:card\" content=\"summary_large_image\" \/>\n<meta name=\"twitter:label1\" content=\"Escrito por\" \/>\n\t<meta name=\"twitter:data1\" content=\"Marcio Gomes dos Santos\" \/>\n\t<meta name=\"twitter:label2\" content=\"Est. tempo de leitura\" \/>\n\t<meta name=\"twitter:data2\" content=\"1 minuto\" \/>\n<script type=\"application\/ld+json\" class=\"yoast-schema-graph\">{\"@context\":\"https:\/\/schema.org\",\"@graph\":[{\"@type\":\"Article\",\"@id\":\"https:\/\/www.pm.pb.gov.br\/portal\/2018\/05\/08\/policia-militar-prende-trio-suspeito-de-assaltos-na-cidade-de-pilar\/#article\",\"isPartOf\":{\"@id\":\"https:\/\/www.pm.pb.gov.br\/portal\/2018\/05\/08\/policia-militar-prende-trio-suspeito-de-assaltos-na-cidade-de-pilar\/\"},\"author\":{\"name\":\"Marcio Gomes dos Santos\",\"@id\":\"https:\/\/www.pm.pb.gov.br\/portal\/#\/schema\/person\/30d571652b38533c2211e4e89bf5a502\"},\"headline\":\"Pol\u00edcia Militar prende trio suspeito de assaltos na cidade de Pilar\",\"datePublished\":\"2018-05-08T18:00:23+00:00\",\"dateModified\":\"2018-05-08T19:46:10+00:00\",\"mainEntityOfPage\":{\"@id\":\"https:\/\/www.pm.pb.gov.br\/portal\/2018\/05\/08\/policia-militar-prende-trio-suspeito-de-assaltos-na-cidade-de-pilar\/\"},\"wordCount\":225,\"publisher\":{\"@id\":\"https:\/\/www.pm.pb.gov.br\/portal\/#organization\"},\"articleSection\":[\"A\u00e7\u00f5es Policiais\"],\"inLanguage\":\"pt-BR\"},{\"@type\":\"WebPage\",\"@id\":\"https:\/\/www.pm.pb.gov.br\/portal\/2018\/05\/08\/policia-militar-prende-trio-suspeito-de-assaltos-na-cidade-de-pilar\/\",\"url\":\"https:\/\/www.pm.pb.gov.br\/portal\/2018\/05\/08\/policia-militar-prende-trio-suspeito-de-assaltos-na-cidade-de-pilar\/\",\"name\":\"Pol\u00edcia Militar prende trio suspeito de assaltos na cidade de Pilar - Pol\u00edcia Militar da Para\u00edba\",\"isPartOf\":{\"@id\":\"https:\/\/www.pm.pb.gov.br\/portal\/#website\"},\"datePublished\":\"2018-05-08T18:00:23+00:00\",\"dateModified\":\"2018-05-08T19:46:10+00:00\",\"breadcrumb\":{\"@id\":\"https:\/\/www.pm.pb.gov.br\/portal\/2018\/05\/08\/policia-militar-prende-trio-suspeito-de-assaltos-na-cidade-de-pilar\/#breadcrumb\"},\"inLanguage\":\"pt-BR\",\"potentialAction\":[{\"@type\":\"ReadAction\",\"target\":[\"https:\/\/www.pm.pb.gov.br\/portal\/2018\/05\/08\/policia-militar-prende-trio-suspeito-de-assaltos-na-cidade-de-pilar\/\"]}]},{\"@type\":\"BreadcrumbList\",\"@id\":\"https:\/\/www.pm.pb.gov.br\/portal\/2018\/05\/08\/policia-militar-prende-trio-suspeito-de-assaltos-na-cidade-de-pilar\/#breadcrumb\",\"itemListElement\":[{\"@type\":\"ListItem\",\"position\":1,\"name\":\"In\u00edcio\",\"item\":\"https:\/\/www.pm.pb.gov.br\/portal\/\"},{\"@type\":\"ListItem\",\"position\":2,\"name\":\"Pol\u00edcia Militar prende trio suspeito de assaltos na cidade de Pilar\"}]},{\"@type\":\"WebSite\",\"@id\":\"https:\/\/www.pm.pb.gov.br\/portal\/#website\",\"url\":\"https:\/\/www.pm.pb.gov.br\/portal\/\",\"name\":\"Pol\u00edcia Militar da Para\u00edba\",\"description\":\"\",\"publisher\":{\"@id\":\"https:\/\/www.pm.pb.gov.br\/portal\/#organization\"},\"potentialAction\":[{\"@type\":\"SearchAction\",\"target\":{\"@type\":\"EntryPoint\",\"urlTemplate\":\"https:\/\/www.pm.pb.gov.br\/portal\/?s={search_term_string}\"},\"query-input\":\"required name=search_term_string\"}],\"inLanguage\":\"pt-BR\"},{\"@type\":\"Organization\",\"@id\":\"https:\/\/www.pm.pb.gov.br\/portal\/#organization\",\"name\":\"Pol\u00edcia Militar da Para\u00edba\",\"url\":\"https:\/\/www.pm.pb.gov.br\/portal\/\",\"logo\":{\"@type\":\"ImageObject\",\"inLanguage\":\"pt-BR\",\"@id\":\"https:\/\/www.pm.pb.gov.br\/portal\/#\/schema\/logo\/image\/\",\"url\":\"https:\/\/www.pm.pb.gov.br\/portal\/wp-content\/uploads\/2025\/03\/cropped-logo-site-mag2-1.png\",\"contentUrl\":\"https:\/\/www.pm.pb.gov.br\/portal\/wp-content\/uploads\/2025\/03\/cropped-logo-site-mag2-1.png\",\"width\":320,\"height\":90,\"caption\":\"Pol\u00edcia Militar da Para\u00edba\"},\"image\":{\"@id\":\"https:\/\/www.pm.pb.gov.br\/portal\/#\/schema\/logo\/image\/\"}},{\"@type\":\"Person\",\"@id\":\"https:\/\/www.pm.pb.gov.br\/portal\/#\/schema\/person\/30d571652b38533c2211e4e89bf5a502\",\"name\":\"Marcio Gomes dos Santos\",\"image\":{\"@type\":\"ImageObject\",\"inLanguage\":\"pt-BR\",\"@id\":\"https:\/\/www.pm.pb.gov.br\/portal\/#\/schema\/person\/image\/\",\"url\":\"https:\/\/secure.gravatar.com\/avatar\/cf4ec2cb690101e1581c7773aa350c19?s=96&d=mm&r=g\",\"contentUrl\":\"https:\/\/secure.gravatar.com\/avatar\/cf4ec2cb690101e1581c7773aa350c19?s=96&d=mm&r=g\",\"caption\":\"Marcio Gomes dos Santos\"},\"url\":\"https:\/\/www.pm.pb.gov.br\/portal\/author\/mgomes\/\"}]}<\/script>\n<!-- \/ Yoast SEO plugin. -->","yoast_head_json":{"title":"Pol\u00edcia Militar prende trio suspeito de assaltos na cidade de Pilar - Pol\u00edcia Militar da Para\u00edba","robots":{"index":"index","follow":"follow","max-snippet":"max-snippet:-1","max-image-preview":"max-image-preview:large","max-video-preview":"max-video-preview:-1"},"canonical":"https:\/\/www.pm.pb.gov.br\/portal\/2018\/05\/08\/policia-militar-prende-trio-suspeito-de-assaltos-na-cidade-de-pilar\/","og_locale":"pt_BR","og_type":"article","og_title":"Pol\u00edcia Militar prende trio suspeito de assaltos na cidade de Pilar - Pol\u00edcia Militar da Para\u00edba","og_description":"A Pol\u00edcia Militar prendeu em flagrante \u00a0tr\u00eas homens suspeitos de praticarem assaltos na noite dessa segunda-feira (7), na cidade de","og_url":"https:\/\/www.pm.pb.gov.br\/portal\/2018\/05\/08\/policia-militar-prende-trio-suspeito-de-assaltos-na-cidade-de-pilar\/","og_site_name":"Pol\u00edcia Militar da Para\u00edba","article_published_time":"2018-05-08T18:00:23+00:00","article_modified_time":"2018-05-08T19:46:10+00:00","og_image":[{"width":800,"height":450,"url":"https:\/\/www.pm.pb.gov.br\/portal\/wp-content\/uploads\/2018\/05\/objetos.jpg","type":"image\/jpeg"}],"author":"Marcio Gomes dos Santos","twitter_card":"summary_large_image","twitter_misc":{"Escrito por":"Marcio Gomes dos Santos","Est. tempo de leitura":"1 minuto"},"schema":{"@context":"https:\/\/schema.org","@graph":[{"@type":"Article","@id":"https:\/\/www.pm.pb.gov.br\/portal\/2018\/05\/08\/policia-militar-prende-trio-suspeito-de-assaltos-na-cidade-de-pilar\/#article","isPartOf":{"@id":"https:\/\/www.pm.pb.gov.br\/portal\/2018\/05\/08\/policia-militar-prende-trio-suspeito-de-assaltos-na-cidade-de-pilar\/"},"author":{"name":"Marcio Gomes dos Santos","@id":"https:\/\/www.pm.pb.gov.br\/portal\/#\/schema\/person\/30d571652b38533c2211e4e89bf5a502"},"headline":"Pol\u00edcia Militar prende trio suspeito de assaltos na cidade de Pilar","datePublished":"2018-05-08T18:00:23+00:00","dateModified":"2018-05-08T19:46:10+00:00","mainEntityOfPage":{"@id":"https:\/\/www.pm.pb.gov.br\/portal\/2018\/05\/08\/policia-militar-prende-trio-suspeito-de-assaltos-na-cidade-de-pilar\/"},"wordCount":225,"publisher":{"@id":"https:\/\/www.pm.pb.gov.br\/portal\/#organization"},"articleSection":["A\u00e7\u00f5es Policiais"],"inLanguage":"pt-BR"},{"@type":"WebPage","@id":"https:\/\/www.pm.pb.gov.br\/portal\/2018\/05\/08\/policia-militar-prende-trio-suspeito-de-assaltos-na-cidade-de-pilar\/","url":"https:\/\/www.pm.pb.gov.br\/portal\/2018\/05\/08\/policia-militar-prende-trio-suspeito-de-assaltos-na-cidade-de-pilar\/","name":"Pol\u00edcia Militar prende trio suspeito de assaltos na cidade de Pilar - Pol\u00edcia Militar da Para\u00edba","isPartOf":{"@id":"https:\/\/www.pm.pb.gov.br\/portal\/#website"},"datePublished":"2018-05-08T18:00:23+00:00","dateModified":"2018-05-08T19:46:10+00:00","breadcrumb":{"@id":"https:\/\/www.pm.pb.gov.br\/portal\/2018\/05\/08\/policia-militar-prende-trio-suspeito-de-assaltos-na-cidade-de-pilar\/#breadcrumb"},"inLanguage":"pt-BR","potentialAction":[{"@type":"ReadAction","target":["https:\/\/www.pm.pb.gov.br\/portal\/2018\/05\/08\/policia-militar-prende-trio-suspeito-de-assaltos-na-cidade-de-pilar\/"]}]},{"@type":"BreadcrumbList","@id":"https:\/\/www.pm.pb.gov.br\/portal\/2018\/05\/08\/policia-militar-prende-trio-suspeito-de-assaltos-na-cidade-de-pilar\/#breadcrumb","itemListElement":[{"@type":"ListItem","position":1,"name":"In\u00edcio","item":"https:\/\/www.pm.pb.gov.br\/portal\/"},{"@type":"ListItem","position":2,"name":"Pol\u00edcia Militar prende trio suspeito de assaltos na cidade de Pilar"}]},{"@type":"WebSite","@id":"https:\/\/www.pm.pb.gov.br\/portal\/#website","url":"https:\/\/www.pm.pb.gov.br\/portal\/","name":"Pol\u00edcia Militar da Para\u00edba","description":"","publisher":{"@id":"https:\/\/www.pm.pb.gov.br\/portal\/#organization"},"potentialAction":[{"@type":"SearchAction","target":{"@type":"EntryPoint","urlTemplate":"https:\/\/www.pm.pb.gov.br\/portal\/?s={search_term_string}"},"query-input":"required name=search_term_string"}],"inLanguage":"pt-BR"},{"@type":"Organization","@id":"https:\/\/www.pm.pb.gov.br\/portal\/#organization","name":"Pol\u00edcia Militar da Para\u00edba","url":"https:\/\/www.pm.pb.gov.br\/portal\/","logo":{"@type":"ImageObject","inLanguage":"pt-BR","@id":"https:\/\/www.pm.pb.gov.br\/portal\/#\/schema\/logo\/image\/","url":"https:\/\/www.pm.pb.gov.br\/portal\/wp-content\/uploads\/2025\/03\/cropped-logo-site-mag2-1.png","contentUrl":"https:\/\/www.pm.pb.gov.br\/portal\/wp-content\/uploads\/2025\/03\/cropped-logo-site-mag2-1.png","width":320,"height":90,"caption":"Pol\u00edcia Militar da Para\u00edba"},"image":{"@id":"https:\/\/www.pm.pb.gov.br\/portal\/#\/schema\/logo\/image\/"}},{"@type":"Person","@id":"https:\/\/www.pm.pb.gov.br\/portal\/#\/schema\/person\/30d571652b38533c2211e4e89bf5a502","name":"Marcio Gomes dos Santos","image":{"@type":"ImageObject","inLanguage":"pt-BR","@id":"https:\/\/www.pm.pb.gov.br\/portal\/#\/schema\/person\/image\/","url":"https:\/\/secure.gravatar.com\/avatar\/cf4ec2cb690101e1581c7773aa350c19?s=96&d=mm&r=g","contentUrl":"https:\/\/secure.gravatar.com\/avatar\/cf4ec2cb690101e1581c7773aa350c19?s=96&d=mm&r=g","caption":"Marcio Gomes dos Santos"},"url":"https:\/\/www.pm.pb.gov.br\/portal\/author\/mgomes\/"}]}},"_links":{"self":[{"href":"https:\/\/www.pm.pb.gov.br\/portal\/wp-json\/wp\/v2\/posts\/897848"}],"collection":[{"href":"https:\/\/www.pm.pb.gov.br\/portal\/wp-json\/wp\/v2\/posts"}],"about":[{"href":"https:\/\/www.pm.pb.gov.br\/portal\/wp-json\/wp\/v2\/types\/post"}],"author":[{"embeddable":true,"href":"https:\/\/www.pm.pb.gov.br\/portal\/wp-json\/wp\/v2\/users\/15"}],"replies":[{"embeddable":true,"href":"https:\/\/www.pm.pb.gov.br\/portal\/wp-json\/wp\/v2\/comments?post=897848"}],"version-history":[{"count":1,"href":"https:\/\/www.pm.pb.gov.br\/portal\/wp-json\/wp\/v2\/posts\/897848\/revisions"}],"predecessor-version":[{"id":897850,"href":"https:\/\/www.pm.pb.gov.br\/portal\/wp-json\/wp\/v2\/posts\/897848\/revisions\/897850"}],"wp:featuredmedia":[{"embeddable":true,"href":"https:\/\/www.pm.pb.gov.br\/portal\/wp-json\/wp\/v2\/media\/897849"}],"wp:attachment":[{"href":"https:\/\/www.pm.pb.gov.br\/portal\/wp-json\/wp\/v2\/media?parent=897848"}],"wp:term":[{"taxonomy":"category","embeddable":true,"href":"https:\/\/www.pm.pb.gov.br\/portal\/wp-json\/wp\/v2\/categories?post=897848"},{"taxonomy":"post_tag","embeddable":true,"href":"https:\/\/www.pm.pb.gov.br\/portal\/wp-json\/wp\/v2\/tags?post=897848"}],"curies":[{"name":"wp","href":"https:\/\/api.w.org\/{rel}","templated":true}]}}