{"id":897758,"date":"2018-04-30T19:00:49","date_gmt":"2018-04-30T22:00:49","guid":{"rendered":"http:\/\/www.pm.pb.gov.br\/portal\/?p=897758"},"modified":"2018-04-30T19:00:49","modified_gmt":"2018-04-30T22:00:49","slug":"policia-militar-avalia-operacao-rotas-e-planeja-acoes-para-o-mes-de-maio","status":"publish","type":"post","link":"https:\/\/www.pm.pb.gov.br\/portal\/2018\/04\/30\/policia-militar-avalia-operacao-rotas-e-planeja-acoes-para-o-mes-de-maio\/","title":{"rendered":"Pol\u00edcia Militar avalia Opera\u00e7\u00e3o Rotas e planeja a\u00e7\u00f5es para o m\u00eas de maio"},"content":{"rendered":"<p style=\"font-weight: 400; text-align: justify;\">A Pol\u00edcia Militar vai realizar v\u00e1rias opera\u00e7\u00f5es no m\u00eas de maio, com foco na preven\u00e7\u00e3o dos crimes contra a vida e contra o patrim\u00f4nio, na Para\u00edba. O an\u00fancio foi feito pelo pr\u00f3prio comandante-geral da PM, coronel Euller Chaves, que reuniu os oficiais para avaliar o resultado da opera\u00e7\u00e3o ROTAs (Rondas T\u00e1ticas Avan\u00e7adas) e da atua\u00e7\u00e3o no concurso realizado nesse domingo.<\/p>\n<p style=\"font-weight: 400; text-align: justify;\">\u201cA caminhada continua e o foco \u00e9 intensificar ainda mais as opera\u00e7\u00f5es, para continuarmos o trabalho de redu\u00e7\u00e3o dos \u00edndices criminais e realizar mais pris\u00f5es e apreens\u00f5es de armas e drogas. Na \u00faltima semana, tivemos as opera\u00e7\u00f5es Cidade Segura e ROTAs, bem como atuamos para n\u00e3o dar margem alguma \u00e0s pessoas que tentavam fraudar o concurso de nossa corpora\u00e7\u00e3o, chegando ao resultado de oito pris\u00f5es e um certame transcorrendo dentro da normalidade\u201d, disse.<\/p>\n<p style=\"font-weight: 400; text-align: justify;\">A corpora\u00e7\u00e3o registrou, nesse fim de semana, a pris\u00e3o de mais de 100 suspeitos e a apreens\u00e3o de 29 armas de fogo, em todo o estado. O destaque foi uma a\u00e7\u00e3o na cidade de Bom Sucesso, no Sert\u00e3o, que impediu que uma quadrilha do Rio Grande do Norte estourasse bancos da regi\u00e3o de Catol\u00e9 do Rocha. Os suspeitos fugiram rapidamente e abandonaram dois carros, uma arma e grampos. Eles seguem sendo procurados.<\/p>\n<p style=\"font-weight: 400; text-align: justify;\">Em Araruna, a PM desarticulou uma quadrilha que vinha atuando no brejo da Para\u00edba e em v\u00e1rias cidades do Rio Grande do Norte, com a pr\u00e1tica de assaltos e tr\u00e1fico de drogas. Foram presos oito integrantes do bando e com eles foram apreendidas seis armas de fogo e 88 pedras de crack.<\/p>\n<p style=\"font-weight: 400; text-align: justify;\"><strong>Maio amarelo<\/strong>\u00a0\u2013 As a\u00e7\u00f5es no tr\u00e2nsito ser\u00e3o intensificadas neste m\u00eas de maio, ainda de acordo com as defini\u00e7\u00f5es anunciadas\u00a0pelo comandante-geral da PM. A Pol\u00edcia Militar da Para\u00edba vai aderir ao\u00a0movimento nacional do \u201cMaio Amarelo\u201d, que busca\u00a0chamar a aten\u00e7\u00e3o da sociedade para a causa da seguran\u00e7a no tr\u00e2nsito<strong>.\u00a0<\/strong>O Batalh\u00e3o de Policiamento de Tr\u00e2nsito vai realizar diversas blitzen educativas e intensificar as fiscaliza\u00e7\u00f5es, com foco na preven\u00e7\u00e3o e redu\u00e7\u00e3o dos acidentes.<\/p>\n","protected":false},"excerpt":{"rendered":"<p>A Pol\u00edcia Militar vai realizar v\u00e1rias opera\u00e7\u00f5es no m\u00eas de maio, com foco na preven\u00e7\u00e3o dos crimes contra a vida<\/p>\n","protected":false},"author":12,"featured_media":897759,"comment_status":"closed","ping_status":"closed","sticky":false,"template":"","format":"standard","meta":{"_exactmetrics_skip_tracking":false,"_exactmetrics_sitenote_active":false,"_exactmetrics_sitenote_note":"","_exactmetrics_sitenote_category":0,"footnotes":""},"categories":[4],"tags":[],"yoast_head":"<!-- This site is optimized with the Yoast SEO plugin v22.0 - https:\/\/yoast.com\/wordpress\/plugins\/seo\/ -->\n<title>Pol\u00edcia Militar avalia Opera\u00e7\u00e3o Rotas e planeja a\u00e7\u00f5es para o m\u00eas de maio - Pol\u00edcia Militar da Para\u00edba<\/title>\n<meta name=\"robots\" content=\"index, follow, max-snippet:-1, max-image-preview:large, max-video-preview:-1\" \/>\n<link rel=\"canonical\" href=\"https:\/\/www.pm.pb.gov.br\/portal\/2018\/04\/30\/policia-militar-avalia-operacao-rotas-e-planeja-acoes-para-o-mes-de-maio\/\" \/>\n<meta property=\"og:locale\" content=\"pt_BR\" \/>\n<meta property=\"og:type\" content=\"article\" \/>\n<meta property=\"og:title\" content=\"Pol\u00edcia Militar avalia Opera\u00e7\u00e3o Rotas e planeja a\u00e7\u00f5es para o m\u00eas de maio - Pol\u00edcia Militar da Para\u00edba\" \/>\n<meta property=\"og:description\" content=\"A Pol\u00edcia Militar vai realizar v\u00e1rias opera\u00e7\u00f5es no m\u00eas de maio, com foco na preven\u00e7\u00e3o dos crimes contra a vida\" \/>\n<meta property=\"og:url\" content=\"https:\/\/www.pm.pb.gov.br\/portal\/2018\/04\/30\/policia-militar-avalia-operacao-rotas-e-planeja-acoes-para-o-mes-de-maio\/\" \/>\n<meta property=\"og:site_name\" content=\"Pol\u00edcia Militar da Para\u00edba\" \/>\n<meta property=\"article:published_time\" content=\"2018-04-30T22:00:49+00:00\" \/>\n<meta property=\"og:image\" content=\"https:\/\/www.pm.pb.gov.br\/portal\/wp-content\/uploads\/2018\/04\/capa-2.jpg\" \/>\n\t<meta property=\"og:image:width\" content=\"800\" \/>\n\t<meta property=\"og:image:height\" content=\"445\" \/>\n\t<meta property=\"og:image:type\" content=\"image\/jpeg\" \/>\n<meta name=\"author\" content=\"Tarcisio Oliveira\" \/>\n<meta name=\"twitter:card\" content=\"summary_large_image\" \/>\n<meta name=\"twitter:label1\" content=\"Escrito por\" \/>\n\t<meta name=\"twitter:data1\" content=\"Tarcisio Oliveira\" \/>\n\t<meta name=\"twitter:label2\" content=\"Est. tempo de leitura\" \/>\n\t<meta name=\"twitter:data2\" content=\"2 minutos\" \/>\n<script type=\"application\/ld+json\" class=\"yoast-schema-graph\">{\"@context\":\"https:\/\/schema.org\",\"@graph\":[{\"@type\":\"Article\",\"@id\":\"https:\/\/www.pm.pb.gov.br\/portal\/2018\/04\/30\/policia-militar-avalia-operacao-rotas-e-planeja-acoes-para-o-mes-de-maio\/#article\",\"isPartOf\":{\"@id\":\"https:\/\/www.pm.pb.gov.br\/portal\/2018\/04\/30\/policia-militar-avalia-operacao-rotas-e-planeja-acoes-para-o-mes-de-maio\/\"},\"author\":{\"name\":\"Tarcisio Oliveira\",\"@id\":\"https:\/\/www.pm.pb.gov.br\/portal\/#\/schema\/person\/f84f56dcc78ce4357054da888b8247fd\"},\"headline\":\"Pol\u00edcia Militar avalia Opera\u00e7\u00e3o Rotas e planeja a\u00e7\u00f5es para o m\u00eas de maio\",\"datePublished\":\"2018-04-30T22:00:49+00:00\",\"dateModified\":\"2018-04-30T22:00:49+00:00\",\"mainEntityOfPage\":{\"@id\":\"https:\/\/www.pm.pb.gov.br\/portal\/2018\/04\/30\/policia-militar-avalia-operacao-rotas-e-planeja-acoes-para-o-mes-de-maio\/\"},\"wordCount\":389,\"publisher\":{\"@id\":\"https:\/\/www.pm.pb.gov.br\/portal\/#organization\"},\"articleSection\":[\"A\u00e7\u00f5es Policiais\"],\"inLanguage\":\"pt-BR\"},{\"@type\":\"WebPage\",\"@id\":\"https:\/\/www.pm.pb.gov.br\/portal\/2018\/04\/30\/policia-militar-avalia-operacao-rotas-e-planeja-acoes-para-o-mes-de-maio\/\",\"url\":\"https:\/\/www.pm.pb.gov.br\/portal\/2018\/04\/30\/policia-militar-avalia-operacao-rotas-e-planeja-acoes-para-o-mes-de-maio\/\",\"name\":\"Pol\u00edcia Militar avalia Opera\u00e7\u00e3o Rotas e planeja a\u00e7\u00f5es para o m\u00eas de maio - Pol\u00edcia Militar da Para\u00edba\",\"isPartOf\":{\"@id\":\"https:\/\/www.pm.pb.gov.br\/portal\/#website\"},\"datePublished\":\"2018-04-30T22:00:49+00:00\",\"dateModified\":\"2018-04-30T22:00:49+00:00\",\"breadcrumb\":{\"@id\":\"https:\/\/www.pm.pb.gov.br\/portal\/2018\/04\/30\/policia-militar-avalia-operacao-rotas-e-planeja-acoes-para-o-mes-de-maio\/#breadcrumb\"},\"inLanguage\":\"pt-BR\",\"potentialAction\":[{\"@type\":\"ReadAction\",\"target\":[\"https:\/\/www.pm.pb.gov.br\/portal\/2018\/04\/30\/policia-militar-avalia-operacao-rotas-e-planeja-acoes-para-o-mes-de-maio\/\"]}]},{\"@type\":\"BreadcrumbList\",\"@id\":\"https:\/\/www.pm.pb.gov.br\/portal\/2018\/04\/30\/policia-militar-avalia-operacao-rotas-e-planeja-acoes-para-o-mes-de-maio\/#breadcrumb\",\"itemListElement\":[{\"@type\":\"ListItem\",\"position\":1,\"name\":\"In\u00edcio\",\"item\":\"https:\/\/www.pm.pb.gov.br\/portal\/\"},{\"@type\":\"ListItem\",\"position\":2,\"name\":\"Pol\u00edcia Militar avalia Opera\u00e7\u00e3o Rotas e planeja a\u00e7\u00f5es para o m\u00eas de maio\"}]},{\"@type\":\"WebSite\",\"@id\":\"https:\/\/www.pm.pb.gov.br\/portal\/#website\",\"url\":\"https:\/\/www.pm.pb.gov.br\/portal\/\",\"name\":\"Pol\u00edcia Militar da Para\u00edba\",\"description\":\"\",\"publisher\":{\"@id\":\"https:\/\/www.pm.pb.gov.br\/portal\/#organization\"},\"potentialAction\":[{\"@type\":\"SearchAction\",\"target\":{\"@type\":\"EntryPoint\",\"urlTemplate\":\"https:\/\/www.pm.pb.gov.br\/portal\/?s={search_term_string}\"},\"query-input\":\"required name=search_term_string\"}],\"inLanguage\":\"pt-BR\"},{\"@type\":\"Organization\",\"@id\":\"https:\/\/www.pm.pb.gov.br\/portal\/#organization\",\"name\":\"Pol\u00edcia Militar da Para\u00edba\",\"url\":\"https:\/\/www.pm.pb.gov.br\/portal\/\",\"logo\":{\"@type\":\"ImageObject\",\"inLanguage\":\"pt-BR\",\"@id\":\"https:\/\/www.pm.pb.gov.br\/portal\/#\/schema\/logo\/image\/\",\"url\":\"https:\/\/www.pm.pb.gov.br\/portal\/wp-content\/uploads\/2025\/03\/cropped-logo-site-mag2-1.png\",\"contentUrl\":\"https:\/\/www.pm.pb.gov.br\/portal\/wp-content\/uploads\/2025\/03\/cropped-logo-site-mag2-1.png\",\"width\":320,\"height\":90,\"caption\":\"Pol\u00edcia Militar da Para\u00edba\"},\"image\":{\"@id\":\"https:\/\/www.pm.pb.gov.br\/portal\/#\/schema\/logo\/image\/\"}},{\"@type\":\"Person\",\"@id\":\"https:\/\/www.pm.pb.gov.br\/portal\/#\/schema\/person\/f84f56dcc78ce4357054da888b8247fd\",\"name\":\"Tarcisio Oliveira\",\"image\":{\"@type\":\"ImageObject\",\"inLanguage\":\"pt-BR\",\"@id\":\"https:\/\/www.pm.pb.gov.br\/portal\/#\/schema\/person\/image\/\",\"url\":\"https:\/\/secure.gravatar.com\/avatar\/72917b630b69d31cd0297507f34bac97?s=96&d=mm&r=g\",\"contentUrl\":\"https:\/\/secure.gravatar.com\/avatar\/72917b630b69d31cd0297507f34bac97?s=96&d=mm&r=g\",\"caption\":\"Tarcisio Oliveira\"},\"url\":\"https:\/\/www.pm.pb.gov.br\/portal\/author\/tarcisio\/\"}]}<\/script>\n<!-- \/ Yoast SEO plugin. -->","yoast_head_json":{"title":"Pol\u00edcia Militar avalia Opera\u00e7\u00e3o Rotas e planeja a\u00e7\u00f5es para o m\u00eas de maio - Pol\u00edcia Militar da Para\u00edba","robots":{"index":"index","follow":"follow","max-snippet":"max-snippet:-1","max-image-preview":"max-image-preview:large","max-video-preview":"max-video-preview:-1"},"canonical":"https:\/\/www.pm.pb.gov.br\/portal\/2018\/04\/30\/policia-militar-avalia-operacao-rotas-e-planeja-acoes-para-o-mes-de-maio\/","og_locale":"pt_BR","og_type":"article","og_title":"Pol\u00edcia Militar avalia Opera\u00e7\u00e3o Rotas e planeja a\u00e7\u00f5es para o m\u00eas de maio - Pol\u00edcia Militar da Para\u00edba","og_description":"A Pol\u00edcia Militar vai realizar v\u00e1rias opera\u00e7\u00f5es no m\u00eas de maio, com foco na preven\u00e7\u00e3o dos crimes contra a vida","og_url":"https:\/\/www.pm.pb.gov.br\/portal\/2018\/04\/30\/policia-militar-avalia-operacao-rotas-e-planeja-acoes-para-o-mes-de-maio\/","og_site_name":"Pol\u00edcia Militar da Para\u00edba","article_published_time":"2018-04-30T22:00:49+00:00","og_image":[{"width":800,"height":445,"url":"https:\/\/www.pm.pb.gov.br\/portal\/wp-content\/uploads\/2018\/04\/capa-2.jpg","type":"image\/jpeg"}],"author":"Tarcisio Oliveira","twitter_card":"summary_large_image","twitter_misc":{"Escrito por":"Tarcisio Oliveira","Est. tempo de leitura":"2 minutos"},"schema":{"@context":"https:\/\/schema.org","@graph":[{"@type":"Article","@id":"https:\/\/www.pm.pb.gov.br\/portal\/2018\/04\/30\/policia-militar-avalia-operacao-rotas-e-planeja-acoes-para-o-mes-de-maio\/#article","isPartOf":{"@id":"https:\/\/www.pm.pb.gov.br\/portal\/2018\/04\/30\/policia-militar-avalia-operacao-rotas-e-planeja-acoes-para-o-mes-de-maio\/"},"author":{"name":"Tarcisio Oliveira","@id":"https:\/\/www.pm.pb.gov.br\/portal\/#\/schema\/person\/f84f56dcc78ce4357054da888b8247fd"},"headline":"Pol\u00edcia Militar avalia Opera\u00e7\u00e3o Rotas e planeja a\u00e7\u00f5es para o m\u00eas de maio","datePublished":"2018-04-30T22:00:49+00:00","dateModified":"2018-04-30T22:00:49+00:00","mainEntityOfPage":{"@id":"https:\/\/www.pm.pb.gov.br\/portal\/2018\/04\/30\/policia-militar-avalia-operacao-rotas-e-planeja-acoes-para-o-mes-de-maio\/"},"wordCount":389,"publisher":{"@id":"https:\/\/www.pm.pb.gov.br\/portal\/#organization"},"articleSection":["A\u00e7\u00f5es Policiais"],"inLanguage":"pt-BR"},{"@type":"WebPage","@id":"https:\/\/www.pm.pb.gov.br\/portal\/2018\/04\/30\/policia-militar-avalia-operacao-rotas-e-planeja-acoes-para-o-mes-de-maio\/","url":"https:\/\/www.pm.pb.gov.br\/portal\/2018\/04\/30\/policia-militar-avalia-operacao-rotas-e-planeja-acoes-para-o-mes-de-maio\/","name":"Pol\u00edcia Militar avalia Opera\u00e7\u00e3o Rotas e planeja a\u00e7\u00f5es para o m\u00eas de maio - Pol\u00edcia Militar da Para\u00edba","isPartOf":{"@id":"https:\/\/www.pm.pb.gov.br\/portal\/#website"},"datePublished":"2018-04-30T22:00:49+00:00","dateModified":"2018-04-30T22:00:49+00:00","breadcrumb":{"@id":"https:\/\/www.pm.pb.gov.br\/portal\/2018\/04\/30\/policia-militar-avalia-operacao-rotas-e-planeja-acoes-para-o-mes-de-maio\/#breadcrumb"},"inLanguage":"pt-BR","potentialAction":[{"@type":"ReadAction","target":["https:\/\/www.pm.pb.gov.br\/portal\/2018\/04\/30\/policia-militar-avalia-operacao-rotas-e-planeja-acoes-para-o-mes-de-maio\/"]}]},{"@type":"BreadcrumbList","@id":"https:\/\/www.pm.pb.gov.br\/portal\/2018\/04\/30\/policia-militar-avalia-operacao-rotas-e-planeja-acoes-para-o-mes-de-maio\/#breadcrumb","itemListElement":[{"@type":"ListItem","position":1,"name":"In\u00edcio","item":"https:\/\/www.pm.pb.gov.br\/portal\/"},{"@type":"ListItem","position":2,"name":"Pol\u00edcia Militar avalia Opera\u00e7\u00e3o Rotas e planeja a\u00e7\u00f5es para o m\u00eas de maio"}]},{"@type":"WebSite","@id":"https:\/\/www.pm.pb.gov.br\/portal\/#website","url":"https:\/\/www.pm.pb.gov.br\/portal\/","name":"Pol\u00edcia Militar da Para\u00edba","description":"","publisher":{"@id":"https:\/\/www.pm.pb.gov.br\/portal\/#organization"},"potentialAction":[{"@type":"SearchAction","target":{"@type":"EntryPoint","urlTemplate":"https:\/\/www.pm.pb.gov.br\/portal\/?s={search_term_string}"},"query-input":"required name=search_term_string"}],"inLanguage":"pt-BR"},{"@type":"Organization","@id":"https:\/\/www.pm.pb.gov.br\/portal\/#organization","name":"Pol\u00edcia Militar da Para\u00edba","url":"https:\/\/www.pm.pb.gov.br\/portal\/","logo":{"@type":"ImageObject","inLanguage":"pt-BR","@id":"https:\/\/www.pm.pb.gov.br\/portal\/#\/schema\/logo\/image\/","url":"https:\/\/www.pm.pb.gov.br\/portal\/wp-content\/uploads\/2025\/03\/cropped-logo-site-mag2-1.png","contentUrl":"https:\/\/www.pm.pb.gov.br\/portal\/wp-content\/uploads\/2025\/03\/cropped-logo-site-mag2-1.png","width":320,"height":90,"caption":"Pol\u00edcia Militar da Para\u00edba"},"image":{"@id":"https:\/\/www.pm.pb.gov.br\/portal\/#\/schema\/logo\/image\/"}},{"@type":"Person","@id":"https:\/\/www.pm.pb.gov.br\/portal\/#\/schema\/person\/f84f56dcc78ce4357054da888b8247fd","name":"Tarcisio Oliveira","image":{"@type":"ImageObject","inLanguage":"pt-BR","@id":"https:\/\/www.pm.pb.gov.br\/portal\/#\/schema\/person\/image\/","url":"https:\/\/secure.gravatar.com\/avatar\/72917b630b69d31cd0297507f34bac97?s=96&d=mm&r=g","contentUrl":"https:\/\/secure.gravatar.com\/avatar\/72917b630b69d31cd0297507f34bac97?s=96&d=mm&r=g","caption":"Tarcisio Oliveira"},"url":"https:\/\/www.pm.pb.gov.br\/portal\/author\/tarcisio\/"}]}},"_links":{"self":[{"href":"https:\/\/www.pm.pb.gov.br\/portal\/wp-json\/wp\/v2\/posts\/897758"}],"collection":[{"href":"https:\/\/www.pm.pb.gov.br\/portal\/wp-json\/wp\/v2\/posts"}],"about":[{"href":"https:\/\/www.pm.pb.gov.br\/portal\/wp-json\/wp\/v2\/types\/post"}],"author":[{"embeddable":true,"href":"https:\/\/www.pm.pb.gov.br\/portal\/wp-json\/wp\/v2\/users\/12"}],"replies":[{"embeddable":true,"href":"https:\/\/www.pm.pb.gov.br\/portal\/wp-json\/wp\/v2\/comments?post=897758"}],"version-history":[{"count":1,"href":"https:\/\/www.pm.pb.gov.br\/portal\/wp-json\/wp\/v2\/posts\/897758\/revisions"}],"predecessor-version":[{"id":897760,"href":"https:\/\/www.pm.pb.gov.br\/portal\/wp-json\/wp\/v2\/posts\/897758\/revisions\/897760"}],"wp:featuredmedia":[{"embeddable":true,"href":"https:\/\/www.pm.pb.gov.br\/portal\/wp-json\/wp\/v2\/media\/897759"}],"wp:attachment":[{"href":"https:\/\/www.pm.pb.gov.br\/portal\/wp-json\/wp\/v2\/media?parent=897758"}],"wp:term":[{"taxonomy":"category","embeddable":true,"href":"https:\/\/www.pm.pb.gov.br\/portal\/wp-json\/wp\/v2\/categories?post=897758"},{"taxonomy":"post_tag","embeddable":true,"href":"https:\/\/www.pm.pb.gov.br\/portal\/wp-json\/wp\/v2\/tags?post=897758"}],"curies":[{"name":"wp","href":"https:\/\/api.w.org\/{rel}","templated":true}]}}