{"id":897715,"date":"2018-04-26T11:07:12","date_gmt":"2018-04-26T14:07:12","guid":{"rendered":"http:\/\/www.pm.pb.gov.br\/portal\/?p=897715"},"modified":"2018-04-27T10:07:31","modified_gmt":"2018-04-27T13:07:31","slug":"novos-cadetes-fazem-pre-matricula-e-cfo-comeca-proxima-semana","status":"publish","type":"post","link":"https:\/\/www.pm.pb.gov.br\/portal\/2018\/04\/26\/novos-cadetes-fazem-pre-matricula-e-cfo-comeca-proxima-semana\/","title":{"rendered":"Novos cadetes fazem pr\u00e9-matr\u00edcula e CFO come\u00e7a pr\u00f3xima semana"},"content":{"rendered":"<p style=\"text-align: justify;\">Os 30 novos cadetes da Pol\u00edcia Militar realizaram, na manh\u00e3 desta quinta-feira (26), no Comando Geral da PM, a pr\u00e9-matr\u00edcula para o Curso de Forma\u00e7\u00e3o de Oficiais (2018).\u00a0 Na ocasi\u00e3o, os futuros bachar\u00e9is em seguran\u00e7a p\u00fablica foram recepcionados pela Divis\u00e3o de Inclus\u00e3o, Cadastro e Monitoramento (DGP-2) e por oficiais e cadetes da Academia de Pol\u00edcia Militar do Cabo Branco (APMCB), do Centro de Educa\u00e7\u00e3o da PMPB, unidade formadora e de ensino da corpora\u00e7\u00e3o, localizado em Jo\u00e3o Pessoa.<\/p>\n<p style=\"text-align: justify;\">Desde a realiza\u00e7\u00e3o do \u00faltimo Exame Nacional do Ensino M\u00e9dio (Enem), os candidatos se preparam para a entrada oficial no Curso, que s\u00f3 foi poss\u00edvel atrav\u00e9s de um rigoroso processo de sele\u00e7\u00e3o, e diversos exames que atestaram a compet\u00eancia intelectual, capacidade f\u00edsica, psicol\u00f3gica, e condi\u00e7\u00f5es de sa\u00fade.\u00a0 Neste \u00faltimo ano, foram mais de 7.400 candidatos inscritos para 30 vagas.<\/p>\n<p style=\"text-align: justify;\">Ap\u00f3s a pr\u00e9-matr\u00edcula, os novos cadetes dever\u00e3o se apresentar no Centro de Educa\u00e7\u00e3o na quarta-feira (02). \u201cEu sempre tive desejo de ingressar na \u00e1rea militar\u201d, contou Arthur Dias, o primeiro colocado ao final do processo de sele\u00e7\u00e3o, e que a partir de agora ser\u00e1 chamado de cadete Dias, nome que levar\u00e1 dentro da corpora\u00e7\u00e3o at\u00e9 o fim do CFO. \u201cEu tinha d\u00favida entre ser oficial da Pol\u00edcia ou ir para a Academia das Agulhas Negras do Ex\u00e9rcito Brasileiro, mas por decis\u00e3o pr\u00f3pria, preferi ficar na PM\u201d, explicou.<\/p>\n<p style=\"text-align: justify;\">\u201cTenho uma expectativa muito boa sobre o CFO, vou me capacitar, estudar, e estou feliz por conseguir meu objetivo. Tive apoio da fam\u00edlia, que enxerga com muito bons olhos o trabalho da Pol\u00edcia Militar, e a import\u00e2ncia do servi\u00e7o prestado para a sociedade. Sempre admirei o trabalho da PM principalmente da \u00e1rea operacional. Desde o in\u00edcio estava certo que queria ingressar na corpora\u00e7\u00e3o\u201d, confessou.<\/p>\n<p style=\"text-align: justify;\"><strong>CFO &#8211;<\/strong> Curso superior de bacharelado em Seguran\u00e7a P\u00fablica, o CFO t\u00eam formado aspirantes para o primeiro posto do oficialato da Pol\u00edcia Militar da Para\u00edba e de outras coirm\u00e3s no pa\u00eds. Em tr\u00eas anos letivos de Curso, os cadetes passam por cerca de 100 disciplinas, em mais de 3 mil horas-aulas, que v\u00e3o desde instru\u00e7\u00f5es te\u00f3ricas, como Direito, Administra\u00e7\u00e3o, Psicologia, L\u00edngua Estrangeira, gerenciamento de crises, at\u00e9 \u00e0s pr\u00e1ticas, como doutrina de policiamento ostensivo, tiro defensivo, educa\u00e7\u00e3o f\u00edsica, entre outras.<\/p>\n<p style=\"text-align: justify;\">A grade curricular do CFO segue as mais modernas diretrizes de educa\u00e7\u00e3o em seguran\u00e7a p\u00fablica, abordando tamb\u00e9m as tem\u00e1ticas de Direitos Humanos, abordagem sociopsicol\u00f3gica da viol\u00eancia e do crime, an\u00e1lise criminal, gest\u00e3o das atividades de comando e Estado-Maior.<\/p>\n<p style=\"text-align: justify;\">Ao fim dos tr\u00eas anos letivos, o cadete \u00e9 declarado aspirante \u00e0 oficial e ingressa nas mais diversas unidades operacionais da Pol\u00edcia Militar.<\/p>\n","protected":false},"excerpt":{"rendered":"<p>Os 30 novos cadetes da Pol\u00edcia Militar realizaram, na manh\u00e3 desta quinta-feira (26), no Comando Geral da PM, a pr\u00e9-matr\u00edcula<\/p>\n","protected":false},"author":15,"featured_media":897716,"comment_status":"closed","ping_status":"closed","sticky":false,"template":"","format":"standard","meta":{"_exactmetrics_skip_tracking":false,"_exactmetrics_sitenote_active":false,"_exactmetrics_sitenote_note":"","_exactmetrics_sitenote_category":0,"footnotes":""},"categories":[6],"tags":[],"yoast_head":"<!-- This site is optimized with the Yoast SEO plugin v22.0 - https:\/\/yoast.com\/wordpress\/plugins\/seo\/ -->\n<title>Novos cadetes fazem pr\u00e9-matr\u00edcula e CFO come\u00e7a pr\u00f3xima semana - Pol\u00edcia Militar da Para\u00edba<\/title>\n<meta name=\"robots\" content=\"index, follow, max-snippet:-1, max-image-preview:large, max-video-preview:-1\" \/>\n<link rel=\"canonical\" href=\"https:\/\/www.pm.pb.gov.br\/portal\/2018\/04\/26\/novos-cadetes-fazem-pre-matricula-e-cfo-comeca-proxima-semana\/\" \/>\n<meta property=\"og:locale\" content=\"pt_BR\" \/>\n<meta property=\"og:type\" content=\"article\" \/>\n<meta property=\"og:title\" content=\"Novos cadetes fazem pr\u00e9-matr\u00edcula e CFO come\u00e7a pr\u00f3xima semana - Pol\u00edcia Militar da Para\u00edba\" \/>\n<meta property=\"og:description\" content=\"Os 30 novos cadetes da Pol\u00edcia Militar realizaram, na manh\u00e3 desta quinta-feira (26), no Comando Geral da PM, a pr\u00e9-matr\u00edcula\" \/>\n<meta property=\"og:url\" content=\"https:\/\/www.pm.pb.gov.br\/portal\/2018\/04\/26\/novos-cadetes-fazem-pre-matricula-e-cfo-comeca-proxima-semana\/\" \/>\n<meta property=\"og:site_name\" content=\"Pol\u00edcia Militar da Para\u00edba\" \/>\n<meta property=\"article:published_time\" content=\"2018-04-26T14:07:12+00:00\" \/>\n<meta property=\"article:modified_time\" content=\"2018-04-27T13:07:31+00:00\" \/>\n<meta property=\"og:image\" content=\"https:\/\/www.pm.pb.gov.br\/portal\/wp-content\/uploads\/2018\/04\/novos_cadetes.jpeg\" \/>\n\t<meta property=\"og:image:width\" content=\"800\" \/>\n\t<meta property=\"og:image:height\" content=\"450\" \/>\n\t<meta property=\"og:image:type\" content=\"image\/jpeg\" \/>\n<meta name=\"author\" content=\"Marcio Gomes dos Santos\" \/>\n<meta name=\"twitter:card\" content=\"summary_large_image\" \/>\n<meta name=\"twitter:label1\" content=\"Escrito por\" \/>\n\t<meta name=\"twitter:data1\" content=\"Marcio Gomes dos Santos\" \/>\n\t<meta name=\"twitter:label2\" content=\"Est. tempo de leitura\" \/>\n\t<meta name=\"twitter:data2\" content=\"2 minutos\" \/>\n<script type=\"application\/ld+json\" class=\"yoast-schema-graph\">{\"@context\":\"https:\/\/schema.org\",\"@graph\":[{\"@type\":\"Article\",\"@id\":\"https:\/\/www.pm.pb.gov.br\/portal\/2018\/04\/26\/novos-cadetes-fazem-pre-matricula-e-cfo-comeca-proxima-semana\/#article\",\"isPartOf\":{\"@id\":\"https:\/\/www.pm.pb.gov.br\/portal\/2018\/04\/26\/novos-cadetes-fazem-pre-matricula-e-cfo-comeca-proxima-semana\/\"},\"author\":{\"name\":\"Marcio Gomes dos Santos\",\"@id\":\"https:\/\/www.pm.pb.gov.br\/portal\/#\/schema\/person\/30d571652b38533c2211e4e89bf5a502\"},\"headline\":\"Novos cadetes fazem pr\u00e9-matr\u00edcula e CFO come\u00e7a pr\u00f3xima semana\",\"datePublished\":\"2018-04-26T14:07:12+00:00\",\"dateModified\":\"2018-04-27T13:07:31+00:00\",\"mainEntityOfPage\":{\"@id\":\"https:\/\/www.pm.pb.gov.br\/portal\/2018\/04\/26\/novos-cadetes-fazem-pre-matricula-e-cfo-comeca-proxima-semana\/\"},\"wordCount\":499,\"publisher\":{\"@id\":\"https:\/\/www.pm.pb.gov.br\/portal\/#organization\"},\"articleSection\":[\"Cursos\"],\"inLanguage\":\"pt-BR\"},{\"@type\":\"WebPage\",\"@id\":\"https:\/\/www.pm.pb.gov.br\/portal\/2018\/04\/26\/novos-cadetes-fazem-pre-matricula-e-cfo-comeca-proxima-semana\/\",\"url\":\"https:\/\/www.pm.pb.gov.br\/portal\/2018\/04\/26\/novos-cadetes-fazem-pre-matricula-e-cfo-comeca-proxima-semana\/\",\"name\":\"Novos cadetes fazem pr\u00e9-matr\u00edcula e CFO come\u00e7a pr\u00f3xima semana - Pol\u00edcia Militar da Para\u00edba\",\"isPartOf\":{\"@id\":\"https:\/\/www.pm.pb.gov.br\/portal\/#website\"},\"datePublished\":\"2018-04-26T14:07:12+00:00\",\"dateModified\":\"2018-04-27T13:07:31+00:00\",\"breadcrumb\":{\"@id\":\"https:\/\/www.pm.pb.gov.br\/portal\/2018\/04\/26\/novos-cadetes-fazem-pre-matricula-e-cfo-comeca-proxima-semana\/#breadcrumb\"},\"inLanguage\":\"pt-BR\",\"potentialAction\":[{\"@type\":\"ReadAction\",\"target\":[\"https:\/\/www.pm.pb.gov.br\/portal\/2018\/04\/26\/novos-cadetes-fazem-pre-matricula-e-cfo-comeca-proxima-semana\/\"]}]},{\"@type\":\"BreadcrumbList\",\"@id\":\"https:\/\/www.pm.pb.gov.br\/portal\/2018\/04\/26\/novos-cadetes-fazem-pre-matricula-e-cfo-comeca-proxima-semana\/#breadcrumb\",\"itemListElement\":[{\"@type\":\"ListItem\",\"position\":1,\"name\":\"In\u00edcio\",\"item\":\"https:\/\/www.pm.pb.gov.br\/portal\/\"},{\"@type\":\"ListItem\",\"position\":2,\"name\":\"Novos cadetes fazem pr\u00e9-matr\u00edcula e CFO come\u00e7a pr\u00f3xima semana\"}]},{\"@type\":\"WebSite\",\"@id\":\"https:\/\/www.pm.pb.gov.br\/portal\/#website\",\"url\":\"https:\/\/www.pm.pb.gov.br\/portal\/\",\"name\":\"Pol\u00edcia Militar da Para\u00edba\",\"description\":\"\",\"publisher\":{\"@id\":\"https:\/\/www.pm.pb.gov.br\/portal\/#organization\"},\"potentialAction\":[{\"@type\":\"SearchAction\",\"target\":{\"@type\":\"EntryPoint\",\"urlTemplate\":\"https:\/\/www.pm.pb.gov.br\/portal\/?s={search_term_string}\"},\"query-input\":\"required name=search_term_string\"}],\"inLanguage\":\"pt-BR\"},{\"@type\":\"Organization\",\"@id\":\"https:\/\/www.pm.pb.gov.br\/portal\/#organization\",\"name\":\"Pol\u00edcia Militar da Para\u00edba\",\"url\":\"https:\/\/www.pm.pb.gov.br\/portal\/\",\"logo\":{\"@type\":\"ImageObject\",\"inLanguage\":\"pt-BR\",\"@id\":\"https:\/\/www.pm.pb.gov.br\/portal\/#\/schema\/logo\/image\/\",\"url\":\"https:\/\/www.pm.pb.gov.br\/portal\/wp-content\/uploads\/2025\/03\/cropped-logo-site-mag2-1.png\",\"contentUrl\":\"https:\/\/www.pm.pb.gov.br\/portal\/wp-content\/uploads\/2025\/03\/cropped-logo-site-mag2-1.png\",\"width\":320,\"height\":90,\"caption\":\"Pol\u00edcia Militar da Para\u00edba\"},\"image\":{\"@id\":\"https:\/\/www.pm.pb.gov.br\/portal\/#\/schema\/logo\/image\/\"}},{\"@type\":\"Person\",\"@id\":\"https:\/\/www.pm.pb.gov.br\/portal\/#\/schema\/person\/30d571652b38533c2211e4e89bf5a502\",\"name\":\"Marcio Gomes dos Santos\",\"image\":{\"@type\":\"ImageObject\",\"inLanguage\":\"pt-BR\",\"@id\":\"https:\/\/www.pm.pb.gov.br\/portal\/#\/schema\/person\/image\/\",\"url\":\"https:\/\/secure.gravatar.com\/avatar\/cf4ec2cb690101e1581c7773aa350c19?s=96&d=mm&r=g\",\"contentUrl\":\"https:\/\/secure.gravatar.com\/avatar\/cf4ec2cb690101e1581c7773aa350c19?s=96&d=mm&r=g\",\"caption\":\"Marcio Gomes dos Santos\"},\"url\":\"https:\/\/www.pm.pb.gov.br\/portal\/author\/mgomes\/\"}]}<\/script>\n<!-- \/ Yoast SEO plugin. -->","yoast_head_json":{"title":"Novos cadetes fazem pr\u00e9-matr\u00edcula e CFO come\u00e7a pr\u00f3xima semana - Pol\u00edcia Militar da Para\u00edba","robots":{"index":"index","follow":"follow","max-snippet":"max-snippet:-1","max-image-preview":"max-image-preview:large","max-video-preview":"max-video-preview:-1"},"canonical":"https:\/\/www.pm.pb.gov.br\/portal\/2018\/04\/26\/novos-cadetes-fazem-pre-matricula-e-cfo-comeca-proxima-semana\/","og_locale":"pt_BR","og_type":"article","og_title":"Novos cadetes fazem pr\u00e9-matr\u00edcula e CFO come\u00e7a pr\u00f3xima semana - Pol\u00edcia Militar da Para\u00edba","og_description":"Os 30 novos cadetes da Pol\u00edcia Militar realizaram, na manh\u00e3 desta quinta-feira (26), no Comando Geral da PM, a pr\u00e9-matr\u00edcula","og_url":"https:\/\/www.pm.pb.gov.br\/portal\/2018\/04\/26\/novos-cadetes-fazem-pre-matricula-e-cfo-comeca-proxima-semana\/","og_site_name":"Pol\u00edcia Militar da Para\u00edba","article_published_time":"2018-04-26T14:07:12+00:00","article_modified_time":"2018-04-27T13:07:31+00:00","og_image":[{"width":800,"height":450,"url":"https:\/\/www.pm.pb.gov.br\/portal\/wp-content\/uploads\/2018\/04\/novos_cadetes.jpeg","type":"image\/jpeg"}],"author":"Marcio Gomes dos Santos","twitter_card":"summary_large_image","twitter_misc":{"Escrito por":"Marcio Gomes dos Santos","Est. tempo de leitura":"2 minutos"},"schema":{"@context":"https:\/\/schema.org","@graph":[{"@type":"Article","@id":"https:\/\/www.pm.pb.gov.br\/portal\/2018\/04\/26\/novos-cadetes-fazem-pre-matricula-e-cfo-comeca-proxima-semana\/#article","isPartOf":{"@id":"https:\/\/www.pm.pb.gov.br\/portal\/2018\/04\/26\/novos-cadetes-fazem-pre-matricula-e-cfo-comeca-proxima-semana\/"},"author":{"name":"Marcio Gomes dos Santos","@id":"https:\/\/www.pm.pb.gov.br\/portal\/#\/schema\/person\/30d571652b38533c2211e4e89bf5a502"},"headline":"Novos cadetes fazem pr\u00e9-matr\u00edcula e CFO come\u00e7a pr\u00f3xima semana","datePublished":"2018-04-26T14:07:12+00:00","dateModified":"2018-04-27T13:07:31+00:00","mainEntityOfPage":{"@id":"https:\/\/www.pm.pb.gov.br\/portal\/2018\/04\/26\/novos-cadetes-fazem-pre-matricula-e-cfo-comeca-proxima-semana\/"},"wordCount":499,"publisher":{"@id":"https:\/\/www.pm.pb.gov.br\/portal\/#organization"},"articleSection":["Cursos"],"inLanguage":"pt-BR"},{"@type":"WebPage","@id":"https:\/\/www.pm.pb.gov.br\/portal\/2018\/04\/26\/novos-cadetes-fazem-pre-matricula-e-cfo-comeca-proxima-semana\/","url":"https:\/\/www.pm.pb.gov.br\/portal\/2018\/04\/26\/novos-cadetes-fazem-pre-matricula-e-cfo-comeca-proxima-semana\/","name":"Novos cadetes fazem pr\u00e9-matr\u00edcula e CFO come\u00e7a pr\u00f3xima semana - Pol\u00edcia Militar da Para\u00edba","isPartOf":{"@id":"https:\/\/www.pm.pb.gov.br\/portal\/#website"},"datePublished":"2018-04-26T14:07:12+00:00","dateModified":"2018-04-27T13:07:31+00:00","breadcrumb":{"@id":"https:\/\/www.pm.pb.gov.br\/portal\/2018\/04\/26\/novos-cadetes-fazem-pre-matricula-e-cfo-comeca-proxima-semana\/#breadcrumb"},"inLanguage":"pt-BR","potentialAction":[{"@type":"ReadAction","target":["https:\/\/www.pm.pb.gov.br\/portal\/2018\/04\/26\/novos-cadetes-fazem-pre-matricula-e-cfo-comeca-proxima-semana\/"]}]},{"@type":"BreadcrumbList","@id":"https:\/\/www.pm.pb.gov.br\/portal\/2018\/04\/26\/novos-cadetes-fazem-pre-matricula-e-cfo-comeca-proxima-semana\/#breadcrumb","itemListElement":[{"@type":"ListItem","position":1,"name":"In\u00edcio","item":"https:\/\/www.pm.pb.gov.br\/portal\/"},{"@type":"ListItem","position":2,"name":"Novos cadetes fazem pr\u00e9-matr\u00edcula e CFO come\u00e7a pr\u00f3xima semana"}]},{"@type":"WebSite","@id":"https:\/\/www.pm.pb.gov.br\/portal\/#website","url":"https:\/\/www.pm.pb.gov.br\/portal\/","name":"Pol\u00edcia Militar da Para\u00edba","description":"","publisher":{"@id":"https:\/\/www.pm.pb.gov.br\/portal\/#organization"},"potentialAction":[{"@type":"SearchAction","target":{"@type":"EntryPoint","urlTemplate":"https:\/\/www.pm.pb.gov.br\/portal\/?s={search_term_string}"},"query-input":"required name=search_term_string"}],"inLanguage":"pt-BR"},{"@type":"Organization","@id":"https:\/\/www.pm.pb.gov.br\/portal\/#organization","name":"Pol\u00edcia Militar da Para\u00edba","url":"https:\/\/www.pm.pb.gov.br\/portal\/","logo":{"@type":"ImageObject","inLanguage":"pt-BR","@id":"https:\/\/www.pm.pb.gov.br\/portal\/#\/schema\/logo\/image\/","url":"https:\/\/www.pm.pb.gov.br\/portal\/wp-content\/uploads\/2025\/03\/cropped-logo-site-mag2-1.png","contentUrl":"https:\/\/www.pm.pb.gov.br\/portal\/wp-content\/uploads\/2025\/03\/cropped-logo-site-mag2-1.png","width":320,"height":90,"caption":"Pol\u00edcia Militar da Para\u00edba"},"image":{"@id":"https:\/\/www.pm.pb.gov.br\/portal\/#\/schema\/logo\/image\/"}},{"@type":"Person","@id":"https:\/\/www.pm.pb.gov.br\/portal\/#\/schema\/person\/30d571652b38533c2211e4e89bf5a502","name":"Marcio Gomes dos Santos","image":{"@type":"ImageObject","inLanguage":"pt-BR","@id":"https:\/\/www.pm.pb.gov.br\/portal\/#\/schema\/person\/image\/","url":"https:\/\/secure.gravatar.com\/avatar\/cf4ec2cb690101e1581c7773aa350c19?s=96&d=mm&r=g","contentUrl":"https:\/\/secure.gravatar.com\/avatar\/cf4ec2cb690101e1581c7773aa350c19?s=96&d=mm&r=g","caption":"Marcio Gomes dos Santos"},"url":"https:\/\/www.pm.pb.gov.br\/portal\/author\/mgomes\/"}]}},"_links":{"self":[{"href":"https:\/\/www.pm.pb.gov.br\/portal\/wp-json\/wp\/v2\/posts\/897715"}],"collection":[{"href":"https:\/\/www.pm.pb.gov.br\/portal\/wp-json\/wp\/v2\/posts"}],"about":[{"href":"https:\/\/www.pm.pb.gov.br\/portal\/wp-json\/wp\/v2\/types\/post"}],"author":[{"embeddable":true,"href":"https:\/\/www.pm.pb.gov.br\/portal\/wp-json\/wp\/v2\/users\/15"}],"replies":[{"embeddable":true,"href":"https:\/\/www.pm.pb.gov.br\/portal\/wp-json\/wp\/v2\/comments?post=897715"}],"version-history":[{"count":4,"href":"https:\/\/www.pm.pb.gov.br\/portal\/wp-json\/wp\/v2\/posts\/897715\/revisions"}],"predecessor-version":[{"id":897724,"href":"https:\/\/www.pm.pb.gov.br\/portal\/wp-json\/wp\/v2\/posts\/897715\/revisions\/897724"}],"wp:featuredmedia":[{"embeddable":true,"href":"https:\/\/www.pm.pb.gov.br\/portal\/wp-json\/wp\/v2\/media\/897716"}],"wp:attachment":[{"href":"https:\/\/www.pm.pb.gov.br\/portal\/wp-json\/wp\/v2\/media?parent=897715"}],"wp:term":[{"taxonomy":"category","embeddable":true,"href":"https:\/\/www.pm.pb.gov.br\/portal\/wp-json\/wp\/v2\/categories?post=897715"},{"taxonomy":"post_tag","embeddable":true,"href":"https:\/\/www.pm.pb.gov.br\/portal\/wp-json\/wp\/v2\/tags?post=897715"}],"curies":[{"name":"wp","href":"https:\/\/api.w.org\/{rel}","templated":true}]}}