{"id":897686,"date":"2018-04-24T17:03:25","date_gmt":"2018-04-24T20:03:25","guid":{"rendered":"http:\/\/www.pm.pb.gov.br\/portal\/?p=897686"},"modified":"2018-04-24T17:03:25","modified_gmt":"2018-04-24T20:03:25","slug":"divulgado-resultado-final-do-cfo-2018","status":"publish","type":"post","link":"https:\/\/www.pm.pb.gov.br\/portal\/2018\/04\/24\/divulgado-resultado-final-do-cfo-2018\/","title":{"rendered":"Divulgado resultado final do CFO 2018"},"content":{"rendered":"<p style=\"text-align: justify;\">A Pol\u00edcia Militar divulgou o resultado final do concurso para o Curso de Forma\u00e7\u00e3o de Oficiais (2018) da PMPB, nesta ter\u00e7a-feira (24). A classifica\u00e7\u00e3o com o nome dos 30 futuros cadetes da corpora\u00e7\u00e3o esta dispon\u00edvel no endere\u00e7o eletr\u00f4nico:<a href=\"http:\/\/www.pm.pb.gov.br\/portal\/informacoes\/concursos\/concursos-publicos\/\"> http:\/\/www.pm.pb.gov.br\/portal\/informacoes\/concursos\/concursos-publicos\/<\/a><\/p>\n<p style=\"text-align: justify;\">Segundo a Diretoria de Gest\u00e3o de Pessoas da PMPB, atrav\u00e9s do N\u00facleo de Recrutamento e Sele\u00e7\u00e3o, a homologa\u00e7\u00e3o do concurso dever\u00e1 ser publicada no Di\u00e1rio Oficial dessa quarta-feira (25), e a pr\u00e9-matr\u00edcula dever\u00e1 ocorrer na quinta-feira (26), no Comando Geral da PMPB, em Jo\u00e3o Pessoa, \u00e0s 8h.<\/p>\n<p style=\"text-align: justify;\">Neste ano, foram mais de 7.400 candidatos inscritos para as 30 vagas, sendo 25 destinadas ao sexo masculino, e 5 para o sexo feminino.<\/p>\n<p style=\"text-align: justify;\">CFO \u2013 Curso superior de bacharelado em Seguran\u00e7a P\u00fablica, o CFO t\u00eam formado aspirantes para o primeiro posto do oficialato da Pol\u00edcia Militar da Para\u00edba e de outras coirm\u00e3s no pa\u00eds. Em tr\u00eas anos letivos de Curso, os cadetes passam por cerca de 100 disciplinas, em mais de 3 mil horas-aulas, que v\u00e3o desde instru\u00e7\u00f5es te\u00f3ricas, como Direito, Administra\u00e7\u00e3o, Psicologia, L\u00edngua Estrangeira, gerenciamento de crises, at\u00e9 \u00e0s pr\u00e1ticas, como doutrina de policiamento ostensivo, tiro defensivo, educa\u00e7\u00e3o f\u00edsica, entre outras.<\/p>\n<p style=\"text-align: justify;\">A grade curricular do CFO segue as mais modernas diretrizes de educa\u00e7\u00e3o em seguran\u00e7a p\u00fablica, abordando tamb\u00e9m as tem\u00e1ticas de Direitos Humanos, abordagem sociopsicol\u00f3gica da viol\u00eancia e do crime, an\u00e1lise criminal, gest\u00e3o das atividades de comando e Estado-Maior.<\/p>\n<p style=\"text-align: justify;\">Ao fim dos tr\u00eas anos letivos, o cadete \u00e9 declarado aspirante \u00e0 oficial e ingressa nas mais diversas unidades operacionais da Pol\u00edcia Militar.<\/p>\n","protected":false},"excerpt":{"rendered":"<p>A Pol\u00edcia Militar divulgou o resultado final do concurso para o Curso de Forma\u00e7\u00e3o de Oficiais (2018) da PMPB, nesta<\/p>\n","protected":false},"author":15,"featured_media":897688,"comment_status":"closed","ping_status":"closed","sticky":false,"template":"","format":"standard","meta":{"_exactmetrics_skip_tracking":false,"_exactmetrics_sitenote_active":false,"_exactmetrics_sitenote_note":"","_exactmetrics_sitenote_category":0,"footnotes":""},"categories":[6],"tags":[],"yoast_head":"<!-- This site is optimized with the Yoast SEO plugin v22.0 - https:\/\/yoast.com\/wordpress\/plugins\/seo\/ -->\n<title>Divulgado resultado final do CFO 2018 - Pol\u00edcia Militar da Para\u00edba<\/title>\n<meta name=\"robots\" content=\"index, follow, max-snippet:-1, max-image-preview:large, max-video-preview:-1\" \/>\n<link rel=\"canonical\" href=\"https:\/\/www.pm.pb.gov.br\/portal\/2018\/04\/24\/divulgado-resultado-final-do-cfo-2018\/\" \/>\n<meta property=\"og:locale\" content=\"pt_BR\" \/>\n<meta property=\"og:type\" content=\"article\" \/>\n<meta property=\"og:title\" content=\"Divulgado resultado final do CFO 2018 - Pol\u00edcia Militar da Para\u00edba\" \/>\n<meta property=\"og:description\" content=\"A Pol\u00edcia Militar divulgou o resultado final do concurso para o Curso de Forma\u00e7\u00e3o de Oficiais (2018) da PMPB, nesta\" \/>\n<meta property=\"og:url\" content=\"https:\/\/www.pm.pb.gov.br\/portal\/2018\/04\/24\/divulgado-resultado-final-do-cfo-2018\/\" \/>\n<meta property=\"og:site_name\" content=\"Pol\u00edcia Militar da Para\u00edba\" \/>\n<meta property=\"article:published_time\" content=\"2018-04-24T20:03:25+00:00\" \/>\n<meta property=\"og:image\" content=\"https:\/\/www.pm.pb.gov.br\/portal\/wp-content\/uploads\/2018\/04\/CFO2.jpg\" \/>\n\t<meta property=\"og:image:width\" content=\"800\" \/>\n\t<meta property=\"og:image:height\" content=\"450\" \/>\n\t<meta property=\"og:image:type\" content=\"image\/jpeg\" \/>\n<meta name=\"author\" content=\"Marcio Gomes dos Santos\" \/>\n<meta name=\"twitter:card\" content=\"summary_large_image\" \/>\n<meta name=\"twitter:label1\" content=\"Escrito por\" \/>\n\t<meta name=\"twitter:data1\" content=\"Marcio Gomes dos Santos\" \/>\n\t<meta name=\"twitter:label2\" content=\"Est. tempo de leitura\" \/>\n\t<meta name=\"twitter:data2\" content=\"1 minuto\" \/>\n<script type=\"application\/ld+json\" class=\"yoast-schema-graph\">{\"@context\":\"https:\/\/schema.org\",\"@graph\":[{\"@type\":\"Article\",\"@id\":\"https:\/\/www.pm.pb.gov.br\/portal\/2018\/04\/24\/divulgado-resultado-final-do-cfo-2018\/#article\",\"isPartOf\":{\"@id\":\"https:\/\/www.pm.pb.gov.br\/portal\/2018\/04\/24\/divulgado-resultado-final-do-cfo-2018\/\"},\"author\":{\"name\":\"Marcio Gomes dos Santos\",\"@id\":\"https:\/\/www.pm.pb.gov.br\/portal\/#\/schema\/person\/30d571652b38533c2211e4e89bf5a502\"},\"headline\":\"Divulgado resultado final do CFO 2018\",\"datePublished\":\"2018-04-24T20:03:25+00:00\",\"dateModified\":\"2018-04-24T20:03:25+00:00\",\"mainEntityOfPage\":{\"@id\":\"https:\/\/www.pm.pb.gov.br\/portal\/2018\/04\/24\/divulgado-resultado-final-do-cfo-2018\/\"},\"wordCount\":294,\"publisher\":{\"@id\":\"https:\/\/www.pm.pb.gov.br\/portal\/#organization\"},\"articleSection\":[\"Cursos\"],\"inLanguage\":\"pt-BR\"},{\"@type\":\"WebPage\",\"@id\":\"https:\/\/www.pm.pb.gov.br\/portal\/2018\/04\/24\/divulgado-resultado-final-do-cfo-2018\/\",\"url\":\"https:\/\/www.pm.pb.gov.br\/portal\/2018\/04\/24\/divulgado-resultado-final-do-cfo-2018\/\",\"name\":\"Divulgado resultado final do CFO 2018 - Pol\u00edcia Militar da Para\u00edba\",\"isPartOf\":{\"@id\":\"https:\/\/www.pm.pb.gov.br\/portal\/#website\"},\"datePublished\":\"2018-04-24T20:03:25+00:00\",\"dateModified\":\"2018-04-24T20:03:25+00:00\",\"breadcrumb\":{\"@id\":\"https:\/\/www.pm.pb.gov.br\/portal\/2018\/04\/24\/divulgado-resultado-final-do-cfo-2018\/#breadcrumb\"},\"inLanguage\":\"pt-BR\",\"potentialAction\":[{\"@type\":\"ReadAction\",\"target\":[\"https:\/\/www.pm.pb.gov.br\/portal\/2018\/04\/24\/divulgado-resultado-final-do-cfo-2018\/\"]}]},{\"@type\":\"BreadcrumbList\",\"@id\":\"https:\/\/www.pm.pb.gov.br\/portal\/2018\/04\/24\/divulgado-resultado-final-do-cfo-2018\/#breadcrumb\",\"itemListElement\":[{\"@type\":\"ListItem\",\"position\":1,\"name\":\"In\u00edcio\",\"item\":\"https:\/\/www.pm.pb.gov.br\/portal\/\"},{\"@type\":\"ListItem\",\"position\":2,\"name\":\"Divulgado resultado final do CFO 2018\"}]},{\"@type\":\"WebSite\",\"@id\":\"https:\/\/www.pm.pb.gov.br\/portal\/#website\",\"url\":\"https:\/\/www.pm.pb.gov.br\/portal\/\",\"name\":\"Pol\u00edcia Militar da Para\u00edba\",\"description\":\"\",\"publisher\":{\"@id\":\"https:\/\/www.pm.pb.gov.br\/portal\/#organization\"},\"potentialAction\":[{\"@type\":\"SearchAction\",\"target\":{\"@type\":\"EntryPoint\",\"urlTemplate\":\"https:\/\/www.pm.pb.gov.br\/portal\/?s={search_term_string}\"},\"query-input\":\"required name=search_term_string\"}],\"inLanguage\":\"pt-BR\"},{\"@type\":\"Organization\",\"@id\":\"https:\/\/www.pm.pb.gov.br\/portal\/#organization\",\"name\":\"Pol\u00edcia Militar da Para\u00edba\",\"url\":\"https:\/\/www.pm.pb.gov.br\/portal\/\",\"logo\":{\"@type\":\"ImageObject\",\"inLanguage\":\"pt-BR\",\"@id\":\"https:\/\/www.pm.pb.gov.br\/portal\/#\/schema\/logo\/image\/\",\"url\":\"https:\/\/www.pm.pb.gov.br\/portal\/wp-content\/uploads\/2025\/03\/cropped-logo-site-mag2-1.png\",\"contentUrl\":\"https:\/\/www.pm.pb.gov.br\/portal\/wp-content\/uploads\/2025\/03\/cropped-logo-site-mag2-1.png\",\"width\":320,\"height\":90,\"caption\":\"Pol\u00edcia Militar da Para\u00edba\"},\"image\":{\"@id\":\"https:\/\/www.pm.pb.gov.br\/portal\/#\/schema\/logo\/image\/\"}},{\"@type\":\"Person\",\"@id\":\"https:\/\/www.pm.pb.gov.br\/portal\/#\/schema\/person\/30d571652b38533c2211e4e89bf5a502\",\"name\":\"Marcio Gomes dos Santos\",\"image\":{\"@type\":\"ImageObject\",\"inLanguage\":\"pt-BR\",\"@id\":\"https:\/\/www.pm.pb.gov.br\/portal\/#\/schema\/person\/image\/\",\"url\":\"https:\/\/secure.gravatar.com\/avatar\/cf4ec2cb690101e1581c7773aa350c19?s=96&d=mm&r=g\",\"contentUrl\":\"https:\/\/secure.gravatar.com\/avatar\/cf4ec2cb690101e1581c7773aa350c19?s=96&d=mm&r=g\",\"caption\":\"Marcio Gomes dos Santos\"},\"url\":\"https:\/\/www.pm.pb.gov.br\/portal\/author\/mgomes\/\"}]}<\/script>\n<!-- \/ Yoast SEO plugin. -->","yoast_head_json":{"title":"Divulgado resultado final do CFO 2018 - Pol\u00edcia Militar da Para\u00edba","robots":{"index":"index","follow":"follow","max-snippet":"max-snippet:-1","max-image-preview":"max-image-preview:large","max-video-preview":"max-video-preview:-1"},"canonical":"https:\/\/www.pm.pb.gov.br\/portal\/2018\/04\/24\/divulgado-resultado-final-do-cfo-2018\/","og_locale":"pt_BR","og_type":"article","og_title":"Divulgado resultado final do CFO 2018 - Pol\u00edcia Militar da Para\u00edba","og_description":"A Pol\u00edcia Militar divulgou o resultado final do concurso para o Curso de Forma\u00e7\u00e3o de Oficiais (2018) da PMPB, nesta","og_url":"https:\/\/www.pm.pb.gov.br\/portal\/2018\/04\/24\/divulgado-resultado-final-do-cfo-2018\/","og_site_name":"Pol\u00edcia Militar da Para\u00edba","article_published_time":"2018-04-24T20:03:25+00:00","og_image":[{"width":800,"height":450,"url":"https:\/\/www.pm.pb.gov.br\/portal\/wp-content\/uploads\/2018\/04\/CFO2.jpg","type":"image\/jpeg"}],"author":"Marcio Gomes dos Santos","twitter_card":"summary_large_image","twitter_misc":{"Escrito por":"Marcio Gomes dos Santos","Est. tempo de leitura":"1 minuto"},"schema":{"@context":"https:\/\/schema.org","@graph":[{"@type":"Article","@id":"https:\/\/www.pm.pb.gov.br\/portal\/2018\/04\/24\/divulgado-resultado-final-do-cfo-2018\/#article","isPartOf":{"@id":"https:\/\/www.pm.pb.gov.br\/portal\/2018\/04\/24\/divulgado-resultado-final-do-cfo-2018\/"},"author":{"name":"Marcio Gomes dos Santos","@id":"https:\/\/www.pm.pb.gov.br\/portal\/#\/schema\/person\/30d571652b38533c2211e4e89bf5a502"},"headline":"Divulgado resultado final do CFO 2018","datePublished":"2018-04-24T20:03:25+00:00","dateModified":"2018-04-24T20:03:25+00:00","mainEntityOfPage":{"@id":"https:\/\/www.pm.pb.gov.br\/portal\/2018\/04\/24\/divulgado-resultado-final-do-cfo-2018\/"},"wordCount":294,"publisher":{"@id":"https:\/\/www.pm.pb.gov.br\/portal\/#organization"},"articleSection":["Cursos"],"inLanguage":"pt-BR"},{"@type":"WebPage","@id":"https:\/\/www.pm.pb.gov.br\/portal\/2018\/04\/24\/divulgado-resultado-final-do-cfo-2018\/","url":"https:\/\/www.pm.pb.gov.br\/portal\/2018\/04\/24\/divulgado-resultado-final-do-cfo-2018\/","name":"Divulgado resultado final do CFO 2018 - Pol\u00edcia Militar da Para\u00edba","isPartOf":{"@id":"https:\/\/www.pm.pb.gov.br\/portal\/#website"},"datePublished":"2018-04-24T20:03:25+00:00","dateModified":"2018-04-24T20:03:25+00:00","breadcrumb":{"@id":"https:\/\/www.pm.pb.gov.br\/portal\/2018\/04\/24\/divulgado-resultado-final-do-cfo-2018\/#breadcrumb"},"inLanguage":"pt-BR","potentialAction":[{"@type":"ReadAction","target":["https:\/\/www.pm.pb.gov.br\/portal\/2018\/04\/24\/divulgado-resultado-final-do-cfo-2018\/"]}]},{"@type":"BreadcrumbList","@id":"https:\/\/www.pm.pb.gov.br\/portal\/2018\/04\/24\/divulgado-resultado-final-do-cfo-2018\/#breadcrumb","itemListElement":[{"@type":"ListItem","position":1,"name":"In\u00edcio","item":"https:\/\/www.pm.pb.gov.br\/portal\/"},{"@type":"ListItem","position":2,"name":"Divulgado resultado final do CFO 2018"}]},{"@type":"WebSite","@id":"https:\/\/www.pm.pb.gov.br\/portal\/#website","url":"https:\/\/www.pm.pb.gov.br\/portal\/","name":"Pol\u00edcia Militar da Para\u00edba","description":"","publisher":{"@id":"https:\/\/www.pm.pb.gov.br\/portal\/#organization"},"potentialAction":[{"@type":"SearchAction","target":{"@type":"EntryPoint","urlTemplate":"https:\/\/www.pm.pb.gov.br\/portal\/?s={search_term_string}"},"query-input":"required name=search_term_string"}],"inLanguage":"pt-BR"},{"@type":"Organization","@id":"https:\/\/www.pm.pb.gov.br\/portal\/#organization","name":"Pol\u00edcia Militar da Para\u00edba","url":"https:\/\/www.pm.pb.gov.br\/portal\/","logo":{"@type":"ImageObject","inLanguage":"pt-BR","@id":"https:\/\/www.pm.pb.gov.br\/portal\/#\/schema\/logo\/image\/","url":"https:\/\/www.pm.pb.gov.br\/portal\/wp-content\/uploads\/2025\/03\/cropped-logo-site-mag2-1.png","contentUrl":"https:\/\/www.pm.pb.gov.br\/portal\/wp-content\/uploads\/2025\/03\/cropped-logo-site-mag2-1.png","width":320,"height":90,"caption":"Pol\u00edcia Militar da Para\u00edba"},"image":{"@id":"https:\/\/www.pm.pb.gov.br\/portal\/#\/schema\/logo\/image\/"}},{"@type":"Person","@id":"https:\/\/www.pm.pb.gov.br\/portal\/#\/schema\/person\/30d571652b38533c2211e4e89bf5a502","name":"Marcio Gomes dos Santos","image":{"@type":"ImageObject","inLanguage":"pt-BR","@id":"https:\/\/www.pm.pb.gov.br\/portal\/#\/schema\/person\/image\/","url":"https:\/\/secure.gravatar.com\/avatar\/cf4ec2cb690101e1581c7773aa350c19?s=96&d=mm&r=g","contentUrl":"https:\/\/secure.gravatar.com\/avatar\/cf4ec2cb690101e1581c7773aa350c19?s=96&d=mm&r=g","caption":"Marcio Gomes dos Santos"},"url":"https:\/\/www.pm.pb.gov.br\/portal\/author\/mgomes\/"}]}},"_links":{"self":[{"href":"https:\/\/www.pm.pb.gov.br\/portal\/wp-json\/wp\/v2\/posts\/897686"}],"collection":[{"href":"https:\/\/www.pm.pb.gov.br\/portal\/wp-json\/wp\/v2\/posts"}],"about":[{"href":"https:\/\/www.pm.pb.gov.br\/portal\/wp-json\/wp\/v2\/types\/post"}],"author":[{"embeddable":true,"href":"https:\/\/www.pm.pb.gov.br\/portal\/wp-json\/wp\/v2\/users\/15"}],"replies":[{"embeddable":true,"href":"https:\/\/www.pm.pb.gov.br\/portal\/wp-json\/wp\/v2\/comments?post=897686"}],"version-history":[{"count":1,"href":"https:\/\/www.pm.pb.gov.br\/portal\/wp-json\/wp\/v2\/posts\/897686\/revisions"}],"predecessor-version":[{"id":897687,"href":"https:\/\/www.pm.pb.gov.br\/portal\/wp-json\/wp\/v2\/posts\/897686\/revisions\/897687"}],"wp:featuredmedia":[{"embeddable":true,"href":"https:\/\/www.pm.pb.gov.br\/portal\/wp-json\/wp\/v2\/media\/897688"}],"wp:attachment":[{"href":"https:\/\/www.pm.pb.gov.br\/portal\/wp-json\/wp\/v2\/media?parent=897686"}],"wp:term":[{"taxonomy":"category","embeddable":true,"href":"https:\/\/www.pm.pb.gov.br\/portal\/wp-json\/wp\/v2\/categories?post=897686"},{"taxonomy":"post_tag","embeddable":true,"href":"https:\/\/www.pm.pb.gov.br\/portal\/wp-json\/wp\/v2\/tags?post=897686"}],"curies":[{"name":"wp","href":"https:\/\/api.w.org\/{rel}","templated":true}]}}