{"id":897682,"date":"2018-04-24T15:57:12","date_gmt":"2018-04-24T18:57:12","guid":{"rendered":"http:\/\/www.pm.pb.gov.br\/portal\/?p=897682"},"modified":"2018-04-24T15:57:12","modified_gmt":"2018-04-24T18:57:12","slug":"policia-militar-localiza-casa-usada-para-desmanche-de-veiculos-roubados-em-campina-grande","status":"publish","type":"post","link":"https:\/\/www.pm.pb.gov.br\/portal\/2018\/04\/24\/policia-militar-localiza-casa-usada-para-desmanche-de-veiculos-roubados-em-campina-grande\/","title":{"rendered":"Pol\u00edcia Militar localiza casa usada para desmanche de ve\u00edculos roubados em Campina Grande"},"content":{"rendered":"<p style=\"text-align: justify;\">A Pol\u00edcia Militar localizou uma casa que servia como ponto de desmanche de ve\u00edculos roubados na cidade de Campina Grande, durante a\u00e7\u00e3o realizada no bairro da Gl\u00f3ria, no fim da manh\u00e3 desta ter\u00e7a-feira\u00a0 (24). Na resid\u00eancia, foi preso um suspeito de 26 anos com v\u00e1rias pe\u00e7as de carros e motos, uma pistola calibre 380, muni\u00e7\u00f5es, mais de 3 kg de coca\u00edna e uma motocicleta.<\/p>\n<p><img loading=\"lazy\" decoding=\"async\" class=\"wp-image-897684 aligncenter\" src=\"http:\/\/www.pm.pb.gov.br\/portal\/wp-content\/uploads\/2018\/04\/WhatsApp-Image-2018-04-24-at-15.30.36-1-791x445.jpeg\" alt=\"\" width=\"549\" height=\"309\" srcset=\"https:\/\/www.pm.pb.gov.br\/portal\/wp-content\/uploads\/2018\/04\/WhatsApp-Image-2018-04-24-at-15.30.36-1-791x445.jpeg 791w, https:\/\/www.pm.pb.gov.br\/portal\/wp-content\/uploads\/2018\/04\/WhatsApp-Image-2018-04-24-at-15.30.36-1-768x432.jpeg 768w, https:\/\/www.pm.pb.gov.br\/portal\/wp-content\/uploads\/2018\/04\/WhatsApp-Image-2018-04-24-at-15.30.36-1-1013x570.jpeg 1013w, https:\/\/www.pm.pb.gov.br\/portal\/wp-content\/uploads\/2018\/04\/WhatsApp-Image-2018-04-24-at-15.30.36-1.jpeg 1040w\" sizes=\"(max-width: 549px) 100vw, 549px\" \/><\/p>\n<p style=\"text-align: justify;\">O local foi desarticulado por meio de um trabalho realizado pela Coordenadoria de Intelig\u00eancia (COInt), que indicou o ponto exato aos policiais do 10\u00b0 Batalh\u00e3o. O preso estaria atuando com um comparsa na desmontagem dos ve\u00edculos roubados e as pe\u00e7as eram escondidas na resid\u00eancia para serem vendidas, segundo o que foi apurado nos levantamentos. O outro homem segue sendo procurado.<\/p>\n<p style=\"text-align: justify;\">O preso e todo o material apreendido foi levado para a Delegacia de Roubos e Furtos, na Central de Pol\u00edcia Civil.<\/p>\n","protected":false},"excerpt":{"rendered":"<p>A Pol\u00edcia Militar localizou uma casa que servia como ponto de desmanche de ve\u00edculos roubados na cidade de Campina Grande,<\/p>\n","protected":false},"author":15,"featured_media":897683,"comment_status":"closed","ping_status":"closed","sticky":false,"template":"","format":"standard","meta":{"_exactmetrics_skip_tracking":false,"_exactmetrics_sitenote_active":false,"_exactmetrics_sitenote_note":"","_exactmetrics_sitenote_category":0,"footnotes":""},"categories":[4],"tags":[],"yoast_head":"<!-- This site is optimized with the Yoast SEO plugin v22.0 - https:\/\/yoast.com\/wordpress\/plugins\/seo\/ -->\n<title>Pol\u00edcia Militar localiza casa usada para desmanche de ve\u00edculos roubados em Campina Grande - Pol\u00edcia Militar da Para\u00edba<\/title>\n<meta name=\"robots\" content=\"index, follow, max-snippet:-1, max-image-preview:large, max-video-preview:-1\" \/>\n<link rel=\"canonical\" href=\"https:\/\/www.pm.pb.gov.br\/portal\/2018\/04\/24\/policia-militar-localiza-casa-usada-para-desmanche-de-veiculos-roubados-em-campina-grande\/\" \/>\n<meta property=\"og:locale\" content=\"pt_BR\" \/>\n<meta property=\"og:type\" content=\"article\" \/>\n<meta property=\"og:title\" content=\"Pol\u00edcia Militar localiza casa usada para desmanche de ve\u00edculos roubados em Campina Grande - Pol\u00edcia Militar da Para\u00edba\" \/>\n<meta property=\"og:description\" content=\"A Pol\u00edcia Militar localizou uma casa que servia como ponto de desmanche de ve\u00edculos roubados na cidade de Campina Grande,\" \/>\n<meta property=\"og:url\" content=\"https:\/\/www.pm.pb.gov.br\/portal\/2018\/04\/24\/policia-militar-localiza-casa-usada-para-desmanche-de-veiculos-roubados-em-campina-grande\/\" \/>\n<meta property=\"og:site_name\" content=\"Pol\u00edcia Militar da Para\u00edba\" \/>\n<meta property=\"article:published_time\" content=\"2018-04-24T18:57:12+00:00\" \/>\n<meta property=\"og:image\" content=\"https:\/\/www.pm.pb.gov.br\/portal\/wp-content\/uploads\/2018\/04\/arma_cg.jpg\" \/>\n\t<meta property=\"og:image:width\" content=\"800\" \/>\n\t<meta property=\"og:image:height\" content=\"450\" \/>\n\t<meta property=\"og:image:type\" content=\"image\/jpeg\" \/>\n<meta name=\"author\" content=\"Marcio Gomes dos Santos\" \/>\n<meta name=\"twitter:card\" content=\"summary_large_image\" \/>\n<meta name=\"twitter:label1\" content=\"Escrito por\" \/>\n\t<meta name=\"twitter:data1\" content=\"Marcio Gomes dos Santos\" \/>\n\t<meta name=\"twitter:label2\" content=\"Est. tempo de leitura\" \/>\n\t<meta name=\"twitter:data2\" content=\"1 minuto\" \/>\n<script type=\"application\/ld+json\" class=\"yoast-schema-graph\">{\"@context\":\"https:\/\/schema.org\",\"@graph\":[{\"@type\":\"Article\",\"@id\":\"https:\/\/www.pm.pb.gov.br\/portal\/2018\/04\/24\/policia-militar-localiza-casa-usada-para-desmanche-de-veiculos-roubados-em-campina-grande\/#article\",\"isPartOf\":{\"@id\":\"https:\/\/www.pm.pb.gov.br\/portal\/2018\/04\/24\/policia-militar-localiza-casa-usada-para-desmanche-de-veiculos-roubados-em-campina-grande\/\"},\"author\":{\"name\":\"Marcio Gomes dos Santos\",\"@id\":\"https:\/\/www.pm.pb.gov.br\/portal\/#\/schema\/person\/30d571652b38533c2211e4e89bf5a502\"},\"headline\":\"Pol\u00edcia Militar localiza casa usada para desmanche de ve\u00edculos roubados em Campina Grande\",\"datePublished\":\"2018-04-24T18:57:12+00:00\",\"dateModified\":\"2018-04-24T18:57:12+00:00\",\"mainEntityOfPage\":{\"@id\":\"https:\/\/www.pm.pb.gov.br\/portal\/2018\/04\/24\/policia-militar-localiza-casa-usada-para-desmanche-de-veiculos-roubados-em-campina-grande\/\"},\"wordCount\":171,\"publisher\":{\"@id\":\"https:\/\/www.pm.pb.gov.br\/portal\/#organization\"},\"articleSection\":[\"A\u00e7\u00f5es Policiais\"],\"inLanguage\":\"pt-BR\"},{\"@type\":\"WebPage\",\"@id\":\"https:\/\/www.pm.pb.gov.br\/portal\/2018\/04\/24\/policia-militar-localiza-casa-usada-para-desmanche-de-veiculos-roubados-em-campina-grande\/\",\"url\":\"https:\/\/www.pm.pb.gov.br\/portal\/2018\/04\/24\/policia-militar-localiza-casa-usada-para-desmanche-de-veiculos-roubados-em-campina-grande\/\",\"name\":\"Pol\u00edcia Militar localiza casa usada para desmanche de ve\u00edculos roubados em Campina Grande - Pol\u00edcia Militar da Para\u00edba\",\"isPartOf\":{\"@id\":\"https:\/\/www.pm.pb.gov.br\/portal\/#website\"},\"datePublished\":\"2018-04-24T18:57:12+00:00\",\"dateModified\":\"2018-04-24T18:57:12+00:00\",\"breadcrumb\":{\"@id\":\"https:\/\/www.pm.pb.gov.br\/portal\/2018\/04\/24\/policia-militar-localiza-casa-usada-para-desmanche-de-veiculos-roubados-em-campina-grande\/#breadcrumb\"},\"inLanguage\":\"pt-BR\",\"potentialAction\":[{\"@type\":\"ReadAction\",\"target\":[\"https:\/\/www.pm.pb.gov.br\/portal\/2018\/04\/24\/policia-militar-localiza-casa-usada-para-desmanche-de-veiculos-roubados-em-campina-grande\/\"]}]},{\"@type\":\"BreadcrumbList\",\"@id\":\"https:\/\/www.pm.pb.gov.br\/portal\/2018\/04\/24\/policia-militar-localiza-casa-usada-para-desmanche-de-veiculos-roubados-em-campina-grande\/#breadcrumb\",\"itemListElement\":[{\"@type\":\"ListItem\",\"position\":1,\"name\":\"In\u00edcio\",\"item\":\"https:\/\/www.pm.pb.gov.br\/portal\/\"},{\"@type\":\"ListItem\",\"position\":2,\"name\":\"Pol\u00edcia Militar localiza casa usada para desmanche de ve\u00edculos roubados em Campina Grande\"}]},{\"@type\":\"WebSite\",\"@id\":\"https:\/\/www.pm.pb.gov.br\/portal\/#website\",\"url\":\"https:\/\/www.pm.pb.gov.br\/portal\/\",\"name\":\"Pol\u00edcia Militar da Para\u00edba\",\"description\":\"\",\"publisher\":{\"@id\":\"https:\/\/www.pm.pb.gov.br\/portal\/#organization\"},\"potentialAction\":[{\"@type\":\"SearchAction\",\"target\":{\"@type\":\"EntryPoint\",\"urlTemplate\":\"https:\/\/www.pm.pb.gov.br\/portal\/?s={search_term_string}\"},\"query-input\":\"required name=search_term_string\"}],\"inLanguage\":\"pt-BR\"},{\"@type\":\"Organization\",\"@id\":\"https:\/\/www.pm.pb.gov.br\/portal\/#organization\",\"name\":\"Pol\u00edcia Militar da Para\u00edba\",\"url\":\"https:\/\/www.pm.pb.gov.br\/portal\/\",\"logo\":{\"@type\":\"ImageObject\",\"inLanguage\":\"pt-BR\",\"@id\":\"https:\/\/www.pm.pb.gov.br\/portal\/#\/schema\/logo\/image\/\",\"url\":\"https:\/\/www.pm.pb.gov.br\/portal\/wp-content\/uploads\/2025\/03\/cropped-logo-site-mag2-1.png\",\"contentUrl\":\"https:\/\/www.pm.pb.gov.br\/portal\/wp-content\/uploads\/2025\/03\/cropped-logo-site-mag2-1.png\",\"width\":320,\"height\":90,\"caption\":\"Pol\u00edcia Militar da Para\u00edba\"},\"image\":{\"@id\":\"https:\/\/www.pm.pb.gov.br\/portal\/#\/schema\/logo\/image\/\"}},{\"@type\":\"Person\",\"@id\":\"https:\/\/www.pm.pb.gov.br\/portal\/#\/schema\/person\/30d571652b38533c2211e4e89bf5a502\",\"name\":\"Marcio Gomes dos Santos\",\"image\":{\"@type\":\"ImageObject\",\"inLanguage\":\"pt-BR\",\"@id\":\"https:\/\/www.pm.pb.gov.br\/portal\/#\/schema\/person\/image\/\",\"url\":\"https:\/\/secure.gravatar.com\/avatar\/cf4ec2cb690101e1581c7773aa350c19?s=96&d=mm&r=g\",\"contentUrl\":\"https:\/\/secure.gravatar.com\/avatar\/cf4ec2cb690101e1581c7773aa350c19?s=96&d=mm&r=g\",\"caption\":\"Marcio Gomes dos Santos\"},\"url\":\"https:\/\/www.pm.pb.gov.br\/portal\/author\/mgomes\/\"}]}<\/script>\n<!-- \/ Yoast SEO plugin. -->","yoast_head_json":{"title":"Pol\u00edcia Militar localiza casa usada para desmanche de ve\u00edculos roubados em Campina Grande - Pol\u00edcia Militar da Para\u00edba","robots":{"index":"index","follow":"follow","max-snippet":"max-snippet:-1","max-image-preview":"max-image-preview:large","max-video-preview":"max-video-preview:-1"},"canonical":"https:\/\/www.pm.pb.gov.br\/portal\/2018\/04\/24\/policia-militar-localiza-casa-usada-para-desmanche-de-veiculos-roubados-em-campina-grande\/","og_locale":"pt_BR","og_type":"article","og_title":"Pol\u00edcia Militar localiza casa usada para desmanche de ve\u00edculos roubados em Campina Grande - Pol\u00edcia Militar da Para\u00edba","og_description":"A Pol\u00edcia Militar localizou uma casa que servia como ponto de desmanche de ve\u00edculos roubados na cidade de Campina Grande,","og_url":"https:\/\/www.pm.pb.gov.br\/portal\/2018\/04\/24\/policia-militar-localiza-casa-usada-para-desmanche-de-veiculos-roubados-em-campina-grande\/","og_site_name":"Pol\u00edcia Militar da Para\u00edba","article_published_time":"2018-04-24T18:57:12+00:00","og_image":[{"width":800,"height":450,"url":"https:\/\/www.pm.pb.gov.br\/portal\/wp-content\/uploads\/2018\/04\/arma_cg.jpg","type":"image\/jpeg"}],"author":"Marcio Gomes dos Santos","twitter_card":"summary_large_image","twitter_misc":{"Escrito por":"Marcio Gomes dos Santos","Est. tempo de leitura":"1 minuto"},"schema":{"@context":"https:\/\/schema.org","@graph":[{"@type":"Article","@id":"https:\/\/www.pm.pb.gov.br\/portal\/2018\/04\/24\/policia-militar-localiza-casa-usada-para-desmanche-de-veiculos-roubados-em-campina-grande\/#article","isPartOf":{"@id":"https:\/\/www.pm.pb.gov.br\/portal\/2018\/04\/24\/policia-militar-localiza-casa-usada-para-desmanche-de-veiculos-roubados-em-campina-grande\/"},"author":{"name":"Marcio Gomes dos Santos","@id":"https:\/\/www.pm.pb.gov.br\/portal\/#\/schema\/person\/30d571652b38533c2211e4e89bf5a502"},"headline":"Pol\u00edcia Militar localiza casa usada para desmanche de ve\u00edculos roubados em Campina Grande","datePublished":"2018-04-24T18:57:12+00:00","dateModified":"2018-04-24T18:57:12+00:00","mainEntityOfPage":{"@id":"https:\/\/www.pm.pb.gov.br\/portal\/2018\/04\/24\/policia-militar-localiza-casa-usada-para-desmanche-de-veiculos-roubados-em-campina-grande\/"},"wordCount":171,"publisher":{"@id":"https:\/\/www.pm.pb.gov.br\/portal\/#organization"},"articleSection":["A\u00e7\u00f5es Policiais"],"inLanguage":"pt-BR"},{"@type":"WebPage","@id":"https:\/\/www.pm.pb.gov.br\/portal\/2018\/04\/24\/policia-militar-localiza-casa-usada-para-desmanche-de-veiculos-roubados-em-campina-grande\/","url":"https:\/\/www.pm.pb.gov.br\/portal\/2018\/04\/24\/policia-militar-localiza-casa-usada-para-desmanche-de-veiculos-roubados-em-campina-grande\/","name":"Pol\u00edcia Militar localiza casa usada para desmanche de ve\u00edculos roubados em Campina Grande - Pol\u00edcia Militar da Para\u00edba","isPartOf":{"@id":"https:\/\/www.pm.pb.gov.br\/portal\/#website"},"datePublished":"2018-04-24T18:57:12+00:00","dateModified":"2018-04-24T18:57:12+00:00","breadcrumb":{"@id":"https:\/\/www.pm.pb.gov.br\/portal\/2018\/04\/24\/policia-militar-localiza-casa-usada-para-desmanche-de-veiculos-roubados-em-campina-grande\/#breadcrumb"},"inLanguage":"pt-BR","potentialAction":[{"@type":"ReadAction","target":["https:\/\/www.pm.pb.gov.br\/portal\/2018\/04\/24\/policia-militar-localiza-casa-usada-para-desmanche-de-veiculos-roubados-em-campina-grande\/"]}]},{"@type":"BreadcrumbList","@id":"https:\/\/www.pm.pb.gov.br\/portal\/2018\/04\/24\/policia-militar-localiza-casa-usada-para-desmanche-de-veiculos-roubados-em-campina-grande\/#breadcrumb","itemListElement":[{"@type":"ListItem","position":1,"name":"In\u00edcio","item":"https:\/\/www.pm.pb.gov.br\/portal\/"},{"@type":"ListItem","position":2,"name":"Pol\u00edcia Militar localiza casa usada para desmanche de ve\u00edculos roubados em Campina Grande"}]},{"@type":"WebSite","@id":"https:\/\/www.pm.pb.gov.br\/portal\/#website","url":"https:\/\/www.pm.pb.gov.br\/portal\/","name":"Pol\u00edcia Militar da Para\u00edba","description":"","publisher":{"@id":"https:\/\/www.pm.pb.gov.br\/portal\/#organization"},"potentialAction":[{"@type":"SearchAction","target":{"@type":"EntryPoint","urlTemplate":"https:\/\/www.pm.pb.gov.br\/portal\/?s={search_term_string}"},"query-input":"required name=search_term_string"}],"inLanguage":"pt-BR"},{"@type":"Organization","@id":"https:\/\/www.pm.pb.gov.br\/portal\/#organization","name":"Pol\u00edcia Militar da Para\u00edba","url":"https:\/\/www.pm.pb.gov.br\/portal\/","logo":{"@type":"ImageObject","inLanguage":"pt-BR","@id":"https:\/\/www.pm.pb.gov.br\/portal\/#\/schema\/logo\/image\/","url":"https:\/\/www.pm.pb.gov.br\/portal\/wp-content\/uploads\/2025\/03\/cropped-logo-site-mag2-1.png","contentUrl":"https:\/\/www.pm.pb.gov.br\/portal\/wp-content\/uploads\/2025\/03\/cropped-logo-site-mag2-1.png","width":320,"height":90,"caption":"Pol\u00edcia Militar da Para\u00edba"},"image":{"@id":"https:\/\/www.pm.pb.gov.br\/portal\/#\/schema\/logo\/image\/"}},{"@type":"Person","@id":"https:\/\/www.pm.pb.gov.br\/portal\/#\/schema\/person\/30d571652b38533c2211e4e89bf5a502","name":"Marcio Gomes dos Santos","image":{"@type":"ImageObject","inLanguage":"pt-BR","@id":"https:\/\/www.pm.pb.gov.br\/portal\/#\/schema\/person\/image\/","url":"https:\/\/secure.gravatar.com\/avatar\/cf4ec2cb690101e1581c7773aa350c19?s=96&d=mm&r=g","contentUrl":"https:\/\/secure.gravatar.com\/avatar\/cf4ec2cb690101e1581c7773aa350c19?s=96&d=mm&r=g","caption":"Marcio Gomes dos Santos"},"url":"https:\/\/www.pm.pb.gov.br\/portal\/author\/mgomes\/"}]}},"_links":{"self":[{"href":"https:\/\/www.pm.pb.gov.br\/portal\/wp-json\/wp\/v2\/posts\/897682"}],"collection":[{"href":"https:\/\/www.pm.pb.gov.br\/portal\/wp-json\/wp\/v2\/posts"}],"about":[{"href":"https:\/\/www.pm.pb.gov.br\/portal\/wp-json\/wp\/v2\/types\/post"}],"author":[{"embeddable":true,"href":"https:\/\/www.pm.pb.gov.br\/portal\/wp-json\/wp\/v2\/users\/15"}],"replies":[{"embeddable":true,"href":"https:\/\/www.pm.pb.gov.br\/portal\/wp-json\/wp\/v2\/comments?post=897682"}],"version-history":[{"count":1,"href":"https:\/\/www.pm.pb.gov.br\/portal\/wp-json\/wp\/v2\/posts\/897682\/revisions"}],"predecessor-version":[{"id":897685,"href":"https:\/\/www.pm.pb.gov.br\/portal\/wp-json\/wp\/v2\/posts\/897682\/revisions\/897685"}],"wp:featuredmedia":[{"embeddable":true,"href":"https:\/\/www.pm.pb.gov.br\/portal\/wp-json\/wp\/v2\/media\/897683"}],"wp:attachment":[{"href":"https:\/\/www.pm.pb.gov.br\/portal\/wp-json\/wp\/v2\/media?parent=897682"}],"wp:term":[{"taxonomy":"category","embeddable":true,"href":"https:\/\/www.pm.pb.gov.br\/portal\/wp-json\/wp\/v2\/categories?post=897682"},{"taxonomy":"post_tag","embeddable":true,"href":"https:\/\/www.pm.pb.gov.br\/portal\/wp-json\/wp\/v2\/tags?post=897682"}],"curies":[{"name":"wp","href":"https:\/\/api.w.org\/{rel}","templated":true}]}}