{"id":897678,"date":"2018-04-24T10:38:29","date_gmt":"2018-04-24T13:38:29","guid":{"rendered":"http:\/\/www.pm.pb.gov.br\/portal\/?p=897678"},"modified":"2018-04-24T10:58:50","modified_gmt":"2018-04-24T13:58:50","slug":"policia-militar-prende-em-flagrante-dois-suspeitos-de-roubo-em-comercio-em-sape","status":"publish","type":"post","link":"https:\/\/www.pm.pb.gov.br\/portal\/2018\/04\/24\/policia-militar-prende-em-flagrante-dois-suspeitos-de-roubo-em-comercio-em-sape\/","title":{"rendered":"Pol\u00edcia Militar prende, em flagrante, dois suspeitos de roubo em com\u00e9rcio, em Sap\u00e9"},"content":{"rendered":"<p style=\"text-align: justify;\">A Pol\u00edcia Militar prendeu, em flagrante, dois suspeitos de praticar um assalto a um estabelecimento comercial na tarde dessa segunda-feira (23), no munic\u00edpio de Sap\u00e9. Os dois suspeitos j\u00e1 tinham passagem pela pol\u00edcia, e um deles havia deixado o pres\u00eddio na \u00faltima sexta-feira (20), local onde cumpria pena pelo crime de latroc\u00ednio. A a\u00e7\u00e3o dos suspeitos e dos policiais foi registrada pelo circuito interno de c\u00e2meras do local.<\/p>\n<p style=\"text-align: justify;\">Por volta das 15h, dois homens com uma arma de fogo, anunciaram um assalto em uma loja de revenda de celular, no centro da cidade. Os dois suspeitos haviam chegado em uma motocicleta e, durante o crime, os policiais da 3\u00aa Companhia do 7\u00ba Batalh\u00e3o, que estavam na localidade, flagraram a a\u00e7\u00e3o da dupla. Ainda antes de sa\u00edrem do estabelecimento, os dois suspeitos foram rendidos e presos.<\/p>\n<p style=\"text-align: justify;\">Na a\u00e7\u00e3o, a PM apreendeu o rev\u00f3lver calibre 38 utilizado pela dupla, e um simulacro de pistola, que era usado para intimidar as v\u00edtimas. Seis muni\u00e7\u00f5es que estavam no rev\u00f3lver tamb\u00e9m foram apreendidas. Os dois suspeitos foram conduzidos para a Delegacia de Sap\u00e9, autuados por roubo e porte ilegal.<\/p>\n<p style=\"text-align: justify;\"><strong>Reincid\u00eancia <\/strong>\u2013 Segundo o comandante da 3\u00ba Companhia, capit\u00e3o Jos\u00e9 Targino, a dupla presa pela PM \u00e9 considerada de alta periculosidade. \u201cUm desses suspeitos, que tem 18 anos, havia sido preso pela PM ap\u00f3s persegui\u00e7\u00e3o policial, depois de cometer roubos em Mari, em janeiro deste ano. Na \u00e9poca, foi constatado que contra ele havia um mandado de pris\u00e3o em aberto pelo latroc\u00ednio de um comerciante em Mamanguape, crime ocorrido em novembro do ano passado\u201d, explicou o oficial. \u201cJ\u00e1 o outro suspeito respondeu pelo crime de tr\u00e1fico de drogas e \u00e9 ex-presidi\u00e1rio\u201d, concluiu o capit\u00e3o.<\/p>\n","protected":false},"excerpt":{"rendered":"<p>A Pol\u00edcia Militar prendeu, em flagrante, dois suspeitos de praticar um assalto a um estabelecimento comercial na tarde dessa segunda-feira<\/p>\n","protected":false},"author":15,"featured_media":897681,"comment_status":"closed","ping_status":"closed","sticky":false,"template":"","format":"standard","meta":{"_exactmetrics_skip_tracking":false,"_exactmetrics_sitenote_active":false,"_exactmetrics_sitenote_note":"","_exactmetrics_sitenote_category":0,"footnotes":""},"categories":[4],"tags":[],"yoast_head":"<!-- This site is optimized with the Yoast SEO plugin v22.0 - https:\/\/yoast.com\/wordpress\/plugins\/seo\/ -->\n<title>Pol\u00edcia Militar prende, em flagrante, dois suspeitos de roubo em com\u00e9rcio, em Sap\u00e9 - Pol\u00edcia Militar da Para\u00edba<\/title>\n<meta name=\"robots\" content=\"index, follow, max-snippet:-1, max-image-preview:large, max-video-preview:-1\" \/>\n<link rel=\"canonical\" href=\"https:\/\/www.pm.pb.gov.br\/portal\/2018\/04\/24\/policia-militar-prende-em-flagrante-dois-suspeitos-de-roubo-em-comercio-em-sape\/\" \/>\n<meta property=\"og:locale\" content=\"pt_BR\" \/>\n<meta property=\"og:type\" content=\"article\" \/>\n<meta property=\"og:title\" content=\"Pol\u00edcia Militar prende, em flagrante, dois suspeitos de roubo em com\u00e9rcio, em Sap\u00e9 - Pol\u00edcia Militar da Para\u00edba\" \/>\n<meta property=\"og:description\" content=\"A Pol\u00edcia Militar prendeu, em flagrante, dois suspeitos de praticar um assalto a um estabelecimento comercial na tarde dessa segunda-feira\" \/>\n<meta property=\"og:url\" content=\"https:\/\/www.pm.pb.gov.br\/portal\/2018\/04\/24\/policia-militar-prende-em-flagrante-dois-suspeitos-de-roubo-em-comercio-em-sape\/\" \/>\n<meta property=\"og:site_name\" content=\"Pol\u00edcia Militar da Para\u00edba\" \/>\n<meta property=\"article:published_time\" content=\"2018-04-24T13:38:29+00:00\" \/>\n<meta property=\"article:modified_time\" content=\"2018-04-24T13:58:50+00:00\" \/>\n<meta property=\"og:image\" content=\"https:\/\/www.pm.pb.gov.br\/portal\/wp-content\/uploads\/2018\/04\/site1.jpeg\" \/>\n\t<meta property=\"og:image:width\" content=\"800\" \/>\n\t<meta property=\"og:image:height\" content=\"445\" \/>\n\t<meta property=\"og:image:type\" content=\"image\/jpeg\" \/>\n<meta name=\"author\" content=\"Marcio Gomes dos Santos\" \/>\n<meta name=\"twitter:card\" content=\"summary_large_image\" \/>\n<meta name=\"twitter:label1\" content=\"Escrito por\" \/>\n\t<meta name=\"twitter:data1\" content=\"Marcio Gomes dos Santos\" \/>\n\t<meta name=\"twitter:label2\" content=\"Est. tempo de leitura\" \/>\n\t<meta name=\"twitter:data2\" content=\"1 minuto\" \/>\n<script type=\"application\/ld+json\" class=\"yoast-schema-graph\">{\"@context\":\"https:\/\/schema.org\",\"@graph\":[{\"@type\":\"Article\",\"@id\":\"https:\/\/www.pm.pb.gov.br\/portal\/2018\/04\/24\/policia-militar-prende-em-flagrante-dois-suspeitos-de-roubo-em-comercio-em-sape\/#article\",\"isPartOf\":{\"@id\":\"https:\/\/www.pm.pb.gov.br\/portal\/2018\/04\/24\/policia-militar-prende-em-flagrante-dois-suspeitos-de-roubo-em-comercio-em-sape\/\"},\"author\":{\"name\":\"Marcio Gomes dos Santos\",\"@id\":\"https:\/\/www.pm.pb.gov.br\/portal\/#\/schema\/person\/30d571652b38533c2211e4e89bf5a502\"},\"headline\":\"Pol\u00edcia Militar prende, em flagrante, dois suspeitos de roubo em com\u00e9rcio, em Sap\u00e9\",\"datePublished\":\"2018-04-24T13:38:29+00:00\",\"dateModified\":\"2018-04-24T13:58:50+00:00\",\"mainEntityOfPage\":{\"@id\":\"https:\/\/www.pm.pb.gov.br\/portal\/2018\/04\/24\/policia-militar-prende-em-flagrante-dois-suspeitos-de-roubo-em-comercio-em-sape\/\"},\"wordCount\":308,\"publisher\":{\"@id\":\"https:\/\/www.pm.pb.gov.br\/portal\/#organization\"},\"articleSection\":[\"A\u00e7\u00f5es Policiais\"],\"inLanguage\":\"pt-BR\"},{\"@type\":\"WebPage\",\"@id\":\"https:\/\/www.pm.pb.gov.br\/portal\/2018\/04\/24\/policia-militar-prende-em-flagrante-dois-suspeitos-de-roubo-em-comercio-em-sape\/\",\"url\":\"https:\/\/www.pm.pb.gov.br\/portal\/2018\/04\/24\/policia-militar-prende-em-flagrante-dois-suspeitos-de-roubo-em-comercio-em-sape\/\",\"name\":\"Pol\u00edcia Militar prende, em flagrante, dois suspeitos de roubo em com\u00e9rcio, em Sap\u00e9 - Pol\u00edcia Militar da Para\u00edba\",\"isPartOf\":{\"@id\":\"https:\/\/www.pm.pb.gov.br\/portal\/#website\"},\"datePublished\":\"2018-04-24T13:38:29+00:00\",\"dateModified\":\"2018-04-24T13:58:50+00:00\",\"breadcrumb\":{\"@id\":\"https:\/\/www.pm.pb.gov.br\/portal\/2018\/04\/24\/policia-militar-prende-em-flagrante-dois-suspeitos-de-roubo-em-comercio-em-sape\/#breadcrumb\"},\"inLanguage\":\"pt-BR\",\"potentialAction\":[{\"@type\":\"ReadAction\",\"target\":[\"https:\/\/www.pm.pb.gov.br\/portal\/2018\/04\/24\/policia-militar-prende-em-flagrante-dois-suspeitos-de-roubo-em-comercio-em-sape\/\"]}]},{\"@type\":\"BreadcrumbList\",\"@id\":\"https:\/\/www.pm.pb.gov.br\/portal\/2018\/04\/24\/policia-militar-prende-em-flagrante-dois-suspeitos-de-roubo-em-comercio-em-sape\/#breadcrumb\",\"itemListElement\":[{\"@type\":\"ListItem\",\"position\":1,\"name\":\"In\u00edcio\",\"item\":\"https:\/\/www.pm.pb.gov.br\/portal\/\"},{\"@type\":\"ListItem\",\"position\":2,\"name\":\"Pol\u00edcia Militar prende, em flagrante, dois suspeitos de roubo em com\u00e9rcio, em Sap\u00e9\"}]},{\"@type\":\"WebSite\",\"@id\":\"https:\/\/www.pm.pb.gov.br\/portal\/#website\",\"url\":\"https:\/\/www.pm.pb.gov.br\/portal\/\",\"name\":\"Pol\u00edcia Militar da Para\u00edba\",\"description\":\"\",\"publisher\":{\"@id\":\"https:\/\/www.pm.pb.gov.br\/portal\/#organization\"},\"potentialAction\":[{\"@type\":\"SearchAction\",\"target\":{\"@type\":\"EntryPoint\",\"urlTemplate\":\"https:\/\/www.pm.pb.gov.br\/portal\/?s={search_term_string}\"},\"query-input\":\"required name=search_term_string\"}],\"inLanguage\":\"pt-BR\"},{\"@type\":\"Organization\",\"@id\":\"https:\/\/www.pm.pb.gov.br\/portal\/#organization\",\"name\":\"Pol\u00edcia Militar da Para\u00edba\",\"url\":\"https:\/\/www.pm.pb.gov.br\/portal\/\",\"logo\":{\"@type\":\"ImageObject\",\"inLanguage\":\"pt-BR\",\"@id\":\"https:\/\/www.pm.pb.gov.br\/portal\/#\/schema\/logo\/image\/\",\"url\":\"https:\/\/www.pm.pb.gov.br\/portal\/wp-content\/uploads\/2025\/03\/cropped-logo-site-mag2-1.png\",\"contentUrl\":\"https:\/\/www.pm.pb.gov.br\/portal\/wp-content\/uploads\/2025\/03\/cropped-logo-site-mag2-1.png\",\"width\":320,\"height\":90,\"caption\":\"Pol\u00edcia Militar da Para\u00edba\"},\"image\":{\"@id\":\"https:\/\/www.pm.pb.gov.br\/portal\/#\/schema\/logo\/image\/\"}},{\"@type\":\"Person\",\"@id\":\"https:\/\/www.pm.pb.gov.br\/portal\/#\/schema\/person\/30d571652b38533c2211e4e89bf5a502\",\"name\":\"Marcio Gomes dos Santos\",\"image\":{\"@type\":\"ImageObject\",\"inLanguage\":\"pt-BR\",\"@id\":\"https:\/\/www.pm.pb.gov.br\/portal\/#\/schema\/person\/image\/\",\"url\":\"https:\/\/secure.gravatar.com\/avatar\/cf4ec2cb690101e1581c7773aa350c19?s=96&d=mm&r=g\",\"contentUrl\":\"https:\/\/secure.gravatar.com\/avatar\/cf4ec2cb690101e1581c7773aa350c19?s=96&d=mm&r=g\",\"caption\":\"Marcio Gomes dos Santos\"},\"url\":\"https:\/\/www.pm.pb.gov.br\/portal\/author\/mgomes\/\"}]}<\/script>\n<!-- \/ Yoast SEO plugin. -->","yoast_head_json":{"title":"Pol\u00edcia Militar prende, em flagrante, dois suspeitos de roubo em com\u00e9rcio, em Sap\u00e9 - Pol\u00edcia Militar da Para\u00edba","robots":{"index":"index","follow":"follow","max-snippet":"max-snippet:-1","max-image-preview":"max-image-preview:large","max-video-preview":"max-video-preview:-1"},"canonical":"https:\/\/www.pm.pb.gov.br\/portal\/2018\/04\/24\/policia-militar-prende-em-flagrante-dois-suspeitos-de-roubo-em-comercio-em-sape\/","og_locale":"pt_BR","og_type":"article","og_title":"Pol\u00edcia Militar prende, em flagrante, dois suspeitos de roubo em com\u00e9rcio, em Sap\u00e9 - Pol\u00edcia Militar da Para\u00edba","og_description":"A Pol\u00edcia Militar prendeu, em flagrante, dois suspeitos de praticar um assalto a um estabelecimento comercial na tarde dessa segunda-feira","og_url":"https:\/\/www.pm.pb.gov.br\/portal\/2018\/04\/24\/policia-militar-prende-em-flagrante-dois-suspeitos-de-roubo-em-comercio-em-sape\/","og_site_name":"Pol\u00edcia Militar da Para\u00edba","article_published_time":"2018-04-24T13:38:29+00:00","article_modified_time":"2018-04-24T13:58:50+00:00","og_image":[{"width":800,"height":445,"url":"https:\/\/www.pm.pb.gov.br\/portal\/wp-content\/uploads\/2018\/04\/site1.jpeg","type":"image\/jpeg"}],"author":"Marcio Gomes dos Santos","twitter_card":"summary_large_image","twitter_misc":{"Escrito por":"Marcio Gomes dos Santos","Est. tempo de leitura":"1 minuto"},"schema":{"@context":"https:\/\/schema.org","@graph":[{"@type":"Article","@id":"https:\/\/www.pm.pb.gov.br\/portal\/2018\/04\/24\/policia-militar-prende-em-flagrante-dois-suspeitos-de-roubo-em-comercio-em-sape\/#article","isPartOf":{"@id":"https:\/\/www.pm.pb.gov.br\/portal\/2018\/04\/24\/policia-militar-prende-em-flagrante-dois-suspeitos-de-roubo-em-comercio-em-sape\/"},"author":{"name":"Marcio Gomes dos Santos","@id":"https:\/\/www.pm.pb.gov.br\/portal\/#\/schema\/person\/30d571652b38533c2211e4e89bf5a502"},"headline":"Pol\u00edcia Militar prende, em flagrante, dois suspeitos de roubo em com\u00e9rcio, em Sap\u00e9","datePublished":"2018-04-24T13:38:29+00:00","dateModified":"2018-04-24T13:58:50+00:00","mainEntityOfPage":{"@id":"https:\/\/www.pm.pb.gov.br\/portal\/2018\/04\/24\/policia-militar-prende-em-flagrante-dois-suspeitos-de-roubo-em-comercio-em-sape\/"},"wordCount":308,"publisher":{"@id":"https:\/\/www.pm.pb.gov.br\/portal\/#organization"},"articleSection":["A\u00e7\u00f5es Policiais"],"inLanguage":"pt-BR"},{"@type":"WebPage","@id":"https:\/\/www.pm.pb.gov.br\/portal\/2018\/04\/24\/policia-militar-prende-em-flagrante-dois-suspeitos-de-roubo-em-comercio-em-sape\/","url":"https:\/\/www.pm.pb.gov.br\/portal\/2018\/04\/24\/policia-militar-prende-em-flagrante-dois-suspeitos-de-roubo-em-comercio-em-sape\/","name":"Pol\u00edcia Militar prende, em flagrante, dois suspeitos de roubo em com\u00e9rcio, em Sap\u00e9 - Pol\u00edcia Militar da Para\u00edba","isPartOf":{"@id":"https:\/\/www.pm.pb.gov.br\/portal\/#website"},"datePublished":"2018-04-24T13:38:29+00:00","dateModified":"2018-04-24T13:58:50+00:00","breadcrumb":{"@id":"https:\/\/www.pm.pb.gov.br\/portal\/2018\/04\/24\/policia-militar-prende-em-flagrante-dois-suspeitos-de-roubo-em-comercio-em-sape\/#breadcrumb"},"inLanguage":"pt-BR","potentialAction":[{"@type":"ReadAction","target":["https:\/\/www.pm.pb.gov.br\/portal\/2018\/04\/24\/policia-militar-prende-em-flagrante-dois-suspeitos-de-roubo-em-comercio-em-sape\/"]}]},{"@type":"BreadcrumbList","@id":"https:\/\/www.pm.pb.gov.br\/portal\/2018\/04\/24\/policia-militar-prende-em-flagrante-dois-suspeitos-de-roubo-em-comercio-em-sape\/#breadcrumb","itemListElement":[{"@type":"ListItem","position":1,"name":"In\u00edcio","item":"https:\/\/www.pm.pb.gov.br\/portal\/"},{"@type":"ListItem","position":2,"name":"Pol\u00edcia Militar prende, em flagrante, dois suspeitos de roubo em com\u00e9rcio, em Sap\u00e9"}]},{"@type":"WebSite","@id":"https:\/\/www.pm.pb.gov.br\/portal\/#website","url":"https:\/\/www.pm.pb.gov.br\/portal\/","name":"Pol\u00edcia Militar da Para\u00edba","description":"","publisher":{"@id":"https:\/\/www.pm.pb.gov.br\/portal\/#organization"},"potentialAction":[{"@type":"SearchAction","target":{"@type":"EntryPoint","urlTemplate":"https:\/\/www.pm.pb.gov.br\/portal\/?s={search_term_string}"},"query-input":"required name=search_term_string"}],"inLanguage":"pt-BR"},{"@type":"Organization","@id":"https:\/\/www.pm.pb.gov.br\/portal\/#organization","name":"Pol\u00edcia Militar da Para\u00edba","url":"https:\/\/www.pm.pb.gov.br\/portal\/","logo":{"@type":"ImageObject","inLanguage":"pt-BR","@id":"https:\/\/www.pm.pb.gov.br\/portal\/#\/schema\/logo\/image\/","url":"https:\/\/www.pm.pb.gov.br\/portal\/wp-content\/uploads\/2025\/03\/cropped-logo-site-mag2-1.png","contentUrl":"https:\/\/www.pm.pb.gov.br\/portal\/wp-content\/uploads\/2025\/03\/cropped-logo-site-mag2-1.png","width":320,"height":90,"caption":"Pol\u00edcia Militar da Para\u00edba"},"image":{"@id":"https:\/\/www.pm.pb.gov.br\/portal\/#\/schema\/logo\/image\/"}},{"@type":"Person","@id":"https:\/\/www.pm.pb.gov.br\/portal\/#\/schema\/person\/30d571652b38533c2211e4e89bf5a502","name":"Marcio Gomes dos Santos","image":{"@type":"ImageObject","inLanguage":"pt-BR","@id":"https:\/\/www.pm.pb.gov.br\/portal\/#\/schema\/person\/image\/","url":"https:\/\/secure.gravatar.com\/avatar\/cf4ec2cb690101e1581c7773aa350c19?s=96&d=mm&r=g","contentUrl":"https:\/\/secure.gravatar.com\/avatar\/cf4ec2cb690101e1581c7773aa350c19?s=96&d=mm&r=g","caption":"Marcio Gomes dos Santos"},"url":"https:\/\/www.pm.pb.gov.br\/portal\/author\/mgomes\/"}]}},"_links":{"self":[{"href":"https:\/\/www.pm.pb.gov.br\/portal\/wp-json\/wp\/v2\/posts\/897678"}],"collection":[{"href":"https:\/\/www.pm.pb.gov.br\/portal\/wp-json\/wp\/v2\/posts"}],"about":[{"href":"https:\/\/www.pm.pb.gov.br\/portal\/wp-json\/wp\/v2\/types\/post"}],"author":[{"embeddable":true,"href":"https:\/\/www.pm.pb.gov.br\/portal\/wp-json\/wp\/v2\/users\/15"}],"replies":[{"embeddable":true,"href":"https:\/\/www.pm.pb.gov.br\/portal\/wp-json\/wp\/v2\/comments?post=897678"}],"version-history":[{"count":1,"href":"https:\/\/www.pm.pb.gov.br\/portal\/wp-json\/wp\/v2\/posts\/897678\/revisions"}],"predecessor-version":[{"id":897680,"href":"https:\/\/www.pm.pb.gov.br\/portal\/wp-json\/wp\/v2\/posts\/897678\/revisions\/897680"}],"wp:featuredmedia":[{"embeddable":true,"href":"https:\/\/www.pm.pb.gov.br\/portal\/wp-json\/wp\/v2\/media\/897681"}],"wp:attachment":[{"href":"https:\/\/www.pm.pb.gov.br\/portal\/wp-json\/wp\/v2\/media?parent=897678"}],"wp:term":[{"taxonomy":"category","embeddable":true,"href":"https:\/\/www.pm.pb.gov.br\/portal\/wp-json\/wp\/v2\/categories?post=897678"},{"taxonomy":"post_tag","embeddable":true,"href":"https:\/\/www.pm.pb.gov.br\/portal\/wp-json\/wp\/v2\/tags?post=897678"}],"curies":[{"name":"wp","href":"https:\/\/api.w.org\/{rel}","templated":true}]}}