{"id":897674,"date":"2018-04-23T22:03:33","date_gmt":"2018-04-24T01:03:33","guid":{"rendered":"http:\/\/www.pm.pb.gov.br\/portal\/?p=897674"},"modified":"2018-04-23T22:05:50","modified_gmt":"2018-04-24T01:05:50","slug":"policia-militar-prende-dupla-com-arma-de-fogo-em-cruz-das-armas","status":"publish","type":"post","link":"https:\/\/www.pm.pb.gov.br\/portal\/2018\/04\/23\/policia-militar-prende-dupla-com-arma-de-fogo-em-cruz-das-armas\/","title":{"rendered":"Pol\u00edcia Militar prende dupla com arma de fogo em Cruz das Armas"},"content":{"rendered":"<p style=\"text-align: justify;\"><img loading=\"lazy\" decoding=\"async\" class=\" wp-image-897673 alignright\" src=\"http:\/\/www.pm.pb.gov.br\/portal\/wp-content\/uploads\/2018\/04\/WhatsApp-Image-2018-04-23-at-17.44.04-334x445.jpeg\" alt=\"\" width=\"222\" height=\"295\" srcset=\"https:\/\/www.pm.pb.gov.br\/portal\/wp-content\/uploads\/2018\/04\/WhatsApp-Image-2018-04-23-at-17.44.04-334x445.jpeg 334w, https:\/\/www.pm.pb.gov.br\/portal\/wp-content\/uploads\/2018\/04\/WhatsApp-Image-2018-04-23-at-17.44.04-768x1024.jpeg 768w, https:\/\/www.pm.pb.gov.br\/portal\/wp-content\/uploads\/2018\/04\/WhatsApp-Image-2018-04-23-at-17.44.04-428x570.jpeg 428w, https:\/\/www.pm.pb.gov.br\/portal\/wp-content\/uploads\/2018\/04\/WhatsApp-Image-2018-04-23-at-17.44.04.jpeg 960w\" sizes=\"(max-width: 222px) 100vw, 222px\" \/>A Pol\u00edcia Militar prendeu uma dupla, com arma de fogo, que estava conduzindo uma motocicleta, no fim da manh\u00e3 desta segunda-feira (23), em Jo\u00e3o Pessoa. Os dois suspeitos, de 35 e 19 anos, que j\u00e1 responderam por crimes como homic\u00eddio e roubo, foram encaminhados para a Central de Flagrantes.<\/p>\n<p style=\"text-align: justify;\">No fim da manh\u00e3, policiais da For\u00e7a T\u00e1tica do 1\u00ba Batalh\u00e3o faziam patrulhamento nas proximidades da avenida principal do bairro de Cruz das Armas, quando avistaram dois homens que transitavam em uma moto, apresentando atitude suspeita. \u201cPela forma como eles conduziam a moto, achamos que a dupla estaria procurando v\u00edtimas para realizarem assaltos\u201d, disse o sargento Eriberto Albino, que coordenou a pris\u00e3o.<\/p>\n<p style=\"text-align: justify;\">Os dois suspeitos foram interceptados, abordados e com o piloto foi encontrado um rev\u00f3lver calibre 32, de fabrica\u00e7\u00e3o argentina, com cinco muni\u00e7\u00f5es (foto ao lado). Os dois foram conduzidos para a Central de Flagrantes, onde o primeiro ficou preso por porte ilegal e o passageiro ficou detido para averigua\u00e7\u00f5es.<\/p>\n","protected":false},"excerpt":{"rendered":"<p>A Pol\u00edcia Militar prendeu uma dupla, com arma de fogo, que estava conduzindo uma motocicleta, no fim da manh\u00e3 desta<\/p>\n","protected":false},"author":12,"featured_media":897676,"comment_status":"closed","ping_status":"closed","sticky":false,"template":"","format":"standard","meta":{"_exactmetrics_skip_tracking":false,"_exactmetrics_sitenote_active":false,"_exactmetrics_sitenote_note":"","_exactmetrics_sitenote_category":0,"footnotes":""},"categories":[4],"tags":[],"yoast_head":"<!-- This site is optimized with the Yoast SEO plugin v22.0 - https:\/\/yoast.com\/wordpress\/plugins\/seo\/ -->\n<title>Pol\u00edcia Militar prende dupla com arma de fogo em Cruz das Armas - Pol\u00edcia Militar da Para\u00edba<\/title>\n<meta name=\"robots\" content=\"index, follow, max-snippet:-1, max-image-preview:large, max-video-preview:-1\" \/>\n<link rel=\"canonical\" href=\"https:\/\/www.pm.pb.gov.br\/portal\/2018\/04\/23\/policia-militar-prende-dupla-com-arma-de-fogo-em-cruz-das-armas\/\" \/>\n<meta property=\"og:locale\" content=\"pt_BR\" \/>\n<meta property=\"og:type\" content=\"article\" \/>\n<meta property=\"og:title\" content=\"Pol\u00edcia Militar prende dupla com arma de fogo em Cruz das Armas - Pol\u00edcia Militar da Para\u00edba\" \/>\n<meta property=\"og:description\" content=\"A Pol\u00edcia Militar prendeu uma dupla, com arma de fogo, que estava conduzindo uma motocicleta, no fim da manh\u00e3 desta\" \/>\n<meta property=\"og:url\" content=\"https:\/\/www.pm.pb.gov.br\/portal\/2018\/04\/23\/policia-militar-prende-dupla-com-arma-de-fogo-em-cruz-das-armas\/\" \/>\n<meta property=\"og:site_name\" content=\"Pol\u00edcia Militar da Para\u00edba\" \/>\n<meta property=\"article:published_time\" content=\"2018-04-24T01:03:33+00:00\" \/>\n<meta property=\"article:modified_time\" content=\"2018-04-24T01:05:50+00:00\" \/>\n<meta property=\"og:image\" content=\"https:\/\/www.pm.pb.gov.br\/portal\/wp-content\/uploads\/2018\/04\/WhatsApp-Image-2018-04-23-at-17.44.03.jpeg\" \/>\n\t<meta property=\"og:image:width\" content=\"800\" \/>\n\t<meta property=\"og:image:height\" content=\"445\" \/>\n\t<meta property=\"og:image:type\" content=\"image\/jpeg\" \/>\n<meta name=\"author\" content=\"Tarcisio Oliveira\" \/>\n<meta name=\"twitter:card\" content=\"summary_large_image\" \/>\n<meta name=\"twitter:label1\" content=\"Escrito por\" \/>\n\t<meta name=\"twitter:data1\" content=\"Tarcisio Oliveira\" \/>\n\t<meta name=\"twitter:label2\" content=\"Est. tempo de leitura\" \/>\n\t<meta name=\"twitter:data2\" content=\"1 minuto\" \/>\n<script type=\"application\/ld+json\" class=\"yoast-schema-graph\">{\"@context\":\"https:\/\/schema.org\",\"@graph\":[{\"@type\":\"Article\",\"@id\":\"https:\/\/www.pm.pb.gov.br\/portal\/2018\/04\/23\/policia-militar-prende-dupla-com-arma-de-fogo-em-cruz-das-armas\/#article\",\"isPartOf\":{\"@id\":\"https:\/\/www.pm.pb.gov.br\/portal\/2018\/04\/23\/policia-militar-prende-dupla-com-arma-de-fogo-em-cruz-das-armas\/\"},\"author\":{\"name\":\"Tarcisio Oliveira\",\"@id\":\"https:\/\/www.pm.pb.gov.br\/portal\/#\/schema\/person\/f84f56dcc78ce4357054da888b8247fd\"},\"headline\":\"Pol\u00edcia Militar prende dupla com arma de fogo em Cruz das Armas\",\"datePublished\":\"2018-04-24T01:03:33+00:00\",\"dateModified\":\"2018-04-24T01:05:50+00:00\",\"mainEntityOfPage\":{\"@id\":\"https:\/\/www.pm.pb.gov.br\/portal\/2018\/04\/23\/policia-militar-prende-dupla-com-arma-de-fogo-em-cruz-das-armas\/\"},\"wordCount\":180,\"publisher\":{\"@id\":\"https:\/\/www.pm.pb.gov.br\/portal\/#organization\"},\"articleSection\":[\"A\u00e7\u00f5es Policiais\"],\"inLanguage\":\"pt-BR\"},{\"@type\":\"WebPage\",\"@id\":\"https:\/\/www.pm.pb.gov.br\/portal\/2018\/04\/23\/policia-militar-prende-dupla-com-arma-de-fogo-em-cruz-das-armas\/\",\"url\":\"https:\/\/www.pm.pb.gov.br\/portal\/2018\/04\/23\/policia-militar-prende-dupla-com-arma-de-fogo-em-cruz-das-armas\/\",\"name\":\"Pol\u00edcia Militar prende dupla com arma de fogo em Cruz das Armas - Pol\u00edcia Militar da Para\u00edba\",\"isPartOf\":{\"@id\":\"https:\/\/www.pm.pb.gov.br\/portal\/#website\"},\"datePublished\":\"2018-04-24T01:03:33+00:00\",\"dateModified\":\"2018-04-24T01:05:50+00:00\",\"breadcrumb\":{\"@id\":\"https:\/\/www.pm.pb.gov.br\/portal\/2018\/04\/23\/policia-militar-prende-dupla-com-arma-de-fogo-em-cruz-das-armas\/#breadcrumb\"},\"inLanguage\":\"pt-BR\",\"potentialAction\":[{\"@type\":\"ReadAction\",\"target\":[\"https:\/\/www.pm.pb.gov.br\/portal\/2018\/04\/23\/policia-militar-prende-dupla-com-arma-de-fogo-em-cruz-das-armas\/\"]}]},{\"@type\":\"BreadcrumbList\",\"@id\":\"https:\/\/www.pm.pb.gov.br\/portal\/2018\/04\/23\/policia-militar-prende-dupla-com-arma-de-fogo-em-cruz-das-armas\/#breadcrumb\",\"itemListElement\":[{\"@type\":\"ListItem\",\"position\":1,\"name\":\"In\u00edcio\",\"item\":\"https:\/\/www.pm.pb.gov.br\/portal\/\"},{\"@type\":\"ListItem\",\"position\":2,\"name\":\"Pol\u00edcia Militar prende dupla com arma de fogo em Cruz das Armas\"}]},{\"@type\":\"WebSite\",\"@id\":\"https:\/\/www.pm.pb.gov.br\/portal\/#website\",\"url\":\"https:\/\/www.pm.pb.gov.br\/portal\/\",\"name\":\"Pol\u00edcia Militar da Para\u00edba\",\"description\":\"\",\"publisher\":{\"@id\":\"https:\/\/www.pm.pb.gov.br\/portal\/#organization\"},\"potentialAction\":[{\"@type\":\"SearchAction\",\"target\":{\"@type\":\"EntryPoint\",\"urlTemplate\":\"https:\/\/www.pm.pb.gov.br\/portal\/?s={search_term_string}\"},\"query-input\":\"required name=search_term_string\"}],\"inLanguage\":\"pt-BR\"},{\"@type\":\"Organization\",\"@id\":\"https:\/\/www.pm.pb.gov.br\/portal\/#organization\",\"name\":\"Pol\u00edcia Militar da Para\u00edba\",\"url\":\"https:\/\/www.pm.pb.gov.br\/portal\/\",\"logo\":{\"@type\":\"ImageObject\",\"inLanguage\":\"pt-BR\",\"@id\":\"https:\/\/www.pm.pb.gov.br\/portal\/#\/schema\/logo\/image\/\",\"url\":\"https:\/\/www.pm.pb.gov.br\/portal\/wp-content\/uploads\/2025\/03\/cropped-logo-site-mag2-1.png\",\"contentUrl\":\"https:\/\/www.pm.pb.gov.br\/portal\/wp-content\/uploads\/2025\/03\/cropped-logo-site-mag2-1.png\",\"width\":320,\"height\":90,\"caption\":\"Pol\u00edcia Militar da Para\u00edba\"},\"image\":{\"@id\":\"https:\/\/www.pm.pb.gov.br\/portal\/#\/schema\/logo\/image\/\"}},{\"@type\":\"Person\",\"@id\":\"https:\/\/www.pm.pb.gov.br\/portal\/#\/schema\/person\/f84f56dcc78ce4357054da888b8247fd\",\"name\":\"Tarcisio Oliveira\",\"image\":{\"@type\":\"ImageObject\",\"inLanguage\":\"pt-BR\",\"@id\":\"https:\/\/www.pm.pb.gov.br\/portal\/#\/schema\/person\/image\/\",\"url\":\"https:\/\/secure.gravatar.com\/avatar\/72917b630b69d31cd0297507f34bac97?s=96&d=mm&r=g\",\"contentUrl\":\"https:\/\/secure.gravatar.com\/avatar\/72917b630b69d31cd0297507f34bac97?s=96&d=mm&r=g\",\"caption\":\"Tarcisio Oliveira\"},\"url\":\"https:\/\/www.pm.pb.gov.br\/portal\/author\/tarcisio\/\"}]}<\/script>\n<!-- \/ Yoast SEO plugin. -->","yoast_head_json":{"title":"Pol\u00edcia Militar prende dupla com arma de fogo em Cruz das Armas - Pol\u00edcia Militar da Para\u00edba","robots":{"index":"index","follow":"follow","max-snippet":"max-snippet:-1","max-image-preview":"max-image-preview:large","max-video-preview":"max-video-preview:-1"},"canonical":"https:\/\/www.pm.pb.gov.br\/portal\/2018\/04\/23\/policia-militar-prende-dupla-com-arma-de-fogo-em-cruz-das-armas\/","og_locale":"pt_BR","og_type":"article","og_title":"Pol\u00edcia Militar prende dupla com arma de fogo em Cruz das Armas - Pol\u00edcia Militar da Para\u00edba","og_description":"A Pol\u00edcia Militar prendeu uma dupla, com arma de fogo, que estava conduzindo uma motocicleta, no fim da manh\u00e3 desta","og_url":"https:\/\/www.pm.pb.gov.br\/portal\/2018\/04\/23\/policia-militar-prende-dupla-com-arma-de-fogo-em-cruz-das-armas\/","og_site_name":"Pol\u00edcia Militar da Para\u00edba","article_published_time":"2018-04-24T01:03:33+00:00","article_modified_time":"2018-04-24T01:05:50+00:00","og_image":[{"width":800,"height":445,"url":"https:\/\/www.pm.pb.gov.br\/portal\/wp-content\/uploads\/2018\/04\/WhatsApp-Image-2018-04-23-at-17.44.03.jpeg","type":"image\/jpeg"}],"author":"Tarcisio Oliveira","twitter_card":"summary_large_image","twitter_misc":{"Escrito por":"Tarcisio Oliveira","Est. tempo de leitura":"1 minuto"},"schema":{"@context":"https:\/\/schema.org","@graph":[{"@type":"Article","@id":"https:\/\/www.pm.pb.gov.br\/portal\/2018\/04\/23\/policia-militar-prende-dupla-com-arma-de-fogo-em-cruz-das-armas\/#article","isPartOf":{"@id":"https:\/\/www.pm.pb.gov.br\/portal\/2018\/04\/23\/policia-militar-prende-dupla-com-arma-de-fogo-em-cruz-das-armas\/"},"author":{"name":"Tarcisio Oliveira","@id":"https:\/\/www.pm.pb.gov.br\/portal\/#\/schema\/person\/f84f56dcc78ce4357054da888b8247fd"},"headline":"Pol\u00edcia Militar prende dupla com arma de fogo em Cruz das Armas","datePublished":"2018-04-24T01:03:33+00:00","dateModified":"2018-04-24T01:05:50+00:00","mainEntityOfPage":{"@id":"https:\/\/www.pm.pb.gov.br\/portal\/2018\/04\/23\/policia-militar-prende-dupla-com-arma-de-fogo-em-cruz-das-armas\/"},"wordCount":180,"publisher":{"@id":"https:\/\/www.pm.pb.gov.br\/portal\/#organization"},"articleSection":["A\u00e7\u00f5es Policiais"],"inLanguage":"pt-BR"},{"@type":"WebPage","@id":"https:\/\/www.pm.pb.gov.br\/portal\/2018\/04\/23\/policia-militar-prende-dupla-com-arma-de-fogo-em-cruz-das-armas\/","url":"https:\/\/www.pm.pb.gov.br\/portal\/2018\/04\/23\/policia-militar-prende-dupla-com-arma-de-fogo-em-cruz-das-armas\/","name":"Pol\u00edcia Militar prende dupla com arma de fogo em Cruz das Armas - Pol\u00edcia Militar da Para\u00edba","isPartOf":{"@id":"https:\/\/www.pm.pb.gov.br\/portal\/#website"},"datePublished":"2018-04-24T01:03:33+00:00","dateModified":"2018-04-24T01:05:50+00:00","breadcrumb":{"@id":"https:\/\/www.pm.pb.gov.br\/portal\/2018\/04\/23\/policia-militar-prende-dupla-com-arma-de-fogo-em-cruz-das-armas\/#breadcrumb"},"inLanguage":"pt-BR","potentialAction":[{"@type":"ReadAction","target":["https:\/\/www.pm.pb.gov.br\/portal\/2018\/04\/23\/policia-militar-prende-dupla-com-arma-de-fogo-em-cruz-das-armas\/"]}]},{"@type":"BreadcrumbList","@id":"https:\/\/www.pm.pb.gov.br\/portal\/2018\/04\/23\/policia-militar-prende-dupla-com-arma-de-fogo-em-cruz-das-armas\/#breadcrumb","itemListElement":[{"@type":"ListItem","position":1,"name":"In\u00edcio","item":"https:\/\/www.pm.pb.gov.br\/portal\/"},{"@type":"ListItem","position":2,"name":"Pol\u00edcia Militar prende dupla com arma de fogo em Cruz das Armas"}]},{"@type":"WebSite","@id":"https:\/\/www.pm.pb.gov.br\/portal\/#website","url":"https:\/\/www.pm.pb.gov.br\/portal\/","name":"Pol\u00edcia Militar da Para\u00edba","description":"","publisher":{"@id":"https:\/\/www.pm.pb.gov.br\/portal\/#organization"},"potentialAction":[{"@type":"SearchAction","target":{"@type":"EntryPoint","urlTemplate":"https:\/\/www.pm.pb.gov.br\/portal\/?s={search_term_string}"},"query-input":"required name=search_term_string"}],"inLanguage":"pt-BR"},{"@type":"Organization","@id":"https:\/\/www.pm.pb.gov.br\/portal\/#organization","name":"Pol\u00edcia Militar da Para\u00edba","url":"https:\/\/www.pm.pb.gov.br\/portal\/","logo":{"@type":"ImageObject","inLanguage":"pt-BR","@id":"https:\/\/www.pm.pb.gov.br\/portal\/#\/schema\/logo\/image\/","url":"https:\/\/www.pm.pb.gov.br\/portal\/wp-content\/uploads\/2025\/03\/cropped-logo-site-mag2-1.png","contentUrl":"https:\/\/www.pm.pb.gov.br\/portal\/wp-content\/uploads\/2025\/03\/cropped-logo-site-mag2-1.png","width":320,"height":90,"caption":"Pol\u00edcia Militar da Para\u00edba"},"image":{"@id":"https:\/\/www.pm.pb.gov.br\/portal\/#\/schema\/logo\/image\/"}},{"@type":"Person","@id":"https:\/\/www.pm.pb.gov.br\/portal\/#\/schema\/person\/f84f56dcc78ce4357054da888b8247fd","name":"Tarcisio Oliveira","image":{"@type":"ImageObject","inLanguage":"pt-BR","@id":"https:\/\/www.pm.pb.gov.br\/portal\/#\/schema\/person\/image\/","url":"https:\/\/secure.gravatar.com\/avatar\/72917b630b69d31cd0297507f34bac97?s=96&d=mm&r=g","contentUrl":"https:\/\/secure.gravatar.com\/avatar\/72917b630b69d31cd0297507f34bac97?s=96&d=mm&r=g","caption":"Tarcisio Oliveira"},"url":"https:\/\/www.pm.pb.gov.br\/portal\/author\/tarcisio\/"}]}},"_links":{"self":[{"href":"https:\/\/www.pm.pb.gov.br\/portal\/wp-json\/wp\/v2\/posts\/897674"}],"collection":[{"href":"https:\/\/www.pm.pb.gov.br\/portal\/wp-json\/wp\/v2\/posts"}],"about":[{"href":"https:\/\/www.pm.pb.gov.br\/portal\/wp-json\/wp\/v2\/types\/post"}],"author":[{"embeddable":true,"href":"https:\/\/www.pm.pb.gov.br\/portal\/wp-json\/wp\/v2\/users\/12"}],"replies":[{"embeddable":true,"href":"https:\/\/www.pm.pb.gov.br\/portal\/wp-json\/wp\/v2\/comments?post=897674"}],"version-history":[{"count":2,"href":"https:\/\/www.pm.pb.gov.br\/portal\/wp-json\/wp\/v2\/posts\/897674\/revisions"}],"predecessor-version":[{"id":897677,"href":"https:\/\/www.pm.pb.gov.br\/portal\/wp-json\/wp\/v2\/posts\/897674\/revisions\/897677"}],"wp:featuredmedia":[{"embeddable":true,"href":"https:\/\/www.pm.pb.gov.br\/portal\/wp-json\/wp\/v2\/media\/897676"}],"wp:attachment":[{"href":"https:\/\/www.pm.pb.gov.br\/portal\/wp-json\/wp\/v2\/media?parent=897674"}],"wp:term":[{"taxonomy":"category","embeddable":true,"href":"https:\/\/www.pm.pb.gov.br\/portal\/wp-json\/wp\/v2\/categories?post=897674"},{"taxonomy":"post_tag","embeddable":true,"href":"https:\/\/www.pm.pb.gov.br\/portal\/wp-json\/wp\/v2\/tags?post=897674"}],"curies":[{"name":"wp","href":"https:\/\/api.w.org\/{rel}","templated":true}]}}