{"id":897651,"date":"2018-04-21T13:15:46","date_gmt":"2018-04-21T16:15:46","guid":{"rendered":"http:\/\/www.pm.pb.gov.br\/portal\/?p=897651"},"modified":"2018-04-21T13:15:46","modified_gmt":"2018-04-21T16:15:46","slug":"operacao-tiradentes-policia-apreende-12-armas-de-fogo-na-paraiba","status":"publish","type":"post","link":"https:\/\/www.pm.pb.gov.br\/portal\/2018\/04\/21\/operacao-tiradentes-policia-apreende-12-armas-de-fogo-na-paraiba\/","title":{"rendered":"Opera\u00e7\u00e3o Tiradentes: Pol\u00edcia apreende 12 armas de fogo na Para\u00edba"},"content":{"rendered":"<p style=\"text-align: justify;\">Em cerca de oito horas, a Pol\u00edcia Militar registrou a apreens\u00e3o de 12 armas de fogo durante a Opera\u00e7\u00e3o Tiradentes, deflagrada nessa sexta-feira (20). As a\u00e7\u00f5es, que foram intensificadas a partir das 16h por cerca de 800 policiais em todo o estado, resultaram na pris\u00e3o e apreens\u00e3o de nove suspeitos, que portavam ilegalmente rev\u00f3lveres, pistolas ou espingardas, em sete munic\u00edpios.<\/p>\n<p style=\"text-align: justify;\">Na regi\u00e3o metropolitana de Jo\u00e3o Pessoa, a Opera\u00e7\u00e3o Tiradentes, que contou com a atua\u00e7\u00e3o de cerca de 270 policiais intensificando blitzen, abordagens e ocupa\u00e7\u00e3o de comunidades, teve \u00e0 frente o pr\u00f3prio comandante-geral da PMPB, coronel Euller Chaves. Tr\u00eas rev\u00f3lveres e tr\u00eas espingardas foram apreendidos na capital, e nas cidades de Santa Rita e Conde. Deste n\u00famero, dois rev\u00f3lveres estavam com suspeitos abordados nos bairros de Mangabeira e no Roger. Em Santa Rita, uma dupla foi presa em um ponto de tr\u00e1fico com drogas, uma espingarda e um rev\u00f3lver.<\/p>\n<p><img loading=\"lazy\" decoding=\"async\" class=\"wp-image-897654 alignleft\" style=\"text-align: justify;\" src=\"http:\/\/www.pm.pb.gov.br\/portal\/wp-content\/uploads\/2018\/04\/Espingarda-apreendida-com-menor-no-Conde-790x445.jpeg\" alt=\"\" width=\"355\" height=\"200\" srcset=\"https:\/\/www.pm.pb.gov.br\/portal\/wp-content\/uploads\/2018\/04\/Espingarda-apreendida-com-menor-no-Conde-790x445.jpeg 790w, https:\/\/www.pm.pb.gov.br\/portal\/wp-content\/uploads\/2018\/04\/Espingarda-apreendida-com-menor-no-Conde-768x433.jpeg 768w, https:\/\/www.pm.pb.gov.br\/portal\/wp-content\/uploads\/2018\/04\/Espingarda-apreendida-com-menor-no-Conde-1012x570.jpeg 1012w, https:\/\/www.pm.pb.gov.br\/portal\/wp-content\/uploads\/2018\/04\/Espingarda-apreendida-com-menor-no-Conde.jpeg 1280w\" sizes=\"(max-width: 355px) 100vw, 355px\" \/><\/p>\n<p style=\"text-align: justify;\">No Conde, a PM apreendeu duas espingardas, sendo uma delas de calibre 12, e que estava comum adolescente encontrado com cerca de dois quilos e meio de subst\u00e2ncia an\u00e1loga \u00e0 maconha, mais de 300 gramas de coca\u00edna, tr\u00eas balan\u00e7as de precis\u00e3o, muni\u00e7\u00f5es, caderno de anota\u00e7\u00f5es do tr\u00e1fico, e celulares.<\/p>\n<p style=\"text-align: justify;\">Na regi\u00e3o da Borborema, por volta das 20h, outras tr\u00eas espingardas de fabrica\u00e7\u00e3o caseira foram apreendidas em Algod\u00e3o de Janda\u00edra, ap\u00f3s a PM avistar um trio que fugia da chegada dos policiais. As armas, que foram abandonadas pelos suspeitos, foram levadas para a Delegacia de Esperan\u00e7a.<\/p>\n<p style=\"text-align: justify;\">Na zona rural de Caturit\u00e9, a PM apreendeu uma pistola, ap\u00f3s buscas por um suspeito que havia roubado uma casa na regi\u00e3o. O homem de 38 anos foi preso em flagrante, ap\u00f3s um cerco no local, e com ele os policiais recuperaram a motocicleta roubada da v\u00edtima. O suspeito foi conduzido \u00e0 Delegacia de Queimadas.<\/p>\n<p style=\"text-align: justify;\">No Cariri, em Sum\u00e9, um rev\u00f3lver calibre 38 foi encontrado no ve\u00edculo de um homem abordado em uma rodovia da regi\u00e3o. No sert\u00e3o do estado, em Matur\u00e9ia, outro rev\u00f3lver calibre 38 foi apreendido. A arma estava com uma dupla de 23 e 19 anos, que estava com um tablete de subst\u00e2ncia an\u00e1loga \u00e0 maconha. A dupla foi levada para a Delegacia de Teixeira.<\/p>\n<p style=\"text-align: justify;\"><strong>Opera\u00e7\u00e3o Tiradentes<\/strong> &#8211; Mais de 800 policiais militares na Para\u00edba deflagraram a Opera\u00e7\u00e3o Tiradentes, visando prevenir e combater os crimes contra a vida e crimes patrimoniais, com intensifica\u00e7\u00e3o de abordagens, blitzen e ocupa\u00e7\u00e3o de comunidades.\u00a0\u00a0A Opera\u00e7\u00e3o aconteceu em alus\u00e3o ao dia 21 de abril, dia de Tiradentes, o patrono das pol\u00edcias militares do pa\u00eds.<\/p>\n","protected":false},"excerpt":{"rendered":"<p>Em cerca de oito horas, a Pol\u00edcia Militar registrou a apreens\u00e3o de 12 armas de fogo durante a Opera\u00e7\u00e3o Tiradentes,<\/p>\n","protected":false},"author":15,"featured_media":897652,"comment_status":"closed","ping_status":"closed","sticky":false,"template":"","format":"standard","meta":{"_exactmetrics_skip_tracking":false,"_exactmetrics_sitenote_active":false,"_exactmetrics_sitenote_note":"","_exactmetrics_sitenote_category":0,"footnotes":""},"categories":[4],"tags":[],"yoast_head":"<!-- This site is optimized with the Yoast SEO plugin v22.0 - https:\/\/yoast.com\/wordpress\/plugins\/seo\/ -->\n<title>Opera\u00e7\u00e3o Tiradentes: Pol\u00edcia apreende 12 armas de fogo na Para\u00edba - Pol\u00edcia Militar da Para\u00edba<\/title>\n<meta name=\"robots\" content=\"index, follow, max-snippet:-1, max-image-preview:large, max-video-preview:-1\" \/>\n<link rel=\"canonical\" href=\"https:\/\/www.pm.pb.gov.br\/portal\/2018\/04\/21\/operacao-tiradentes-policia-apreende-12-armas-de-fogo-na-paraiba\/\" \/>\n<meta property=\"og:locale\" content=\"pt_BR\" \/>\n<meta property=\"og:type\" content=\"article\" \/>\n<meta property=\"og:title\" content=\"Opera\u00e7\u00e3o Tiradentes: Pol\u00edcia apreende 12 armas de fogo na Para\u00edba - Pol\u00edcia Militar da Para\u00edba\" \/>\n<meta property=\"og:description\" content=\"Em cerca de oito horas, a Pol\u00edcia Militar registrou a apreens\u00e3o de 12 armas de fogo durante a Opera\u00e7\u00e3o Tiradentes,\" \/>\n<meta property=\"og:url\" content=\"https:\/\/www.pm.pb.gov.br\/portal\/2018\/04\/21\/operacao-tiradentes-policia-apreende-12-armas-de-fogo-na-paraiba\/\" \/>\n<meta property=\"og:site_name\" content=\"Pol\u00edcia Militar da Para\u00edba\" \/>\n<meta property=\"article:published_time\" content=\"2018-04-21T16:15:46+00:00\" \/>\n<meta property=\"og:image\" content=\"https:\/\/www.pm.pb.gov.br\/portal\/wp-content\/uploads\/2018\/04\/Opera\u00e7\u00e3o-Tiradente1.jpg\" \/>\n\t<meta property=\"og:image:width\" content=\"800\" \/>\n\t<meta property=\"og:image:height\" content=\"450\" \/>\n\t<meta property=\"og:image:type\" content=\"image\/jpeg\" \/>\n<meta name=\"author\" content=\"Marcio Gomes dos Santos\" \/>\n<meta name=\"twitter:card\" content=\"summary_large_image\" \/>\n<meta name=\"twitter:label1\" content=\"Escrito por\" \/>\n\t<meta name=\"twitter:data1\" content=\"Marcio Gomes dos Santos\" \/>\n\t<meta name=\"twitter:label2\" content=\"Est. tempo de leitura\" \/>\n\t<meta name=\"twitter:data2\" content=\"2 minutos\" \/>\n<script type=\"application\/ld+json\" class=\"yoast-schema-graph\">{\"@context\":\"https:\/\/schema.org\",\"@graph\":[{\"@type\":\"Article\",\"@id\":\"https:\/\/www.pm.pb.gov.br\/portal\/2018\/04\/21\/operacao-tiradentes-policia-apreende-12-armas-de-fogo-na-paraiba\/#article\",\"isPartOf\":{\"@id\":\"https:\/\/www.pm.pb.gov.br\/portal\/2018\/04\/21\/operacao-tiradentes-policia-apreende-12-armas-de-fogo-na-paraiba\/\"},\"author\":{\"name\":\"Marcio Gomes dos Santos\",\"@id\":\"https:\/\/www.pm.pb.gov.br\/portal\/#\/schema\/person\/30d571652b38533c2211e4e89bf5a502\"},\"headline\":\"Opera\u00e7\u00e3o Tiradentes: Pol\u00edcia apreende 12 armas de fogo na Para\u00edba\",\"datePublished\":\"2018-04-21T16:15:46+00:00\",\"dateModified\":\"2018-04-21T16:15:46+00:00\",\"mainEntityOfPage\":{\"@id\":\"https:\/\/www.pm.pb.gov.br\/portal\/2018\/04\/21\/operacao-tiradentes-policia-apreende-12-armas-de-fogo-na-paraiba\/\"},\"wordCount\":469,\"publisher\":{\"@id\":\"https:\/\/www.pm.pb.gov.br\/portal\/#organization\"},\"articleSection\":[\"A\u00e7\u00f5es Policiais\"],\"inLanguage\":\"pt-BR\"},{\"@type\":\"WebPage\",\"@id\":\"https:\/\/www.pm.pb.gov.br\/portal\/2018\/04\/21\/operacao-tiradentes-policia-apreende-12-armas-de-fogo-na-paraiba\/\",\"url\":\"https:\/\/www.pm.pb.gov.br\/portal\/2018\/04\/21\/operacao-tiradentes-policia-apreende-12-armas-de-fogo-na-paraiba\/\",\"name\":\"Opera\u00e7\u00e3o Tiradentes: Pol\u00edcia apreende 12 armas de fogo na Para\u00edba - Pol\u00edcia Militar da Para\u00edba\",\"isPartOf\":{\"@id\":\"https:\/\/www.pm.pb.gov.br\/portal\/#website\"},\"datePublished\":\"2018-04-21T16:15:46+00:00\",\"dateModified\":\"2018-04-21T16:15:46+00:00\",\"breadcrumb\":{\"@id\":\"https:\/\/www.pm.pb.gov.br\/portal\/2018\/04\/21\/operacao-tiradentes-policia-apreende-12-armas-de-fogo-na-paraiba\/#breadcrumb\"},\"inLanguage\":\"pt-BR\",\"potentialAction\":[{\"@type\":\"ReadAction\",\"target\":[\"https:\/\/www.pm.pb.gov.br\/portal\/2018\/04\/21\/operacao-tiradentes-policia-apreende-12-armas-de-fogo-na-paraiba\/\"]}]},{\"@type\":\"BreadcrumbList\",\"@id\":\"https:\/\/www.pm.pb.gov.br\/portal\/2018\/04\/21\/operacao-tiradentes-policia-apreende-12-armas-de-fogo-na-paraiba\/#breadcrumb\",\"itemListElement\":[{\"@type\":\"ListItem\",\"position\":1,\"name\":\"In\u00edcio\",\"item\":\"https:\/\/www.pm.pb.gov.br\/portal\/\"},{\"@type\":\"ListItem\",\"position\":2,\"name\":\"Opera\u00e7\u00e3o Tiradentes: Pol\u00edcia apreende 12 armas de fogo na Para\u00edba\"}]},{\"@type\":\"WebSite\",\"@id\":\"https:\/\/www.pm.pb.gov.br\/portal\/#website\",\"url\":\"https:\/\/www.pm.pb.gov.br\/portal\/\",\"name\":\"Pol\u00edcia Militar da Para\u00edba\",\"description\":\"\",\"publisher\":{\"@id\":\"https:\/\/www.pm.pb.gov.br\/portal\/#organization\"},\"potentialAction\":[{\"@type\":\"SearchAction\",\"target\":{\"@type\":\"EntryPoint\",\"urlTemplate\":\"https:\/\/www.pm.pb.gov.br\/portal\/?s={search_term_string}\"},\"query-input\":\"required name=search_term_string\"}],\"inLanguage\":\"pt-BR\"},{\"@type\":\"Organization\",\"@id\":\"https:\/\/www.pm.pb.gov.br\/portal\/#organization\",\"name\":\"Pol\u00edcia Militar da Para\u00edba\",\"url\":\"https:\/\/www.pm.pb.gov.br\/portal\/\",\"logo\":{\"@type\":\"ImageObject\",\"inLanguage\":\"pt-BR\",\"@id\":\"https:\/\/www.pm.pb.gov.br\/portal\/#\/schema\/logo\/image\/\",\"url\":\"https:\/\/www.pm.pb.gov.br\/portal\/wp-content\/uploads\/2025\/03\/cropped-logo-site-mag2-1.png\",\"contentUrl\":\"https:\/\/www.pm.pb.gov.br\/portal\/wp-content\/uploads\/2025\/03\/cropped-logo-site-mag2-1.png\",\"width\":320,\"height\":90,\"caption\":\"Pol\u00edcia Militar da Para\u00edba\"},\"image\":{\"@id\":\"https:\/\/www.pm.pb.gov.br\/portal\/#\/schema\/logo\/image\/\"}},{\"@type\":\"Person\",\"@id\":\"https:\/\/www.pm.pb.gov.br\/portal\/#\/schema\/person\/30d571652b38533c2211e4e89bf5a502\",\"name\":\"Marcio Gomes dos Santos\",\"image\":{\"@type\":\"ImageObject\",\"inLanguage\":\"pt-BR\",\"@id\":\"https:\/\/www.pm.pb.gov.br\/portal\/#\/schema\/person\/image\/\",\"url\":\"https:\/\/secure.gravatar.com\/avatar\/cf4ec2cb690101e1581c7773aa350c19?s=96&d=mm&r=g\",\"contentUrl\":\"https:\/\/secure.gravatar.com\/avatar\/cf4ec2cb690101e1581c7773aa350c19?s=96&d=mm&r=g\",\"caption\":\"Marcio Gomes dos Santos\"},\"url\":\"https:\/\/www.pm.pb.gov.br\/portal\/author\/mgomes\/\"}]}<\/script>\n<!-- \/ Yoast SEO plugin. -->","yoast_head_json":{"title":"Opera\u00e7\u00e3o Tiradentes: Pol\u00edcia apreende 12 armas de fogo na Para\u00edba - Pol\u00edcia Militar da Para\u00edba","robots":{"index":"index","follow":"follow","max-snippet":"max-snippet:-1","max-image-preview":"max-image-preview:large","max-video-preview":"max-video-preview:-1"},"canonical":"https:\/\/www.pm.pb.gov.br\/portal\/2018\/04\/21\/operacao-tiradentes-policia-apreende-12-armas-de-fogo-na-paraiba\/","og_locale":"pt_BR","og_type":"article","og_title":"Opera\u00e7\u00e3o Tiradentes: Pol\u00edcia apreende 12 armas de fogo na Para\u00edba - Pol\u00edcia Militar da Para\u00edba","og_description":"Em cerca de oito horas, a Pol\u00edcia Militar registrou a apreens\u00e3o de 12 armas de fogo durante a Opera\u00e7\u00e3o Tiradentes,","og_url":"https:\/\/www.pm.pb.gov.br\/portal\/2018\/04\/21\/operacao-tiradentes-policia-apreende-12-armas-de-fogo-na-paraiba\/","og_site_name":"Pol\u00edcia Militar da Para\u00edba","article_published_time":"2018-04-21T16:15:46+00:00","og_image":[{"width":800,"height":450,"url":"https:\/\/www.pm.pb.gov.br\/portal\/wp-content\/uploads\/2018\/04\/Opera\u00e7\u00e3o-Tiradente1.jpg","type":"image\/jpeg"}],"author":"Marcio Gomes dos Santos","twitter_card":"summary_large_image","twitter_misc":{"Escrito por":"Marcio Gomes dos Santos","Est. tempo de leitura":"2 minutos"},"schema":{"@context":"https:\/\/schema.org","@graph":[{"@type":"Article","@id":"https:\/\/www.pm.pb.gov.br\/portal\/2018\/04\/21\/operacao-tiradentes-policia-apreende-12-armas-de-fogo-na-paraiba\/#article","isPartOf":{"@id":"https:\/\/www.pm.pb.gov.br\/portal\/2018\/04\/21\/operacao-tiradentes-policia-apreende-12-armas-de-fogo-na-paraiba\/"},"author":{"name":"Marcio Gomes dos Santos","@id":"https:\/\/www.pm.pb.gov.br\/portal\/#\/schema\/person\/30d571652b38533c2211e4e89bf5a502"},"headline":"Opera\u00e7\u00e3o Tiradentes: Pol\u00edcia apreende 12 armas de fogo na Para\u00edba","datePublished":"2018-04-21T16:15:46+00:00","dateModified":"2018-04-21T16:15:46+00:00","mainEntityOfPage":{"@id":"https:\/\/www.pm.pb.gov.br\/portal\/2018\/04\/21\/operacao-tiradentes-policia-apreende-12-armas-de-fogo-na-paraiba\/"},"wordCount":469,"publisher":{"@id":"https:\/\/www.pm.pb.gov.br\/portal\/#organization"},"articleSection":["A\u00e7\u00f5es Policiais"],"inLanguage":"pt-BR"},{"@type":"WebPage","@id":"https:\/\/www.pm.pb.gov.br\/portal\/2018\/04\/21\/operacao-tiradentes-policia-apreende-12-armas-de-fogo-na-paraiba\/","url":"https:\/\/www.pm.pb.gov.br\/portal\/2018\/04\/21\/operacao-tiradentes-policia-apreende-12-armas-de-fogo-na-paraiba\/","name":"Opera\u00e7\u00e3o Tiradentes: Pol\u00edcia apreende 12 armas de fogo na Para\u00edba - Pol\u00edcia Militar da Para\u00edba","isPartOf":{"@id":"https:\/\/www.pm.pb.gov.br\/portal\/#website"},"datePublished":"2018-04-21T16:15:46+00:00","dateModified":"2018-04-21T16:15:46+00:00","breadcrumb":{"@id":"https:\/\/www.pm.pb.gov.br\/portal\/2018\/04\/21\/operacao-tiradentes-policia-apreende-12-armas-de-fogo-na-paraiba\/#breadcrumb"},"inLanguage":"pt-BR","potentialAction":[{"@type":"ReadAction","target":["https:\/\/www.pm.pb.gov.br\/portal\/2018\/04\/21\/operacao-tiradentes-policia-apreende-12-armas-de-fogo-na-paraiba\/"]}]},{"@type":"BreadcrumbList","@id":"https:\/\/www.pm.pb.gov.br\/portal\/2018\/04\/21\/operacao-tiradentes-policia-apreende-12-armas-de-fogo-na-paraiba\/#breadcrumb","itemListElement":[{"@type":"ListItem","position":1,"name":"In\u00edcio","item":"https:\/\/www.pm.pb.gov.br\/portal\/"},{"@type":"ListItem","position":2,"name":"Opera\u00e7\u00e3o Tiradentes: Pol\u00edcia apreende 12 armas de fogo na Para\u00edba"}]},{"@type":"WebSite","@id":"https:\/\/www.pm.pb.gov.br\/portal\/#website","url":"https:\/\/www.pm.pb.gov.br\/portal\/","name":"Pol\u00edcia Militar da Para\u00edba","description":"","publisher":{"@id":"https:\/\/www.pm.pb.gov.br\/portal\/#organization"},"potentialAction":[{"@type":"SearchAction","target":{"@type":"EntryPoint","urlTemplate":"https:\/\/www.pm.pb.gov.br\/portal\/?s={search_term_string}"},"query-input":"required name=search_term_string"}],"inLanguage":"pt-BR"},{"@type":"Organization","@id":"https:\/\/www.pm.pb.gov.br\/portal\/#organization","name":"Pol\u00edcia Militar da Para\u00edba","url":"https:\/\/www.pm.pb.gov.br\/portal\/","logo":{"@type":"ImageObject","inLanguage":"pt-BR","@id":"https:\/\/www.pm.pb.gov.br\/portal\/#\/schema\/logo\/image\/","url":"https:\/\/www.pm.pb.gov.br\/portal\/wp-content\/uploads\/2025\/03\/cropped-logo-site-mag2-1.png","contentUrl":"https:\/\/www.pm.pb.gov.br\/portal\/wp-content\/uploads\/2025\/03\/cropped-logo-site-mag2-1.png","width":320,"height":90,"caption":"Pol\u00edcia Militar da Para\u00edba"},"image":{"@id":"https:\/\/www.pm.pb.gov.br\/portal\/#\/schema\/logo\/image\/"}},{"@type":"Person","@id":"https:\/\/www.pm.pb.gov.br\/portal\/#\/schema\/person\/30d571652b38533c2211e4e89bf5a502","name":"Marcio Gomes dos Santos","image":{"@type":"ImageObject","inLanguage":"pt-BR","@id":"https:\/\/www.pm.pb.gov.br\/portal\/#\/schema\/person\/image\/","url":"https:\/\/secure.gravatar.com\/avatar\/cf4ec2cb690101e1581c7773aa350c19?s=96&d=mm&r=g","contentUrl":"https:\/\/secure.gravatar.com\/avatar\/cf4ec2cb690101e1581c7773aa350c19?s=96&d=mm&r=g","caption":"Marcio Gomes dos Santos"},"url":"https:\/\/www.pm.pb.gov.br\/portal\/author\/mgomes\/"}]}},"_links":{"self":[{"href":"https:\/\/www.pm.pb.gov.br\/portal\/wp-json\/wp\/v2\/posts\/897651"}],"collection":[{"href":"https:\/\/www.pm.pb.gov.br\/portal\/wp-json\/wp\/v2\/posts"}],"about":[{"href":"https:\/\/www.pm.pb.gov.br\/portal\/wp-json\/wp\/v2\/types\/post"}],"author":[{"embeddable":true,"href":"https:\/\/www.pm.pb.gov.br\/portal\/wp-json\/wp\/v2\/users\/15"}],"replies":[{"embeddable":true,"href":"https:\/\/www.pm.pb.gov.br\/portal\/wp-json\/wp\/v2\/comments?post=897651"}],"version-history":[{"count":4,"href":"https:\/\/www.pm.pb.gov.br\/portal\/wp-json\/wp\/v2\/posts\/897651\/revisions"}],"predecessor-version":[{"id":897657,"href":"https:\/\/www.pm.pb.gov.br\/portal\/wp-json\/wp\/v2\/posts\/897651\/revisions\/897657"}],"wp:featuredmedia":[{"embeddable":true,"href":"https:\/\/www.pm.pb.gov.br\/portal\/wp-json\/wp\/v2\/media\/897652"}],"wp:attachment":[{"href":"https:\/\/www.pm.pb.gov.br\/portal\/wp-json\/wp\/v2\/media?parent=897651"}],"wp:term":[{"taxonomy":"category","embeddable":true,"href":"https:\/\/www.pm.pb.gov.br\/portal\/wp-json\/wp\/v2\/categories?post=897651"},{"taxonomy":"post_tag","embeddable":true,"href":"https:\/\/www.pm.pb.gov.br\/portal\/wp-json\/wp\/v2\/tags?post=897651"}],"curies":[{"name":"wp","href":"https:\/\/api.w.org\/{rel}","templated":true}]}}