{"id":897646,"date":"2018-04-21T13:01:24","date_gmt":"2018-04-21T16:01:24","guid":{"rendered":"http:\/\/www.pm.pb.gov.br\/portal\/?p=897646"},"modified":"2018-04-21T13:01:24","modified_gmt":"2018-04-21T16:01:24","slug":"operacao-tiradentes-detem-grupo-com-carro-roubado-e-recupera-mais-quatro-veiculos-em-cg","status":"publish","type":"post","link":"https:\/\/www.pm.pb.gov.br\/portal\/2018\/04\/21\/operacao-tiradentes-detem-grupo-com-carro-roubado-e-recupera-mais-quatro-veiculos-em-cg\/","title":{"rendered":"Opera\u00e7\u00e3o Tiradentes det\u00e9m grupo com carro roubado e recupera mais quatro ve\u00edculos em CG"},"content":{"rendered":"<p style=\"text-align: justify;\">Durante a Opera\u00e7\u00e3o Tiradentes, realizada pela Pol\u00edcia Militar no fim da tarde e na noite desta sexta-feira (20) em todo o estado, um grupo de quatro pessoas foi detido com um carro roubado, em Campina Grande. Outros tr\u00eas ve\u00edculos foram recuperados pela PM na cidade, resultando ainda na condu\u00e7\u00e3o de mais uma pessoa \u00e0 delegacia.<\/p>\n<p style=\"text-align: justify;\"><img loading=\"lazy\" decoding=\"async\" class=\"wp-image-897649 alignright\" src=\"http:\/\/www.pm.pb.gov.br\/portal\/wp-content\/uploads\/2018\/04\/1-1-791x445.jpg\" alt=\"\" width=\"424\" height=\"239\" srcset=\"https:\/\/www.pm.pb.gov.br\/portal\/wp-content\/uploads\/2018\/04\/1-1-791x445.jpg 791w, https:\/\/www.pm.pb.gov.br\/portal\/wp-content\/uploads\/2018\/04\/1-1-768x432.jpg 768w, https:\/\/www.pm.pb.gov.br\/portal\/wp-content\/uploads\/2018\/04\/1-1-1013x570.jpg 1013w, https:\/\/www.pm.pb.gov.br\/portal\/wp-content\/uploads\/2018\/04\/1-1.jpg 1280w\" sizes=\"(max-width: 424px) 100vw, 424px\" \/>Por volta das 22h30, uma intensa persegui\u00e7\u00e3o, que come\u00e7ou no bairro do S\u00e3o Janu\u00e1rio, seguindo at\u00e9 Bodocong\u00f3, conseguiu interceptar um grupo de quatro pessoas em um ve\u00edculo HB20 da cor prata, que havia sido roubado logo ap\u00f3s as 12h daquele dia. Durante o acompanhamento da PM ao carro suspeito, o ve\u00edculo chegou a colidir com uma moto e um poste. Entre o grupo que estava no carro, tr\u00eas eram adolescentes, e um tinha 18 anos de idade. Parte do grupo foi reconhecido pela v\u00edtima do roubo, que segundo os registros da PM, teria acontecido no bairro da Prata. Os quatro foram apresentados no Distrito Integrado de Seguran\u00e7a P\u00fablica (Disp), no Parque do Povo, para os procedimentos legais.<\/p>\n<p style=\"text-align: justify;\">J\u00e1 nas proximidades do Canal de Bodocong\u00f3, durante uma blitz, foi identificado que um Logan da cor prata tamb\u00e9m possu\u00eda restri\u00e7\u00e3o de roubo ou furto. O condutor, que n\u00e3o apresentou documenta\u00e7\u00f5es pessoais ou do ve\u00edculo, foi encaminhado para o Disp e autuado por recepta\u00e7\u00e3o. Outros tr\u00eas ve\u00edculos, sendo um HB20 da cor preta, uma Saveiro e um Uno da cor branca, foram recuperados durante o patrulhamento nos bairros de Nova Bras\u00edlia, Bela Vista, e Alto Branco.<\/p>\n<p style=\"text-align: justify;\">A Opera\u00e7\u00e3o Tiradentes foi deflagrada no fim da tarde desta sexta-feira, contando com mais de 800 policiais refor\u00e7ando as a\u00e7\u00f5es em todo o Estado. O objetivo \u00e9 prevenir crimes patrimoniais e contra a vida, utilizando diversas modalidades e processos de policiamento, com a\u00e7\u00f5es de ocupa\u00e7\u00e3o em comunidades, blitzen e checkpoints.<\/p>\n","protected":false},"excerpt":{"rendered":"<p>Durante a Opera\u00e7\u00e3o Tiradentes, realizada pela Pol\u00edcia Militar no fim da tarde e na noite desta sexta-feira (20) em todo<\/p>\n","protected":false},"author":15,"featured_media":897648,"comment_status":"closed","ping_status":"closed","sticky":false,"template":"","format":"standard","meta":{"_exactmetrics_skip_tracking":false,"_exactmetrics_sitenote_active":false,"_exactmetrics_sitenote_note":"","_exactmetrics_sitenote_category":0,"footnotes":""},"categories":[4],"tags":[],"yoast_head":"<!-- This site is optimized with the Yoast SEO plugin v22.0 - https:\/\/yoast.com\/wordpress\/plugins\/seo\/ -->\n<title>Opera\u00e7\u00e3o Tiradentes det\u00e9m grupo com carro roubado e recupera mais quatro ve\u00edculos em CG - Pol\u00edcia Militar da Para\u00edba<\/title>\n<meta name=\"robots\" content=\"index, follow, max-snippet:-1, max-image-preview:large, max-video-preview:-1\" \/>\n<link rel=\"canonical\" href=\"https:\/\/www.pm.pb.gov.br\/portal\/2018\/04\/21\/operacao-tiradentes-detem-grupo-com-carro-roubado-e-recupera-mais-quatro-veiculos-em-cg\/\" \/>\n<meta property=\"og:locale\" content=\"pt_BR\" \/>\n<meta property=\"og:type\" content=\"article\" \/>\n<meta property=\"og:title\" content=\"Opera\u00e7\u00e3o Tiradentes det\u00e9m grupo com carro roubado e recupera mais quatro ve\u00edculos em CG - Pol\u00edcia Militar da Para\u00edba\" \/>\n<meta property=\"og:description\" content=\"Durante a Opera\u00e7\u00e3o Tiradentes, realizada pela Pol\u00edcia Militar no fim da tarde e na noite desta sexta-feira (20) em todo\" \/>\n<meta property=\"og:url\" content=\"https:\/\/www.pm.pb.gov.br\/portal\/2018\/04\/21\/operacao-tiradentes-detem-grupo-com-carro-roubado-e-recupera-mais-quatro-veiculos-em-cg\/\" \/>\n<meta property=\"og:site_name\" content=\"Pol\u00edcia Militar da Para\u00edba\" \/>\n<meta property=\"article:published_time\" content=\"2018-04-21T16:01:24+00:00\" \/>\n<meta property=\"og:image\" content=\"https:\/\/www.pm.pb.gov.br\/portal\/wp-content\/uploads\/2018\/04\/carro.jpg\" \/>\n\t<meta property=\"og:image:width\" content=\"800\" \/>\n\t<meta property=\"og:image:height\" content=\"450\" \/>\n\t<meta property=\"og:image:type\" content=\"image\/jpeg\" \/>\n<meta name=\"author\" content=\"Marcio Gomes dos Santos\" \/>\n<meta name=\"twitter:card\" content=\"summary_large_image\" \/>\n<meta name=\"twitter:label1\" content=\"Escrito por\" \/>\n\t<meta name=\"twitter:data1\" content=\"Marcio Gomes dos Santos\" \/>\n\t<meta name=\"twitter:label2\" content=\"Est. tempo de leitura\" \/>\n\t<meta name=\"twitter:data2\" content=\"2 minutos\" \/>\n<script type=\"application\/ld+json\" class=\"yoast-schema-graph\">{\"@context\":\"https:\/\/schema.org\",\"@graph\":[{\"@type\":\"Article\",\"@id\":\"https:\/\/www.pm.pb.gov.br\/portal\/2018\/04\/21\/operacao-tiradentes-detem-grupo-com-carro-roubado-e-recupera-mais-quatro-veiculos-em-cg\/#article\",\"isPartOf\":{\"@id\":\"https:\/\/www.pm.pb.gov.br\/portal\/2018\/04\/21\/operacao-tiradentes-detem-grupo-com-carro-roubado-e-recupera-mais-quatro-veiculos-em-cg\/\"},\"author\":{\"name\":\"Marcio Gomes dos Santos\",\"@id\":\"https:\/\/www.pm.pb.gov.br\/portal\/#\/schema\/person\/30d571652b38533c2211e4e89bf5a502\"},\"headline\":\"Opera\u00e7\u00e3o Tiradentes det\u00e9m grupo com carro roubado e recupera mais quatro ve\u00edculos em CG\",\"datePublished\":\"2018-04-21T16:01:24+00:00\",\"dateModified\":\"2018-04-21T16:01:24+00:00\",\"mainEntityOfPage\":{\"@id\":\"https:\/\/www.pm.pb.gov.br\/portal\/2018\/04\/21\/operacao-tiradentes-detem-grupo-com-carro-roubado-e-recupera-mais-quatro-veiculos-em-cg\/\"},\"wordCount\":341,\"publisher\":{\"@id\":\"https:\/\/www.pm.pb.gov.br\/portal\/#organization\"},\"articleSection\":[\"A\u00e7\u00f5es Policiais\"],\"inLanguage\":\"pt-BR\"},{\"@type\":\"WebPage\",\"@id\":\"https:\/\/www.pm.pb.gov.br\/portal\/2018\/04\/21\/operacao-tiradentes-detem-grupo-com-carro-roubado-e-recupera-mais-quatro-veiculos-em-cg\/\",\"url\":\"https:\/\/www.pm.pb.gov.br\/portal\/2018\/04\/21\/operacao-tiradentes-detem-grupo-com-carro-roubado-e-recupera-mais-quatro-veiculos-em-cg\/\",\"name\":\"Opera\u00e7\u00e3o Tiradentes det\u00e9m grupo com carro roubado e recupera mais quatro ve\u00edculos em CG - Pol\u00edcia Militar da Para\u00edba\",\"isPartOf\":{\"@id\":\"https:\/\/www.pm.pb.gov.br\/portal\/#website\"},\"datePublished\":\"2018-04-21T16:01:24+00:00\",\"dateModified\":\"2018-04-21T16:01:24+00:00\",\"breadcrumb\":{\"@id\":\"https:\/\/www.pm.pb.gov.br\/portal\/2018\/04\/21\/operacao-tiradentes-detem-grupo-com-carro-roubado-e-recupera-mais-quatro-veiculos-em-cg\/#breadcrumb\"},\"inLanguage\":\"pt-BR\",\"potentialAction\":[{\"@type\":\"ReadAction\",\"target\":[\"https:\/\/www.pm.pb.gov.br\/portal\/2018\/04\/21\/operacao-tiradentes-detem-grupo-com-carro-roubado-e-recupera-mais-quatro-veiculos-em-cg\/\"]}]},{\"@type\":\"BreadcrumbList\",\"@id\":\"https:\/\/www.pm.pb.gov.br\/portal\/2018\/04\/21\/operacao-tiradentes-detem-grupo-com-carro-roubado-e-recupera-mais-quatro-veiculos-em-cg\/#breadcrumb\",\"itemListElement\":[{\"@type\":\"ListItem\",\"position\":1,\"name\":\"In\u00edcio\",\"item\":\"https:\/\/www.pm.pb.gov.br\/portal\/\"},{\"@type\":\"ListItem\",\"position\":2,\"name\":\"Opera\u00e7\u00e3o Tiradentes det\u00e9m grupo com carro roubado e recupera mais quatro ve\u00edculos em CG\"}]},{\"@type\":\"WebSite\",\"@id\":\"https:\/\/www.pm.pb.gov.br\/portal\/#website\",\"url\":\"https:\/\/www.pm.pb.gov.br\/portal\/\",\"name\":\"Pol\u00edcia Militar da Para\u00edba\",\"description\":\"\",\"publisher\":{\"@id\":\"https:\/\/www.pm.pb.gov.br\/portal\/#organization\"},\"potentialAction\":[{\"@type\":\"SearchAction\",\"target\":{\"@type\":\"EntryPoint\",\"urlTemplate\":\"https:\/\/www.pm.pb.gov.br\/portal\/?s={search_term_string}\"},\"query-input\":\"required name=search_term_string\"}],\"inLanguage\":\"pt-BR\"},{\"@type\":\"Organization\",\"@id\":\"https:\/\/www.pm.pb.gov.br\/portal\/#organization\",\"name\":\"Pol\u00edcia Militar da Para\u00edba\",\"url\":\"https:\/\/www.pm.pb.gov.br\/portal\/\",\"logo\":{\"@type\":\"ImageObject\",\"inLanguage\":\"pt-BR\",\"@id\":\"https:\/\/www.pm.pb.gov.br\/portal\/#\/schema\/logo\/image\/\",\"url\":\"https:\/\/www.pm.pb.gov.br\/portal\/wp-content\/uploads\/2025\/03\/cropped-logo-site-mag2-1.png\",\"contentUrl\":\"https:\/\/www.pm.pb.gov.br\/portal\/wp-content\/uploads\/2025\/03\/cropped-logo-site-mag2-1.png\",\"width\":320,\"height\":90,\"caption\":\"Pol\u00edcia Militar da Para\u00edba\"},\"image\":{\"@id\":\"https:\/\/www.pm.pb.gov.br\/portal\/#\/schema\/logo\/image\/\"}},{\"@type\":\"Person\",\"@id\":\"https:\/\/www.pm.pb.gov.br\/portal\/#\/schema\/person\/30d571652b38533c2211e4e89bf5a502\",\"name\":\"Marcio Gomes dos Santos\",\"image\":{\"@type\":\"ImageObject\",\"inLanguage\":\"pt-BR\",\"@id\":\"https:\/\/www.pm.pb.gov.br\/portal\/#\/schema\/person\/image\/\",\"url\":\"https:\/\/secure.gravatar.com\/avatar\/cf4ec2cb690101e1581c7773aa350c19?s=96&d=mm&r=g\",\"contentUrl\":\"https:\/\/secure.gravatar.com\/avatar\/cf4ec2cb690101e1581c7773aa350c19?s=96&d=mm&r=g\",\"caption\":\"Marcio Gomes dos Santos\"},\"url\":\"https:\/\/www.pm.pb.gov.br\/portal\/author\/mgomes\/\"}]}<\/script>\n<!-- \/ Yoast SEO plugin. -->","yoast_head_json":{"title":"Opera\u00e7\u00e3o Tiradentes det\u00e9m grupo com carro roubado e recupera mais quatro ve\u00edculos em CG - Pol\u00edcia Militar da Para\u00edba","robots":{"index":"index","follow":"follow","max-snippet":"max-snippet:-1","max-image-preview":"max-image-preview:large","max-video-preview":"max-video-preview:-1"},"canonical":"https:\/\/www.pm.pb.gov.br\/portal\/2018\/04\/21\/operacao-tiradentes-detem-grupo-com-carro-roubado-e-recupera-mais-quatro-veiculos-em-cg\/","og_locale":"pt_BR","og_type":"article","og_title":"Opera\u00e7\u00e3o Tiradentes det\u00e9m grupo com carro roubado e recupera mais quatro ve\u00edculos em CG - Pol\u00edcia Militar da Para\u00edba","og_description":"Durante a Opera\u00e7\u00e3o Tiradentes, realizada pela Pol\u00edcia Militar no fim da tarde e na noite desta sexta-feira (20) em todo","og_url":"https:\/\/www.pm.pb.gov.br\/portal\/2018\/04\/21\/operacao-tiradentes-detem-grupo-com-carro-roubado-e-recupera-mais-quatro-veiculos-em-cg\/","og_site_name":"Pol\u00edcia Militar da Para\u00edba","article_published_time":"2018-04-21T16:01:24+00:00","og_image":[{"width":800,"height":450,"url":"https:\/\/www.pm.pb.gov.br\/portal\/wp-content\/uploads\/2018\/04\/carro.jpg","type":"image\/jpeg"}],"author":"Marcio Gomes dos Santos","twitter_card":"summary_large_image","twitter_misc":{"Escrito por":"Marcio Gomes dos Santos","Est. tempo de leitura":"2 minutos"},"schema":{"@context":"https:\/\/schema.org","@graph":[{"@type":"Article","@id":"https:\/\/www.pm.pb.gov.br\/portal\/2018\/04\/21\/operacao-tiradentes-detem-grupo-com-carro-roubado-e-recupera-mais-quatro-veiculos-em-cg\/#article","isPartOf":{"@id":"https:\/\/www.pm.pb.gov.br\/portal\/2018\/04\/21\/operacao-tiradentes-detem-grupo-com-carro-roubado-e-recupera-mais-quatro-veiculos-em-cg\/"},"author":{"name":"Marcio Gomes dos Santos","@id":"https:\/\/www.pm.pb.gov.br\/portal\/#\/schema\/person\/30d571652b38533c2211e4e89bf5a502"},"headline":"Opera\u00e7\u00e3o Tiradentes det\u00e9m grupo com carro roubado e recupera mais quatro ve\u00edculos em CG","datePublished":"2018-04-21T16:01:24+00:00","dateModified":"2018-04-21T16:01:24+00:00","mainEntityOfPage":{"@id":"https:\/\/www.pm.pb.gov.br\/portal\/2018\/04\/21\/operacao-tiradentes-detem-grupo-com-carro-roubado-e-recupera-mais-quatro-veiculos-em-cg\/"},"wordCount":341,"publisher":{"@id":"https:\/\/www.pm.pb.gov.br\/portal\/#organization"},"articleSection":["A\u00e7\u00f5es Policiais"],"inLanguage":"pt-BR"},{"@type":"WebPage","@id":"https:\/\/www.pm.pb.gov.br\/portal\/2018\/04\/21\/operacao-tiradentes-detem-grupo-com-carro-roubado-e-recupera-mais-quatro-veiculos-em-cg\/","url":"https:\/\/www.pm.pb.gov.br\/portal\/2018\/04\/21\/operacao-tiradentes-detem-grupo-com-carro-roubado-e-recupera-mais-quatro-veiculos-em-cg\/","name":"Opera\u00e7\u00e3o Tiradentes det\u00e9m grupo com carro roubado e recupera mais quatro ve\u00edculos em CG - Pol\u00edcia Militar da Para\u00edba","isPartOf":{"@id":"https:\/\/www.pm.pb.gov.br\/portal\/#website"},"datePublished":"2018-04-21T16:01:24+00:00","dateModified":"2018-04-21T16:01:24+00:00","breadcrumb":{"@id":"https:\/\/www.pm.pb.gov.br\/portal\/2018\/04\/21\/operacao-tiradentes-detem-grupo-com-carro-roubado-e-recupera-mais-quatro-veiculos-em-cg\/#breadcrumb"},"inLanguage":"pt-BR","potentialAction":[{"@type":"ReadAction","target":["https:\/\/www.pm.pb.gov.br\/portal\/2018\/04\/21\/operacao-tiradentes-detem-grupo-com-carro-roubado-e-recupera-mais-quatro-veiculos-em-cg\/"]}]},{"@type":"BreadcrumbList","@id":"https:\/\/www.pm.pb.gov.br\/portal\/2018\/04\/21\/operacao-tiradentes-detem-grupo-com-carro-roubado-e-recupera-mais-quatro-veiculos-em-cg\/#breadcrumb","itemListElement":[{"@type":"ListItem","position":1,"name":"In\u00edcio","item":"https:\/\/www.pm.pb.gov.br\/portal\/"},{"@type":"ListItem","position":2,"name":"Opera\u00e7\u00e3o Tiradentes det\u00e9m grupo com carro roubado e recupera mais quatro ve\u00edculos em CG"}]},{"@type":"WebSite","@id":"https:\/\/www.pm.pb.gov.br\/portal\/#website","url":"https:\/\/www.pm.pb.gov.br\/portal\/","name":"Pol\u00edcia Militar da Para\u00edba","description":"","publisher":{"@id":"https:\/\/www.pm.pb.gov.br\/portal\/#organization"},"potentialAction":[{"@type":"SearchAction","target":{"@type":"EntryPoint","urlTemplate":"https:\/\/www.pm.pb.gov.br\/portal\/?s={search_term_string}"},"query-input":"required name=search_term_string"}],"inLanguage":"pt-BR"},{"@type":"Organization","@id":"https:\/\/www.pm.pb.gov.br\/portal\/#organization","name":"Pol\u00edcia Militar da Para\u00edba","url":"https:\/\/www.pm.pb.gov.br\/portal\/","logo":{"@type":"ImageObject","inLanguage":"pt-BR","@id":"https:\/\/www.pm.pb.gov.br\/portal\/#\/schema\/logo\/image\/","url":"https:\/\/www.pm.pb.gov.br\/portal\/wp-content\/uploads\/2025\/03\/cropped-logo-site-mag2-1.png","contentUrl":"https:\/\/www.pm.pb.gov.br\/portal\/wp-content\/uploads\/2025\/03\/cropped-logo-site-mag2-1.png","width":320,"height":90,"caption":"Pol\u00edcia Militar da Para\u00edba"},"image":{"@id":"https:\/\/www.pm.pb.gov.br\/portal\/#\/schema\/logo\/image\/"}},{"@type":"Person","@id":"https:\/\/www.pm.pb.gov.br\/portal\/#\/schema\/person\/30d571652b38533c2211e4e89bf5a502","name":"Marcio Gomes dos Santos","image":{"@type":"ImageObject","inLanguage":"pt-BR","@id":"https:\/\/www.pm.pb.gov.br\/portal\/#\/schema\/person\/image\/","url":"https:\/\/secure.gravatar.com\/avatar\/cf4ec2cb690101e1581c7773aa350c19?s=96&d=mm&r=g","contentUrl":"https:\/\/secure.gravatar.com\/avatar\/cf4ec2cb690101e1581c7773aa350c19?s=96&d=mm&r=g","caption":"Marcio Gomes dos Santos"},"url":"https:\/\/www.pm.pb.gov.br\/portal\/author\/mgomes\/"}]}},"_links":{"self":[{"href":"https:\/\/www.pm.pb.gov.br\/portal\/wp-json\/wp\/v2\/posts\/897646"}],"collection":[{"href":"https:\/\/www.pm.pb.gov.br\/portal\/wp-json\/wp\/v2\/posts"}],"about":[{"href":"https:\/\/www.pm.pb.gov.br\/portal\/wp-json\/wp\/v2\/types\/post"}],"author":[{"embeddable":true,"href":"https:\/\/www.pm.pb.gov.br\/portal\/wp-json\/wp\/v2\/users\/15"}],"replies":[{"embeddable":true,"href":"https:\/\/www.pm.pb.gov.br\/portal\/wp-json\/wp\/v2\/comments?post=897646"}],"version-history":[{"count":1,"href":"https:\/\/www.pm.pb.gov.br\/portal\/wp-json\/wp\/v2\/posts\/897646\/revisions"}],"predecessor-version":[{"id":897650,"href":"https:\/\/www.pm.pb.gov.br\/portal\/wp-json\/wp\/v2\/posts\/897646\/revisions\/897650"}],"wp:featuredmedia":[{"embeddable":true,"href":"https:\/\/www.pm.pb.gov.br\/portal\/wp-json\/wp\/v2\/media\/897648"}],"wp:attachment":[{"href":"https:\/\/www.pm.pb.gov.br\/portal\/wp-json\/wp\/v2\/media?parent=897646"}],"wp:term":[{"taxonomy":"category","embeddable":true,"href":"https:\/\/www.pm.pb.gov.br\/portal\/wp-json\/wp\/v2\/categories?post=897646"},{"taxonomy":"post_tag","embeddable":true,"href":"https:\/\/www.pm.pb.gov.br\/portal\/wp-json\/wp\/v2\/tags?post=897646"}],"curies":[{"name":"wp","href":"https:\/\/api.w.org\/{rel}","templated":true}]}}