{"id":897591,"date":"2018-04-17T11:10:33","date_gmt":"2018-04-17T14:10:33","guid":{"rendered":"http:\/\/www.pm.pb.gov.br\/portal\/?p=897591"},"modified":"2018-04-18T17:53:23","modified_gmt":"2018-04-18T20:53:23","slug":"concurso-da-policia-militar-e-corpo-de-bombeiros-tem-quase-80-mil-inscritos","status":"publish","type":"post","link":"https:\/\/www.pm.pb.gov.br\/portal\/2018\/04\/17\/concurso-da-policia-militar-e-corpo-de-bombeiros-tem-quase-80-mil-inscritos\/","title":{"rendered":"Concurso da Pol\u00edcia Militar e Corpo de Bombeiros tem quase 80 mil inscritos"},"content":{"rendered":"<p style=\"text-align: justify;\">Setenta e nove mil, quinhentos e um candidatos. Esse foi o n\u00famero de inscritos para concorrer a uma das mil vagas oferecidas pelo Governo do Estado para a Pol\u00edcia Militar e do Corpo de Bombeiros Militar, cujas provas ser\u00e3o realizadas no pr\u00f3ximo dia 29. O n\u00famero de inscritos \u00e9 quase 40% maior do que o registrado em 2014 (58.969 inscritos) e teve um aumento de mais de 150% em rela\u00e7\u00e3o ao concurso de 2008, quando pouco mais de 30 mil pessoas demonstraram interesse em concorrer para fazer parte da corpora\u00e7\u00e3o.<\/p>\n<p style=\"text-align: justify;\">O cart\u00e3o de convoca\u00e7\u00e3o para a prova objetiva, com detalhes sobre local de prova e hor\u00e1rio, ser\u00e1 divulgado a partir da pr\u00f3xima segunda-feira (23), no site www.ibfc.org.br. Esta \u00e9 a primeira etapa do certame, que deve selecionar para as pr\u00f3ximas fases os aprovados em at\u00e9 duas vezes o n\u00famero de vagas para cada op\u00e7\u00e3o.<\/p>\n<p style=\"text-align: justify;\">A maior concorr\u00eancia foi registrada para o Comando do Policiamento Regional Metropolitano de Jo\u00e3o Pessoa, com 81,98 candidatos por vaga para candidatos do sexo masculino e 319,95 por vaga, no feminino.<\/p>\n<p style=\"text-align: justify;\">Na regi\u00e3o de Campina Grande, a concorr\u00eancia ficou em 69,31 candidatos por vaga no masculino e 237,55 no feminino. J\u00e1 na regi\u00e3o do Sert\u00e3o, foram 59,63 por vaga no masculino e 272,40 para o feminino.<\/p>\n<p style=\"text-align: justify;\"><strong>BM &#8211;<\/strong> O Corpo de Bombeiros Militar registrou no masculino 55,53 candidatos por vaga para a regi\u00e3o metropolitana de Jo\u00e3o Pessoa; 36,33 na regi\u00e3o de Campina Grande; e 36,50 no Sert\u00e3o. J\u00e1 no feminino, foram 133,75 candidatas por vaga na regi\u00e3o de Jo\u00e3o Pessoa; 86,50 na regi\u00e3o de Campina Grande; e 67,75 no sert\u00e3o.<\/p>\n<p style=\"text-align: justify;\">Ao todo, o Governo do Estado oferece mil vagas para as duas corpora\u00e7\u00f5es, com 400 no total para a regi\u00e3o de Campina Grande, 346 para a Regi\u00e3o de Jo\u00e3o Pessoa e 254 para o Sert\u00e3o. Com esse concurso, o Governo ultrapassa a marca de quase 3 mil novos policiais e bombeiros contratados, desde 2011.<\/p>\n","protected":false},"excerpt":{"rendered":"<p>Setenta e nove mil, quinhentos e um candidatos. Esse foi o n\u00famero de inscritos para concorrer a uma das mil<\/p>\n","protected":false},"author":12,"featured_media":897606,"comment_status":"closed","ping_status":"closed","sticky":false,"template":"","format":"standard","meta":{"_exactmetrics_skip_tracking":false,"_exactmetrics_sitenote_active":false,"_exactmetrics_sitenote_note":"","_exactmetrics_sitenote_category":0,"footnotes":""},"categories":[6],"tags":[],"yoast_head":"<!-- This site is optimized with the Yoast SEO plugin v22.0 - https:\/\/yoast.com\/wordpress\/plugins\/seo\/ -->\n<title>Concurso da Pol\u00edcia Militar e Corpo de Bombeiros tem quase 80 mil inscritos - Pol\u00edcia Militar da Para\u00edba<\/title>\n<meta name=\"robots\" content=\"index, follow, max-snippet:-1, max-image-preview:large, max-video-preview:-1\" \/>\n<link rel=\"canonical\" href=\"https:\/\/www.pm.pb.gov.br\/portal\/2018\/04\/17\/concurso-da-policia-militar-e-corpo-de-bombeiros-tem-quase-80-mil-inscritos\/\" \/>\n<meta property=\"og:locale\" content=\"pt_BR\" \/>\n<meta property=\"og:type\" content=\"article\" \/>\n<meta property=\"og:title\" content=\"Concurso da Pol\u00edcia Militar e Corpo de Bombeiros tem quase 80 mil inscritos - Pol\u00edcia Militar da Para\u00edba\" \/>\n<meta property=\"og:description\" content=\"Setenta e nove mil, quinhentos e um candidatos. Esse foi o n\u00famero de inscritos para concorrer a uma das mil\" \/>\n<meta property=\"og:url\" content=\"https:\/\/www.pm.pb.gov.br\/portal\/2018\/04\/17\/concurso-da-policia-militar-e-corpo-de-bombeiros-tem-quase-80-mil-inscritos\/\" \/>\n<meta property=\"og:site_name\" content=\"Pol\u00edcia Militar da Para\u00edba\" \/>\n<meta property=\"article:published_time\" content=\"2018-04-17T14:10:33+00:00\" \/>\n<meta property=\"article:modified_time\" content=\"2018-04-18T20:53:23+00:00\" \/>\n<meta property=\"og:image\" content=\"https:\/\/www.pm.pb.gov.br\/portal\/wp-content\/uploads\/2018\/04\/22046601_1621421957879569_5241345722002017456_n.jpg\" \/>\n\t<meta property=\"og:image:width\" content=\"800\" \/>\n\t<meta property=\"og:image:height\" content=\"450\" \/>\n\t<meta property=\"og:image:type\" content=\"image\/jpeg\" \/>\n<meta name=\"author\" content=\"Tarcisio Oliveira\" \/>\n<meta name=\"twitter:card\" content=\"summary_large_image\" \/>\n<meta name=\"twitter:label1\" content=\"Escrito por\" \/>\n\t<meta name=\"twitter:data1\" content=\"Tarcisio Oliveira\" \/>\n\t<meta name=\"twitter:label2\" content=\"Est. tempo de leitura\" \/>\n\t<meta name=\"twitter:data2\" content=\"2 minutos\" \/>\n<script type=\"application\/ld+json\" class=\"yoast-schema-graph\">{\"@context\":\"https:\/\/schema.org\",\"@graph\":[{\"@type\":\"Article\",\"@id\":\"https:\/\/www.pm.pb.gov.br\/portal\/2018\/04\/17\/concurso-da-policia-militar-e-corpo-de-bombeiros-tem-quase-80-mil-inscritos\/#article\",\"isPartOf\":{\"@id\":\"https:\/\/www.pm.pb.gov.br\/portal\/2018\/04\/17\/concurso-da-policia-militar-e-corpo-de-bombeiros-tem-quase-80-mil-inscritos\/\"},\"author\":{\"name\":\"Tarcisio Oliveira\",\"@id\":\"https:\/\/www.pm.pb.gov.br\/portal\/#\/schema\/person\/f84f56dcc78ce4357054da888b8247fd\"},\"headline\":\"Concurso da Pol\u00edcia Militar e Corpo de Bombeiros tem quase 80 mil inscritos\",\"datePublished\":\"2018-04-17T14:10:33+00:00\",\"dateModified\":\"2018-04-18T20:53:23+00:00\",\"mainEntityOfPage\":{\"@id\":\"https:\/\/www.pm.pb.gov.br\/portal\/2018\/04\/17\/concurso-da-policia-militar-e-corpo-de-bombeiros-tem-quase-80-mil-inscritos\/\"},\"wordCount\":340,\"publisher\":{\"@id\":\"https:\/\/www.pm.pb.gov.br\/portal\/#organization\"},\"articleSection\":[\"Cursos\"],\"inLanguage\":\"pt-BR\"},{\"@type\":\"WebPage\",\"@id\":\"https:\/\/www.pm.pb.gov.br\/portal\/2018\/04\/17\/concurso-da-policia-militar-e-corpo-de-bombeiros-tem-quase-80-mil-inscritos\/\",\"url\":\"https:\/\/www.pm.pb.gov.br\/portal\/2018\/04\/17\/concurso-da-policia-militar-e-corpo-de-bombeiros-tem-quase-80-mil-inscritos\/\",\"name\":\"Concurso da Pol\u00edcia Militar e Corpo de Bombeiros tem quase 80 mil inscritos - Pol\u00edcia Militar da Para\u00edba\",\"isPartOf\":{\"@id\":\"https:\/\/www.pm.pb.gov.br\/portal\/#website\"},\"datePublished\":\"2018-04-17T14:10:33+00:00\",\"dateModified\":\"2018-04-18T20:53:23+00:00\",\"breadcrumb\":{\"@id\":\"https:\/\/www.pm.pb.gov.br\/portal\/2018\/04\/17\/concurso-da-policia-militar-e-corpo-de-bombeiros-tem-quase-80-mil-inscritos\/#breadcrumb\"},\"inLanguage\":\"pt-BR\",\"potentialAction\":[{\"@type\":\"ReadAction\",\"target\":[\"https:\/\/www.pm.pb.gov.br\/portal\/2018\/04\/17\/concurso-da-policia-militar-e-corpo-de-bombeiros-tem-quase-80-mil-inscritos\/\"]}]},{\"@type\":\"BreadcrumbList\",\"@id\":\"https:\/\/www.pm.pb.gov.br\/portal\/2018\/04\/17\/concurso-da-policia-militar-e-corpo-de-bombeiros-tem-quase-80-mil-inscritos\/#breadcrumb\",\"itemListElement\":[{\"@type\":\"ListItem\",\"position\":1,\"name\":\"In\u00edcio\",\"item\":\"https:\/\/www.pm.pb.gov.br\/portal\/\"},{\"@type\":\"ListItem\",\"position\":2,\"name\":\"Concurso da Pol\u00edcia Militar e Corpo de Bombeiros tem quase 80 mil inscritos\"}]},{\"@type\":\"WebSite\",\"@id\":\"https:\/\/www.pm.pb.gov.br\/portal\/#website\",\"url\":\"https:\/\/www.pm.pb.gov.br\/portal\/\",\"name\":\"Pol\u00edcia Militar da Para\u00edba\",\"description\":\"\",\"publisher\":{\"@id\":\"https:\/\/www.pm.pb.gov.br\/portal\/#organization\"},\"potentialAction\":[{\"@type\":\"SearchAction\",\"target\":{\"@type\":\"EntryPoint\",\"urlTemplate\":\"https:\/\/www.pm.pb.gov.br\/portal\/?s={search_term_string}\"},\"query-input\":\"required name=search_term_string\"}],\"inLanguage\":\"pt-BR\"},{\"@type\":\"Organization\",\"@id\":\"https:\/\/www.pm.pb.gov.br\/portal\/#organization\",\"name\":\"Pol\u00edcia Militar da Para\u00edba\",\"url\":\"https:\/\/www.pm.pb.gov.br\/portal\/\",\"logo\":{\"@type\":\"ImageObject\",\"inLanguage\":\"pt-BR\",\"@id\":\"https:\/\/www.pm.pb.gov.br\/portal\/#\/schema\/logo\/image\/\",\"url\":\"https:\/\/www.pm.pb.gov.br\/portal\/wp-content\/uploads\/2025\/03\/cropped-logo-site-mag2-1.png\",\"contentUrl\":\"https:\/\/www.pm.pb.gov.br\/portal\/wp-content\/uploads\/2025\/03\/cropped-logo-site-mag2-1.png\",\"width\":320,\"height\":90,\"caption\":\"Pol\u00edcia Militar da Para\u00edba\"},\"image\":{\"@id\":\"https:\/\/www.pm.pb.gov.br\/portal\/#\/schema\/logo\/image\/\"}},{\"@type\":\"Person\",\"@id\":\"https:\/\/www.pm.pb.gov.br\/portal\/#\/schema\/person\/f84f56dcc78ce4357054da888b8247fd\",\"name\":\"Tarcisio Oliveira\",\"image\":{\"@type\":\"ImageObject\",\"inLanguage\":\"pt-BR\",\"@id\":\"https:\/\/www.pm.pb.gov.br\/portal\/#\/schema\/person\/image\/\",\"url\":\"https:\/\/secure.gravatar.com\/avatar\/72917b630b69d31cd0297507f34bac97?s=96&d=mm&r=g\",\"contentUrl\":\"https:\/\/secure.gravatar.com\/avatar\/72917b630b69d31cd0297507f34bac97?s=96&d=mm&r=g\",\"caption\":\"Tarcisio Oliveira\"},\"url\":\"https:\/\/www.pm.pb.gov.br\/portal\/author\/tarcisio\/\"}]}<\/script>\n<!-- \/ Yoast SEO plugin. -->","yoast_head_json":{"title":"Concurso da Pol\u00edcia Militar e Corpo de Bombeiros tem quase 80 mil inscritos - Pol\u00edcia Militar da Para\u00edba","robots":{"index":"index","follow":"follow","max-snippet":"max-snippet:-1","max-image-preview":"max-image-preview:large","max-video-preview":"max-video-preview:-1"},"canonical":"https:\/\/www.pm.pb.gov.br\/portal\/2018\/04\/17\/concurso-da-policia-militar-e-corpo-de-bombeiros-tem-quase-80-mil-inscritos\/","og_locale":"pt_BR","og_type":"article","og_title":"Concurso da Pol\u00edcia Militar e Corpo de Bombeiros tem quase 80 mil inscritos - Pol\u00edcia Militar da Para\u00edba","og_description":"Setenta e nove mil, quinhentos e um candidatos. Esse foi o n\u00famero de inscritos para concorrer a uma das mil","og_url":"https:\/\/www.pm.pb.gov.br\/portal\/2018\/04\/17\/concurso-da-policia-militar-e-corpo-de-bombeiros-tem-quase-80-mil-inscritos\/","og_site_name":"Pol\u00edcia Militar da Para\u00edba","article_published_time":"2018-04-17T14:10:33+00:00","article_modified_time":"2018-04-18T20:53:23+00:00","og_image":[{"width":800,"height":450,"url":"https:\/\/www.pm.pb.gov.br\/portal\/wp-content\/uploads\/2018\/04\/22046601_1621421957879569_5241345722002017456_n.jpg","type":"image\/jpeg"}],"author":"Tarcisio Oliveira","twitter_card":"summary_large_image","twitter_misc":{"Escrito por":"Tarcisio Oliveira","Est. tempo de leitura":"2 minutos"},"schema":{"@context":"https:\/\/schema.org","@graph":[{"@type":"Article","@id":"https:\/\/www.pm.pb.gov.br\/portal\/2018\/04\/17\/concurso-da-policia-militar-e-corpo-de-bombeiros-tem-quase-80-mil-inscritos\/#article","isPartOf":{"@id":"https:\/\/www.pm.pb.gov.br\/portal\/2018\/04\/17\/concurso-da-policia-militar-e-corpo-de-bombeiros-tem-quase-80-mil-inscritos\/"},"author":{"name":"Tarcisio Oliveira","@id":"https:\/\/www.pm.pb.gov.br\/portal\/#\/schema\/person\/f84f56dcc78ce4357054da888b8247fd"},"headline":"Concurso da Pol\u00edcia Militar e Corpo de Bombeiros tem quase 80 mil inscritos","datePublished":"2018-04-17T14:10:33+00:00","dateModified":"2018-04-18T20:53:23+00:00","mainEntityOfPage":{"@id":"https:\/\/www.pm.pb.gov.br\/portal\/2018\/04\/17\/concurso-da-policia-militar-e-corpo-de-bombeiros-tem-quase-80-mil-inscritos\/"},"wordCount":340,"publisher":{"@id":"https:\/\/www.pm.pb.gov.br\/portal\/#organization"},"articleSection":["Cursos"],"inLanguage":"pt-BR"},{"@type":"WebPage","@id":"https:\/\/www.pm.pb.gov.br\/portal\/2018\/04\/17\/concurso-da-policia-militar-e-corpo-de-bombeiros-tem-quase-80-mil-inscritos\/","url":"https:\/\/www.pm.pb.gov.br\/portal\/2018\/04\/17\/concurso-da-policia-militar-e-corpo-de-bombeiros-tem-quase-80-mil-inscritos\/","name":"Concurso da Pol\u00edcia Militar e Corpo de Bombeiros tem quase 80 mil inscritos - Pol\u00edcia Militar da Para\u00edba","isPartOf":{"@id":"https:\/\/www.pm.pb.gov.br\/portal\/#website"},"datePublished":"2018-04-17T14:10:33+00:00","dateModified":"2018-04-18T20:53:23+00:00","breadcrumb":{"@id":"https:\/\/www.pm.pb.gov.br\/portal\/2018\/04\/17\/concurso-da-policia-militar-e-corpo-de-bombeiros-tem-quase-80-mil-inscritos\/#breadcrumb"},"inLanguage":"pt-BR","potentialAction":[{"@type":"ReadAction","target":["https:\/\/www.pm.pb.gov.br\/portal\/2018\/04\/17\/concurso-da-policia-militar-e-corpo-de-bombeiros-tem-quase-80-mil-inscritos\/"]}]},{"@type":"BreadcrumbList","@id":"https:\/\/www.pm.pb.gov.br\/portal\/2018\/04\/17\/concurso-da-policia-militar-e-corpo-de-bombeiros-tem-quase-80-mil-inscritos\/#breadcrumb","itemListElement":[{"@type":"ListItem","position":1,"name":"In\u00edcio","item":"https:\/\/www.pm.pb.gov.br\/portal\/"},{"@type":"ListItem","position":2,"name":"Concurso da Pol\u00edcia Militar e Corpo de Bombeiros tem quase 80 mil inscritos"}]},{"@type":"WebSite","@id":"https:\/\/www.pm.pb.gov.br\/portal\/#website","url":"https:\/\/www.pm.pb.gov.br\/portal\/","name":"Pol\u00edcia Militar da Para\u00edba","description":"","publisher":{"@id":"https:\/\/www.pm.pb.gov.br\/portal\/#organization"},"potentialAction":[{"@type":"SearchAction","target":{"@type":"EntryPoint","urlTemplate":"https:\/\/www.pm.pb.gov.br\/portal\/?s={search_term_string}"},"query-input":"required name=search_term_string"}],"inLanguage":"pt-BR"},{"@type":"Organization","@id":"https:\/\/www.pm.pb.gov.br\/portal\/#organization","name":"Pol\u00edcia Militar da Para\u00edba","url":"https:\/\/www.pm.pb.gov.br\/portal\/","logo":{"@type":"ImageObject","inLanguage":"pt-BR","@id":"https:\/\/www.pm.pb.gov.br\/portal\/#\/schema\/logo\/image\/","url":"https:\/\/www.pm.pb.gov.br\/portal\/wp-content\/uploads\/2025\/03\/cropped-logo-site-mag2-1.png","contentUrl":"https:\/\/www.pm.pb.gov.br\/portal\/wp-content\/uploads\/2025\/03\/cropped-logo-site-mag2-1.png","width":320,"height":90,"caption":"Pol\u00edcia Militar da Para\u00edba"},"image":{"@id":"https:\/\/www.pm.pb.gov.br\/portal\/#\/schema\/logo\/image\/"}},{"@type":"Person","@id":"https:\/\/www.pm.pb.gov.br\/portal\/#\/schema\/person\/f84f56dcc78ce4357054da888b8247fd","name":"Tarcisio Oliveira","image":{"@type":"ImageObject","inLanguage":"pt-BR","@id":"https:\/\/www.pm.pb.gov.br\/portal\/#\/schema\/person\/image\/","url":"https:\/\/secure.gravatar.com\/avatar\/72917b630b69d31cd0297507f34bac97?s=96&d=mm&r=g","contentUrl":"https:\/\/secure.gravatar.com\/avatar\/72917b630b69d31cd0297507f34bac97?s=96&d=mm&r=g","caption":"Tarcisio Oliveira"},"url":"https:\/\/www.pm.pb.gov.br\/portal\/author\/tarcisio\/"}]}},"_links":{"self":[{"href":"https:\/\/www.pm.pb.gov.br\/portal\/wp-json\/wp\/v2\/posts\/897591"}],"collection":[{"href":"https:\/\/www.pm.pb.gov.br\/portal\/wp-json\/wp\/v2\/posts"}],"about":[{"href":"https:\/\/www.pm.pb.gov.br\/portal\/wp-json\/wp\/v2\/types\/post"}],"author":[{"embeddable":true,"href":"https:\/\/www.pm.pb.gov.br\/portal\/wp-json\/wp\/v2\/users\/12"}],"replies":[{"embeddable":true,"href":"https:\/\/www.pm.pb.gov.br\/portal\/wp-json\/wp\/v2\/comments?post=897591"}],"version-history":[{"count":1,"href":"https:\/\/www.pm.pb.gov.br\/portal\/wp-json\/wp\/v2\/posts\/897591\/revisions"}],"predecessor-version":[{"id":897592,"href":"https:\/\/www.pm.pb.gov.br\/portal\/wp-json\/wp\/v2\/posts\/897591\/revisions\/897592"}],"wp:featuredmedia":[{"embeddable":true,"href":"https:\/\/www.pm.pb.gov.br\/portal\/wp-json\/wp\/v2\/media\/897606"}],"wp:attachment":[{"href":"https:\/\/www.pm.pb.gov.br\/portal\/wp-json\/wp\/v2\/media?parent=897591"}],"wp:term":[{"taxonomy":"category","embeddable":true,"href":"https:\/\/www.pm.pb.gov.br\/portal\/wp-json\/wp\/v2\/categories?post=897591"},{"taxonomy":"post_tag","embeddable":true,"href":"https:\/\/www.pm.pb.gov.br\/portal\/wp-json\/wp\/v2\/tags?post=897591"}],"curies":[{"name":"wp","href":"https:\/\/api.w.org\/{rel}","templated":true}]}}