{"id":897587,"date":"2018-04-17T09:30:11","date_gmt":"2018-04-17T12:30:11","guid":{"rendered":"http:\/\/www.pm.pb.gov.br\/portal\/?p=897587"},"modified":"2018-04-17T09:30:11","modified_gmt":"2018-04-17T12:30:11","slug":"policia-militar-apreende-drogas-no-litoral-e-sertao-e-detem-sete-suspeitos-com-entorpecentes","status":"publish","type":"post","link":"https:\/\/www.pm.pb.gov.br\/portal\/2018\/04\/17\/policia-militar-apreende-drogas-no-litoral-e-sertao-e-detem-sete-suspeitos-com-entorpecentes\/","title":{"rendered":"Pol\u00edcia Militar apreende drogas no Litoral e Sert\u00e3o e det\u00e9m sete suspeitos com entorpecentes"},"content":{"rendered":"<p style=\"text-align: justify;\">A Pol\u00edcia Militar registrou apreens\u00f5es de drogas no Litoral e no Sert\u00e3o do estado, durante a\u00e7\u00f5es, nessa segunda-feira (16). Foram presas sete pessoas envolvidas diretamente com entorpecentes em seis cidades da Para\u00edba.<\/p>\n<p style=\"text-align: justify;\">Na apreens\u00e3o mais recente, que ocorreu em Santa Rita, por volta das 18h, a PM prendeu um suspeito de 35 anos que tentou fugir ao perceber a presen\u00e7a dos policiais durante a\u00e7\u00f5es preventivas no distrito de V\u00e1rzea Nova. Com ele, os policiais encontraram pedras de subst\u00e2ncia semelhante ao crack e, na sua casa, outras pedras da mesma droga, al\u00e9m de dinheiro trocado. O suspeito foi conduzido para a 6\u00aa Delegacia Distrital.<\/p>\n<p style=\"text-align: justify;\">Por volta das 16h, na rodovia estadual PB-048, entre as cidades de Juripiranga e Pilar, munic\u00edpios que ficam a cerca de 75 quil\u00f4metros de Jo\u00e3o Pessoa, a Pol\u00edcia Militar em a\u00e7\u00e3o conjunta com a Pol\u00edcia Civil, conduziu dois suspeitos, sendo um adulto de 22 anos, e um adolescente de 14. A dupla estaria em uma moto e, quando visualizou a barreira policial montada na rodovia, tentou fugir. Os suspeitos foram encontrados dentro de um canavial e estavam com cerca de um quilo de subst\u00e2ncia semelhante \u00e0 maconha. Os dois foram levados, junto com a droga, para a Delegacia de Itabaiana.<\/p>\n<p style=\"text-align: justify;\">No fim da manh\u00e3, no munic\u00edpio do Conde, regi\u00e3o metropolitana da Capital, a PM apreendeu cerca de 2 quilos de subst\u00e2ncia semelhante \u00e0 maconha, distribu\u00eddos em diversos formatos (foto acima). A droga estaria com uma dupla que fugiu ao perceber a presen\u00e7a da PM, que j\u00e1 estava fazendo dilig\u00eancias em um loteamento na regi\u00e3o, em busca de suspeitos de tr\u00e1fico. Tamb\u00e9m foram encontradas duas balan\u00e7as de precis\u00e3o. Todo o material foi encaminhado para a Delegacia do Conde.<\/p>\n<p style=\"text-align: justify;\"><strong>Apreens\u00f5es no Sert\u00e3o \u2013 <\/strong>Em Sousa, no fim da tarde, os policiais abordaram uma mulher com 24 anos em uma pra\u00e7a p\u00fablica e encontraram com ela 19 pedras de material an\u00e1logo ao crack e uma trouxa de maconha. Em Teixeira, foram cerca de meio quilo de maconha apreendida com um adolescente de 17 anos, que tinha dividido a droga em quatro por\u00e7\u00f5es.<\/p>\n<p style=\"text-align: justify;\">Em Patos, aproximadamente \u00e0s 16h, foi registrada a apreens\u00e3o de quatro unidades de maconha e sete de crack que estavam com uma mulher de 26 anos que possu\u00eda um mandado de pris\u00e3o em aberto. Na mesma cidade, na madrugada do domingo para segunda, a PM prendeu um suspeito de 18 anos que estava com 33 trouxas de coca\u00edna e uma de maconha, durante abordagem a ve\u00edculo em uma regi\u00e3o da cidade conhecido como Frango. O suspeito ainda tentou se desfazer de parte dos entorpecentes antes da aproxima\u00e7\u00e3o da Pol\u00edcia, mas foi flagrado.<\/p>\n","protected":false},"excerpt":{"rendered":"<p>A Pol\u00edcia Militar registrou apreens\u00f5es de drogas no Litoral e no Sert\u00e3o do estado, durante a\u00e7\u00f5es, nessa segunda-feira (16). Foram<\/p>\n","protected":false},"author":12,"featured_media":897589,"comment_status":"closed","ping_status":"closed","sticky":false,"template":"","format":"standard","meta":{"_exactmetrics_skip_tracking":false,"_exactmetrics_sitenote_active":false,"_exactmetrics_sitenote_note":"","_exactmetrics_sitenote_category":0,"footnotes":""},"categories":[4],"tags":[],"yoast_head":"<!-- This site is optimized with the Yoast SEO plugin v22.0 - https:\/\/yoast.com\/wordpress\/plugins\/seo\/ -->\n<title>Pol\u00edcia Militar apreende drogas no Litoral e Sert\u00e3o e det\u00e9m sete suspeitos com entorpecentes - Pol\u00edcia Militar da Para\u00edba<\/title>\n<meta name=\"robots\" content=\"index, follow, max-snippet:-1, max-image-preview:large, max-video-preview:-1\" \/>\n<link rel=\"canonical\" href=\"https:\/\/www.pm.pb.gov.br\/portal\/2018\/04\/17\/policia-militar-apreende-drogas-no-litoral-e-sertao-e-detem-sete-suspeitos-com-entorpecentes\/\" \/>\n<meta property=\"og:locale\" content=\"pt_BR\" \/>\n<meta property=\"og:type\" content=\"article\" \/>\n<meta property=\"og:title\" content=\"Pol\u00edcia Militar apreende drogas no Litoral e Sert\u00e3o e det\u00e9m sete suspeitos com entorpecentes - Pol\u00edcia Militar da Para\u00edba\" \/>\n<meta property=\"og:description\" content=\"A Pol\u00edcia Militar registrou apreens\u00f5es de drogas no Litoral e no Sert\u00e3o do estado, durante a\u00e7\u00f5es, nessa segunda-feira (16). Foram\" \/>\n<meta property=\"og:url\" content=\"https:\/\/www.pm.pb.gov.br\/portal\/2018\/04\/17\/policia-militar-apreende-drogas-no-litoral-e-sertao-e-detem-sete-suspeitos-com-entorpecentes\/\" \/>\n<meta property=\"og:site_name\" content=\"Pol\u00edcia Militar da Para\u00edba\" \/>\n<meta property=\"article:published_time\" content=\"2018-04-17T12:30:11+00:00\" \/>\n<meta property=\"og:image\" content=\"https:\/\/www.pm.pb.gov.br\/portal\/wp-content\/uploads\/2018\/04\/Apreens\u00e3o-no-Conde.jpeg\" \/>\n\t<meta property=\"og:image:width\" content=\"800\" \/>\n\t<meta property=\"og:image:height\" content=\"445\" \/>\n\t<meta property=\"og:image:type\" content=\"image\/jpeg\" \/>\n<meta name=\"author\" content=\"Tarcisio Oliveira\" \/>\n<meta name=\"twitter:card\" content=\"summary_large_image\" \/>\n<meta name=\"twitter:label1\" content=\"Escrito por\" \/>\n\t<meta name=\"twitter:data1\" content=\"Tarcisio Oliveira\" \/>\n\t<meta name=\"twitter:label2\" content=\"Est. tempo de leitura\" \/>\n\t<meta name=\"twitter:data2\" content=\"2 minutos\" \/>\n<script type=\"application\/ld+json\" class=\"yoast-schema-graph\">{\"@context\":\"https:\/\/schema.org\",\"@graph\":[{\"@type\":\"Article\",\"@id\":\"https:\/\/www.pm.pb.gov.br\/portal\/2018\/04\/17\/policia-militar-apreende-drogas-no-litoral-e-sertao-e-detem-sete-suspeitos-com-entorpecentes\/#article\",\"isPartOf\":{\"@id\":\"https:\/\/www.pm.pb.gov.br\/portal\/2018\/04\/17\/policia-militar-apreende-drogas-no-litoral-e-sertao-e-detem-sete-suspeitos-com-entorpecentes\/\"},\"author\":{\"name\":\"Tarcisio Oliveira\",\"@id\":\"https:\/\/www.pm.pb.gov.br\/portal\/#\/schema\/person\/f84f56dcc78ce4357054da888b8247fd\"},\"headline\":\"Pol\u00edcia Militar apreende drogas no Litoral e Sert\u00e3o e det\u00e9m sete suspeitos com entorpecentes\",\"datePublished\":\"2018-04-17T12:30:11+00:00\",\"dateModified\":\"2018-04-17T12:30:11+00:00\",\"mainEntityOfPage\":{\"@id\":\"https:\/\/www.pm.pb.gov.br\/portal\/2018\/04\/17\/policia-militar-apreende-drogas-no-litoral-e-sertao-e-detem-sete-suspeitos-com-entorpecentes\/\"},\"wordCount\":478,\"publisher\":{\"@id\":\"https:\/\/www.pm.pb.gov.br\/portal\/#organization\"},\"articleSection\":[\"A\u00e7\u00f5es Policiais\"],\"inLanguage\":\"pt-BR\"},{\"@type\":\"WebPage\",\"@id\":\"https:\/\/www.pm.pb.gov.br\/portal\/2018\/04\/17\/policia-militar-apreende-drogas-no-litoral-e-sertao-e-detem-sete-suspeitos-com-entorpecentes\/\",\"url\":\"https:\/\/www.pm.pb.gov.br\/portal\/2018\/04\/17\/policia-militar-apreende-drogas-no-litoral-e-sertao-e-detem-sete-suspeitos-com-entorpecentes\/\",\"name\":\"Pol\u00edcia Militar apreende drogas no Litoral e Sert\u00e3o e det\u00e9m sete suspeitos com entorpecentes - Pol\u00edcia Militar da Para\u00edba\",\"isPartOf\":{\"@id\":\"https:\/\/www.pm.pb.gov.br\/portal\/#website\"},\"datePublished\":\"2018-04-17T12:30:11+00:00\",\"dateModified\":\"2018-04-17T12:30:11+00:00\",\"breadcrumb\":{\"@id\":\"https:\/\/www.pm.pb.gov.br\/portal\/2018\/04\/17\/policia-militar-apreende-drogas-no-litoral-e-sertao-e-detem-sete-suspeitos-com-entorpecentes\/#breadcrumb\"},\"inLanguage\":\"pt-BR\",\"potentialAction\":[{\"@type\":\"ReadAction\",\"target\":[\"https:\/\/www.pm.pb.gov.br\/portal\/2018\/04\/17\/policia-militar-apreende-drogas-no-litoral-e-sertao-e-detem-sete-suspeitos-com-entorpecentes\/\"]}]},{\"@type\":\"BreadcrumbList\",\"@id\":\"https:\/\/www.pm.pb.gov.br\/portal\/2018\/04\/17\/policia-militar-apreende-drogas-no-litoral-e-sertao-e-detem-sete-suspeitos-com-entorpecentes\/#breadcrumb\",\"itemListElement\":[{\"@type\":\"ListItem\",\"position\":1,\"name\":\"In\u00edcio\",\"item\":\"https:\/\/www.pm.pb.gov.br\/portal\/\"},{\"@type\":\"ListItem\",\"position\":2,\"name\":\"Pol\u00edcia Militar apreende drogas no Litoral e Sert\u00e3o e det\u00e9m sete suspeitos com entorpecentes\"}]},{\"@type\":\"WebSite\",\"@id\":\"https:\/\/www.pm.pb.gov.br\/portal\/#website\",\"url\":\"https:\/\/www.pm.pb.gov.br\/portal\/\",\"name\":\"Pol\u00edcia Militar da Para\u00edba\",\"description\":\"\",\"publisher\":{\"@id\":\"https:\/\/www.pm.pb.gov.br\/portal\/#organization\"},\"potentialAction\":[{\"@type\":\"SearchAction\",\"target\":{\"@type\":\"EntryPoint\",\"urlTemplate\":\"https:\/\/www.pm.pb.gov.br\/portal\/?s={search_term_string}\"},\"query-input\":\"required name=search_term_string\"}],\"inLanguage\":\"pt-BR\"},{\"@type\":\"Organization\",\"@id\":\"https:\/\/www.pm.pb.gov.br\/portal\/#organization\",\"name\":\"Pol\u00edcia Militar da Para\u00edba\",\"url\":\"https:\/\/www.pm.pb.gov.br\/portal\/\",\"logo\":{\"@type\":\"ImageObject\",\"inLanguage\":\"pt-BR\",\"@id\":\"https:\/\/www.pm.pb.gov.br\/portal\/#\/schema\/logo\/image\/\",\"url\":\"https:\/\/www.pm.pb.gov.br\/portal\/wp-content\/uploads\/2025\/03\/cropped-logo-site-mag2-1.png\",\"contentUrl\":\"https:\/\/www.pm.pb.gov.br\/portal\/wp-content\/uploads\/2025\/03\/cropped-logo-site-mag2-1.png\",\"width\":320,\"height\":90,\"caption\":\"Pol\u00edcia Militar da Para\u00edba\"},\"image\":{\"@id\":\"https:\/\/www.pm.pb.gov.br\/portal\/#\/schema\/logo\/image\/\"}},{\"@type\":\"Person\",\"@id\":\"https:\/\/www.pm.pb.gov.br\/portal\/#\/schema\/person\/f84f56dcc78ce4357054da888b8247fd\",\"name\":\"Tarcisio Oliveira\",\"image\":{\"@type\":\"ImageObject\",\"inLanguage\":\"pt-BR\",\"@id\":\"https:\/\/www.pm.pb.gov.br\/portal\/#\/schema\/person\/image\/\",\"url\":\"https:\/\/secure.gravatar.com\/avatar\/72917b630b69d31cd0297507f34bac97?s=96&d=mm&r=g\",\"contentUrl\":\"https:\/\/secure.gravatar.com\/avatar\/72917b630b69d31cd0297507f34bac97?s=96&d=mm&r=g\",\"caption\":\"Tarcisio Oliveira\"},\"url\":\"https:\/\/www.pm.pb.gov.br\/portal\/author\/tarcisio\/\"}]}<\/script>\n<!-- \/ Yoast SEO plugin. -->","yoast_head_json":{"title":"Pol\u00edcia Militar apreende drogas no Litoral e Sert\u00e3o e det\u00e9m sete suspeitos com entorpecentes - Pol\u00edcia Militar da Para\u00edba","robots":{"index":"index","follow":"follow","max-snippet":"max-snippet:-1","max-image-preview":"max-image-preview:large","max-video-preview":"max-video-preview:-1"},"canonical":"https:\/\/www.pm.pb.gov.br\/portal\/2018\/04\/17\/policia-militar-apreende-drogas-no-litoral-e-sertao-e-detem-sete-suspeitos-com-entorpecentes\/","og_locale":"pt_BR","og_type":"article","og_title":"Pol\u00edcia Militar apreende drogas no Litoral e Sert\u00e3o e det\u00e9m sete suspeitos com entorpecentes - Pol\u00edcia Militar da Para\u00edba","og_description":"A Pol\u00edcia Militar registrou apreens\u00f5es de drogas no Litoral e no Sert\u00e3o do estado, durante a\u00e7\u00f5es, nessa segunda-feira (16). Foram","og_url":"https:\/\/www.pm.pb.gov.br\/portal\/2018\/04\/17\/policia-militar-apreende-drogas-no-litoral-e-sertao-e-detem-sete-suspeitos-com-entorpecentes\/","og_site_name":"Pol\u00edcia Militar da Para\u00edba","article_published_time":"2018-04-17T12:30:11+00:00","og_image":[{"width":800,"height":445,"url":"https:\/\/www.pm.pb.gov.br\/portal\/wp-content\/uploads\/2018\/04\/Apreens\u00e3o-no-Conde.jpeg","type":"image\/jpeg"}],"author":"Tarcisio Oliveira","twitter_card":"summary_large_image","twitter_misc":{"Escrito por":"Tarcisio Oliveira","Est. tempo de leitura":"2 minutos"},"schema":{"@context":"https:\/\/schema.org","@graph":[{"@type":"Article","@id":"https:\/\/www.pm.pb.gov.br\/portal\/2018\/04\/17\/policia-militar-apreende-drogas-no-litoral-e-sertao-e-detem-sete-suspeitos-com-entorpecentes\/#article","isPartOf":{"@id":"https:\/\/www.pm.pb.gov.br\/portal\/2018\/04\/17\/policia-militar-apreende-drogas-no-litoral-e-sertao-e-detem-sete-suspeitos-com-entorpecentes\/"},"author":{"name":"Tarcisio Oliveira","@id":"https:\/\/www.pm.pb.gov.br\/portal\/#\/schema\/person\/f84f56dcc78ce4357054da888b8247fd"},"headline":"Pol\u00edcia Militar apreende drogas no Litoral e Sert\u00e3o e det\u00e9m sete suspeitos com entorpecentes","datePublished":"2018-04-17T12:30:11+00:00","dateModified":"2018-04-17T12:30:11+00:00","mainEntityOfPage":{"@id":"https:\/\/www.pm.pb.gov.br\/portal\/2018\/04\/17\/policia-militar-apreende-drogas-no-litoral-e-sertao-e-detem-sete-suspeitos-com-entorpecentes\/"},"wordCount":478,"publisher":{"@id":"https:\/\/www.pm.pb.gov.br\/portal\/#organization"},"articleSection":["A\u00e7\u00f5es Policiais"],"inLanguage":"pt-BR"},{"@type":"WebPage","@id":"https:\/\/www.pm.pb.gov.br\/portal\/2018\/04\/17\/policia-militar-apreende-drogas-no-litoral-e-sertao-e-detem-sete-suspeitos-com-entorpecentes\/","url":"https:\/\/www.pm.pb.gov.br\/portal\/2018\/04\/17\/policia-militar-apreende-drogas-no-litoral-e-sertao-e-detem-sete-suspeitos-com-entorpecentes\/","name":"Pol\u00edcia Militar apreende drogas no Litoral e Sert\u00e3o e det\u00e9m sete suspeitos com entorpecentes - Pol\u00edcia Militar da Para\u00edba","isPartOf":{"@id":"https:\/\/www.pm.pb.gov.br\/portal\/#website"},"datePublished":"2018-04-17T12:30:11+00:00","dateModified":"2018-04-17T12:30:11+00:00","breadcrumb":{"@id":"https:\/\/www.pm.pb.gov.br\/portal\/2018\/04\/17\/policia-militar-apreende-drogas-no-litoral-e-sertao-e-detem-sete-suspeitos-com-entorpecentes\/#breadcrumb"},"inLanguage":"pt-BR","potentialAction":[{"@type":"ReadAction","target":["https:\/\/www.pm.pb.gov.br\/portal\/2018\/04\/17\/policia-militar-apreende-drogas-no-litoral-e-sertao-e-detem-sete-suspeitos-com-entorpecentes\/"]}]},{"@type":"BreadcrumbList","@id":"https:\/\/www.pm.pb.gov.br\/portal\/2018\/04\/17\/policia-militar-apreende-drogas-no-litoral-e-sertao-e-detem-sete-suspeitos-com-entorpecentes\/#breadcrumb","itemListElement":[{"@type":"ListItem","position":1,"name":"In\u00edcio","item":"https:\/\/www.pm.pb.gov.br\/portal\/"},{"@type":"ListItem","position":2,"name":"Pol\u00edcia Militar apreende drogas no Litoral e Sert\u00e3o e det\u00e9m sete suspeitos com entorpecentes"}]},{"@type":"WebSite","@id":"https:\/\/www.pm.pb.gov.br\/portal\/#website","url":"https:\/\/www.pm.pb.gov.br\/portal\/","name":"Pol\u00edcia Militar da Para\u00edba","description":"","publisher":{"@id":"https:\/\/www.pm.pb.gov.br\/portal\/#organization"},"potentialAction":[{"@type":"SearchAction","target":{"@type":"EntryPoint","urlTemplate":"https:\/\/www.pm.pb.gov.br\/portal\/?s={search_term_string}"},"query-input":"required name=search_term_string"}],"inLanguage":"pt-BR"},{"@type":"Organization","@id":"https:\/\/www.pm.pb.gov.br\/portal\/#organization","name":"Pol\u00edcia Militar da Para\u00edba","url":"https:\/\/www.pm.pb.gov.br\/portal\/","logo":{"@type":"ImageObject","inLanguage":"pt-BR","@id":"https:\/\/www.pm.pb.gov.br\/portal\/#\/schema\/logo\/image\/","url":"https:\/\/www.pm.pb.gov.br\/portal\/wp-content\/uploads\/2025\/03\/cropped-logo-site-mag2-1.png","contentUrl":"https:\/\/www.pm.pb.gov.br\/portal\/wp-content\/uploads\/2025\/03\/cropped-logo-site-mag2-1.png","width":320,"height":90,"caption":"Pol\u00edcia Militar da Para\u00edba"},"image":{"@id":"https:\/\/www.pm.pb.gov.br\/portal\/#\/schema\/logo\/image\/"}},{"@type":"Person","@id":"https:\/\/www.pm.pb.gov.br\/portal\/#\/schema\/person\/f84f56dcc78ce4357054da888b8247fd","name":"Tarcisio Oliveira","image":{"@type":"ImageObject","inLanguage":"pt-BR","@id":"https:\/\/www.pm.pb.gov.br\/portal\/#\/schema\/person\/image\/","url":"https:\/\/secure.gravatar.com\/avatar\/72917b630b69d31cd0297507f34bac97?s=96&d=mm&r=g","contentUrl":"https:\/\/secure.gravatar.com\/avatar\/72917b630b69d31cd0297507f34bac97?s=96&d=mm&r=g","caption":"Tarcisio Oliveira"},"url":"https:\/\/www.pm.pb.gov.br\/portal\/author\/tarcisio\/"}]}},"_links":{"self":[{"href":"https:\/\/www.pm.pb.gov.br\/portal\/wp-json\/wp\/v2\/posts\/897587"}],"collection":[{"href":"https:\/\/www.pm.pb.gov.br\/portal\/wp-json\/wp\/v2\/posts"}],"about":[{"href":"https:\/\/www.pm.pb.gov.br\/portal\/wp-json\/wp\/v2\/types\/post"}],"author":[{"embeddable":true,"href":"https:\/\/www.pm.pb.gov.br\/portal\/wp-json\/wp\/v2\/users\/12"}],"replies":[{"embeddable":true,"href":"https:\/\/www.pm.pb.gov.br\/portal\/wp-json\/wp\/v2\/comments?post=897587"}],"version-history":[{"count":1,"href":"https:\/\/www.pm.pb.gov.br\/portal\/wp-json\/wp\/v2\/posts\/897587\/revisions"}],"predecessor-version":[{"id":897590,"href":"https:\/\/www.pm.pb.gov.br\/portal\/wp-json\/wp\/v2\/posts\/897587\/revisions\/897590"}],"wp:featuredmedia":[{"embeddable":true,"href":"https:\/\/www.pm.pb.gov.br\/portal\/wp-json\/wp\/v2\/media\/897589"}],"wp:attachment":[{"href":"https:\/\/www.pm.pb.gov.br\/portal\/wp-json\/wp\/v2\/media?parent=897587"}],"wp:term":[{"taxonomy":"category","embeddable":true,"href":"https:\/\/www.pm.pb.gov.br\/portal\/wp-json\/wp\/v2\/categories?post=897587"},{"taxonomy":"post_tag","embeddable":true,"href":"https:\/\/www.pm.pb.gov.br\/portal\/wp-json\/wp\/v2\/tags?post=897587"}],"curies":[{"name":"wp","href":"https:\/\/api.w.org\/{rel}","templated":true}]}}