{"id":897516,"date":"2018-04-09T18:22:03","date_gmt":"2018-04-09T21:22:03","guid":{"rendered":"http:\/\/www.pm.pb.gov.br\/portal\/?p=897516"},"modified":"2018-04-09T21:24:57","modified_gmt":"2018-04-10T00:24:57","slug":"policia-militar-prende-trio-suspeito-de-roubos-com-duas-armas-de-fogo-e-drogas-em-esperanca","status":"publish","type":"post","link":"https:\/\/www.pm.pb.gov.br\/portal\/2018\/04\/09\/policia-militar-prende-trio-suspeito-de-roubos-com-duas-armas-de-fogo-e-drogas-em-esperanca\/","title":{"rendered":"Pol\u00edcia Militar prende trio suspeito de roubos com duas armas de fogo e drogas em Esperan\u00e7a"},"content":{"rendered":"<p style=\"text-align: justify;\">A Pol\u00edcia Militar realizou, na manh\u00e3 desta segunda-feira (09), a apreens\u00e3o de duas armas de fogo, 27 papelotes de maconha (foto acima) e prendeu tr\u00eas suspeitos que vinham praticando v\u00e1rios assaltos na cidade de Esperan\u00e7a. Na a\u00e7\u00e3o, a PM conseguiu recuperar uma moto roubada que os suspeitos utilizavam para fazerem os assaltos.<\/p>\n<p style=\"text-align: justify;\">Policiais da Ronda Ostensiva T\u00e1tica com Apoio de Motocicletas (Rotam), do 15\u00ba Batalh\u00e3o, foram acionados pelo Centro Integrado de Opera\u00e7\u00f5es Policiais (Ciop) para fazer uma averigua\u00e7\u00e3o no bairro Bela Vista, onde dois homens estavam em atitudes suspeitas na localidade. Os policiais realizaram as buscas e conseguiram localizar os indiv\u00edduos e, durante a abordagem, foi encontrado com eles dois revolveres calibre 38, 10 muni\u00e7\u00f5es do mesmo calibre e recuperada uma moto que tinha sido roubada no dia 1\u00ba de abril, que estava sendo usada para praticar os delitos.<\/p>\n<p style=\"text-align: justify;\">Ainda em dilig\u00eancias, os policiais conseguiram localizar outro suspeito, apontado como um dos comparsas que integrava esse trio na realiza\u00e7\u00e3o dos assaltos. Com este homem, de 26 anos, a pol\u00edcia encontrou 27 papelotes de maconha embalados para a comercializa\u00e7\u00e3o. Todos os suspeitos foram reconhecidos pelas v\u00edtimas.<\/p>\n<p style=\"text-align: justify;\">O trio detido, juntamente com os materiais apreendidos, foram encaminhados para a Delegacia na cidade de Esperan\u00e7a.<\/p>\n","protected":false},"excerpt":{"rendered":"<p>A Pol\u00edcia Militar realizou, na manh\u00e3 desta segunda-feira (09), a apreens\u00e3o de duas armas de fogo, 27 papelotes de maconha<\/p>\n","protected":false},"author":12,"featured_media":897515,"comment_status":"closed","ping_status":"closed","sticky":false,"template":"","format":"standard","meta":{"_exactmetrics_skip_tracking":false,"_exactmetrics_sitenote_active":false,"_exactmetrics_sitenote_note":"","_exactmetrics_sitenote_category":0,"footnotes":""},"categories":[4],"tags":[],"yoast_head":"<!-- This site is optimized with the Yoast SEO plugin v22.0 - https:\/\/yoast.com\/wordpress\/plugins\/seo\/ -->\n<title>Pol\u00edcia Militar prende trio suspeito de roubos com duas armas de fogo e drogas em Esperan\u00e7a - Pol\u00edcia Militar da Para\u00edba<\/title>\n<meta name=\"robots\" content=\"index, follow, max-snippet:-1, max-image-preview:large, max-video-preview:-1\" \/>\n<link rel=\"canonical\" href=\"https:\/\/www.pm.pb.gov.br\/portal\/2018\/04\/09\/policia-militar-prende-trio-suspeito-de-roubos-com-duas-armas-de-fogo-e-drogas-em-esperanca\/\" \/>\n<meta property=\"og:locale\" content=\"pt_BR\" \/>\n<meta property=\"og:type\" content=\"article\" \/>\n<meta property=\"og:title\" content=\"Pol\u00edcia Militar prende trio suspeito de roubos com duas armas de fogo e drogas em Esperan\u00e7a - Pol\u00edcia Militar da Para\u00edba\" \/>\n<meta property=\"og:description\" content=\"A Pol\u00edcia Militar realizou, na manh\u00e3 desta segunda-feira (09), a apreens\u00e3o de duas armas de fogo, 27 papelotes de maconha\" \/>\n<meta property=\"og:url\" content=\"https:\/\/www.pm.pb.gov.br\/portal\/2018\/04\/09\/policia-militar-prende-trio-suspeito-de-roubos-com-duas-armas-de-fogo-e-drogas-em-esperanca\/\" \/>\n<meta property=\"og:site_name\" content=\"Pol\u00edcia Militar da Para\u00edba\" \/>\n<meta property=\"article:published_time\" content=\"2018-04-09T21:22:03+00:00\" \/>\n<meta property=\"article:modified_time\" content=\"2018-04-10T00:24:57+00:00\" \/>\n<meta property=\"og:image\" content=\"https:\/\/www.pm.pb.gov.br\/portal\/wp-content\/uploads\/2018\/04\/WhatsApp-Image-2018-04-09-at-17.57.48.jpeg\" \/>\n\t<meta property=\"og:image:width\" content=\"800\" \/>\n\t<meta property=\"og:image:height\" content=\"445\" \/>\n\t<meta property=\"og:image:type\" content=\"image\/jpeg\" \/>\n<meta name=\"author\" content=\"Tarcisio Oliveira\" \/>\n<meta name=\"twitter:card\" content=\"summary_large_image\" \/>\n<meta name=\"twitter:label1\" content=\"Escrito por\" \/>\n\t<meta name=\"twitter:data1\" content=\"Tarcisio Oliveira\" \/>\n\t<meta name=\"twitter:label2\" content=\"Est. tempo de leitura\" \/>\n\t<meta name=\"twitter:data2\" content=\"1 minuto\" \/>\n<script type=\"application\/ld+json\" class=\"yoast-schema-graph\">{\"@context\":\"https:\/\/schema.org\",\"@graph\":[{\"@type\":\"Article\",\"@id\":\"https:\/\/www.pm.pb.gov.br\/portal\/2018\/04\/09\/policia-militar-prende-trio-suspeito-de-roubos-com-duas-armas-de-fogo-e-drogas-em-esperanca\/#article\",\"isPartOf\":{\"@id\":\"https:\/\/www.pm.pb.gov.br\/portal\/2018\/04\/09\/policia-militar-prende-trio-suspeito-de-roubos-com-duas-armas-de-fogo-e-drogas-em-esperanca\/\"},\"author\":{\"name\":\"Tarcisio Oliveira\",\"@id\":\"https:\/\/www.pm.pb.gov.br\/portal\/#\/schema\/person\/f84f56dcc78ce4357054da888b8247fd\"},\"headline\":\"Pol\u00edcia Militar prende trio suspeito de roubos com duas armas de fogo e drogas em Esperan\u00e7a\",\"datePublished\":\"2018-04-09T21:22:03+00:00\",\"dateModified\":\"2018-04-10T00:24:57+00:00\",\"mainEntityOfPage\":{\"@id\":\"https:\/\/www.pm.pb.gov.br\/portal\/2018\/04\/09\/policia-militar-prende-trio-suspeito-de-roubos-com-duas-armas-de-fogo-e-drogas-em-esperanca\/\"},\"wordCount\":230,\"publisher\":{\"@id\":\"https:\/\/www.pm.pb.gov.br\/portal\/#organization\"},\"articleSection\":[\"A\u00e7\u00f5es Policiais\"],\"inLanguage\":\"pt-BR\"},{\"@type\":\"WebPage\",\"@id\":\"https:\/\/www.pm.pb.gov.br\/portal\/2018\/04\/09\/policia-militar-prende-trio-suspeito-de-roubos-com-duas-armas-de-fogo-e-drogas-em-esperanca\/\",\"url\":\"https:\/\/www.pm.pb.gov.br\/portal\/2018\/04\/09\/policia-militar-prende-trio-suspeito-de-roubos-com-duas-armas-de-fogo-e-drogas-em-esperanca\/\",\"name\":\"Pol\u00edcia Militar prende trio suspeito de roubos com duas armas de fogo e drogas em Esperan\u00e7a - Pol\u00edcia Militar da Para\u00edba\",\"isPartOf\":{\"@id\":\"https:\/\/www.pm.pb.gov.br\/portal\/#website\"},\"datePublished\":\"2018-04-09T21:22:03+00:00\",\"dateModified\":\"2018-04-10T00:24:57+00:00\",\"breadcrumb\":{\"@id\":\"https:\/\/www.pm.pb.gov.br\/portal\/2018\/04\/09\/policia-militar-prende-trio-suspeito-de-roubos-com-duas-armas-de-fogo-e-drogas-em-esperanca\/#breadcrumb\"},\"inLanguage\":\"pt-BR\",\"potentialAction\":[{\"@type\":\"ReadAction\",\"target\":[\"https:\/\/www.pm.pb.gov.br\/portal\/2018\/04\/09\/policia-militar-prende-trio-suspeito-de-roubos-com-duas-armas-de-fogo-e-drogas-em-esperanca\/\"]}]},{\"@type\":\"BreadcrumbList\",\"@id\":\"https:\/\/www.pm.pb.gov.br\/portal\/2018\/04\/09\/policia-militar-prende-trio-suspeito-de-roubos-com-duas-armas-de-fogo-e-drogas-em-esperanca\/#breadcrumb\",\"itemListElement\":[{\"@type\":\"ListItem\",\"position\":1,\"name\":\"In\u00edcio\",\"item\":\"https:\/\/www.pm.pb.gov.br\/portal\/\"},{\"@type\":\"ListItem\",\"position\":2,\"name\":\"Pol\u00edcia Militar prende trio suspeito de roubos com duas armas de fogo e drogas em Esperan\u00e7a\"}]},{\"@type\":\"WebSite\",\"@id\":\"https:\/\/www.pm.pb.gov.br\/portal\/#website\",\"url\":\"https:\/\/www.pm.pb.gov.br\/portal\/\",\"name\":\"Pol\u00edcia Militar da Para\u00edba\",\"description\":\"\",\"publisher\":{\"@id\":\"https:\/\/www.pm.pb.gov.br\/portal\/#organization\"},\"potentialAction\":[{\"@type\":\"SearchAction\",\"target\":{\"@type\":\"EntryPoint\",\"urlTemplate\":\"https:\/\/www.pm.pb.gov.br\/portal\/?s={search_term_string}\"},\"query-input\":\"required name=search_term_string\"}],\"inLanguage\":\"pt-BR\"},{\"@type\":\"Organization\",\"@id\":\"https:\/\/www.pm.pb.gov.br\/portal\/#organization\",\"name\":\"Pol\u00edcia Militar da Para\u00edba\",\"url\":\"https:\/\/www.pm.pb.gov.br\/portal\/\",\"logo\":{\"@type\":\"ImageObject\",\"inLanguage\":\"pt-BR\",\"@id\":\"https:\/\/www.pm.pb.gov.br\/portal\/#\/schema\/logo\/image\/\",\"url\":\"https:\/\/www.pm.pb.gov.br\/portal\/wp-content\/uploads\/2025\/03\/cropped-logo-site-mag2-1.png\",\"contentUrl\":\"https:\/\/www.pm.pb.gov.br\/portal\/wp-content\/uploads\/2025\/03\/cropped-logo-site-mag2-1.png\",\"width\":320,\"height\":90,\"caption\":\"Pol\u00edcia Militar da Para\u00edba\"},\"image\":{\"@id\":\"https:\/\/www.pm.pb.gov.br\/portal\/#\/schema\/logo\/image\/\"}},{\"@type\":\"Person\",\"@id\":\"https:\/\/www.pm.pb.gov.br\/portal\/#\/schema\/person\/f84f56dcc78ce4357054da888b8247fd\",\"name\":\"Tarcisio Oliveira\",\"image\":{\"@type\":\"ImageObject\",\"inLanguage\":\"pt-BR\",\"@id\":\"https:\/\/www.pm.pb.gov.br\/portal\/#\/schema\/person\/image\/\",\"url\":\"https:\/\/secure.gravatar.com\/avatar\/72917b630b69d31cd0297507f34bac97?s=96&d=mm&r=g\",\"contentUrl\":\"https:\/\/secure.gravatar.com\/avatar\/72917b630b69d31cd0297507f34bac97?s=96&d=mm&r=g\",\"caption\":\"Tarcisio Oliveira\"},\"url\":\"https:\/\/www.pm.pb.gov.br\/portal\/author\/tarcisio\/\"}]}<\/script>\n<!-- \/ Yoast SEO plugin. -->","yoast_head_json":{"title":"Pol\u00edcia Militar prende trio suspeito de roubos com duas armas de fogo e drogas em Esperan\u00e7a - Pol\u00edcia Militar da Para\u00edba","robots":{"index":"index","follow":"follow","max-snippet":"max-snippet:-1","max-image-preview":"max-image-preview:large","max-video-preview":"max-video-preview:-1"},"canonical":"https:\/\/www.pm.pb.gov.br\/portal\/2018\/04\/09\/policia-militar-prende-trio-suspeito-de-roubos-com-duas-armas-de-fogo-e-drogas-em-esperanca\/","og_locale":"pt_BR","og_type":"article","og_title":"Pol\u00edcia Militar prende trio suspeito de roubos com duas armas de fogo e drogas em Esperan\u00e7a - Pol\u00edcia Militar da Para\u00edba","og_description":"A Pol\u00edcia Militar realizou, na manh\u00e3 desta segunda-feira (09), a apreens\u00e3o de duas armas de fogo, 27 papelotes de maconha","og_url":"https:\/\/www.pm.pb.gov.br\/portal\/2018\/04\/09\/policia-militar-prende-trio-suspeito-de-roubos-com-duas-armas-de-fogo-e-drogas-em-esperanca\/","og_site_name":"Pol\u00edcia Militar da Para\u00edba","article_published_time":"2018-04-09T21:22:03+00:00","article_modified_time":"2018-04-10T00:24:57+00:00","og_image":[{"width":800,"height":445,"url":"https:\/\/www.pm.pb.gov.br\/portal\/wp-content\/uploads\/2018\/04\/WhatsApp-Image-2018-04-09-at-17.57.48.jpeg","type":"image\/jpeg"}],"author":"Tarcisio Oliveira","twitter_card":"summary_large_image","twitter_misc":{"Escrito por":"Tarcisio Oliveira","Est. tempo de leitura":"1 minuto"},"schema":{"@context":"https:\/\/schema.org","@graph":[{"@type":"Article","@id":"https:\/\/www.pm.pb.gov.br\/portal\/2018\/04\/09\/policia-militar-prende-trio-suspeito-de-roubos-com-duas-armas-de-fogo-e-drogas-em-esperanca\/#article","isPartOf":{"@id":"https:\/\/www.pm.pb.gov.br\/portal\/2018\/04\/09\/policia-militar-prende-trio-suspeito-de-roubos-com-duas-armas-de-fogo-e-drogas-em-esperanca\/"},"author":{"name":"Tarcisio Oliveira","@id":"https:\/\/www.pm.pb.gov.br\/portal\/#\/schema\/person\/f84f56dcc78ce4357054da888b8247fd"},"headline":"Pol\u00edcia Militar prende trio suspeito de roubos com duas armas de fogo e drogas em Esperan\u00e7a","datePublished":"2018-04-09T21:22:03+00:00","dateModified":"2018-04-10T00:24:57+00:00","mainEntityOfPage":{"@id":"https:\/\/www.pm.pb.gov.br\/portal\/2018\/04\/09\/policia-militar-prende-trio-suspeito-de-roubos-com-duas-armas-de-fogo-e-drogas-em-esperanca\/"},"wordCount":230,"publisher":{"@id":"https:\/\/www.pm.pb.gov.br\/portal\/#organization"},"articleSection":["A\u00e7\u00f5es Policiais"],"inLanguage":"pt-BR"},{"@type":"WebPage","@id":"https:\/\/www.pm.pb.gov.br\/portal\/2018\/04\/09\/policia-militar-prende-trio-suspeito-de-roubos-com-duas-armas-de-fogo-e-drogas-em-esperanca\/","url":"https:\/\/www.pm.pb.gov.br\/portal\/2018\/04\/09\/policia-militar-prende-trio-suspeito-de-roubos-com-duas-armas-de-fogo-e-drogas-em-esperanca\/","name":"Pol\u00edcia Militar prende trio suspeito de roubos com duas armas de fogo e drogas em Esperan\u00e7a - Pol\u00edcia Militar da Para\u00edba","isPartOf":{"@id":"https:\/\/www.pm.pb.gov.br\/portal\/#website"},"datePublished":"2018-04-09T21:22:03+00:00","dateModified":"2018-04-10T00:24:57+00:00","breadcrumb":{"@id":"https:\/\/www.pm.pb.gov.br\/portal\/2018\/04\/09\/policia-militar-prende-trio-suspeito-de-roubos-com-duas-armas-de-fogo-e-drogas-em-esperanca\/#breadcrumb"},"inLanguage":"pt-BR","potentialAction":[{"@type":"ReadAction","target":["https:\/\/www.pm.pb.gov.br\/portal\/2018\/04\/09\/policia-militar-prende-trio-suspeito-de-roubos-com-duas-armas-de-fogo-e-drogas-em-esperanca\/"]}]},{"@type":"BreadcrumbList","@id":"https:\/\/www.pm.pb.gov.br\/portal\/2018\/04\/09\/policia-militar-prende-trio-suspeito-de-roubos-com-duas-armas-de-fogo-e-drogas-em-esperanca\/#breadcrumb","itemListElement":[{"@type":"ListItem","position":1,"name":"In\u00edcio","item":"https:\/\/www.pm.pb.gov.br\/portal\/"},{"@type":"ListItem","position":2,"name":"Pol\u00edcia Militar prende trio suspeito de roubos com duas armas de fogo e drogas em Esperan\u00e7a"}]},{"@type":"WebSite","@id":"https:\/\/www.pm.pb.gov.br\/portal\/#website","url":"https:\/\/www.pm.pb.gov.br\/portal\/","name":"Pol\u00edcia Militar da Para\u00edba","description":"","publisher":{"@id":"https:\/\/www.pm.pb.gov.br\/portal\/#organization"},"potentialAction":[{"@type":"SearchAction","target":{"@type":"EntryPoint","urlTemplate":"https:\/\/www.pm.pb.gov.br\/portal\/?s={search_term_string}"},"query-input":"required name=search_term_string"}],"inLanguage":"pt-BR"},{"@type":"Organization","@id":"https:\/\/www.pm.pb.gov.br\/portal\/#organization","name":"Pol\u00edcia Militar da Para\u00edba","url":"https:\/\/www.pm.pb.gov.br\/portal\/","logo":{"@type":"ImageObject","inLanguage":"pt-BR","@id":"https:\/\/www.pm.pb.gov.br\/portal\/#\/schema\/logo\/image\/","url":"https:\/\/www.pm.pb.gov.br\/portal\/wp-content\/uploads\/2025\/03\/cropped-logo-site-mag2-1.png","contentUrl":"https:\/\/www.pm.pb.gov.br\/portal\/wp-content\/uploads\/2025\/03\/cropped-logo-site-mag2-1.png","width":320,"height":90,"caption":"Pol\u00edcia Militar da Para\u00edba"},"image":{"@id":"https:\/\/www.pm.pb.gov.br\/portal\/#\/schema\/logo\/image\/"}},{"@type":"Person","@id":"https:\/\/www.pm.pb.gov.br\/portal\/#\/schema\/person\/f84f56dcc78ce4357054da888b8247fd","name":"Tarcisio Oliveira","image":{"@type":"ImageObject","inLanguage":"pt-BR","@id":"https:\/\/www.pm.pb.gov.br\/portal\/#\/schema\/person\/image\/","url":"https:\/\/secure.gravatar.com\/avatar\/72917b630b69d31cd0297507f34bac97?s=96&d=mm&r=g","contentUrl":"https:\/\/secure.gravatar.com\/avatar\/72917b630b69d31cd0297507f34bac97?s=96&d=mm&r=g","caption":"Tarcisio Oliveira"},"url":"https:\/\/www.pm.pb.gov.br\/portal\/author\/tarcisio\/"}]}},"_links":{"self":[{"href":"https:\/\/www.pm.pb.gov.br\/portal\/wp-json\/wp\/v2\/posts\/897516"}],"collection":[{"href":"https:\/\/www.pm.pb.gov.br\/portal\/wp-json\/wp\/v2\/posts"}],"about":[{"href":"https:\/\/www.pm.pb.gov.br\/portal\/wp-json\/wp\/v2\/types\/post"}],"author":[{"embeddable":true,"href":"https:\/\/www.pm.pb.gov.br\/portal\/wp-json\/wp\/v2\/users\/12"}],"replies":[{"embeddable":true,"href":"https:\/\/www.pm.pb.gov.br\/portal\/wp-json\/wp\/v2\/comments?post=897516"}],"version-history":[{"count":1,"href":"https:\/\/www.pm.pb.gov.br\/portal\/wp-json\/wp\/v2\/posts\/897516\/revisions"}],"predecessor-version":[{"id":897517,"href":"https:\/\/www.pm.pb.gov.br\/portal\/wp-json\/wp\/v2\/posts\/897516\/revisions\/897517"}],"wp:featuredmedia":[{"embeddable":true,"href":"https:\/\/www.pm.pb.gov.br\/portal\/wp-json\/wp\/v2\/media\/897515"}],"wp:attachment":[{"href":"https:\/\/www.pm.pb.gov.br\/portal\/wp-json\/wp\/v2\/media?parent=897516"}],"wp:term":[{"taxonomy":"category","embeddable":true,"href":"https:\/\/www.pm.pb.gov.br\/portal\/wp-json\/wp\/v2\/categories?post=897516"},{"taxonomy":"post_tag","embeddable":true,"href":"https:\/\/www.pm.pb.gov.br\/portal\/wp-json\/wp\/v2\/tags?post=897516"}],"curies":[{"name":"wp","href":"https:\/\/api.w.org\/{rel}","templated":true}]}}