{"id":897453,"date":"2018-04-03T17:22:32","date_gmt":"2018-04-03T20:22:32","guid":{"rendered":"http:\/\/www.pm.pb.gov.br\/portal\/?p=897453"},"modified":"2018-04-03T17:22:32","modified_gmt":"2018-04-03T20:22:32","slug":"pm-suspende-selecoes-internas-para-cabo-sargento-e-habilitacao-de-oficiais-e-apura-descumprimento-do-contrato-por-parte-da-banca","status":"publish","type":"post","link":"https:\/\/www.pm.pb.gov.br\/portal\/2018\/04\/03\/pm-suspende-selecoes-internas-para-cabo-sargento-e-habilitacao-de-oficiais-e-apura-descumprimento-do-contrato-por-parte-da-banca\/","title":{"rendered":"PM suspende sele\u00e7\u00f5es internas para cabo, sargento e habilita\u00e7\u00e3o de oficiais e apura descumprimento do contrato por parte da banca"},"content":{"rendered":"<p style=\"text-align: justify;\">O comandante-geral da Pol\u00edcia Militar, coronel Euller Chaves, determinou uma rigorosa apura\u00e7\u00e3o dos servi\u00e7os prestados pelo Instituto de Desenvolvimento Institucional Brasileiro \u2013 IDIB quanto \u00e0 realiza\u00e7\u00e3o das provas para as sele\u00e7\u00f5es internas para Cabos, Sargentos e Habilita\u00e7\u00e3o de Oficiais da corpora\u00e7\u00e3o.<\/p>\n<p style=\"text-align: justify;\">Um processo administrativo foi instaurado pelo comando da institui\u00e7\u00e3o, ap\u00f3s perceber que itens do contrato 045\/2017, celebrado com a banca vencedora das quatro que concorreram para realizar as sele\u00e7\u00f5es internas, poderiam n\u00e3o ter sido cumpridos, a exemplo de oferecer tipos distintos de provas e cobran\u00e7a do conte\u00fado previsto no edital.<\/p>\n<p style=\"text-align: justify;\">A comiss\u00e3o que vai apurar \u00e9 presidida por um coronel e deve apresentar o resultado da an\u00e1lise em 30 dias. At\u00e9 l\u00e1, os tr\u00eas processos seletivos ficar\u00e3o suspensos, conforme divulgaram as comiss\u00f5es do CFC, CFS e CHO.<\/p>\n<p style=\"text-align: justify;\">As provas foram realizadas no dia 25 de fevereiro, com o objetivo de selecionar 60 policiais militares para o Curso de Forma\u00e7\u00e3o de Cabos (CFC), 60 para o Curso de Forma\u00e7\u00e3o de Sargentos (CFS) e 20 para o Curso de Habilita\u00e7\u00e3o de Oficiais (CHO).<\/p>\n<p style=\"text-align: justify;\">As sele\u00e7\u00f5es internas foram retomadas em 2011, o que vem garantindo oportunidade de ascens\u00e3o aos policiais militares da base. Outra oportunidade para a tropa, proposta pelo atual comandante-geral, \u00e9 a possibilidade de concorrer a uma das vagas do concurso para o Curso de Forma\u00e7\u00e3o de Oficiais (CFO) com idade de at\u00e9 40 anos, desde que atendidas as exig\u00eancias do edital. Antes, era at\u00e9 30 anos.<\/p>\n","protected":false},"excerpt":{"rendered":"<p>O comandante-geral da Pol\u00edcia Militar, coronel Euller Chaves, determinou uma rigorosa apura\u00e7\u00e3o dos servi\u00e7os prestados pelo Instituto de Desenvolvimento Institucional<\/p>\n","protected":false},"author":15,"featured_media":895491,"comment_status":"closed","ping_status":"closed","sticky":false,"template":"","format":"standard","meta":{"_exactmetrics_skip_tracking":false,"_exactmetrics_sitenote_active":false,"_exactmetrics_sitenote_note":"","_exactmetrics_sitenote_category":0,"footnotes":""},"categories":[6],"tags":[],"yoast_head":"<!-- This site is optimized with the Yoast SEO plugin v22.0 - https:\/\/yoast.com\/wordpress\/plugins\/seo\/ -->\n<title>PM suspende sele\u00e7\u00f5es internas para cabo, sargento e habilita\u00e7\u00e3o de oficiais e apura descumprimento do contrato por parte da banca - Pol\u00edcia Militar da Para\u00edba<\/title>\n<meta name=\"robots\" content=\"index, follow, max-snippet:-1, max-image-preview:large, max-video-preview:-1\" \/>\n<link rel=\"canonical\" href=\"https:\/\/www.pm.pb.gov.br\/portal\/2018\/04\/03\/pm-suspende-selecoes-internas-para-cabo-sargento-e-habilitacao-de-oficiais-e-apura-descumprimento-do-contrato-por-parte-da-banca\/\" \/>\n<meta property=\"og:locale\" content=\"pt_BR\" \/>\n<meta property=\"og:type\" content=\"article\" \/>\n<meta property=\"og:title\" content=\"PM suspende sele\u00e7\u00f5es internas para cabo, sargento e habilita\u00e7\u00e3o de oficiais e apura descumprimento do contrato por parte da banca - Pol\u00edcia Militar da Para\u00edba\" \/>\n<meta property=\"og:description\" content=\"O comandante-geral da Pol\u00edcia Militar, coronel Euller Chaves, determinou uma rigorosa apura\u00e7\u00e3o dos servi\u00e7os prestados pelo Instituto de Desenvolvimento Institucional\" \/>\n<meta property=\"og:url\" content=\"https:\/\/www.pm.pb.gov.br\/portal\/2018\/04\/03\/pm-suspende-selecoes-internas-para-cabo-sargento-e-habilitacao-de-oficiais-e-apura-descumprimento-do-contrato-por-parte-da-banca\/\" \/>\n<meta property=\"og:site_name\" content=\"Pol\u00edcia Militar da Para\u00edba\" \/>\n<meta property=\"article:published_time\" content=\"2018-04-03T20:22:32+00:00\" \/>\n<meta property=\"og:image\" content=\"https:\/\/www.pm.pb.gov.br\/portal\/wp-content\/uploads\/2017\/09\/imagem-ilustrativa-1.jpg\" \/>\n\t<meta property=\"og:image:width\" content=\"800\" \/>\n\t<meta property=\"og:image:height\" content=\"445\" \/>\n\t<meta property=\"og:image:type\" content=\"image\/jpeg\" \/>\n<meta name=\"author\" content=\"Marcio Gomes dos Santos\" \/>\n<meta name=\"twitter:card\" content=\"summary_large_image\" \/>\n<meta name=\"twitter:label1\" content=\"Escrito por\" \/>\n\t<meta name=\"twitter:data1\" content=\"Marcio Gomes dos Santos\" \/>\n\t<meta name=\"twitter:label2\" content=\"Est. tempo de leitura\" \/>\n\t<meta name=\"twitter:data2\" content=\"1 minuto\" \/>\n<script type=\"application\/ld+json\" class=\"yoast-schema-graph\">{\"@context\":\"https:\/\/schema.org\",\"@graph\":[{\"@type\":\"Article\",\"@id\":\"https:\/\/www.pm.pb.gov.br\/portal\/2018\/04\/03\/pm-suspende-selecoes-internas-para-cabo-sargento-e-habilitacao-de-oficiais-e-apura-descumprimento-do-contrato-por-parte-da-banca\/#article\",\"isPartOf\":{\"@id\":\"https:\/\/www.pm.pb.gov.br\/portal\/2018\/04\/03\/pm-suspende-selecoes-internas-para-cabo-sargento-e-habilitacao-de-oficiais-e-apura-descumprimento-do-contrato-por-parte-da-banca\/\"},\"author\":{\"name\":\"Marcio Gomes dos Santos\",\"@id\":\"https:\/\/www.pm.pb.gov.br\/portal\/#\/schema\/person\/30d571652b38533c2211e4e89bf5a502\"},\"headline\":\"PM suspende sele\u00e7\u00f5es internas para cabo, sargento e habilita\u00e7\u00e3o de oficiais e apura descumprimento do contrato por parte da banca\",\"datePublished\":\"2018-04-03T20:22:32+00:00\",\"dateModified\":\"2018-04-03T20:22:32+00:00\",\"mainEntityOfPage\":{\"@id\":\"https:\/\/www.pm.pb.gov.br\/portal\/2018\/04\/03\/pm-suspende-selecoes-internas-para-cabo-sargento-e-habilitacao-de-oficiais-e-apura-descumprimento-do-contrato-por-parte-da-banca\/\"},\"wordCount\":271,\"publisher\":{\"@id\":\"https:\/\/www.pm.pb.gov.br\/portal\/#organization\"},\"articleSection\":[\"Cursos\"],\"inLanguage\":\"pt-BR\"},{\"@type\":\"WebPage\",\"@id\":\"https:\/\/www.pm.pb.gov.br\/portal\/2018\/04\/03\/pm-suspende-selecoes-internas-para-cabo-sargento-e-habilitacao-de-oficiais-e-apura-descumprimento-do-contrato-por-parte-da-banca\/\",\"url\":\"https:\/\/www.pm.pb.gov.br\/portal\/2018\/04\/03\/pm-suspende-selecoes-internas-para-cabo-sargento-e-habilitacao-de-oficiais-e-apura-descumprimento-do-contrato-por-parte-da-banca\/\",\"name\":\"PM suspende sele\u00e7\u00f5es internas para cabo, sargento e habilita\u00e7\u00e3o de oficiais e apura descumprimento do contrato por parte da banca - Pol\u00edcia Militar da Para\u00edba\",\"isPartOf\":{\"@id\":\"https:\/\/www.pm.pb.gov.br\/portal\/#website\"},\"datePublished\":\"2018-04-03T20:22:32+00:00\",\"dateModified\":\"2018-04-03T20:22:32+00:00\",\"breadcrumb\":{\"@id\":\"https:\/\/www.pm.pb.gov.br\/portal\/2018\/04\/03\/pm-suspende-selecoes-internas-para-cabo-sargento-e-habilitacao-de-oficiais-e-apura-descumprimento-do-contrato-por-parte-da-banca\/#breadcrumb\"},\"inLanguage\":\"pt-BR\",\"potentialAction\":[{\"@type\":\"ReadAction\",\"target\":[\"https:\/\/www.pm.pb.gov.br\/portal\/2018\/04\/03\/pm-suspende-selecoes-internas-para-cabo-sargento-e-habilitacao-de-oficiais-e-apura-descumprimento-do-contrato-por-parte-da-banca\/\"]}]},{\"@type\":\"BreadcrumbList\",\"@id\":\"https:\/\/www.pm.pb.gov.br\/portal\/2018\/04\/03\/pm-suspende-selecoes-internas-para-cabo-sargento-e-habilitacao-de-oficiais-e-apura-descumprimento-do-contrato-por-parte-da-banca\/#breadcrumb\",\"itemListElement\":[{\"@type\":\"ListItem\",\"position\":1,\"name\":\"In\u00edcio\",\"item\":\"https:\/\/www.pm.pb.gov.br\/portal\/\"},{\"@type\":\"ListItem\",\"position\":2,\"name\":\"PM suspende sele\u00e7\u00f5es internas para cabo, sargento e habilita\u00e7\u00e3o de oficiais e apura descumprimento do contrato por parte da banca\"}]},{\"@type\":\"WebSite\",\"@id\":\"https:\/\/www.pm.pb.gov.br\/portal\/#website\",\"url\":\"https:\/\/www.pm.pb.gov.br\/portal\/\",\"name\":\"Pol\u00edcia Militar da Para\u00edba\",\"description\":\"\",\"publisher\":{\"@id\":\"https:\/\/www.pm.pb.gov.br\/portal\/#organization\"},\"potentialAction\":[{\"@type\":\"SearchAction\",\"target\":{\"@type\":\"EntryPoint\",\"urlTemplate\":\"https:\/\/www.pm.pb.gov.br\/portal\/?s={search_term_string}\"},\"query-input\":\"required name=search_term_string\"}],\"inLanguage\":\"pt-BR\"},{\"@type\":\"Organization\",\"@id\":\"https:\/\/www.pm.pb.gov.br\/portal\/#organization\",\"name\":\"Pol\u00edcia Militar da Para\u00edba\",\"url\":\"https:\/\/www.pm.pb.gov.br\/portal\/\",\"logo\":{\"@type\":\"ImageObject\",\"inLanguage\":\"pt-BR\",\"@id\":\"https:\/\/www.pm.pb.gov.br\/portal\/#\/schema\/logo\/image\/\",\"url\":\"https:\/\/www.pm.pb.gov.br\/portal\/wp-content\/uploads\/2025\/03\/cropped-logo-site-mag2-1.png\",\"contentUrl\":\"https:\/\/www.pm.pb.gov.br\/portal\/wp-content\/uploads\/2025\/03\/cropped-logo-site-mag2-1.png\",\"width\":320,\"height\":90,\"caption\":\"Pol\u00edcia Militar da Para\u00edba\"},\"image\":{\"@id\":\"https:\/\/www.pm.pb.gov.br\/portal\/#\/schema\/logo\/image\/\"}},{\"@type\":\"Person\",\"@id\":\"https:\/\/www.pm.pb.gov.br\/portal\/#\/schema\/person\/30d571652b38533c2211e4e89bf5a502\",\"name\":\"Marcio Gomes dos Santos\",\"image\":{\"@type\":\"ImageObject\",\"inLanguage\":\"pt-BR\",\"@id\":\"https:\/\/www.pm.pb.gov.br\/portal\/#\/schema\/person\/image\/\",\"url\":\"https:\/\/secure.gravatar.com\/avatar\/cf4ec2cb690101e1581c7773aa350c19?s=96&d=mm&r=g\",\"contentUrl\":\"https:\/\/secure.gravatar.com\/avatar\/cf4ec2cb690101e1581c7773aa350c19?s=96&d=mm&r=g\",\"caption\":\"Marcio Gomes dos Santos\"},\"url\":\"https:\/\/www.pm.pb.gov.br\/portal\/author\/mgomes\/\"}]}<\/script>\n<!-- \/ Yoast SEO plugin. -->","yoast_head_json":{"title":"PM suspende sele\u00e7\u00f5es internas para cabo, sargento e habilita\u00e7\u00e3o de oficiais e apura descumprimento do contrato por parte da banca - Pol\u00edcia Militar da Para\u00edba","robots":{"index":"index","follow":"follow","max-snippet":"max-snippet:-1","max-image-preview":"max-image-preview:large","max-video-preview":"max-video-preview:-1"},"canonical":"https:\/\/www.pm.pb.gov.br\/portal\/2018\/04\/03\/pm-suspende-selecoes-internas-para-cabo-sargento-e-habilitacao-de-oficiais-e-apura-descumprimento-do-contrato-por-parte-da-banca\/","og_locale":"pt_BR","og_type":"article","og_title":"PM suspende sele\u00e7\u00f5es internas para cabo, sargento e habilita\u00e7\u00e3o de oficiais e apura descumprimento do contrato por parte da banca - Pol\u00edcia Militar da Para\u00edba","og_description":"O comandante-geral da Pol\u00edcia Militar, coronel Euller Chaves, determinou uma rigorosa apura\u00e7\u00e3o dos servi\u00e7os prestados pelo Instituto de Desenvolvimento Institucional","og_url":"https:\/\/www.pm.pb.gov.br\/portal\/2018\/04\/03\/pm-suspende-selecoes-internas-para-cabo-sargento-e-habilitacao-de-oficiais-e-apura-descumprimento-do-contrato-por-parte-da-banca\/","og_site_name":"Pol\u00edcia Militar da Para\u00edba","article_published_time":"2018-04-03T20:22:32+00:00","og_image":[{"width":800,"height":445,"url":"https:\/\/www.pm.pb.gov.br\/portal\/wp-content\/uploads\/2017\/09\/imagem-ilustrativa-1.jpg","type":"image\/jpeg"}],"author":"Marcio Gomes dos Santos","twitter_card":"summary_large_image","twitter_misc":{"Escrito por":"Marcio Gomes dos Santos","Est. tempo de leitura":"1 minuto"},"schema":{"@context":"https:\/\/schema.org","@graph":[{"@type":"Article","@id":"https:\/\/www.pm.pb.gov.br\/portal\/2018\/04\/03\/pm-suspende-selecoes-internas-para-cabo-sargento-e-habilitacao-de-oficiais-e-apura-descumprimento-do-contrato-por-parte-da-banca\/#article","isPartOf":{"@id":"https:\/\/www.pm.pb.gov.br\/portal\/2018\/04\/03\/pm-suspende-selecoes-internas-para-cabo-sargento-e-habilitacao-de-oficiais-e-apura-descumprimento-do-contrato-por-parte-da-banca\/"},"author":{"name":"Marcio Gomes dos Santos","@id":"https:\/\/www.pm.pb.gov.br\/portal\/#\/schema\/person\/30d571652b38533c2211e4e89bf5a502"},"headline":"PM suspende sele\u00e7\u00f5es internas para cabo, sargento e habilita\u00e7\u00e3o de oficiais e apura descumprimento do contrato por parte da banca","datePublished":"2018-04-03T20:22:32+00:00","dateModified":"2018-04-03T20:22:32+00:00","mainEntityOfPage":{"@id":"https:\/\/www.pm.pb.gov.br\/portal\/2018\/04\/03\/pm-suspende-selecoes-internas-para-cabo-sargento-e-habilitacao-de-oficiais-e-apura-descumprimento-do-contrato-por-parte-da-banca\/"},"wordCount":271,"publisher":{"@id":"https:\/\/www.pm.pb.gov.br\/portal\/#organization"},"articleSection":["Cursos"],"inLanguage":"pt-BR"},{"@type":"WebPage","@id":"https:\/\/www.pm.pb.gov.br\/portal\/2018\/04\/03\/pm-suspende-selecoes-internas-para-cabo-sargento-e-habilitacao-de-oficiais-e-apura-descumprimento-do-contrato-por-parte-da-banca\/","url":"https:\/\/www.pm.pb.gov.br\/portal\/2018\/04\/03\/pm-suspende-selecoes-internas-para-cabo-sargento-e-habilitacao-de-oficiais-e-apura-descumprimento-do-contrato-por-parte-da-banca\/","name":"PM suspende sele\u00e7\u00f5es internas para cabo, sargento e habilita\u00e7\u00e3o de oficiais e apura descumprimento do contrato por parte da banca - Pol\u00edcia Militar da Para\u00edba","isPartOf":{"@id":"https:\/\/www.pm.pb.gov.br\/portal\/#website"},"datePublished":"2018-04-03T20:22:32+00:00","dateModified":"2018-04-03T20:22:32+00:00","breadcrumb":{"@id":"https:\/\/www.pm.pb.gov.br\/portal\/2018\/04\/03\/pm-suspende-selecoes-internas-para-cabo-sargento-e-habilitacao-de-oficiais-e-apura-descumprimento-do-contrato-por-parte-da-banca\/#breadcrumb"},"inLanguage":"pt-BR","potentialAction":[{"@type":"ReadAction","target":["https:\/\/www.pm.pb.gov.br\/portal\/2018\/04\/03\/pm-suspende-selecoes-internas-para-cabo-sargento-e-habilitacao-de-oficiais-e-apura-descumprimento-do-contrato-por-parte-da-banca\/"]}]},{"@type":"BreadcrumbList","@id":"https:\/\/www.pm.pb.gov.br\/portal\/2018\/04\/03\/pm-suspende-selecoes-internas-para-cabo-sargento-e-habilitacao-de-oficiais-e-apura-descumprimento-do-contrato-por-parte-da-banca\/#breadcrumb","itemListElement":[{"@type":"ListItem","position":1,"name":"In\u00edcio","item":"https:\/\/www.pm.pb.gov.br\/portal\/"},{"@type":"ListItem","position":2,"name":"PM suspende sele\u00e7\u00f5es internas para cabo, sargento e habilita\u00e7\u00e3o de oficiais e apura descumprimento do contrato por parte da banca"}]},{"@type":"WebSite","@id":"https:\/\/www.pm.pb.gov.br\/portal\/#website","url":"https:\/\/www.pm.pb.gov.br\/portal\/","name":"Pol\u00edcia Militar da Para\u00edba","description":"","publisher":{"@id":"https:\/\/www.pm.pb.gov.br\/portal\/#organization"},"potentialAction":[{"@type":"SearchAction","target":{"@type":"EntryPoint","urlTemplate":"https:\/\/www.pm.pb.gov.br\/portal\/?s={search_term_string}"},"query-input":"required name=search_term_string"}],"inLanguage":"pt-BR"},{"@type":"Organization","@id":"https:\/\/www.pm.pb.gov.br\/portal\/#organization","name":"Pol\u00edcia Militar da Para\u00edba","url":"https:\/\/www.pm.pb.gov.br\/portal\/","logo":{"@type":"ImageObject","inLanguage":"pt-BR","@id":"https:\/\/www.pm.pb.gov.br\/portal\/#\/schema\/logo\/image\/","url":"https:\/\/www.pm.pb.gov.br\/portal\/wp-content\/uploads\/2025\/03\/cropped-logo-site-mag2-1.png","contentUrl":"https:\/\/www.pm.pb.gov.br\/portal\/wp-content\/uploads\/2025\/03\/cropped-logo-site-mag2-1.png","width":320,"height":90,"caption":"Pol\u00edcia Militar da Para\u00edba"},"image":{"@id":"https:\/\/www.pm.pb.gov.br\/portal\/#\/schema\/logo\/image\/"}},{"@type":"Person","@id":"https:\/\/www.pm.pb.gov.br\/portal\/#\/schema\/person\/30d571652b38533c2211e4e89bf5a502","name":"Marcio Gomes dos Santos","image":{"@type":"ImageObject","inLanguage":"pt-BR","@id":"https:\/\/www.pm.pb.gov.br\/portal\/#\/schema\/person\/image\/","url":"https:\/\/secure.gravatar.com\/avatar\/cf4ec2cb690101e1581c7773aa350c19?s=96&d=mm&r=g","contentUrl":"https:\/\/secure.gravatar.com\/avatar\/cf4ec2cb690101e1581c7773aa350c19?s=96&d=mm&r=g","caption":"Marcio Gomes dos Santos"},"url":"https:\/\/www.pm.pb.gov.br\/portal\/author\/mgomes\/"}]}},"_links":{"self":[{"href":"https:\/\/www.pm.pb.gov.br\/portal\/wp-json\/wp\/v2\/posts\/897453"}],"collection":[{"href":"https:\/\/www.pm.pb.gov.br\/portal\/wp-json\/wp\/v2\/posts"}],"about":[{"href":"https:\/\/www.pm.pb.gov.br\/portal\/wp-json\/wp\/v2\/types\/post"}],"author":[{"embeddable":true,"href":"https:\/\/www.pm.pb.gov.br\/portal\/wp-json\/wp\/v2\/users\/15"}],"replies":[{"embeddable":true,"href":"https:\/\/www.pm.pb.gov.br\/portal\/wp-json\/wp\/v2\/comments?post=897453"}],"version-history":[{"count":1,"href":"https:\/\/www.pm.pb.gov.br\/portal\/wp-json\/wp\/v2\/posts\/897453\/revisions"}],"predecessor-version":[{"id":897454,"href":"https:\/\/www.pm.pb.gov.br\/portal\/wp-json\/wp\/v2\/posts\/897453\/revisions\/897454"}],"wp:featuredmedia":[{"embeddable":true,"href":"https:\/\/www.pm.pb.gov.br\/portal\/wp-json\/wp\/v2\/media\/895491"}],"wp:attachment":[{"href":"https:\/\/www.pm.pb.gov.br\/portal\/wp-json\/wp\/v2\/media?parent=897453"}],"wp:term":[{"taxonomy":"category","embeddable":true,"href":"https:\/\/www.pm.pb.gov.br\/portal\/wp-json\/wp\/v2\/categories?post=897453"},{"taxonomy":"post_tag","embeddable":true,"href":"https:\/\/www.pm.pb.gov.br\/portal\/wp-json\/wp\/v2\/tags?post=897453"}],"curies":[{"name":"wp","href":"https:\/\/api.w.org\/{rel}","templated":true}]}}