{"id":897440,"date":"2018-04-03T10:39:31","date_gmt":"2018-04-03T13:39:31","guid":{"rendered":"http:\/\/www.pm.pb.gov.br\/portal\/?p=897440"},"modified":"2018-04-03T10:39:31","modified_gmt":"2018-04-03T13:39:31","slug":"policia-militar-apreende-explosivos-e-drogas-com-suspeitos-em-campina-grande","status":"publish","type":"post","link":"https:\/\/www.pm.pb.gov.br\/portal\/2018\/04\/03\/policia-militar-apreende-explosivos-e-drogas-com-suspeitos-em-campina-grande\/","title":{"rendered":"Pol\u00edcia Militar apreende explosivos e drogas com suspeitos em Campina Grande"},"content":{"rendered":"<p style=\"text-align: justify;\">A Pol\u00edcia Militar apreendeu dois explosivos, drogas e rel\u00f3gios que estavam com um suspeito em Campina Grande, nessa segunda-feira (2). Um homem de 24 anos, que foi preso e autuado por tr\u00e1fico de drogas e posse de explosivo, havia sa\u00eddo h\u00e1 cinco meses da pris\u00e3o, segundo relatado pelos policiais que atenderam a ocorr\u00eancia. Outras tr\u00eas pessoas foram conduzidas \u00e0 delegacia.<\/p>\n<p style=\"text-align: justify;\">Por volta das 11h40, policiais do 10\u00ba Batalh\u00e3o faziam patrulhamento no bairro do Jeremias, quando foram informados pela Coordenadoria de Intelig\u00eancia da PM (COInt), que uma dupla que estava na regi\u00e3o estaria realizando roubos, utilizando uma motocicleta. \u201cEst\u00e1vamos em dilig\u00eancia na localidade, procurando esses dois suspeitos, quando visualizamos uma moto, com caracter\u00edsticas similares da denunciada, parada em frente a um beco\u201d, explicou o cabo Oberlan Ribeiro, da Rondas Ostensivas T\u00e1ticas com Apoio de Motocicletas (Rotam), do 10\u00ba BPM.<\/p>\n<p style=\"text-align: justify;\">Os policiais estavam investigando o local quando sentiram um forte odor de entorpecente nas proximidades de uma casa. \u201cDurante a aproxima\u00e7\u00e3o, vimos quatro homens em atitude suspeita saindo da resid\u00eancia e procedemos a abordagem. No local, encontramos nove saquinhos com subst\u00e2ncia semelhante \u00e0 coca\u00edna, 18 petecas de subst\u00e2ncia semelhante \u00e0 maconha, 15 pedras pequenas de crack, dois rel\u00f3gios, e celulares, que estavam nessa casa que era de um dos homens abordados\u201d, relatou. Os policiais localizaram ainda quatro porta-joias e oito expositores para rel\u00f3gios de pulso.<\/p>\n<p style=\"text-align: justify;\">\u201cTamb\u00e9m encontramos dois explosivos que estavam prontos para o uso\u201d, disse o policial. O Grupo de A\u00e7\u00f5es T\u00e1ticas Especiais (Gate) foi chamado para desativar o material, que foi apreendido e, junto com as drogas e os demais objetos, foram encaminhados para a 3\u00aa Delegacia Distrital.<\/p>\n<p style=\"text-align: justify;\">O suspeito de 24 anos, que j\u00e1 havia sido preso pelo crime de roubo, foi autuado por tr\u00e1fico de drogas e posse de explosivo. Contra os outros suspeitos, todos maiores de idade e que j\u00e1 haviam sido apreendidos quando adolescentes por ato infracional an\u00e1logo \u00e0 roubo, segundo relatado pelos policiais, foram registrados termos circunstanciados de ocorr\u00eancia.<\/p>\n","protected":false},"excerpt":{"rendered":"<p>A Pol\u00edcia Militar apreendeu dois explosivos, drogas e rel\u00f3gios que estavam com um suspeito em Campina Grande, nessa segunda-feira (2).<\/p>\n","protected":false},"author":15,"featured_media":897441,"comment_status":"closed","ping_status":"closed","sticky":false,"template":"","format":"standard","meta":{"_exactmetrics_skip_tracking":false,"_exactmetrics_sitenote_active":false,"_exactmetrics_sitenote_note":"","_exactmetrics_sitenote_category":0,"footnotes":""},"categories":[4],"tags":[],"yoast_head":"<!-- This site is optimized with the Yoast SEO plugin v22.0 - https:\/\/yoast.com\/wordpress\/plugins\/seo\/ -->\n<title>Pol\u00edcia Militar apreende explosivos e drogas com suspeitos em Campina Grande - Pol\u00edcia Militar da Para\u00edba<\/title>\n<meta name=\"robots\" content=\"index, follow, max-snippet:-1, max-image-preview:large, max-video-preview:-1\" \/>\n<link rel=\"canonical\" href=\"https:\/\/www.pm.pb.gov.br\/portal\/2018\/04\/03\/policia-militar-apreende-explosivos-e-drogas-com-suspeitos-em-campina-grande\/\" \/>\n<meta property=\"og:locale\" content=\"pt_BR\" \/>\n<meta property=\"og:type\" content=\"article\" \/>\n<meta property=\"og:title\" content=\"Pol\u00edcia Militar apreende explosivos e drogas com suspeitos em Campina Grande - Pol\u00edcia Militar da Para\u00edba\" \/>\n<meta property=\"og:description\" content=\"A Pol\u00edcia Militar apreendeu dois explosivos, drogas e rel\u00f3gios que estavam com um suspeito em Campina Grande, nessa segunda-feira (2).\" \/>\n<meta property=\"og:url\" content=\"https:\/\/www.pm.pb.gov.br\/portal\/2018\/04\/03\/policia-militar-apreende-explosivos-e-drogas-com-suspeitos-em-campina-grande\/\" \/>\n<meta property=\"og:site_name\" content=\"Pol\u00edcia Militar da Para\u00edba\" \/>\n<meta property=\"article:published_time\" content=\"2018-04-03T13:39:31+00:00\" \/>\n<meta property=\"og:image\" content=\"https:\/\/www.pm.pb.gov.br\/portal\/wp-content\/uploads\/2018\/04\/03.04.18_Pol\u00edcia_explosivos-CG.jpeg\" \/>\n\t<meta property=\"og:image:width\" content=\"800\" \/>\n\t<meta property=\"og:image:height\" content=\"450\" \/>\n\t<meta property=\"og:image:type\" content=\"image\/jpeg\" \/>\n<meta name=\"author\" content=\"Marcio Gomes dos Santos\" \/>\n<meta name=\"twitter:card\" content=\"summary_large_image\" \/>\n<meta name=\"twitter:label1\" content=\"Escrito por\" \/>\n\t<meta name=\"twitter:data1\" content=\"Marcio Gomes dos Santos\" \/>\n\t<meta name=\"twitter:label2\" content=\"Est. tempo de leitura\" \/>\n\t<meta name=\"twitter:data2\" content=\"2 minutos\" \/>\n<script type=\"application\/ld+json\" class=\"yoast-schema-graph\">{\"@context\":\"https:\/\/schema.org\",\"@graph\":[{\"@type\":\"Article\",\"@id\":\"https:\/\/www.pm.pb.gov.br\/portal\/2018\/04\/03\/policia-militar-apreende-explosivos-e-drogas-com-suspeitos-em-campina-grande\/#article\",\"isPartOf\":{\"@id\":\"https:\/\/www.pm.pb.gov.br\/portal\/2018\/04\/03\/policia-militar-apreende-explosivos-e-drogas-com-suspeitos-em-campina-grande\/\"},\"author\":{\"name\":\"Marcio Gomes dos Santos\",\"@id\":\"https:\/\/www.pm.pb.gov.br\/portal\/#\/schema\/person\/30d571652b38533c2211e4e89bf5a502\"},\"headline\":\"Pol\u00edcia Militar apreende explosivos e drogas com suspeitos em Campina Grande\",\"datePublished\":\"2018-04-03T13:39:31+00:00\",\"dateModified\":\"2018-04-03T13:39:31+00:00\",\"mainEntityOfPage\":{\"@id\":\"https:\/\/www.pm.pb.gov.br\/portal\/2018\/04\/03\/policia-militar-apreende-explosivos-e-drogas-com-suspeitos-em-campina-grande\/\"},\"wordCount\":351,\"publisher\":{\"@id\":\"https:\/\/www.pm.pb.gov.br\/portal\/#organization\"},\"articleSection\":[\"A\u00e7\u00f5es Policiais\"],\"inLanguage\":\"pt-BR\"},{\"@type\":\"WebPage\",\"@id\":\"https:\/\/www.pm.pb.gov.br\/portal\/2018\/04\/03\/policia-militar-apreende-explosivos-e-drogas-com-suspeitos-em-campina-grande\/\",\"url\":\"https:\/\/www.pm.pb.gov.br\/portal\/2018\/04\/03\/policia-militar-apreende-explosivos-e-drogas-com-suspeitos-em-campina-grande\/\",\"name\":\"Pol\u00edcia Militar apreende explosivos e drogas com suspeitos em Campina Grande - Pol\u00edcia Militar da Para\u00edba\",\"isPartOf\":{\"@id\":\"https:\/\/www.pm.pb.gov.br\/portal\/#website\"},\"datePublished\":\"2018-04-03T13:39:31+00:00\",\"dateModified\":\"2018-04-03T13:39:31+00:00\",\"breadcrumb\":{\"@id\":\"https:\/\/www.pm.pb.gov.br\/portal\/2018\/04\/03\/policia-militar-apreende-explosivos-e-drogas-com-suspeitos-em-campina-grande\/#breadcrumb\"},\"inLanguage\":\"pt-BR\",\"potentialAction\":[{\"@type\":\"ReadAction\",\"target\":[\"https:\/\/www.pm.pb.gov.br\/portal\/2018\/04\/03\/policia-militar-apreende-explosivos-e-drogas-com-suspeitos-em-campina-grande\/\"]}]},{\"@type\":\"BreadcrumbList\",\"@id\":\"https:\/\/www.pm.pb.gov.br\/portal\/2018\/04\/03\/policia-militar-apreende-explosivos-e-drogas-com-suspeitos-em-campina-grande\/#breadcrumb\",\"itemListElement\":[{\"@type\":\"ListItem\",\"position\":1,\"name\":\"In\u00edcio\",\"item\":\"https:\/\/www.pm.pb.gov.br\/portal\/\"},{\"@type\":\"ListItem\",\"position\":2,\"name\":\"Pol\u00edcia Militar apreende explosivos e drogas com suspeitos em Campina Grande\"}]},{\"@type\":\"WebSite\",\"@id\":\"https:\/\/www.pm.pb.gov.br\/portal\/#website\",\"url\":\"https:\/\/www.pm.pb.gov.br\/portal\/\",\"name\":\"Pol\u00edcia Militar da Para\u00edba\",\"description\":\"\",\"publisher\":{\"@id\":\"https:\/\/www.pm.pb.gov.br\/portal\/#organization\"},\"potentialAction\":[{\"@type\":\"SearchAction\",\"target\":{\"@type\":\"EntryPoint\",\"urlTemplate\":\"https:\/\/www.pm.pb.gov.br\/portal\/?s={search_term_string}\"},\"query-input\":\"required name=search_term_string\"}],\"inLanguage\":\"pt-BR\"},{\"@type\":\"Organization\",\"@id\":\"https:\/\/www.pm.pb.gov.br\/portal\/#organization\",\"name\":\"Pol\u00edcia Militar da Para\u00edba\",\"url\":\"https:\/\/www.pm.pb.gov.br\/portal\/\",\"logo\":{\"@type\":\"ImageObject\",\"inLanguage\":\"pt-BR\",\"@id\":\"https:\/\/www.pm.pb.gov.br\/portal\/#\/schema\/logo\/image\/\",\"url\":\"https:\/\/www.pm.pb.gov.br\/portal\/wp-content\/uploads\/2025\/03\/cropped-logo-site-mag2-1.png\",\"contentUrl\":\"https:\/\/www.pm.pb.gov.br\/portal\/wp-content\/uploads\/2025\/03\/cropped-logo-site-mag2-1.png\",\"width\":320,\"height\":90,\"caption\":\"Pol\u00edcia Militar da Para\u00edba\"},\"image\":{\"@id\":\"https:\/\/www.pm.pb.gov.br\/portal\/#\/schema\/logo\/image\/\"}},{\"@type\":\"Person\",\"@id\":\"https:\/\/www.pm.pb.gov.br\/portal\/#\/schema\/person\/30d571652b38533c2211e4e89bf5a502\",\"name\":\"Marcio Gomes dos Santos\",\"image\":{\"@type\":\"ImageObject\",\"inLanguage\":\"pt-BR\",\"@id\":\"https:\/\/www.pm.pb.gov.br\/portal\/#\/schema\/person\/image\/\",\"url\":\"https:\/\/secure.gravatar.com\/avatar\/cf4ec2cb690101e1581c7773aa350c19?s=96&d=mm&r=g\",\"contentUrl\":\"https:\/\/secure.gravatar.com\/avatar\/cf4ec2cb690101e1581c7773aa350c19?s=96&d=mm&r=g\",\"caption\":\"Marcio Gomes dos Santos\"},\"url\":\"https:\/\/www.pm.pb.gov.br\/portal\/author\/mgomes\/\"}]}<\/script>\n<!-- \/ Yoast SEO plugin. -->","yoast_head_json":{"title":"Pol\u00edcia Militar apreende explosivos e drogas com suspeitos em Campina Grande - Pol\u00edcia Militar da Para\u00edba","robots":{"index":"index","follow":"follow","max-snippet":"max-snippet:-1","max-image-preview":"max-image-preview:large","max-video-preview":"max-video-preview:-1"},"canonical":"https:\/\/www.pm.pb.gov.br\/portal\/2018\/04\/03\/policia-militar-apreende-explosivos-e-drogas-com-suspeitos-em-campina-grande\/","og_locale":"pt_BR","og_type":"article","og_title":"Pol\u00edcia Militar apreende explosivos e drogas com suspeitos em Campina Grande - Pol\u00edcia Militar da Para\u00edba","og_description":"A Pol\u00edcia Militar apreendeu dois explosivos, drogas e rel\u00f3gios que estavam com um suspeito em Campina Grande, nessa segunda-feira (2).","og_url":"https:\/\/www.pm.pb.gov.br\/portal\/2018\/04\/03\/policia-militar-apreende-explosivos-e-drogas-com-suspeitos-em-campina-grande\/","og_site_name":"Pol\u00edcia Militar da Para\u00edba","article_published_time":"2018-04-03T13:39:31+00:00","og_image":[{"width":800,"height":450,"url":"https:\/\/www.pm.pb.gov.br\/portal\/wp-content\/uploads\/2018\/04\/03.04.18_Pol\u00edcia_explosivos-CG.jpeg","type":"image\/jpeg"}],"author":"Marcio Gomes dos Santos","twitter_card":"summary_large_image","twitter_misc":{"Escrito por":"Marcio Gomes dos Santos","Est. tempo de leitura":"2 minutos"},"schema":{"@context":"https:\/\/schema.org","@graph":[{"@type":"Article","@id":"https:\/\/www.pm.pb.gov.br\/portal\/2018\/04\/03\/policia-militar-apreende-explosivos-e-drogas-com-suspeitos-em-campina-grande\/#article","isPartOf":{"@id":"https:\/\/www.pm.pb.gov.br\/portal\/2018\/04\/03\/policia-militar-apreende-explosivos-e-drogas-com-suspeitos-em-campina-grande\/"},"author":{"name":"Marcio Gomes dos Santos","@id":"https:\/\/www.pm.pb.gov.br\/portal\/#\/schema\/person\/30d571652b38533c2211e4e89bf5a502"},"headline":"Pol\u00edcia Militar apreende explosivos e drogas com suspeitos em Campina Grande","datePublished":"2018-04-03T13:39:31+00:00","dateModified":"2018-04-03T13:39:31+00:00","mainEntityOfPage":{"@id":"https:\/\/www.pm.pb.gov.br\/portal\/2018\/04\/03\/policia-militar-apreende-explosivos-e-drogas-com-suspeitos-em-campina-grande\/"},"wordCount":351,"publisher":{"@id":"https:\/\/www.pm.pb.gov.br\/portal\/#organization"},"articleSection":["A\u00e7\u00f5es Policiais"],"inLanguage":"pt-BR"},{"@type":"WebPage","@id":"https:\/\/www.pm.pb.gov.br\/portal\/2018\/04\/03\/policia-militar-apreende-explosivos-e-drogas-com-suspeitos-em-campina-grande\/","url":"https:\/\/www.pm.pb.gov.br\/portal\/2018\/04\/03\/policia-militar-apreende-explosivos-e-drogas-com-suspeitos-em-campina-grande\/","name":"Pol\u00edcia Militar apreende explosivos e drogas com suspeitos em Campina Grande - Pol\u00edcia Militar da Para\u00edba","isPartOf":{"@id":"https:\/\/www.pm.pb.gov.br\/portal\/#website"},"datePublished":"2018-04-03T13:39:31+00:00","dateModified":"2018-04-03T13:39:31+00:00","breadcrumb":{"@id":"https:\/\/www.pm.pb.gov.br\/portal\/2018\/04\/03\/policia-militar-apreende-explosivos-e-drogas-com-suspeitos-em-campina-grande\/#breadcrumb"},"inLanguage":"pt-BR","potentialAction":[{"@type":"ReadAction","target":["https:\/\/www.pm.pb.gov.br\/portal\/2018\/04\/03\/policia-militar-apreende-explosivos-e-drogas-com-suspeitos-em-campina-grande\/"]}]},{"@type":"BreadcrumbList","@id":"https:\/\/www.pm.pb.gov.br\/portal\/2018\/04\/03\/policia-militar-apreende-explosivos-e-drogas-com-suspeitos-em-campina-grande\/#breadcrumb","itemListElement":[{"@type":"ListItem","position":1,"name":"In\u00edcio","item":"https:\/\/www.pm.pb.gov.br\/portal\/"},{"@type":"ListItem","position":2,"name":"Pol\u00edcia Militar apreende explosivos e drogas com suspeitos em Campina Grande"}]},{"@type":"WebSite","@id":"https:\/\/www.pm.pb.gov.br\/portal\/#website","url":"https:\/\/www.pm.pb.gov.br\/portal\/","name":"Pol\u00edcia Militar da Para\u00edba","description":"","publisher":{"@id":"https:\/\/www.pm.pb.gov.br\/portal\/#organization"},"potentialAction":[{"@type":"SearchAction","target":{"@type":"EntryPoint","urlTemplate":"https:\/\/www.pm.pb.gov.br\/portal\/?s={search_term_string}"},"query-input":"required name=search_term_string"}],"inLanguage":"pt-BR"},{"@type":"Organization","@id":"https:\/\/www.pm.pb.gov.br\/portal\/#organization","name":"Pol\u00edcia Militar da Para\u00edba","url":"https:\/\/www.pm.pb.gov.br\/portal\/","logo":{"@type":"ImageObject","inLanguage":"pt-BR","@id":"https:\/\/www.pm.pb.gov.br\/portal\/#\/schema\/logo\/image\/","url":"https:\/\/www.pm.pb.gov.br\/portal\/wp-content\/uploads\/2025\/03\/cropped-logo-site-mag2-1.png","contentUrl":"https:\/\/www.pm.pb.gov.br\/portal\/wp-content\/uploads\/2025\/03\/cropped-logo-site-mag2-1.png","width":320,"height":90,"caption":"Pol\u00edcia Militar da Para\u00edba"},"image":{"@id":"https:\/\/www.pm.pb.gov.br\/portal\/#\/schema\/logo\/image\/"}},{"@type":"Person","@id":"https:\/\/www.pm.pb.gov.br\/portal\/#\/schema\/person\/30d571652b38533c2211e4e89bf5a502","name":"Marcio Gomes dos Santos","image":{"@type":"ImageObject","inLanguage":"pt-BR","@id":"https:\/\/www.pm.pb.gov.br\/portal\/#\/schema\/person\/image\/","url":"https:\/\/secure.gravatar.com\/avatar\/cf4ec2cb690101e1581c7773aa350c19?s=96&d=mm&r=g","contentUrl":"https:\/\/secure.gravatar.com\/avatar\/cf4ec2cb690101e1581c7773aa350c19?s=96&d=mm&r=g","caption":"Marcio Gomes dos Santos"},"url":"https:\/\/www.pm.pb.gov.br\/portal\/author\/mgomes\/"}]}},"_links":{"self":[{"href":"https:\/\/www.pm.pb.gov.br\/portal\/wp-json\/wp\/v2\/posts\/897440"}],"collection":[{"href":"https:\/\/www.pm.pb.gov.br\/portal\/wp-json\/wp\/v2\/posts"}],"about":[{"href":"https:\/\/www.pm.pb.gov.br\/portal\/wp-json\/wp\/v2\/types\/post"}],"author":[{"embeddable":true,"href":"https:\/\/www.pm.pb.gov.br\/portal\/wp-json\/wp\/v2\/users\/15"}],"replies":[{"embeddable":true,"href":"https:\/\/www.pm.pb.gov.br\/portal\/wp-json\/wp\/v2\/comments?post=897440"}],"version-history":[{"count":1,"href":"https:\/\/www.pm.pb.gov.br\/portal\/wp-json\/wp\/v2\/posts\/897440\/revisions"}],"predecessor-version":[{"id":897442,"href":"https:\/\/www.pm.pb.gov.br\/portal\/wp-json\/wp\/v2\/posts\/897440\/revisions\/897442"}],"wp:featuredmedia":[{"embeddable":true,"href":"https:\/\/www.pm.pb.gov.br\/portal\/wp-json\/wp\/v2\/media\/897441"}],"wp:attachment":[{"href":"https:\/\/www.pm.pb.gov.br\/portal\/wp-json\/wp\/v2\/media?parent=897440"}],"wp:term":[{"taxonomy":"category","embeddable":true,"href":"https:\/\/www.pm.pb.gov.br\/portal\/wp-json\/wp\/v2\/categories?post=897440"},{"taxonomy":"post_tag","embeddable":true,"href":"https:\/\/www.pm.pb.gov.br\/portal\/wp-json\/wp\/v2\/tags?post=897440"}],"curies":[{"name":"wp","href":"https:\/\/api.w.org\/{rel}","templated":true}]}}