{"id":897435,"date":"2018-04-02T18:50:36","date_gmt":"2018-04-02T21:50:36","guid":{"rendered":"http:\/\/www.pm.pb.gov.br\/portal\/?p=897435"},"modified":"2018-04-02T18:50:36","modified_gmt":"2018-04-02T21:50:36","slug":"operacao-semana-santa-policia-militar-apreende-21-armas-de-fogo-e-prende-150-suspeitos-de-crime-na-paraiba","status":"publish","type":"post","link":"https:\/\/www.pm.pb.gov.br\/portal\/2018\/04\/02\/operacao-semana-santa-policia-militar-apreende-21-armas-de-fogo-e-prende-150-suspeitos-de-crime-na-paraiba\/","title":{"rendered":"Opera\u00e7\u00e3o Semana Santa: Pol\u00edcia Militar apreende 21 armas de fogo e prende 150 suspeitos de crime na Para\u00edba"},"content":{"rendered":"<p style=\"text-align: justify;\">Em quatro dias de a\u00e7\u00f5es durante a Semana Santa, a Pol\u00edcia Militar da Para\u00edba apreendeu 21 armas de fogo, prendeu diversos tipos e quantidades de drogas e recuperou 36 ve\u00edculos roubados. Os policiais tamb\u00e9m prenderam e apreenderam 165 suspeitos que estavam cometendo crimes, ou em ato infracional, ou com mandados de pris\u00e3o em aberto. Os dados compreendem o per\u00edodo que vai da meia da \u00faltima quinta-feira (29), \u00e0s 23h59 do \u00faltimo domingo (1), e foram levantados pela Coordenadoria de Estat\u00edstica e Avalia\u00e7\u00e3o da corpora\u00e7\u00e3o.<\/p>\n<p style=\"text-align: justify;\">No per\u00edodo, as a\u00e7\u00f5es envolveram cerca de 4500 policiais militares em todo o estado. Do n\u00famero de presos e apreendidos, 147 eram maiores e 15 eram adolescentes. Tr\u00eas mandados de pris\u00e3o tamb\u00e9m foram cumpridos. Entre os presos da Opera\u00e7\u00e3o Semana Santa, quatro pessoas que estariam ligadas a a\u00e7\u00f5es contra estabelecimentos banc\u00e1rios foram conduzidas pela PM, nas cidades de Jo\u00e3o Pessoa e Campina Grande.<\/p>\n<figure id=\"attachment_897437\" aria-describedby=\"caption-attachment-897437\" style=\"width: 498px\" class=\"wp-caption aligncenter\"><img loading=\"lazy\" decoding=\"async\" class=\"wp-image-897437\" style=\"text-align: justify;\" src=\"http:\/\/www.pm.pb.gov.br\/portal\/wp-content\/uploads\/2018\/04\/ferramentas-de-suspeitos-apreendidas-em-cg-791x445.jpg\" alt=\"\" width=\"498\" height=\"281\" srcset=\"https:\/\/www.pm.pb.gov.br\/portal\/wp-content\/uploads\/2018\/04\/ferramentas-de-suspeitos-apreendidas-em-cg-791x445.jpg 791w, https:\/\/www.pm.pb.gov.br\/portal\/wp-content\/uploads\/2018\/04\/ferramentas-de-suspeitos-apreendidas-em-cg-768x432.jpg 768w, https:\/\/www.pm.pb.gov.br\/portal\/wp-content\/uploads\/2018\/04\/ferramentas-de-suspeitos-apreendidas-em-cg-1013x570.jpg 1013w, https:\/\/www.pm.pb.gov.br\/portal\/wp-content\/uploads\/2018\/04\/ferramentas-de-suspeitos-apreendidas-em-cg.jpg 1164w\" sizes=\"(max-width: 498px) 100vw, 498px\" \/><figcaption id=\"caption-attachment-897437\" class=\"wp-caption-text\"><span style=\"font-size: 10pt;\">Ferramentas estavam com dupla que estava se preparando para violar caixas em banco, em CG<\/span><\/figcaption><\/figure>\n<p style=\"text-align: justify;\">Entre os carros recuperados pela Opera\u00e7\u00e3o, um deles possu\u00eda uma\u00a0estrutura de madeira semelhante a um ar\u00edete (estrutura para arrombamento), que possivelmente seria utilizada pela \u2018gangue da marcha r\u00e9\u2019, para violar estabelecimentos comerciais no Centro de Campina Grande, na madrugada do domingo (1). Outro carro recuperado no mesmo per\u00edodo na regi\u00e3o de Campina estava com uma dupla que vinha cometendo assaltos e foi detida pela PM. Uma arma foi apreendida.<\/p>\n<p style=\"text-align: justify;\"><strong>Drogas<\/strong>\u00a0&#8211; Somente em uma ocorr\u00eancia, na zona sul de Jo\u00e3o Pessoa, na tarde de s\u00e1bado (31), policiais apreenderam 11 tabletes de maconha, 120 pinos de coca\u00edna, duas c\u00e9lulas de colete bal\u00edstico, dinheiro, 10 cartelas de comprimidos artane, resultando na pris\u00e3o de tr\u00eas suspeitos. Um deles j\u00e1 respondia pelo crime de posse ilegal de arma de fogo.<\/p>\n<figure id=\"attachment_897413\" aria-describedby=\"caption-attachment-897413\" style=\"width: 647px\" class=\"wp-caption aligncenter\"><img loading=\"lazy\" decoding=\"async\" class=\"wp-image-897413\" src=\"http:\/\/www.pm.pb.gov.br\/portal\/wp-content\/uploads\/2018\/03\/apreensao-1.jpeg\" alt=\"\" width=\"647\" height=\"360\" srcset=\"https:\/\/www.pm.pb.gov.br\/portal\/wp-content\/uploads\/2018\/03\/apreensao-1.jpeg 800w, https:\/\/www.pm.pb.gov.br\/portal\/wp-content\/uploads\/2018\/03\/apreensao-1-245x136.jpeg 245w, https:\/\/www.pm.pb.gov.br\/portal\/wp-content\/uploads\/2018\/03\/apreensao-1-768x427.jpeg 768w\" sizes=\"(max-width: 647px) 100vw, 647px\" \/><figcaption id=\"caption-attachment-897413\" class=\"wp-caption-text\"><span style=\"font-size: 10pt;\">Drogas, dinheiro e colete bal\u00edstico apreendidos com suspeitos<\/span><\/figcaption><\/figure>\n<p style=\"text-align: justify;\">Em outra ocorr\u00eancia, no bairro dos Funcion\u00e1rios, ainda no s\u00e1bado, um adolescente foi apreendido com uma arma de fogo, muni\u00e7\u00f5es, uma pedra de crack, um tablete de maconha, 10 pinos de coca\u00edna, e 26 embrulhos com maconha.<\/p>\n<p style=\"text-align: justify;\"><strong>Crimes patrimoniais<\/strong>\u00a0\u2013 Ainda na regi\u00e3o metropolitana da Capital, a PM prendeu seis suspeitos que estavam diretamente ligados a crimes patrimoniais como arrombamentos a resid\u00eancias e assaltos. Quatro deles foram presos na quinta-feira (29) com TVs, notebooks, e arma de fogo na zona sul. J\u00e1 no \u00faltimo domingo (1), outra dupla que agia cometendo assaltos tamb\u00e9m foi presa na \u00e1rea e com eles, al\u00e9m de uma TV, os policiais recuperaram um carro roubado, pertences pessoais das v\u00edtimas e apreenderam outra arma de fogo, que era utilizada para intimid\u00e1-las.<\/p>\n","protected":false},"excerpt":{"rendered":"<p>Em quatro dias de a\u00e7\u00f5es durante a Semana Santa, a Pol\u00edcia Militar da Para\u00edba apreendeu 21 armas de fogo, prendeu<\/p>\n","protected":false},"author":12,"featured_media":895497,"comment_status":"closed","ping_status":"closed","sticky":false,"template":"","format":"standard","meta":{"_exactmetrics_skip_tracking":false,"_exactmetrics_sitenote_active":false,"_exactmetrics_sitenote_note":"","_exactmetrics_sitenote_category":0,"footnotes":""},"categories":[4],"tags":[],"yoast_head":"<!-- This site is optimized with the Yoast SEO plugin v22.0 - https:\/\/yoast.com\/wordpress\/plugins\/seo\/ -->\n<title>Opera\u00e7\u00e3o Semana Santa: Pol\u00edcia Militar apreende 21 armas de fogo e prende 150 suspeitos de crime na Para\u00edba - Pol\u00edcia Militar da Para\u00edba<\/title>\n<meta name=\"robots\" content=\"index, follow, max-snippet:-1, max-image-preview:large, max-video-preview:-1\" \/>\n<link rel=\"canonical\" href=\"https:\/\/www.pm.pb.gov.br\/portal\/2018\/04\/02\/operacao-semana-santa-policia-militar-apreende-21-armas-de-fogo-e-prende-150-suspeitos-de-crime-na-paraiba\/\" \/>\n<meta property=\"og:locale\" content=\"pt_BR\" \/>\n<meta property=\"og:type\" content=\"article\" \/>\n<meta property=\"og:title\" content=\"Opera\u00e7\u00e3o Semana Santa: Pol\u00edcia Militar apreende 21 armas de fogo e prende 150 suspeitos de crime na Para\u00edba - Pol\u00edcia Militar da Para\u00edba\" \/>\n<meta property=\"og:description\" content=\"Em quatro dias de a\u00e7\u00f5es durante a Semana Santa, a Pol\u00edcia Militar da Para\u00edba apreendeu 21 armas de fogo, prendeu\" \/>\n<meta property=\"og:url\" content=\"https:\/\/www.pm.pb.gov.br\/portal\/2018\/04\/02\/operacao-semana-santa-policia-militar-apreende-21-armas-de-fogo-e-prende-150-suspeitos-de-crime-na-paraiba\/\" \/>\n<meta property=\"og:site_name\" content=\"Pol\u00edcia Militar da Para\u00edba\" \/>\n<meta property=\"article:published_time\" content=\"2018-04-02T21:50:36+00:00\" \/>\n<meta property=\"og:image\" content=\"https:\/\/www.pm.pb.gov.br\/portal\/wp-content\/uploads\/2017\/09\/imagem-ilustrativa1.jpg\" \/>\n\t<meta property=\"og:image:width\" content=\"800\" \/>\n\t<meta property=\"og:image:height\" content=\"445\" \/>\n\t<meta property=\"og:image:type\" content=\"image\/jpeg\" \/>\n<meta name=\"author\" content=\"Tarcisio Oliveira\" \/>\n<meta name=\"twitter:card\" content=\"summary_large_image\" \/>\n<meta name=\"twitter:label1\" content=\"Escrito por\" \/>\n\t<meta name=\"twitter:data1\" content=\"Tarcisio Oliveira\" \/>\n\t<meta name=\"twitter:label2\" content=\"Est. tempo de leitura\" \/>\n\t<meta name=\"twitter:data2\" content=\"2 minutos\" \/>\n<script type=\"application\/ld+json\" class=\"yoast-schema-graph\">{\"@context\":\"https:\/\/schema.org\",\"@graph\":[{\"@type\":\"Article\",\"@id\":\"https:\/\/www.pm.pb.gov.br\/portal\/2018\/04\/02\/operacao-semana-santa-policia-militar-apreende-21-armas-de-fogo-e-prende-150-suspeitos-de-crime-na-paraiba\/#article\",\"isPartOf\":{\"@id\":\"https:\/\/www.pm.pb.gov.br\/portal\/2018\/04\/02\/operacao-semana-santa-policia-militar-apreende-21-armas-de-fogo-e-prende-150-suspeitos-de-crime-na-paraiba\/\"},\"author\":{\"name\":\"Tarcisio Oliveira\",\"@id\":\"https:\/\/www.pm.pb.gov.br\/portal\/#\/schema\/person\/f84f56dcc78ce4357054da888b8247fd\"},\"headline\":\"Opera\u00e7\u00e3o Semana Santa: Pol\u00edcia Militar apreende 21 armas de fogo e prende 150 suspeitos de crime na Para\u00edba\",\"datePublished\":\"2018-04-02T21:50:36+00:00\",\"dateModified\":\"2018-04-02T21:50:36+00:00\",\"mainEntityOfPage\":{\"@id\":\"https:\/\/www.pm.pb.gov.br\/portal\/2018\/04\/02\/operacao-semana-santa-policia-militar-apreende-21-armas-de-fogo-e-prende-150-suspeitos-de-crime-na-paraiba\/\"},\"wordCount\":482,\"publisher\":{\"@id\":\"https:\/\/www.pm.pb.gov.br\/portal\/#organization\"},\"articleSection\":[\"A\u00e7\u00f5es Policiais\"],\"inLanguage\":\"pt-BR\"},{\"@type\":\"WebPage\",\"@id\":\"https:\/\/www.pm.pb.gov.br\/portal\/2018\/04\/02\/operacao-semana-santa-policia-militar-apreende-21-armas-de-fogo-e-prende-150-suspeitos-de-crime-na-paraiba\/\",\"url\":\"https:\/\/www.pm.pb.gov.br\/portal\/2018\/04\/02\/operacao-semana-santa-policia-militar-apreende-21-armas-de-fogo-e-prende-150-suspeitos-de-crime-na-paraiba\/\",\"name\":\"Opera\u00e7\u00e3o Semana Santa: Pol\u00edcia Militar apreende 21 armas de fogo e prende 150 suspeitos de crime na Para\u00edba - Pol\u00edcia Militar da Para\u00edba\",\"isPartOf\":{\"@id\":\"https:\/\/www.pm.pb.gov.br\/portal\/#website\"},\"datePublished\":\"2018-04-02T21:50:36+00:00\",\"dateModified\":\"2018-04-02T21:50:36+00:00\",\"breadcrumb\":{\"@id\":\"https:\/\/www.pm.pb.gov.br\/portal\/2018\/04\/02\/operacao-semana-santa-policia-militar-apreende-21-armas-de-fogo-e-prende-150-suspeitos-de-crime-na-paraiba\/#breadcrumb\"},\"inLanguage\":\"pt-BR\",\"potentialAction\":[{\"@type\":\"ReadAction\",\"target\":[\"https:\/\/www.pm.pb.gov.br\/portal\/2018\/04\/02\/operacao-semana-santa-policia-militar-apreende-21-armas-de-fogo-e-prende-150-suspeitos-de-crime-na-paraiba\/\"]}]},{\"@type\":\"BreadcrumbList\",\"@id\":\"https:\/\/www.pm.pb.gov.br\/portal\/2018\/04\/02\/operacao-semana-santa-policia-militar-apreende-21-armas-de-fogo-e-prende-150-suspeitos-de-crime-na-paraiba\/#breadcrumb\",\"itemListElement\":[{\"@type\":\"ListItem\",\"position\":1,\"name\":\"In\u00edcio\",\"item\":\"https:\/\/www.pm.pb.gov.br\/portal\/\"},{\"@type\":\"ListItem\",\"position\":2,\"name\":\"Opera\u00e7\u00e3o Semana Santa: Pol\u00edcia Militar apreende 21 armas de fogo e prende 150 suspeitos de crime na Para\u00edba\"}]},{\"@type\":\"WebSite\",\"@id\":\"https:\/\/www.pm.pb.gov.br\/portal\/#website\",\"url\":\"https:\/\/www.pm.pb.gov.br\/portal\/\",\"name\":\"Pol\u00edcia Militar da Para\u00edba\",\"description\":\"\",\"publisher\":{\"@id\":\"https:\/\/www.pm.pb.gov.br\/portal\/#organization\"},\"potentialAction\":[{\"@type\":\"SearchAction\",\"target\":{\"@type\":\"EntryPoint\",\"urlTemplate\":\"https:\/\/www.pm.pb.gov.br\/portal\/?s={search_term_string}\"},\"query-input\":\"required name=search_term_string\"}],\"inLanguage\":\"pt-BR\"},{\"@type\":\"Organization\",\"@id\":\"https:\/\/www.pm.pb.gov.br\/portal\/#organization\",\"name\":\"Pol\u00edcia Militar da Para\u00edba\",\"url\":\"https:\/\/www.pm.pb.gov.br\/portal\/\",\"logo\":{\"@type\":\"ImageObject\",\"inLanguage\":\"pt-BR\",\"@id\":\"https:\/\/www.pm.pb.gov.br\/portal\/#\/schema\/logo\/image\/\",\"url\":\"https:\/\/www.pm.pb.gov.br\/portal\/wp-content\/uploads\/2025\/03\/cropped-logo-site-mag2-1.png\",\"contentUrl\":\"https:\/\/www.pm.pb.gov.br\/portal\/wp-content\/uploads\/2025\/03\/cropped-logo-site-mag2-1.png\",\"width\":320,\"height\":90,\"caption\":\"Pol\u00edcia Militar da Para\u00edba\"},\"image\":{\"@id\":\"https:\/\/www.pm.pb.gov.br\/portal\/#\/schema\/logo\/image\/\"}},{\"@type\":\"Person\",\"@id\":\"https:\/\/www.pm.pb.gov.br\/portal\/#\/schema\/person\/f84f56dcc78ce4357054da888b8247fd\",\"name\":\"Tarcisio Oliveira\",\"image\":{\"@type\":\"ImageObject\",\"inLanguage\":\"pt-BR\",\"@id\":\"https:\/\/www.pm.pb.gov.br\/portal\/#\/schema\/person\/image\/\",\"url\":\"https:\/\/secure.gravatar.com\/avatar\/72917b630b69d31cd0297507f34bac97?s=96&d=mm&r=g\",\"contentUrl\":\"https:\/\/secure.gravatar.com\/avatar\/72917b630b69d31cd0297507f34bac97?s=96&d=mm&r=g\",\"caption\":\"Tarcisio Oliveira\"},\"url\":\"https:\/\/www.pm.pb.gov.br\/portal\/author\/tarcisio\/\"}]}<\/script>\n<!-- \/ Yoast SEO plugin. -->","yoast_head_json":{"title":"Opera\u00e7\u00e3o Semana Santa: Pol\u00edcia Militar apreende 21 armas de fogo e prende 150 suspeitos de crime na Para\u00edba - Pol\u00edcia Militar da Para\u00edba","robots":{"index":"index","follow":"follow","max-snippet":"max-snippet:-1","max-image-preview":"max-image-preview:large","max-video-preview":"max-video-preview:-1"},"canonical":"https:\/\/www.pm.pb.gov.br\/portal\/2018\/04\/02\/operacao-semana-santa-policia-militar-apreende-21-armas-de-fogo-e-prende-150-suspeitos-de-crime-na-paraiba\/","og_locale":"pt_BR","og_type":"article","og_title":"Opera\u00e7\u00e3o Semana Santa: Pol\u00edcia Militar apreende 21 armas de fogo e prende 150 suspeitos de crime na Para\u00edba - Pol\u00edcia Militar da Para\u00edba","og_description":"Em quatro dias de a\u00e7\u00f5es durante a Semana Santa, a Pol\u00edcia Militar da Para\u00edba apreendeu 21 armas de fogo, prendeu","og_url":"https:\/\/www.pm.pb.gov.br\/portal\/2018\/04\/02\/operacao-semana-santa-policia-militar-apreende-21-armas-de-fogo-e-prende-150-suspeitos-de-crime-na-paraiba\/","og_site_name":"Pol\u00edcia Militar da Para\u00edba","article_published_time":"2018-04-02T21:50:36+00:00","og_image":[{"width":800,"height":445,"url":"https:\/\/www.pm.pb.gov.br\/portal\/wp-content\/uploads\/2017\/09\/imagem-ilustrativa1.jpg","type":"image\/jpeg"}],"author":"Tarcisio Oliveira","twitter_card":"summary_large_image","twitter_misc":{"Escrito por":"Tarcisio Oliveira","Est. tempo de leitura":"2 minutos"},"schema":{"@context":"https:\/\/schema.org","@graph":[{"@type":"Article","@id":"https:\/\/www.pm.pb.gov.br\/portal\/2018\/04\/02\/operacao-semana-santa-policia-militar-apreende-21-armas-de-fogo-e-prende-150-suspeitos-de-crime-na-paraiba\/#article","isPartOf":{"@id":"https:\/\/www.pm.pb.gov.br\/portal\/2018\/04\/02\/operacao-semana-santa-policia-militar-apreende-21-armas-de-fogo-e-prende-150-suspeitos-de-crime-na-paraiba\/"},"author":{"name":"Tarcisio Oliveira","@id":"https:\/\/www.pm.pb.gov.br\/portal\/#\/schema\/person\/f84f56dcc78ce4357054da888b8247fd"},"headline":"Opera\u00e7\u00e3o Semana Santa: Pol\u00edcia Militar apreende 21 armas de fogo e prende 150 suspeitos de crime na Para\u00edba","datePublished":"2018-04-02T21:50:36+00:00","dateModified":"2018-04-02T21:50:36+00:00","mainEntityOfPage":{"@id":"https:\/\/www.pm.pb.gov.br\/portal\/2018\/04\/02\/operacao-semana-santa-policia-militar-apreende-21-armas-de-fogo-e-prende-150-suspeitos-de-crime-na-paraiba\/"},"wordCount":482,"publisher":{"@id":"https:\/\/www.pm.pb.gov.br\/portal\/#organization"},"articleSection":["A\u00e7\u00f5es Policiais"],"inLanguage":"pt-BR"},{"@type":"WebPage","@id":"https:\/\/www.pm.pb.gov.br\/portal\/2018\/04\/02\/operacao-semana-santa-policia-militar-apreende-21-armas-de-fogo-e-prende-150-suspeitos-de-crime-na-paraiba\/","url":"https:\/\/www.pm.pb.gov.br\/portal\/2018\/04\/02\/operacao-semana-santa-policia-militar-apreende-21-armas-de-fogo-e-prende-150-suspeitos-de-crime-na-paraiba\/","name":"Opera\u00e7\u00e3o Semana Santa: Pol\u00edcia Militar apreende 21 armas de fogo e prende 150 suspeitos de crime na Para\u00edba - Pol\u00edcia Militar da Para\u00edba","isPartOf":{"@id":"https:\/\/www.pm.pb.gov.br\/portal\/#website"},"datePublished":"2018-04-02T21:50:36+00:00","dateModified":"2018-04-02T21:50:36+00:00","breadcrumb":{"@id":"https:\/\/www.pm.pb.gov.br\/portal\/2018\/04\/02\/operacao-semana-santa-policia-militar-apreende-21-armas-de-fogo-e-prende-150-suspeitos-de-crime-na-paraiba\/#breadcrumb"},"inLanguage":"pt-BR","potentialAction":[{"@type":"ReadAction","target":["https:\/\/www.pm.pb.gov.br\/portal\/2018\/04\/02\/operacao-semana-santa-policia-militar-apreende-21-armas-de-fogo-e-prende-150-suspeitos-de-crime-na-paraiba\/"]}]},{"@type":"BreadcrumbList","@id":"https:\/\/www.pm.pb.gov.br\/portal\/2018\/04\/02\/operacao-semana-santa-policia-militar-apreende-21-armas-de-fogo-e-prende-150-suspeitos-de-crime-na-paraiba\/#breadcrumb","itemListElement":[{"@type":"ListItem","position":1,"name":"In\u00edcio","item":"https:\/\/www.pm.pb.gov.br\/portal\/"},{"@type":"ListItem","position":2,"name":"Opera\u00e7\u00e3o Semana Santa: Pol\u00edcia Militar apreende 21 armas de fogo e prende 150 suspeitos de crime na Para\u00edba"}]},{"@type":"WebSite","@id":"https:\/\/www.pm.pb.gov.br\/portal\/#website","url":"https:\/\/www.pm.pb.gov.br\/portal\/","name":"Pol\u00edcia Militar da Para\u00edba","description":"","publisher":{"@id":"https:\/\/www.pm.pb.gov.br\/portal\/#organization"},"potentialAction":[{"@type":"SearchAction","target":{"@type":"EntryPoint","urlTemplate":"https:\/\/www.pm.pb.gov.br\/portal\/?s={search_term_string}"},"query-input":"required name=search_term_string"}],"inLanguage":"pt-BR"},{"@type":"Organization","@id":"https:\/\/www.pm.pb.gov.br\/portal\/#organization","name":"Pol\u00edcia Militar da Para\u00edba","url":"https:\/\/www.pm.pb.gov.br\/portal\/","logo":{"@type":"ImageObject","inLanguage":"pt-BR","@id":"https:\/\/www.pm.pb.gov.br\/portal\/#\/schema\/logo\/image\/","url":"https:\/\/www.pm.pb.gov.br\/portal\/wp-content\/uploads\/2025\/03\/cropped-logo-site-mag2-1.png","contentUrl":"https:\/\/www.pm.pb.gov.br\/portal\/wp-content\/uploads\/2025\/03\/cropped-logo-site-mag2-1.png","width":320,"height":90,"caption":"Pol\u00edcia Militar da Para\u00edba"},"image":{"@id":"https:\/\/www.pm.pb.gov.br\/portal\/#\/schema\/logo\/image\/"}},{"@type":"Person","@id":"https:\/\/www.pm.pb.gov.br\/portal\/#\/schema\/person\/f84f56dcc78ce4357054da888b8247fd","name":"Tarcisio Oliveira","image":{"@type":"ImageObject","inLanguage":"pt-BR","@id":"https:\/\/www.pm.pb.gov.br\/portal\/#\/schema\/person\/image\/","url":"https:\/\/secure.gravatar.com\/avatar\/72917b630b69d31cd0297507f34bac97?s=96&d=mm&r=g","contentUrl":"https:\/\/secure.gravatar.com\/avatar\/72917b630b69d31cd0297507f34bac97?s=96&d=mm&r=g","caption":"Tarcisio Oliveira"},"url":"https:\/\/www.pm.pb.gov.br\/portal\/author\/tarcisio\/"}]}},"_links":{"self":[{"href":"https:\/\/www.pm.pb.gov.br\/portal\/wp-json\/wp\/v2\/posts\/897435"}],"collection":[{"href":"https:\/\/www.pm.pb.gov.br\/portal\/wp-json\/wp\/v2\/posts"}],"about":[{"href":"https:\/\/www.pm.pb.gov.br\/portal\/wp-json\/wp\/v2\/types\/post"}],"author":[{"embeddable":true,"href":"https:\/\/www.pm.pb.gov.br\/portal\/wp-json\/wp\/v2\/users\/12"}],"replies":[{"embeddable":true,"href":"https:\/\/www.pm.pb.gov.br\/portal\/wp-json\/wp\/v2\/comments?post=897435"}],"version-history":[{"count":2,"href":"https:\/\/www.pm.pb.gov.br\/portal\/wp-json\/wp\/v2\/posts\/897435\/revisions"}],"predecessor-version":[{"id":897438,"href":"https:\/\/www.pm.pb.gov.br\/portal\/wp-json\/wp\/v2\/posts\/897435\/revisions\/897438"}],"wp:featuredmedia":[{"embeddable":true,"href":"https:\/\/www.pm.pb.gov.br\/portal\/wp-json\/wp\/v2\/media\/895497"}],"wp:attachment":[{"href":"https:\/\/www.pm.pb.gov.br\/portal\/wp-json\/wp\/v2\/media?parent=897435"}],"wp:term":[{"taxonomy":"category","embeddable":true,"href":"https:\/\/www.pm.pb.gov.br\/portal\/wp-json\/wp\/v2\/categories?post=897435"},{"taxonomy":"post_tag","embeddable":true,"href":"https:\/\/www.pm.pb.gov.br\/portal\/wp-json\/wp\/v2\/tags?post=897435"}],"curies":[{"name":"wp","href":"https:\/\/api.w.org\/{rel}","templated":true}]}}