{"id":897298,"date":"2018-03-20T16:33:33","date_gmt":"2018-03-20T19:33:33","guid":{"rendered":"http:\/\/www.pm.pb.gov.br\/portal\/?p=897298"},"modified":"2018-03-20T16:33:33","modified_gmt":"2018-03-20T19:33:33","slug":"operacao-conjunta-apreendem-drogas-com-homem-que-ja-cumpre-pena-por-trafico-em-alagoa-grande","status":"publish","type":"post","link":"https:\/\/www.pm.pb.gov.br\/portal\/2018\/03\/20\/operacao-conjunta-apreendem-drogas-com-homem-que-ja-cumpre-pena-por-trafico-em-alagoa-grande\/","title":{"rendered":"Opera\u00e7\u00e3o conjunta apreendem drogas com homem que j\u00e1 cumpre pena por tr\u00e1fico em Alagoa Grande"},"content":{"rendered":"<p style=\"text-align: justify;\">Um albergado de 20 anos, que j\u00e1 cumpre pena por tr\u00e1fico de drogas no regime semiaberto, foi preso novamente pelo mesmo crime, na manh\u00e3 desta ter\u00e7a-feira (20), durante a opera\u00e7\u00e3o Fumac\u00ea, deflagrada pelas Pol\u00edcias Militar e Civil, na cidade de Alagoa Grande.<\/p>\n<p style=\"text-align: justify;\">Com ele, os policiais apreenderam quase 2 kg de maconha, crack e coca\u00edna, mais de R$ 7 mil e objetos utilizados pelo tr\u00e1fico de drogas, a exemplo de balan\u00e7a de precis\u00e3o. Ele, que j\u00e1 vinha sendo investigado, foi preso em casa com o material.<\/p>\n<p style=\"text-align: justify;\">A opera\u00e7\u00e3o foi desenvolvida pela 2\u00aa Companhia do 4\u00ba Batalh\u00e3o e pela delegada de Alagoa Grande, Maria Solidade de Souza, com o objetivo de combater o tr\u00e1fico na regi\u00e3o.\u00a0 O preso e o material apreendido foram levados para a Delegacia de Pol\u00edcia Civil, em Alagoa Grande.<\/p>\n","protected":false},"excerpt":{"rendered":"<p>Um albergado de 20 anos, que j\u00e1 cumpre pena por tr\u00e1fico de drogas no regime semiaberto, foi preso novamente pelo<\/p>\n","protected":false},"author":15,"featured_media":897299,"comment_status":"closed","ping_status":"closed","sticky":false,"template":"","format":"standard","meta":{"_exactmetrics_skip_tracking":false,"_exactmetrics_sitenote_active":false,"_exactmetrics_sitenote_note":"","_exactmetrics_sitenote_category":0,"footnotes":""},"categories":[4],"tags":[],"yoast_head":"<!-- This site is optimized with the Yoast SEO plugin v22.0 - https:\/\/yoast.com\/wordpress\/plugins\/seo\/ -->\n<title>Opera\u00e7\u00e3o conjunta apreendem drogas com homem que j\u00e1 cumpre pena por tr\u00e1fico em Alagoa Grande - Pol\u00edcia Militar da Para\u00edba<\/title>\n<meta name=\"robots\" content=\"index, follow, max-snippet:-1, max-image-preview:large, max-video-preview:-1\" \/>\n<link rel=\"canonical\" href=\"https:\/\/www.pm.pb.gov.br\/portal\/2018\/03\/20\/operacao-conjunta-apreendem-drogas-com-homem-que-ja-cumpre-pena-por-trafico-em-alagoa-grande\/\" \/>\n<meta property=\"og:locale\" content=\"pt_BR\" \/>\n<meta property=\"og:type\" content=\"article\" \/>\n<meta property=\"og:title\" content=\"Opera\u00e7\u00e3o conjunta apreendem drogas com homem que j\u00e1 cumpre pena por tr\u00e1fico em Alagoa Grande - Pol\u00edcia Militar da Para\u00edba\" \/>\n<meta property=\"og:description\" content=\"Um albergado de 20 anos, que j\u00e1 cumpre pena por tr\u00e1fico de drogas no regime semiaberto, foi preso novamente pelo\" \/>\n<meta property=\"og:url\" content=\"https:\/\/www.pm.pb.gov.br\/portal\/2018\/03\/20\/operacao-conjunta-apreendem-drogas-com-homem-que-ja-cumpre-pena-por-trafico-em-alagoa-grande\/\" \/>\n<meta property=\"og:site_name\" content=\"Pol\u00edcia Militar da Para\u00edba\" \/>\n<meta property=\"article:published_time\" content=\"2018-03-20T19:33:33+00:00\" \/>\n<meta property=\"og:image\" content=\"https:\/\/www.pm.pb.gov.br\/portal\/wp-content\/uploads\/2018\/03\/policia-apreende-drogas-com-acusado-que-cumpre-pena-por-trafico-em-alagoa-grande.jpg\" \/>\n\t<meta property=\"og:image:width\" content=\"800\" \/>\n\t<meta property=\"og:image:height\" content=\"450\" \/>\n\t<meta property=\"og:image:type\" content=\"image\/jpeg\" \/>\n<meta name=\"author\" content=\"Marcio Gomes dos Santos\" \/>\n<meta name=\"twitter:card\" content=\"summary_large_image\" \/>\n<meta name=\"twitter:label1\" content=\"Escrito por\" \/>\n\t<meta name=\"twitter:data1\" content=\"Marcio Gomes dos Santos\" \/>\n\t<meta name=\"twitter:label2\" content=\"Est. tempo de leitura\" \/>\n\t<meta name=\"twitter:data2\" content=\"1 minuto\" \/>\n<script type=\"application\/ld+json\" class=\"yoast-schema-graph\">{\"@context\":\"https:\/\/schema.org\",\"@graph\":[{\"@type\":\"Article\",\"@id\":\"https:\/\/www.pm.pb.gov.br\/portal\/2018\/03\/20\/operacao-conjunta-apreendem-drogas-com-homem-que-ja-cumpre-pena-por-trafico-em-alagoa-grande\/#article\",\"isPartOf\":{\"@id\":\"https:\/\/www.pm.pb.gov.br\/portal\/2018\/03\/20\/operacao-conjunta-apreendem-drogas-com-homem-que-ja-cumpre-pena-por-trafico-em-alagoa-grande\/\"},\"author\":{\"name\":\"Marcio Gomes dos Santos\",\"@id\":\"https:\/\/www.pm.pb.gov.br\/portal\/#\/schema\/person\/30d571652b38533c2211e4e89bf5a502\"},\"headline\":\"Opera\u00e7\u00e3o conjunta apreendem drogas com homem que j\u00e1 cumpre pena por tr\u00e1fico em Alagoa Grande\",\"datePublished\":\"2018-03-20T19:33:33+00:00\",\"dateModified\":\"2018-03-20T19:33:33+00:00\",\"mainEntityOfPage\":{\"@id\":\"https:\/\/www.pm.pb.gov.br\/portal\/2018\/03\/20\/operacao-conjunta-apreendem-drogas-com-homem-que-ja-cumpre-pena-por-trafico-em-alagoa-grande\/\"},\"wordCount\":156,\"publisher\":{\"@id\":\"https:\/\/www.pm.pb.gov.br\/portal\/#organization\"},\"articleSection\":[\"A\u00e7\u00f5es Policiais\"],\"inLanguage\":\"pt-BR\"},{\"@type\":\"WebPage\",\"@id\":\"https:\/\/www.pm.pb.gov.br\/portal\/2018\/03\/20\/operacao-conjunta-apreendem-drogas-com-homem-que-ja-cumpre-pena-por-trafico-em-alagoa-grande\/\",\"url\":\"https:\/\/www.pm.pb.gov.br\/portal\/2018\/03\/20\/operacao-conjunta-apreendem-drogas-com-homem-que-ja-cumpre-pena-por-trafico-em-alagoa-grande\/\",\"name\":\"Opera\u00e7\u00e3o conjunta apreendem drogas com homem que j\u00e1 cumpre pena por tr\u00e1fico em Alagoa Grande - Pol\u00edcia Militar da Para\u00edba\",\"isPartOf\":{\"@id\":\"https:\/\/www.pm.pb.gov.br\/portal\/#website\"},\"datePublished\":\"2018-03-20T19:33:33+00:00\",\"dateModified\":\"2018-03-20T19:33:33+00:00\",\"breadcrumb\":{\"@id\":\"https:\/\/www.pm.pb.gov.br\/portal\/2018\/03\/20\/operacao-conjunta-apreendem-drogas-com-homem-que-ja-cumpre-pena-por-trafico-em-alagoa-grande\/#breadcrumb\"},\"inLanguage\":\"pt-BR\",\"potentialAction\":[{\"@type\":\"ReadAction\",\"target\":[\"https:\/\/www.pm.pb.gov.br\/portal\/2018\/03\/20\/operacao-conjunta-apreendem-drogas-com-homem-que-ja-cumpre-pena-por-trafico-em-alagoa-grande\/\"]}]},{\"@type\":\"BreadcrumbList\",\"@id\":\"https:\/\/www.pm.pb.gov.br\/portal\/2018\/03\/20\/operacao-conjunta-apreendem-drogas-com-homem-que-ja-cumpre-pena-por-trafico-em-alagoa-grande\/#breadcrumb\",\"itemListElement\":[{\"@type\":\"ListItem\",\"position\":1,\"name\":\"In\u00edcio\",\"item\":\"https:\/\/www.pm.pb.gov.br\/portal\/\"},{\"@type\":\"ListItem\",\"position\":2,\"name\":\"Opera\u00e7\u00e3o conjunta apreendem drogas com homem que j\u00e1 cumpre pena por tr\u00e1fico em Alagoa Grande\"}]},{\"@type\":\"WebSite\",\"@id\":\"https:\/\/www.pm.pb.gov.br\/portal\/#website\",\"url\":\"https:\/\/www.pm.pb.gov.br\/portal\/\",\"name\":\"Pol\u00edcia Militar da Para\u00edba\",\"description\":\"\",\"publisher\":{\"@id\":\"https:\/\/www.pm.pb.gov.br\/portal\/#organization\"},\"potentialAction\":[{\"@type\":\"SearchAction\",\"target\":{\"@type\":\"EntryPoint\",\"urlTemplate\":\"https:\/\/www.pm.pb.gov.br\/portal\/?s={search_term_string}\"},\"query-input\":\"required name=search_term_string\"}],\"inLanguage\":\"pt-BR\"},{\"@type\":\"Organization\",\"@id\":\"https:\/\/www.pm.pb.gov.br\/portal\/#organization\",\"name\":\"Pol\u00edcia Militar da Para\u00edba\",\"url\":\"https:\/\/www.pm.pb.gov.br\/portal\/\",\"logo\":{\"@type\":\"ImageObject\",\"inLanguage\":\"pt-BR\",\"@id\":\"https:\/\/www.pm.pb.gov.br\/portal\/#\/schema\/logo\/image\/\",\"url\":\"https:\/\/www.pm.pb.gov.br\/portal\/wp-content\/uploads\/2025\/03\/cropped-logo-site-mag2-1.png\",\"contentUrl\":\"https:\/\/www.pm.pb.gov.br\/portal\/wp-content\/uploads\/2025\/03\/cropped-logo-site-mag2-1.png\",\"width\":320,\"height\":90,\"caption\":\"Pol\u00edcia Militar da Para\u00edba\"},\"image\":{\"@id\":\"https:\/\/www.pm.pb.gov.br\/portal\/#\/schema\/logo\/image\/\"}},{\"@type\":\"Person\",\"@id\":\"https:\/\/www.pm.pb.gov.br\/portal\/#\/schema\/person\/30d571652b38533c2211e4e89bf5a502\",\"name\":\"Marcio Gomes dos Santos\",\"image\":{\"@type\":\"ImageObject\",\"inLanguage\":\"pt-BR\",\"@id\":\"https:\/\/www.pm.pb.gov.br\/portal\/#\/schema\/person\/image\/\",\"url\":\"https:\/\/secure.gravatar.com\/avatar\/cf4ec2cb690101e1581c7773aa350c19?s=96&d=mm&r=g\",\"contentUrl\":\"https:\/\/secure.gravatar.com\/avatar\/cf4ec2cb690101e1581c7773aa350c19?s=96&d=mm&r=g\",\"caption\":\"Marcio Gomes dos Santos\"},\"url\":\"https:\/\/www.pm.pb.gov.br\/portal\/author\/mgomes\/\"}]}<\/script>\n<!-- \/ Yoast SEO plugin. -->","yoast_head_json":{"title":"Opera\u00e7\u00e3o conjunta apreendem drogas com homem que j\u00e1 cumpre pena por tr\u00e1fico em Alagoa Grande - Pol\u00edcia Militar da Para\u00edba","robots":{"index":"index","follow":"follow","max-snippet":"max-snippet:-1","max-image-preview":"max-image-preview:large","max-video-preview":"max-video-preview:-1"},"canonical":"https:\/\/www.pm.pb.gov.br\/portal\/2018\/03\/20\/operacao-conjunta-apreendem-drogas-com-homem-que-ja-cumpre-pena-por-trafico-em-alagoa-grande\/","og_locale":"pt_BR","og_type":"article","og_title":"Opera\u00e7\u00e3o conjunta apreendem drogas com homem que j\u00e1 cumpre pena por tr\u00e1fico em Alagoa Grande - Pol\u00edcia Militar da Para\u00edba","og_description":"Um albergado de 20 anos, que j\u00e1 cumpre pena por tr\u00e1fico de drogas no regime semiaberto, foi preso novamente pelo","og_url":"https:\/\/www.pm.pb.gov.br\/portal\/2018\/03\/20\/operacao-conjunta-apreendem-drogas-com-homem-que-ja-cumpre-pena-por-trafico-em-alagoa-grande\/","og_site_name":"Pol\u00edcia Militar da Para\u00edba","article_published_time":"2018-03-20T19:33:33+00:00","og_image":[{"width":800,"height":450,"url":"https:\/\/www.pm.pb.gov.br\/portal\/wp-content\/uploads\/2018\/03\/policia-apreende-drogas-com-acusado-que-cumpre-pena-por-trafico-em-alagoa-grande.jpg","type":"image\/jpeg"}],"author":"Marcio Gomes dos Santos","twitter_card":"summary_large_image","twitter_misc":{"Escrito por":"Marcio Gomes dos Santos","Est. tempo de leitura":"1 minuto"},"schema":{"@context":"https:\/\/schema.org","@graph":[{"@type":"Article","@id":"https:\/\/www.pm.pb.gov.br\/portal\/2018\/03\/20\/operacao-conjunta-apreendem-drogas-com-homem-que-ja-cumpre-pena-por-trafico-em-alagoa-grande\/#article","isPartOf":{"@id":"https:\/\/www.pm.pb.gov.br\/portal\/2018\/03\/20\/operacao-conjunta-apreendem-drogas-com-homem-que-ja-cumpre-pena-por-trafico-em-alagoa-grande\/"},"author":{"name":"Marcio Gomes dos Santos","@id":"https:\/\/www.pm.pb.gov.br\/portal\/#\/schema\/person\/30d571652b38533c2211e4e89bf5a502"},"headline":"Opera\u00e7\u00e3o conjunta apreendem drogas com homem que j\u00e1 cumpre pena por tr\u00e1fico em Alagoa Grande","datePublished":"2018-03-20T19:33:33+00:00","dateModified":"2018-03-20T19:33:33+00:00","mainEntityOfPage":{"@id":"https:\/\/www.pm.pb.gov.br\/portal\/2018\/03\/20\/operacao-conjunta-apreendem-drogas-com-homem-que-ja-cumpre-pena-por-trafico-em-alagoa-grande\/"},"wordCount":156,"publisher":{"@id":"https:\/\/www.pm.pb.gov.br\/portal\/#organization"},"articleSection":["A\u00e7\u00f5es Policiais"],"inLanguage":"pt-BR"},{"@type":"WebPage","@id":"https:\/\/www.pm.pb.gov.br\/portal\/2018\/03\/20\/operacao-conjunta-apreendem-drogas-com-homem-que-ja-cumpre-pena-por-trafico-em-alagoa-grande\/","url":"https:\/\/www.pm.pb.gov.br\/portal\/2018\/03\/20\/operacao-conjunta-apreendem-drogas-com-homem-que-ja-cumpre-pena-por-trafico-em-alagoa-grande\/","name":"Opera\u00e7\u00e3o conjunta apreendem drogas com homem que j\u00e1 cumpre pena por tr\u00e1fico em Alagoa Grande - Pol\u00edcia Militar da Para\u00edba","isPartOf":{"@id":"https:\/\/www.pm.pb.gov.br\/portal\/#website"},"datePublished":"2018-03-20T19:33:33+00:00","dateModified":"2018-03-20T19:33:33+00:00","breadcrumb":{"@id":"https:\/\/www.pm.pb.gov.br\/portal\/2018\/03\/20\/operacao-conjunta-apreendem-drogas-com-homem-que-ja-cumpre-pena-por-trafico-em-alagoa-grande\/#breadcrumb"},"inLanguage":"pt-BR","potentialAction":[{"@type":"ReadAction","target":["https:\/\/www.pm.pb.gov.br\/portal\/2018\/03\/20\/operacao-conjunta-apreendem-drogas-com-homem-que-ja-cumpre-pena-por-trafico-em-alagoa-grande\/"]}]},{"@type":"BreadcrumbList","@id":"https:\/\/www.pm.pb.gov.br\/portal\/2018\/03\/20\/operacao-conjunta-apreendem-drogas-com-homem-que-ja-cumpre-pena-por-trafico-em-alagoa-grande\/#breadcrumb","itemListElement":[{"@type":"ListItem","position":1,"name":"In\u00edcio","item":"https:\/\/www.pm.pb.gov.br\/portal\/"},{"@type":"ListItem","position":2,"name":"Opera\u00e7\u00e3o conjunta apreendem drogas com homem que j\u00e1 cumpre pena por tr\u00e1fico em Alagoa Grande"}]},{"@type":"WebSite","@id":"https:\/\/www.pm.pb.gov.br\/portal\/#website","url":"https:\/\/www.pm.pb.gov.br\/portal\/","name":"Pol\u00edcia Militar da Para\u00edba","description":"","publisher":{"@id":"https:\/\/www.pm.pb.gov.br\/portal\/#organization"},"potentialAction":[{"@type":"SearchAction","target":{"@type":"EntryPoint","urlTemplate":"https:\/\/www.pm.pb.gov.br\/portal\/?s={search_term_string}"},"query-input":"required name=search_term_string"}],"inLanguage":"pt-BR"},{"@type":"Organization","@id":"https:\/\/www.pm.pb.gov.br\/portal\/#organization","name":"Pol\u00edcia Militar da Para\u00edba","url":"https:\/\/www.pm.pb.gov.br\/portal\/","logo":{"@type":"ImageObject","inLanguage":"pt-BR","@id":"https:\/\/www.pm.pb.gov.br\/portal\/#\/schema\/logo\/image\/","url":"https:\/\/www.pm.pb.gov.br\/portal\/wp-content\/uploads\/2025\/03\/cropped-logo-site-mag2-1.png","contentUrl":"https:\/\/www.pm.pb.gov.br\/portal\/wp-content\/uploads\/2025\/03\/cropped-logo-site-mag2-1.png","width":320,"height":90,"caption":"Pol\u00edcia Militar da Para\u00edba"},"image":{"@id":"https:\/\/www.pm.pb.gov.br\/portal\/#\/schema\/logo\/image\/"}},{"@type":"Person","@id":"https:\/\/www.pm.pb.gov.br\/portal\/#\/schema\/person\/30d571652b38533c2211e4e89bf5a502","name":"Marcio Gomes dos Santos","image":{"@type":"ImageObject","inLanguage":"pt-BR","@id":"https:\/\/www.pm.pb.gov.br\/portal\/#\/schema\/person\/image\/","url":"https:\/\/secure.gravatar.com\/avatar\/cf4ec2cb690101e1581c7773aa350c19?s=96&d=mm&r=g","contentUrl":"https:\/\/secure.gravatar.com\/avatar\/cf4ec2cb690101e1581c7773aa350c19?s=96&d=mm&r=g","caption":"Marcio Gomes dos Santos"},"url":"https:\/\/www.pm.pb.gov.br\/portal\/author\/mgomes\/"}]}},"_links":{"self":[{"href":"https:\/\/www.pm.pb.gov.br\/portal\/wp-json\/wp\/v2\/posts\/897298"}],"collection":[{"href":"https:\/\/www.pm.pb.gov.br\/portal\/wp-json\/wp\/v2\/posts"}],"about":[{"href":"https:\/\/www.pm.pb.gov.br\/portal\/wp-json\/wp\/v2\/types\/post"}],"author":[{"embeddable":true,"href":"https:\/\/www.pm.pb.gov.br\/portal\/wp-json\/wp\/v2\/users\/15"}],"replies":[{"embeddable":true,"href":"https:\/\/www.pm.pb.gov.br\/portal\/wp-json\/wp\/v2\/comments?post=897298"}],"version-history":[{"count":1,"href":"https:\/\/www.pm.pb.gov.br\/portal\/wp-json\/wp\/v2\/posts\/897298\/revisions"}],"predecessor-version":[{"id":897300,"href":"https:\/\/www.pm.pb.gov.br\/portal\/wp-json\/wp\/v2\/posts\/897298\/revisions\/897300"}],"wp:featuredmedia":[{"embeddable":true,"href":"https:\/\/www.pm.pb.gov.br\/portal\/wp-json\/wp\/v2\/media\/897299"}],"wp:attachment":[{"href":"https:\/\/www.pm.pb.gov.br\/portal\/wp-json\/wp\/v2\/media?parent=897298"}],"wp:term":[{"taxonomy":"category","embeddable":true,"href":"https:\/\/www.pm.pb.gov.br\/portal\/wp-json\/wp\/v2\/categories?post=897298"},{"taxonomy":"post_tag","embeddable":true,"href":"https:\/\/www.pm.pb.gov.br\/portal\/wp-json\/wp\/v2\/tags?post=897298"}],"curies":[{"name":"wp","href":"https:\/\/api.w.org\/{rel}","templated":true}]}}