{"id":897293,"date":"2018-03-20T16:03:29","date_gmt":"2018-03-20T19:03:29","guid":{"rendered":"http:\/\/www.pm.pb.gov.br\/portal\/?p=897293"},"modified":"2018-03-20T16:03:29","modified_gmt":"2018-03-20T19:03:29","slug":"policia-militar-descobre-plantacao-de-maconha-no-quintal-da-casa-de-um-gesseiro-em-joao-pessoa","status":"publish","type":"post","link":"https:\/\/www.pm.pb.gov.br\/portal\/2018\/03\/20\/policia-militar-descobre-plantacao-de-maconha-no-quintal-da-casa-de-um-gesseiro-em-joao-pessoa\/","title":{"rendered":"Pol\u00edcia Militar descobre planta\u00e7\u00e3o de maconha no quintal da casa de um gesseiro em Jo\u00e3o Pessoa"},"content":{"rendered":"<p style=\"text-align: justify;\">A Pol\u00edcia Militar descobriu uma planta\u00e7\u00e3o de maconha que era cultivada no quintal da casa de um gesseiro, de 27 anos, na rua Macei\u00f3, no bairro do Grot\u00e3o, em Jo\u00e3o Pessoa. Foram encontrados 11 p\u00e9s da droga, no final da manh\u00e3 desta ter\u00e7a-feira (20), e apreendidos tamb\u00e9m os vasos usados para o cultivo da planta.<\/p>\n<p style=\"text-align: justify;\">Os policiais do 5\u00ba Batalh\u00e3o chegaram at\u00e9 o local por meio de uma den\u00fancia an\u00f4nima e constataram que o suspeito realizava o cultivo de maconha h\u00e1 pelo menos quatro meses, no quintal da pr\u00f3pria resid\u00eancia.<\/p>\n<p style=\"text-align: justify;\">Ele foi apresentado na Central de Flagrantes, no bairro do Geisel, com todo o material apreendido.<\/p>\n","protected":false},"excerpt":{"rendered":"<p>A Pol\u00edcia Militar descobriu uma planta\u00e7\u00e3o de maconha que era cultivada no quintal da casa de um gesseiro, de 27<\/p>\n","protected":false},"author":15,"featured_media":897294,"comment_status":"closed","ping_status":"closed","sticky":false,"template":"","format":"standard","meta":{"_exactmetrics_skip_tracking":false,"_exactmetrics_sitenote_active":false,"_exactmetrics_sitenote_note":"","_exactmetrics_sitenote_category":0,"footnotes":""},"categories":[4],"tags":[],"yoast_head":"<!-- This site is optimized with the Yoast SEO plugin v22.0 - https:\/\/yoast.com\/wordpress\/plugins\/seo\/ -->\n<title>Pol\u00edcia Militar descobre planta\u00e7\u00e3o de maconha no quintal da casa de um gesseiro em Jo\u00e3o Pessoa - Pol\u00edcia Militar da Para\u00edba<\/title>\n<meta name=\"robots\" content=\"index, follow, max-snippet:-1, max-image-preview:large, max-video-preview:-1\" \/>\n<link rel=\"canonical\" href=\"https:\/\/www.pm.pb.gov.br\/portal\/2018\/03\/20\/policia-militar-descobre-plantacao-de-maconha-no-quintal-da-casa-de-um-gesseiro-em-joao-pessoa\/\" \/>\n<meta property=\"og:locale\" content=\"pt_BR\" \/>\n<meta property=\"og:type\" content=\"article\" \/>\n<meta property=\"og:title\" content=\"Pol\u00edcia Militar descobre planta\u00e7\u00e3o de maconha no quintal da casa de um gesseiro em Jo\u00e3o Pessoa - Pol\u00edcia Militar da Para\u00edba\" \/>\n<meta property=\"og:description\" content=\"A Pol\u00edcia Militar descobriu uma planta\u00e7\u00e3o de maconha que era cultivada no quintal da casa de um gesseiro, de 27\" \/>\n<meta property=\"og:url\" content=\"https:\/\/www.pm.pb.gov.br\/portal\/2018\/03\/20\/policia-militar-descobre-plantacao-de-maconha-no-quintal-da-casa-de-um-gesseiro-em-joao-pessoa\/\" \/>\n<meta property=\"og:site_name\" content=\"Pol\u00edcia Militar da Para\u00edba\" \/>\n<meta property=\"article:published_time\" content=\"2018-03-20T19:03:29+00:00\" \/>\n<meta property=\"og:image\" content=\"https:\/\/www.pm.pb.gov.br\/portal\/wp-content\/uploads\/2018\/03\/drogas_20-03-18.jpg\" \/>\n\t<meta property=\"og:image:width\" content=\"800\" \/>\n\t<meta property=\"og:image:height\" content=\"451\" \/>\n\t<meta property=\"og:image:type\" content=\"image\/jpeg\" \/>\n<meta name=\"author\" content=\"Marcio Gomes dos Santos\" \/>\n<meta name=\"twitter:card\" content=\"summary_large_image\" \/>\n<meta name=\"twitter:label1\" content=\"Escrito por\" \/>\n\t<meta name=\"twitter:data1\" content=\"Marcio Gomes dos Santos\" \/>\n\t<meta name=\"twitter:label2\" content=\"Est. tempo de leitura\" \/>\n\t<meta name=\"twitter:data2\" content=\"1 minuto\" \/>\n<script type=\"application\/ld+json\" class=\"yoast-schema-graph\">{\"@context\":\"https:\/\/schema.org\",\"@graph\":[{\"@type\":\"Article\",\"@id\":\"https:\/\/www.pm.pb.gov.br\/portal\/2018\/03\/20\/policia-militar-descobre-plantacao-de-maconha-no-quintal-da-casa-de-um-gesseiro-em-joao-pessoa\/#article\",\"isPartOf\":{\"@id\":\"https:\/\/www.pm.pb.gov.br\/portal\/2018\/03\/20\/policia-militar-descobre-plantacao-de-maconha-no-quintal-da-casa-de-um-gesseiro-em-joao-pessoa\/\"},\"author\":{\"name\":\"Marcio Gomes dos Santos\",\"@id\":\"https:\/\/www.pm.pb.gov.br\/portal\/#\/schema\/person\/30d571652b38533c2211e4e89bf5a502\"},\"headline\":\"Pol\u00edcia Militar descobre planta\u00e7\u00e3o de maconha no quintal da casa de um gesseiro em Jo\u00e3o Pessoa\",\"datePublished\":\"2018-03-20T19:03:29+00:00\",\"dateModified\":\"2018-03-20T19:03:29+00:00\",\"mainEntityOfPage\":{\"@id\":\"https:\/\/www.pm.pb.gov.br\/portal\/2018\/03\/20\/policia-militar-descobre-plantacao-de-maconha-no-quintal-da-casa-de-um-gesseiro-em-joao-pessoa\/\"},\"wordCount\":133,\"publisher\":{\"@id\":\"https:\/\/www.pm.pb.gov.br\/portal\/#organization\"},\"articleSection\":[\"A\u00e7\u00f5es Policiais\"],\"inLanguage\":\"pt-BR\"},{\"@type\":\"WebPage\",\"@id\":\"https:\/\/www.pm.pb.gov.br\/portal\/2018\/03\/20\/policia-militar-descobre-plantacao-de-maconha-no-quintal-da-casa-de-um-gesseiro-em-joao-pessoa\/\",\"url\":\"https:\/\/www.pm.pb.gov.br\/portal\/2018\/03\/20\/policia-militar-descobre-plantacao-de-maconha-no-quintal-da-casa-de-um-gesseiro-em-joao-pessoa\/\",\"name\":\"Pol\u00edcia Militar descobre planta\u00e7\u00e3o de maconha no quintal da casa de um gesseiro em Jo\u00e3o Pessoa - Pol\u00edcia Militar da Para\u00edba\",\"isPartOf\":{\"@id\":\"https:\/\/www.pm.pb.gov.br\/portal\/#website\"},\"datePublished\":\"2018-03-20T19:03:29+00:00\",\"dateModified\":\"2018-03-20T19:03:29+00:00\",\"breadcrumb\":{\"@id\":\"https:\/\/www.pm.pb.gov.br\/portal\/2018\/03\/20\/policia-militar-descobre-plantacao-de-maconha-no-quintal-da-casa-de-um-gesseiro-em-joao-pessoa\/#breadcrumb\"},\"inLanguage\":\"pt-BR\",\"potentialAction\":[{\"@type\":\"ReadAction\",\"target\":[\"https:\/\/www.pm.pb.gov.br\/portal\/2018\/03\/20\/policia-militar-descobre-plantacao-de-maconha-no-quintal-da-casa-de-um-gesseiro-em-joao-pessoa\/\"]}]},{\"@type\":\"BreadcrumbList\",\"@id\":\"https:\/\/www.pm.pb.gov.br\/portal\/2018\/03\/20\/policia-militar-descobre-plantacao-de-maconha-no-quintal-da-casa-de-um-gesseiro-em-joao-pessoa\/#breadcrumb\",\"itemListElement\":[{\"@type\":\"ListItem\",\"position\":1,\"name\":\"In\u00edcio\",\"item\":\"https:\/\/www.pm.pb.gov.br\/portal\/\"},{\"@type\":\"ListItem\",\"position\":2,\"name\":\"Pol\u00edcia Militar descobre planta\u00e7\u00e3o de maconha no quintal da casa de um gesseiro em Jo\u00e3o Pessoa\"}]},{\"@type\":\"WebSite\",\"@id\":\"https:\/\/www.pm.pb.gov.br\/portal\/#website\",\"url\":\"https:\/\/www.pm.pb.gov.br\/portal\/\",\"name\":\"Pol\u00edcia Militar da Para\u00edba\",\"description\":\"\",\"publisher\":{\"@id\":\"https:\/\/www.pm.pb.gov.br\/portal\/#organization\"},\"potentialAction\":[{\"@type\":\"SearchAction\",\"target\":{\"@type\":\"EntryPoint\",\"urlTemplate\":\"https:\/\/www.pm.pb.gov.br\/portal\/?s={search_term_string}\"},\"query-input\":\"required name=search_term_string\"}],\"inLanguage\":\"pt-BR\"},{\"@type\":\"Organization\",\"@id\":\"https:\/\/www.pm.pb.gov.br\/portal\/#organization\",\"name\":\"Pol\u00edcia Militar da Para\u00edba\",\"url\":\"https:\/\/www.pm.pb.gov.br\/portal\/\",\"logo\":{\"@type\":\"ImageObject\",\"inLanguage\":\"pt-BR\",\"@id\":\"https:\/\/www.pm.pb.gov.br\/portal\/#\/schema\/logo\/image\/\",\"url\":\"https:\/\/www.pm.pb.gov.br\/portal\/wp-content\/uploads\/2025\/03\/cropped-logo-site-mag2-1.png\",\"contentUrl\":\"https:\/\/www.pm.pb.gov.br\/portal\/wp-content\/uploads\/2025\/03\/cropped-logo-site-mag2-1.png\",\"width\":320,\"height\":90,\"caption\":\"Pol\u00edcia Militar da Para\u00edba\"},\"image\":{\"@id\":\"https:\/\/www.pm.pb.gov.br\/portal\/#\/schema\/logo\/image\/\"}},{\"@type\":\"Person\",\"@id\":\"https:\/\/www.pm.pb.gov.br\/portal\/#\/schema\/person\/30d571652b38533c2211e4e89bf5a502\",\"name\":\"Marcio Gomes dos Santos\",\"image\":{\"@type\":\"ImageObject\",\"inLanguage\":\"pt-BR\",\"@id\":\"https:\/\/www.pm.pb.gov.br\/portal\/#\/schema\/person\/image\/\",\"url\":\"https:\/\/secure.gravatar.com\/avatar\/cf4ec2cb690101e1581c7773aa350c19?s=96&d=mm&r=g\",\"contentUrl\":\"https:\/\/secure.gravatar.com\/avatar\/cf4ec2cb690101e1581c7773aa350c19?s=96&d=mm&r=g\",\"caption\":\"Marcio Gomes dos Santos\"},\"url\":\"https:\/\/www.pm.pb.gov.br\/portal\/author\/mgomes\/\"}]}<\/script>\n<!-- \/ Yoast SEO plugin. -->","yoast_head_json":{"title":"Pol\u00edcia Militar descobre planta\u00e7\u00e3o de maconha no quintal da casa de um gesseiro em Jo\u00e3o Pessoa - Pol\u00edcia Militar da Para\u00edba","robots":{"index":"index","follow":"follow","max-snippet":"max-snippet:-1","max-image-preview":"max-image-preview:large","max-video-preview":"max-video-preview:-1"},"canonical":"https:\/\/www.pm.pb.gov.br\/portal\/2018\/03\/20\/policia-militar-descobre-plantacao-de-maconha-no-quintal-da-casa-de-um-gesseiro-em-joao-pessoa\/","og_locale":"pt_BR","og_type":"article","og_title":"Pol\u00edcia Militar descobre planta\u00e7\u00e3o de maconha no quintal da casa de um gesseiro em Jo\u00e3o Pessoa - Pol\u00edcia Militar da Para\u00edba","og_description":"A Pol\u00edcia Militar descobriu uma planta\u00e7\u00e3o de maconha que era cultivada no quintal da casa de um gesseiro, de 27","og_url":"https:\/\/www.pm.pb.gov.br\/portal\/2018\/03\/20\/policia-militar-descobre-plantacao-de-maconha-no-quintal-da-casa-de-um-gesseiro-em-joao-pessoa\/","og_site_name":"Pol\u00edcia Militar da Para\u00edba","article_published_time":"2018-03-20T19:03:29+00:00","og_image":[{"width":800,"height":451,"url":"https:\/\/www.pm.pb.gov.br\/portal\/wp-content\/uploads\/2018\/03\/drogas_20-03-18.jpg","type":"image\/jpeg"}],"author":"Marcio Gomes dos Santos","twitter_card":"summary_large_image","twitter_misc":{"Escrito por":"Marcio Gomes dos Santos","Est. tempo de leitura":"1 minuto"},"schema":{"@context":"https:\/\/schema.org","@graph":[{"@type":"Article","@id":"https:\/\/www.pm.pb.gov.br\/portal\/2018\/03\/20\/policia-militar-descobre-plantacao-de-maconha-no-quintal-da-casa-de-um-gesseiro-em-joao-pessoa\/#article","isPartOf":{"@id":"https:\/\/www.pm.pb.gov.br\/portal\/2018\/03\/20\/policia-militar-descobre-plantacao-de-maconha-no-quintal-da-casa-de-um-gesseiro-em-joao-pessoa\/"},"author":{"name":"Marcio Gomes dos Santos","@id":"https:\/\/www.pm.pb.gov.br\/portal\/#\/schema\/person\/30d571652b38533c2211e4e89bf5a502"},"headline":"Pol\u00edcia Militar descobre planta\u00e7\u00e3o de maconha no quintal da casa de um gesseiro em Jo\u00e3o Pessoa","datePublished":"2018-03-20T19:03:29+00:00","dateModified":"2018-03-20T19:03:29+00:00","mainEntityOfPage":{"@id":"https:\/\/www.pm.pb.gov.br\/portal\/2018\/03\/20\/policia-militar-descobre-plantacao-de-maconha-no-quintal-da-casa-de-um-gesseiro-em-joao-pessoa\/"},"wordCount":133,"publisher":{"@id":"https:\/\/www.pm.pb.gov.br\/portal\/#organization"},"articleSection":["A\u00e7\u00f5es Policiais"],"inLanguage":"pt-BR"},{"@type":"WebPage","@id":"https:\/\/www.pm.pb.gov.br\/portal\/2018\/03\/20\/policia-militar-descobre-plantacao-de-maconha-no-quintal-da-casa-de-um-gesseiro-em-joao-pessoa\/","url":"https:\/\/www.pm.pb.gov.br\/portal\/2018\/03\/20\/policia-militar-descobre-plantacao-de-maconha-no-quintal-da-casa-de-um-gesseiro-em-joao-pessoa\/","name":"Pol\u00edcia Militar descobre planta\u00e7\u00e3o de maconha no quintal da casa de um gesseiro em Jo\u00e3o Pessoa - Pol\u00edcia Militar da Para\u00edba","isPartOf":{"@id":"https:\/\/www.pm.pb.gov.br\/portal\/#website"},"datePublished":"2018-03-20T19:03:29+00:00","dateModified":"2018-03-20T19:03:29+00:00","breadcrumb":{"@id":"https:\/\/www.pm.pb.gov.br\/portal\/2018\/03\/20\/policia-militar-descobre-plantacao-de-maconha-no-quintal-da-casa-de-um-gesseiro-em-joao-pessoa\/#breadcrumb"},"inLanguage":"pt-BR","potentialAction":[{"@type":"ReadAction","target":["https:\/\/www.pm.pb.gov.br\/portal\/2018\/03\/20\/policia-militar-descobre-plantacao-de-maconha-no-quintal-da-casa-de-um-gesseiro-em-joao-pessoa\/"]}]},{"@type":"BreadcrumbList","@id":"https:\/\/www.pm.pb.gov.br\/portal\/2018\/03\/20\/policia-militar-descobre-plantacao-de-maconha-no-quintal-da-casa-de-um-gesseiro-em-joao-pessoa\/#breadcrumb","itemListElement":[{"@type":"ListItem","position":1,"name":"In\u00edcio","item":"https:\/\/www.pm.pb.gov.br\/portal\/"},{"@type":"ListItem","position":2,"name":"Pol\u00edcia Militar descobre planta\u00e7\u00e3o de maconha no quintal da casa de um gesseiro em Jo\u00e3o Pessoa"}]},{"@type":"WebSite","@id":"https:\/\/www.pm.pb.gov.br\/portal\/#website","url":"https:\/\/www.pm.pb.gov.br\/portal\/","name":"Pol\u00edcia Militar da Para\u00edba","description":"","publisher":{"@id":"https:\/\/www.pm.pb.gov.br\/portal\/#organization"},"potentialAction":[{"@type":"SearchAction","target":{"@type":"EntryPoint","urlTemplate":"https:\/\/www.pm.pb.gov.br\/portal\/?s={search_term_string}"},"query-input":"required name=search_term_string"}],"inLanguage":"pt-BR"},{"@type":"Organization","@id":"https:\/\/www.pm.pb.gov.br\/portal\/#organization","name":"Pol\u00edcia Militar da Para\u00edba","url":"https:\/\/www.pm.pb.gov.br\/portal\/","logo":{"@type":"ImageObject","inLanguage":"pt-BR","@id":"https:\/\/www.pm.pb.gov.br\/portal\/#\/schema\/logo\/image\/","url":"https:\/\/www.pm.pb.gov.br\/portal\/wp-content\/uploads\/2025\/03\/cropped-logo-site-mag2-1.png","contentUrl":"https:\/\/www.pm.pb.gov.br\/portal\/wp-content\/uploads\/2025\/03\/cropped-logo-site-mag2-1.png","width":320,"height":90,"caption":"Pol\u00edcia Militar da Para\u00edba"},"image":{"@id":"https:\/\/www.pm.pb.gov.br\/portal\/#\/schema\/logo\/image\/"}},{"@type":"Person","@id":"https:\/\/www.pm.pb.gov.br\/portal\/#\/schema\/person\/30d571652b38533c2211e4e89bf5a502","name":"Marcio Gomes dos Santos","image":{"@type":"ImageObject","inLanguage":"pt-BR","@id":"https:\/\/www.pm.pb.gov.br\/portal\/#\/schema\/person\/image\/","url":"https:\/\/secure.gravatar.com\/avatar\/cf4ec2cb690101e1581c7773aa350c19?s=96&d=mm&r=g","contentUrl":"https:\/\/secure.gravatar.com\/avatar\/cf4ec2cb690101e1581c7773aa350c19?s=96&d=mm&r=g","caption":"Marcio Gomes dos Santos"},"url":"https:\/\/www.pm.pb.gov.br\/portal\/author\/mgomes\/"}]}},"_links":{"self":[{"href":"https:\/\/www.pm.pb.gov.br\/portal\/wp-json\/wp\/v2\/posts\/897293"}],"collection":[{"href":"https:\/\/www.pm.pb.gov.br\/portal\/wp-json\/wp\/v2\/posts"}],"about":[{"href":"https:\/\/www.pm.pb.gov.br\/portal\/wp-json\/wp\/v2\/types\/post"}],"author":[{"embeddable":true,"href":"https:\/\/www.pm.pb.gov.br\/portal\/wp-json\/wp\/v2\/users\/15"}],"replies":[{"embeddable":true,"href":"https:\/\/www.pm.pb.gov.br\/portal\/wp-json\/wp\/v2\/comments?post=897293"}],"version-history":[{"count":1,"href":"https:\/\/www.pm.pb.gov.br\/portal\/wp-json\/wp\/v2\/posts\/897293\/revisions"}],"predecessor-version":[{"id":897295,"href":"https:\/\/www.pm.pb.gov.br\/portal\/wp-json\/wp\/v2\/posts\/897293\/revisions\/897295"}],"wp:featuredmedia":[{"embeddable":true,"href":"https:\/\/www.pm.pb.gov.br\/portal\/wp-json\/wp\/v2\/media\/897294"}],"wp:attachment":[{"href":"https:\/\/www.pm.pb.gov.br\/portal\/wp-json\/wp\/v2\/media?parent=897293"}],"wp:term":[{"taxonomy":"category","embeddable":true,"href":"https:\/\/www.pm.pb.gov.br\/portal\/wp-json\/wp\/v2\/categories?post=897293"},{"taxonomy":"post_tag","embeddable":true,"href":"https:\/\/www.pm.pb.gov.br\/portal\/wp-json\/wp\/v2\/tags?post=897293"}],"curies":[{"name":"wp","href":"https:\/\/api.w.org\/{rel}","templated":true}]}}