{"id":897258,"date":"2018-03-18T12:49:43","date_gmt":"2018-03-18T15:49:43","guid":{"rendered":"http:\/\/www.pm.pb.gov.br\/portal\/?p=897258"},"modified":"2018-03-18T12:49:43","modified_gmt":"2018-03-18T15:49:43","slug":"policia-militar-desmonta-fabrica-clandestina-de-anabolizantes-na-capital","status":"publish","type":"post","link":"https:\/\/www.pm.pb.gov.br\/portal\/2018\/03\/18\/policia-militar-desmonta-fabrica-clandestina-de-anabolizantes-na-capital\/","title":{"rendered":"Pol\u00edcia Militar desmonta f\u00e1brica clandestina de anabolizantes na Capital"},"content":{"rendered":"<p style=\"text-align: justify;\">Tr\u00eas suspeitos foram presos em flagrante, na noite desse s\u00e1bado (17), por envolvimento em um esquema de produ\u00e7\u00e3o de anabolizantes, que funcionava dentro de um apartamento, entre os bairros do Geisel e Gramame, na zona sul da Capital. A Pol\u00edcia Militar descobriu que o local era usado como laborat\u00f3rio clandestino e encontrou, no ambiente, seringas, compostos qu\u00edmicos e v\u00e1rios aparelhos usados na fabrica\u00e7\u00e3o dos produtos.<\/p>\n<p style=\"text-align: justify;\">De acordo com o capit\u00e3o Bertuni Silva, da For\u00e7a T\u00e1tica do 5\u00ba Batalh\u00e3o, o esquema foi desmontado a partir de levantamentos da Coordenadoria de Intelig\u00eancia da PM (COInt). \u201cA intelig\u00eancia fez o levantamento e indicou que no apartamento, que ficava no t\u00e9rreo desse pr\u00e9dio, funcionava um laborat\u00f3rio que abastecia cidades da Grande Jo\u00e3o Pessoa, onde encontramos ampolas, seringas, subst\u00e2ncias e maquin\u00e1rios usados na manipula\u00e7\u00e3o e armazenamentos dos produtos\u201d, contou.<\/p>\n<p style=\"text-align: justify;\">Os suspeitos s\u00e3o dois homens, de 25 (morador do Portal do Sol) e de 26 anos (dos Banc\u00e1rios), e uma mulher, de 29 anos (moradora dos Banc\u00e1rios). Os tr\u00eas e o material apreendido foram entregues na Central de Pol\u00edcia Civil, no Geisel.<\/p>\n<p style=\"text-align: justify;\">Riscos \u00e0 sa\u00fade &#8211; Anabolizantes s\u00e3o usados em terapias de reposi\u00e7\u00e3o do horm\u00f4nio masculino testosterona e podem causar efeitos colaterais graves, inclusive a morte, desde que sejam consumidos sem a orienta\u00e7\u00e3o m\u00e9dica, como era o caso do laborat\u00f3rio desarticulado pela PM paraibana. Entre as altera\u00e7\u00f5es no corpo que ele pode provocar est\u00e3o dist\u00farbios na coagula\u00e7\u00e3o, ataque card\u00edaco, altera\u00e7\u00e3o nas taxas de colesterol, hipertens\u00e3o, tumores no f\u00edgado e no p\u00e2ncreas.<\/p>\n","protected":false},"excerpt":{"rendered":"<p>Tr\u00eas suspeitos foram presos em flagrante, na noite desse s\u00e1bado (17), por envolvimento em um esquema de produ\u00e7\u00e3o de anabolizantes,<\/p>\n","protected":false},"author":15,"featured_media":897259,"comment_status":"closed","ping_status":"closed","sticky":false,"template":"","format":"standard","meta":{"_exactmetrics_skip_tracking":false,"_exactmetrics_sitenote_active":false,"_exactmetrics_sitenote_note":"","_exactmetrics_sitenote_category":0,"footnotes":""},"categories":[4],"tags":[],"yoast_head":"<!-- This site is optimized with the Yoast SEO plugin v22.0 - https:\/\/yoast.com\/wordpress\/plugins\/seo\/ -->\n<title>Pol\u00edcia Militar desmonta f\u00e1brica clandestina de anabolizantes na Capital - Pol\u00edcia Militar da Para\u00edba<\/title>\n<meta name=\"robots\" content=\"index, follow, max-snippet:-1, max-image-preview:large, max-video-preview:-1\" \/>\n<link rel=\"canonical\" href=\"https:\/\/www.pm.pb.gov.br\/portal\/2018\/03\/18\/policia-militar-desmonta-fabrica-clandestina-de-anabolizantes-na-capital\/\" \/>\n<meta property=\"og:locale\" content=\"pt_BR\" \/>\n<meta property=\"og:type\" content=\"article\" \/>\n<meta property=\"og:title\" content=\"Pol\u00edcia Militar desmonta f\u00e1brica clandestina de anabolizantes na Capital - Pol\u00edcia Militar da Para\u00edba\" \/>\n<meta property=\"og:description\" content=\"Tr\u00eas suspeitos foram presos em flagrante, na noite desse s\u00e1bado (17), por envolvimento em um esquema de produ\u00e7\u00e3o de anabolizantes,\" \/>\n<meta property=\"og:url\" content=\"https:\/\/www.pm.pb.gov.br\/portal\/2018\/03\/18\/policia-militar-desmonta-fabrica-clandestina-de-anabolizantes-na-capital\/\" \/>\n<meta property=\"og:site_name\" content=\"Pol\u00edcia Militar da Para\u00edba\" \/>\n<meta property=\"article:published_time\" content=\"2018-03-18T15:49:43+00:00\" \/>\n<meta property=\"og:image\" content=\"https:\/\/www.pm.pb.gov.br\/portal\/wp-content\/uploads\/2018\/03\/anabolizantes_17-03-18-1.jpg\" \/>\n\t<meta property=\"og:image:width\" content=\"800\" \/>\n\t<meta property=\"og:image:height\" content=\"450\" \/>\n\t<meta property=\"og:image:type\" content=\"image\/jpeg\" \/>\n<meta name=\"author\" content=\"Marcio Gomes dos Santos\" \/>\n<meta name=\"twitter:card\" content=\"summary_large_image\" \/>\n<meta name=\"twitter:label1\" content=\"Escrito por\" \/>\n\t<meta name=\"twitter:data1\" content=\"Marcio Gomes dos Santos\" \/>\n\t<meta name=\"twitter:label2\" content=\"Est. tempo de leitura\" \/>\n\t<meta name=\"twitter:data2\" content=\"1 minuto\" \/>\n<script type=\"application\/ld+json\" class=\"yoast-schema-graph\">{\"@context\":\"https:\/\/schema.org\",\"@graph\":[{\"@type\":\"Article\",\"@id\":\"https:\/\/www.pm.pb.gov.br\/portal\/2018\/03\/18\/policia-militar-desmonta-fabrica-clandestina-de-anabolizantes-na-capital\/#article\",\"isPartOf\":{\"@id\":\"https:\/\/www.pm.pb.gov.br\/portal\/2018\/03\/18\/policia-militar-desmonta-fabrica-clandestina-de-anabolizantes-na-capital\/\"},\"author\":{\"name\":\"Marcio Gomes dos Santos\",\"@id\":\"https:\/\/www.pm.pb.gov.br\/portal\/#\/schema\/person\/30d571652b38533c2211e4e89bf5a502\"},\"headline\":\"Pol\u00edcia Militar desmonta f\u00e1brica clandestina de anabolizantes na Capital\",\"datePublished\":\"2018-03-18T15:49:43+00:00\",\"dateModified\":\"2018-03-18T15:49:43+00:00\",\"mainEntityOfPage\":{\"@id\":\"https:\/\/www.pm.pb.gov.br\/portal\/2018\/03\/18\/policia-militar-desmonta-fabrica-clandestina-de-anabolizantes-na-capital\/\"},\"wordCount\":292,\"publisher\":{\"@id\":\"https:\/\/www.pm.pb.gov.br\/portal\/#organization\"},\"articleSection\":[\"A\u00e7\u00f5es Policiais\"],\"inLanguage\":\"pt-BR\"},{\"@type\":\"WebPage\",\"@id\":\"https:\/\/www.pm.pb.gov.br\/portal\/2018\/03\/18\/policia-militar-desmonta-fabrica-clandestina-de-anabolizantes-na-capital\/\",\"url\":\"https:\/\/www.pm.pb.gov.br\/portal\/2018\/03\/18\/policia-militar-desmonta-fabrica-clandestina-de-anabolizantes-na-capital\/\",\"name\":\"Pol\u00edcia Militar desmonta f\u00e1brica clandestina de anabolizantes na Capital - Pol\u00edcia Militar da Para\u00edba\",\"isPartOf\":{\"@id\":\"https:\/\/www.pm.pb.gov.br\/portal\/#website\"},\"datePublished\":\"2018-03-18T15:49:43+00:00\",\"dateModified\":\"2018-03-18T15:49:43+00:00\",\"breadcrumb\":{\"@id\":\"https:\/\/www.pm.pb.gov.br\/portal\/2018\/03\/18\/policia-militar-desmonta-fabrica-clandestina-de-anabolizantes-na-capital\/#breadcrumb\"},\"inLanguage\":\"pt-BR\",\"potentialAction\":[{\"@type\":\"ReadAction\",\"target\":[\"https:\/\/www.pm.pb.gov.br\/portal\/2018\/03\/18\/policia-militar-desmonta-fabrica-clandestina-de-anabolizantes-na-capital\/\"]}]},{\"@type\":\"BreadcrumbList\",\"@id\":\"https:\/\/www.pm.pb.gov.br\/portal\/2018\/03\/18\/policia-militar-desmonta-fabrica-clandestina-de-anabolizantes-na-capital\/#breadcrumb\",\"itemListElement\":[{\"@type\":\"ListItem\",\"position\":1,\"name\":\"In\u00edcio\",\"item\":\"https:\/\/www.pm.pb.gov.br\/portal\/\"},{\"@type\":\"ListItem\",\"position\":2,\"name\":\"Pol\u00edcia Militar desmonta f\u00e1brica clandestina de anabolizantes na Capital\"}]},{\"@type\":\"WebSite\",\"@id\":\"https:\/\/www.pm.pb.gov.br\/portal\/#website\",\"url\":\"https:\/\/www.pm.pb.gov.br\/portal\/\",\"name\":\"Pol\u00edcia Militar da Para\u00edba\",\"description\":\"\",\"publisher\":{\"@id\":\"https:\/\/www.pm.pb.gov.br\/portal\/#organization\"},\"potentialAction\":[{\"@type\":\"SearchAction\",\"target\":{\"@type\":\"EntryPoint\",\"urlTemplate\":\"https:\/\/www.pm.pb.gov.br\/portal\/?s={search_term_string}\"},\"query-input\":\"required name=search_term_string\"}],\"inLanguage\":\"pt-BR\"},{\"@type\":\"Organization\",\"@id\":\"https:\/\/www.pm.pb.gov.br\/portal\/#organization\",\"name\":\"Pol\u00edcia Militar da Para\u00edba\",\"url\":\"https:\/\/www.pm.pb.gov.br\/portal\/\",\"logo\":{\"@type\":\"ImageObject\",\"inLanguage\":\"pt-BR\",\"@id\":\"https:\/\/www.pm.pb.gov.br\/portal\/#\/schema\/logo\/image\/\",\"url\":\"https:\/\/www.pm.pb.gov.br\/portal\/wp-content\/uploads\/2025\/03\/cropped-logo-site-mag2-1.png\",\"contentUrl\":\"https:\/\/www.pm.pb.gov.br\/portal\/wp-content\/uploads\/2025\/03\/cropped-logo-site-mag2-1.png\",\"width\":320,\"height\":90,\"caption\":\"Pol\u00edcia Militar da Para\u00edba\"},\"image\":{\"@id\":\"https:\/\/www.pm.pb.gov.br\/portal\/#\/schema\/logo\/image\/\"}},{\"@type\":\"Person\",\"@id\":\"https:\/\/www.pm.pb.gov.br\/portal\/#\/schema\/person\/30d571652b38533c2211e4e89bf5a502\",\"name\":\"Marcio Gomes dos Santos\",\"image\":{\"@type\":\"ImageObject\",\"inLanguage\":\"pt-BR\",\"@id\":\"https:\/\/www.pm.pb.gov.br\/portal\/#\/schema\/person\/image\/\",\"url\":\"https:\/\/secure.gravatar.com\/avatar\/cf4ec2cb690101e1581c7773aa350c19?s=96&d=mm&r=g\",\"contentUrl\":\"https:\/\/secure.gravatar.com\/avatar\/cf4ec2cb690101e1581c7773aa350c19?s=96&d=mm&r=g\",\"caption\":\"Marcio Gomes dos Santos\"},\"url\":\"https:\/\/www.pm.pb.gov.br\/portal\/author\/mgomes\/\"}]}<\/script>\n<!-- \/ Yoast SEO plugin. -->","yoast_head_json":{"title":"Pol\u00edcia Militar desmonta f\u00e1brica clandestina de anabolizantes na Capital - Pol\u00edcia Militar da Para\u00edba","robots":{"index":"index","follow":"follow","max-snippet":"max-snippet:-1","max-image-preview":"max-image-preview:large","max-video-preview":"max-video-preview:-1"},"canonical":"https:\/\/www.pm.pb.gov.br\/portal\/2018\/03\/18\/policia-militar-desmonta-fabrica-clandestina-de-anabolizantes-na-capital\/","og_locale":"pt_BR","og_type":"article","og_title":"Pol\u00edcia Militar desmonta f\u00e1brica clandestina de anabolizantes na Capital - Pol\u00edcia Militar da Para\u00edba","og_description":"Tr\u00eas suspeitos foram presos em flagrante, na noite desse s\u00e1bado (17), por envolvimento em um esquema de produ\u00e7\u00e3o de anabolizantes,","og_url":"https:\/\/www.pm.pb.gov.br\/portal\/2018\/03\/18\/policia-militar-desmonta-fabrica-clandestina-de-anabolizantes-na-capital\/","og_site_name":"Pol\u00edcia Militar da Para\u00edba","article_published_time":"2018-03-18T15:49:43+00:00","og_image":[{"width":800,"height":450,"url":"https:\/\/www.pm.pb.gov.br\/portal\/wp-content\/uploads\/2018\/03\/anabolizantes_17-03-18-1.jpg","type":"image\/jpeg"}],"author":"Marcio Gomes dos Santos","twitter_card":"summary_large_image","twitter_misc":{"Escrito por":"Marcio Gomes dos Santos","Est. tempo de leitura":"1 minuto"},"schema":{"@context":"https:\/\/schema.org","@graph":[{"@type":"Article","@id":"https:\/\/www.pm.pb.gov.br\/portal\/2018\/03\/18\/policia-militar-desmonta-fabrica-clandestina-de-anabolizantes-na-capital\/#article","isPartOf":{"@id":"https:\/\/www.pm.pb.gov.br\/portal\/2018\/03\/18\/policia-militar-desmonta-fabrica-clandestina-de-anabolizantes-na-capital\/"},"author":{"name":"Marcio Gomes dos Santos","@id":"https:\/\/www.pm.pb.gov.br\/portal\/#\/schema\/person\/30d571652b38533c2211e4e89bf5a502"},"headline":"Pol\u00edcia Militar desmonta f\u00e1brica clandestina de anabolizantes na Capital","datePublished":"2018-03-18T15:49:43+00:00","dateModified":"2018-03-18T15:49:43+00:00","mainEntityOfPage":{"@id":"https:\/\/www.pm.pb.gov.br\/portal\/2018\/03\/18\/policia-militar-desmonta-fabrica-clandestina-de-anabolizantes-na-capital\/"},"wordCount":292,"publisher":{"@id":"https:\/\/www.pm.pb.gov.br\/portal\/#organization"},"articleSection":["A\u00e7\u00f5es Policiais"],"inLanguage":"pt-BR"},{"@type":"WebPage","@id":"https:\/\/www.pm.pb.gov.br\/portal\/2018\/03\/18\/policia-militar-desmonta-fabrica-clandestina-de-anabolizantes-na-capital\/","url":"https:\/\/www.pm.pb.gov.br\/portal\/2018\/03\/18\/policia-militar-desmonta-fabrica-clandestina-de-anabolizantes-na-capital\/","name":"Pol\u00edcia Militar desmonta f\u00e1brica clandestina de anabolizantes na Capital - Pol\u00edcia Militar da Para\u00edba","isPartOf":{"@id":"https:\/\/www.pm.pb.gov.br\/portal\/#website"},"datePublished":"2018-03-18T15:49:43+00:00","dateModified":"2018-03-18T15:49:43+00:00","breadcrumb":{"@id":"https:\/\/www.pm.pb.gov.br\/portal\/2018\/03\/18\/policia-militar-desmonta-fabrica-clandestina-de-anabolizantes-na-capital\/#breadcrumb"},"inLanguage":"pt-BR","potentialAction":[{"@type":"ReadAction","target":["https:\/\/www.pm.pb.gov.br\/portal\/2018\/03\/18\/policia-militar-desmonta-fabrica-clandestina-de-anabolizantes-na-capital\/"]}]},{"@type":"BreadcrumbList","@id":"https:\/\/www.pm.pb.gov.br\/portal\/2018\/03\/18\/policia-militar-desmonta-fabrica-clandestina-de-anabolizantes-na-capital\/#breadcrumb","itemListElement":[{"@type":"ListItem","position":1,"name":"In\u00edcio","item":"https:\/\/www.pm.pb.gov.br\/portal\/"},{"@type":"ListItem","position":2,"name":"Pol\u00edcia Militar desmonta f\u00e1brica clandestina de anabolizantes na Capital"}]},{"@type":"WebSite","@id":"https:\/\/www.pm.pb.gov.br\/portal\/#website","url":"https:\/\/www.pm.pb.gov.br\/portal\/","name":"Pol\u00edcia Militar da Para\u00edba","description":"","publisher":{"@id":"https:\/\/www.pm.pb.gov.br\/portal\/#organization"},"potentialAction":[{"@type":"SearchAction","target":{"@type":"EntryPoint","urlTemplate":"https:\/\/www.pm.pb.gov.br\/portal\/?s={search_term_string}"},"query-input":"required name=search_term_string"}],"inLanguage":"pt-BR"},{"@type":"Organization","@id":"https:\/\/www.pm.pb.gov.br\/portal\/#organization","name":"Pol\u00edcia Militar da Para\u00edba","url":"https:\/\/www.pm.pb.gov.br\/portal\/","logo":{"@type":"ImageObject","inLanguage":"pt-BR","@id":"https:\/\/www.pm.pb.gov.br\/portal\/#\/schema\/logo\/image\/","url":"https:\/\/www.pm.pb.gov.br\/portal\/wp-content\/uploads\/2025\/03\/cropped-logo-site-mag2-1.png","contentUrl":"https:\/\/www.pm.pb.gov.br\/portal\/wp-content\/uploads\/2025\/03\/cropped-logo-site-mag2-1.png","width":320,"height":90,"caption":"Pol\u00edcia Militar da Para\u00edba"},"image":{"@id":"https:\/\/www.pm.pb.gov.br\/portal\/#\/schema\/logo\/image\/"}},{"@type":"Person","@id":"https:\/\/www.pm.pb.gov.br\/portal\/#\/schema\/person\/30d571652b38533c2211e4e89bf5a502","name":"Marcio Gomes dos Santos","image":{"@type":"ImageObject","inLanguage":"pt-BR","@id":"https:\/\/www.pm.pb.gov.br\/portal\/#\/schema\/person\/image\/","url":"https:\/\/secure.gravatar.com\/avatar\/cf4ec2cb690101e1581c7773aa350c19?s=96&d=mm&r=g","contentUrl":"https:\/\/secure.gravatar.com\/avatar\/cf4ec2cb690101e1581c7773aa350c19?s=96&d=mm&r=g","caption":"Marcio Gomes dos Santos"},"url":"https:\/\/www.pm.pb.gov.br\/portal\/author\/mgomes\/"}]}},"_links":{"self":[{"href":"https:\/\/www.pm.pb.gov.br\/portal\/wp-json\/wp\/v2\/posts\/897258"}],"collection":[{"href":"https:\/\/www.pm.pb.gov.br\/portal\/wp-json\/wp\/v2\/posts"}],"about":[{"href":"https:\/\/www.pm.pb.gov.br\/portal\/wp-json\/wp\/v2\/types\/post"}],"author":[{"embeddable":true,"href":"https:\/\/www.pm.pb.gov.br\/portal\/wp-json\/wp\/v2\/users\/15"}],"replies":[{"embeddable":true,"href":"https:\/\/www.pm.pb.gov.br\/portal\/wp-json\/wp\/v2\/comments?post=897258"}],"version-history":[{"count":2,"href":"https:\/\/www.pm.pb.gov.br\/portal\/wp-json\/wp\/v2\/posts\/897258\/revisions"}],"predecessor-version":[{"id":897261,"href":"https:\/\/www.pm.pb.gov.br\/portal\/wp-json\/wp\/v2\/posts\/897258\/revisions\/897261"}],"wp:featuredmedia":[{"embeddable":true,"href":"https:\/\/www.pm.pb.gov.br\/portal\/wp-json\/wp\/v2\/media\/897259"}],"wp:attachment":[{"href":"https:\/\/www.pm.pb.gov.br\/portal\/wp-json\/wp\/v2\/media?parent=897258"}],"wp:term":[{"taxonomy":"category","embeddable":true,"href":"https:\/\/www.pm.pb.gov.br\/portal\/wp-json\/wp\/v2\/categories?post=897258"},{"taxonomy":"post_tag","embeddable":true,"href":"https:\/\/www.pm.pb.gov.br\/portal\/wp-json\/wp\/v2\/tags?post=897258"}],"curies":[{"name":"wp","href":"https:\/\/api.w.org\/{rel}","templated":true}]}}